{"id":9656,"date":"2018-12-05T14:46:03","date_gmt":"2018-12-05T13:46:03","guid":{"rendered":"https:\/\/www.hairstore.pl\/blog\/?p=9656"},"modified":"2020-09-30T18:44:06","modified_gmt":"2020-09-30T16:44:06","slug":"vanilla-chai-hair-trend-2019","status":"publish","type":"post","link":"https:\/\/www.hairstore.pl\/blog\/vanilla-chai-hair-trend-2019\/","title":{"rendered":"Vanilla chai hair &#8211; trend, w kt\u00f3rym zakocha\u0142 si\u0119 Internet"},"content":{"rendered":"<p>Masz ochot\u0119 na ma\u0142\u0105 zmian\u0119 wizerunku? A co powiesz na vanilla chai hair? To trend, kt\u00f3ry jaki\u015b czas temu pojawi\u0142 si\u0119 ju\u017c za granic\u0105 i co\u015b mi m\u00f3wi, \u017ce w zim\u0119 mo\u017ce kr\u00f3lowa\u0107 r\u00f3wnie\u017c na polskich ulicach. Sprawd\u017a, jak wygl\u0105da ten efekt i zainspiruj si\u0119 &#8211; kto wie, mo\u017ce blond jest w\u0142a\u015bnie dla Ciebie?<\/p>\n<p><!--more--><\/p>\n<p>Chcesz jakiej\u015b odmiany w swoim wygl\u0105dzie na zim\u0119? W takim razie mo\u017ce zainteresowa\u0107 Ci\u0119 nowy trend w koloryzacji w\u0142os\u00f3w &#8211; <strong>vanilla chai hair<\/strong>. Blond jest ci\u0105gle jednym z najbardziej popularnych kolor\u00f3w w\u0142os\u00f3w, a jego kolejne warianty wzbudzaj\u0105 niema\u0142e zainteresowanie. Wiele wskazuje na to, \u017ce b\u0119dzie tak i tym razem.<\/p>\n<ul class=\"article-menu\">\n<li>jak wygl\u0105da efekt vanilla chai hair<\/li>\n<li>jak\u0105 farb\u0119 wybra\u0107, \u017ceby uzyska\u0107 vanilla chai hair<\/li>\n<li>jak przed\u0142u\u017cy\u0107 efekt koloryzacji<\/li>\n<li>komu pasuje vanilla chai blonde<\/li>\n<\/ul>\n<h2>Nowa pora roku, nowy kolor<\/h2>\n<p>Tak ju\u017c cz\u0119sto jest, \u017ce wraz ze zmian\u0105 daty w kalendarzu, nachodzi nas ochota na jak\u0105\u015b zmian\u0119. Drzewa zmieniaj\u0105 sw\u00f3j outfit &#8211; my nie chcemy pozosta\u0107 w tyle. Li\u015bcie zd\u0105\u017cy\u0142y ju\u017c dawno opa\u015b\u0107 i bardzo mo\u017cliwe, \u017ce ju\u017c nied\u0142ugo \u015bnie\u017cny puch zakryje ziemi\u0119. Nadej\u015bcie zimy to doskona\u0142y moment na zmian\u0119 nie tylko kurtki na cieplejsz\u0105, ale tak\u017ce na delikatn\u0105 zmian\u0119 wygl\u0105du.<\/p>\n<p>Co powiesz na <strong>vanilla chai blonde<\/strong>? Kiedy daleko za nami wspomnienia o pla\u017cowych szale\u0144stwach, drinkach z palemk\u0105 i w\u0142osach mu\u015bni\u0119tych s\u0142o\u0144cem, wydawa\u0107 si\u0119 mo\u017ce, \u017ce blond nie jest dobrym pomys\u0142em. A jednak &#8211; w swojej waniliowej wersji w sam raz pasuje do ponurych, ciemnych i zimnych miesi\u0119cy.<\/p>\n<p>Oczywi\u015bcie przed zafarbowaniem warto sprawdzi\u0107, <a href=\"https:\/\/www.hairstore.pl\/blog\/komu-naprawde-pasuje-blond\/\">komu (naprawd\u0119) pasuje blond i jak dobra\u0107 odcie\u0144 pasuj\u0105cy do typu urody czy koloru cery<\/a>. Po co potem si\u0119 niemi\u0142o zaskoczy\u0107?<\/p>\n<h2>Vanilla chai hair &#8211; na czym polega?<\/h2>\n<p>Zacznijmy od tego, sk\u0105d wzi\u0119\u0142a si\u0119 ta nazwa. Vanilla chai to rodzaj kawy o delikatnym, waniliowym smaku &#8211; a tak\u017ce nieco pikantnej w smaku herbatu o waniliowym posmaku. Kawa vanilla chai zazwyczaj podawana jest z mlekiem (jako Latte) i bit\u0105 \u015bmietan\u0105. Pysznie, prawda? <strong>Efekt vanilla chai hair r\u00f3wnie smacznie wygl\u0105da na w\u0142osach<\/strong>!<\/p>\n<figure id=\"attachment_9660\" aria-describedby=\"caption-attachment-9660\" style=\"width: 1024px\" class=\"wp-caption aligncenter\"><img decoding=\"async\" class=\"size-full wp-image-9660\" src=\"https:\/\/www.hairstore.pl\/blog\/wp-content\/uploads\/2018\/12\/vanilla-chai-hair-color.jpg\" alt=\"vanilla chai blonde, waniliowy blond\" width=\"1024\" height=\"478\" srcset=\"https:\/\/www.hairstore.pl\/blog\/wp-content\/uploads\/2018\/12\/vanilla-chai-hair-color.jpg 800w, https:\/\/www.hairstore.pl\/blog\/wp-content\/uploads\/2018\/12\/vanilla-chai-hair-color-300x140.jpg 300w, https:\/\/www.hairstore.pl\/blog\/wp-content\/uploads\/2018\/12\/vanilla-chai-hair-color-768x359.jpg 768w, https:\/\/www.hairstore.pl\/blog\/wp-content\/uploads\/2018\/12\/vanilla-chai-hair-color-1024x478.jpg 1024w, https:\/\/www.hairstore.pl\/blog\/wp-content\/uploads\/2018\/12\/vanilla-chai-hair-color-845x395.jpg 845w\" sizes=\"(max-width: 1024px) 100vw, 1024px\" \/><figcaption id=\"caption-attachment-9660\" class=\"wp-caption-text\">\u0179r\u00f3d\u0142o: hotbeautyhelath.com, myfacehunter.com, climbinggriermountain.com<\/figcaption><\/figure>\n<p><strong>Vanilla chai blonde to perfekcyjne po\u0142\u0105czenie blondu i br\u0105zu<\/strong>. Nie czekaj do kolejnego lata, tylko ju\u017c <strong>tej zimy przejd\u017a na jasn\u0105 stron\u0119 mocy<\/strong> i zosta\u0107 eleganck\u0105 blondynk\u0105! Z takimi wspania\u0142ymi w\u0142osami zrobisz nie tylko karier\u0119 w \u015bwiecie prawa, ale wsz\u0119dzie!<\/p>\n<p>Vanilla chai hair to odcie\u0144 nieco popielatego blondu, nak\u0142adany na ciemniejsze w\u0142osy. To rodzaj tzw. <strong>balayage camouflage<\/strong>, czyli subtelny, niezwykle modny w ostatnim czasie baleja\u017c.<\/p>\n<p>Pierwszy raz terminu vanilla chai hair u\u017cy\u0142a w kontek\u015bcie koloryzacji <strong>Amy McManus<\/strong>. Stylistka po\u0142\u0105czy\u0142a br\u0105z i ch\u0142odny blond, pozostawiaj\u0105c ciemniejsze w\u0142osy u nasady i jasne ni\u017cej. U\u017cy\u0142a do tego profesjonalnej farby do w\u0142os\u00f3w <a href=\"https:\/\/www.hairstore.pl\/schwarzkopf-igora-vibrance-gotowy-zestaw-do-koloryzacji-ton-w-ton-60ml-p6996.html\">Schwarzkopf Igora Vibrance<\/a> w odcieniu 9.5-21. Oczywi\u015bcie je\u017celi chcesz uzyska\u0107 taki sam efekt, musisz wzi\u0105\u0107 pod uwag\u0119, \u017ce <strong>wiele zale\u017cy od kolory wyj\u015bciowego<\/strong>. Warto w tej sprawie poradzi\u0107 si\u0119 wi\u0119c profesjonalnego stylisty albo sprzedawcy. Pi\u0119kne blondy znajdziesz r\u00f3wnie\u017c w <a href=\"https:\/\/www.hairstore.pl\/goldwell-topchic-farba-do-wlosow-cala-paleta-60ml-p1127.html\">palecie Goldwell Topchic<\/a> oraz w <a href=\"https:\/\/www.hairstore.pl\/indola-blonde-expert-farba-do-wlosow-60ml-p14382.html\">palecie Indola Blonde Expert<\/a>. Informacje o tym, jak odkodowa\u0107 numery okre\u015blaj\u0105ce odcienie farb do w\u0142os\u00f3w, znajdziesz <a href=\"https:\/\/www.hairstore.pl\/blog\/komu-naprawde-pasuje-blond\/\">w artykule o tym, komu pasuje blond<\/a>.<\/p>\n<p>Koloryzacja <strong>vanilla chai hair<\/strong> sprawia, \u017ce w\u0142osy nabieraj\u0105 wymiarowo\u015bci, wygl\u0105daj\u0105 lekko i \u015bwie\u017co. <strong>Vanilla chai hair to po prostu ch\u0142odny, elegancki blond<\/strong>.<\/p>\n<h2>Zima 2018\/2019 b\u0119dzie mia\u0142a smak wanilii<\/h2>\n<p>Vanilla chai hair to koloryzacja, kt\u00f3ra moim zdaniem jest po prostu cudowna. Poni\u017cej wi\u0119cej inspiracji.<\/p>\n<figure id=\"attachment_9661\" aria-describedby=\"caption-attachment-9661\" style=\"width: 1024px\" class=\"wp-caption aligncenter\"><img decoding=\"async\" class=\"size-full wp-image-9661\" src=\"https:\/\/www.hairstore.pl\/blog\/wp-content\/uploads\/2018\/12\/vanilla-chai-hair.jpg\" alt=\"waniliowa koloryzacja w\u0142os\u00f3w, vanilla chai hair, w\u0142osy vanilla chai, koloryzacja na zime, trendy zima 2018\" width=\"1024\" height=\"478\" srcset=\"https:\/\/www.hairstore.pl\/blog\/wp-content\/uploads\/2018\/12\/vanilla-chai-hair.jpg 800w, https:\/\/www.hairstore.pl\/blog\/wp-content\/uploads\/2018\/12\/vanilla-chai-hair-300x140.jpg 300w, https:\/\/www.hairstore.pl\/blog\/wp-content\/uploads\/2018\/12\/vanilla-chai-hair-768x359.jpg 768w, https:\/\/www.hairstore.pl\/blog\/wp-content\/uploads\/2018\/12\/vanilla-chai-hair-1024x478.jpg 1024w, https:\/\/www.hairstore.pl\/blog\/wp-content\/uploads\/2018\/12\/vanilla-chai-hair-845x395.jpg 845w\" sizes=\"(max-width: 1024px) 100vw, 1024px\" \/><figcaption id=\"caption-attachment-9661\" class=\"wp-caption-text\">\u0179r\u00f3d\u0142o: bluegraygal.com, allure.com, modeshack.com<\/figcaption><\/figure>\n<figure id=\"attachment_9662\" aria-describedby=\"caption-attachment-9662\" style=\"width: 1024px\" class=\"wp-caption aligncenter\"><img decoding=\"async\" class=\"size-full wp-image-9662\" src=\"https:\/\/www.hairstore.pl\/blog\/wp-content\/uploads\/2018\/12\/blond-w\u0142osy-vanilla-chai-hair.jpg\" alt=\"w\u0142osy blond, koloryzacja blond, trendy zima 2018\/2019, trendy 2019\" width=\"1024\" height=\"478\" srcset=\"https:\/\/www.hairstore.pl\/blog\/wp-content\/uploads\/2018\/12\/blond-w\u0142osy-vanilla-chai-hair.jpg 800w, https:\/\/www.hairstore.pl\/blog\/wp-content\/uploads\/2018\/12\/blond-w\u0142osy-vanilla-chai-hair-300x140.jpg 300w, https:\/\/www.hairstore.pl\/blog\/wp-content\/uploads\/2018\/12\/blond-w\u0142osy-vanilla-chai-hair-768x359.jpg 768w, https:\/\/www.hairstore.pl\/blog\/wp-content\/uploads\/2018\/12\/blond-w\u0142osy-vanilla-chai-hair-1024x478.jpg 1024w, https:\/\/www.hairstore.pl\/blog\/wp-content\/uploads\/2018\/12\/blond-w\u0142osy-vanilla-chai-hair-845x395.jpg 845w\" sizes=\"(max-width: 1024px) 100vw, 1024px\" \/><figcaption id=\"caption-attachment-9662\" class=\"wp-caption-text\">\u0179r\u00f3d\u0142o: myfacehunter.com, society19.com, laadojee.com<\/figcaption><\/figure>\n<p>Vanilla chai hair to pomys\u0142 na od\u015bwie\u017cenie wizerunku nie tylko <strong>dla posiadaczek d\u0142ugich w\u0142os\u00f3w<\/strong>, ale tak\u017ce dla tych kobiet, kt\u00f3re maj\u0105 <strong>w\u0142osy kr\u00f3tsze<\/strong> &#8211; na przyk\u0142ad do ramion. Kolor vanilla chai mo\u017cna te\u017c r\u00f3wnie dobrze zastosowa\u0107 do <strong>ombre<\/strong>.<\/p>\n<figure id=\"attachment_9663\" aria-describedby=\"caption-attachment-9663\" style=\"width: 1024px\" class=\"wp-caption aligncenter\"><img decoding=\"async\" class=\"size-full wp-image-9663\" src=\"https:\/\/www.hairstore.pl\/blog\/wp-content\/uploads\/2018\/12\/nowy-trend-vanilla-chai-hair.jpg\" alt=\"ombre, ombre hair, vanilla chai hair, ombre blond\" width=\"1024\" height=\"478\" srcset=\"https:\/\/www.hairstore.pl\/blog\/wp-content\/uploads\/2018\/12\/nowy-trend-vanilla-chai-hair.jpg 800w, https:\/\/www.hairstore.pl\/blog\/wp-content\/uploads\/2018\/12\/nowy-trend-vanilla-chai-hair-300x140.jpg 300w, https:\/\/www.hairstore.pl\/blog\/wp-content\/uploads\/2018\/12\/nowy-trend-vanilla-chai-hair-768x359.jpg 768w, https:\/\/www.hairstore.pl\/blog\/wp-content\/uploads\/2018\/12\/nowy-trend-vanilla-chai-hair-1024x478.jpg 1024w, https:\/\/www.hairstore.pl\/blog\/wp-content\/uploads\/2018\/12\/nowy-trend-vanilla-chai-hair-845x395.jpg 845w\" sizes=\"(max-width: 1024px) 100vw, 1024px\" \/><figcaption id=\"caption-attachment-9663\" class=\"wp-caption-text\">\u0179r\u00f3d\u0142o: voguetypes.com, modernshack.com, endhairloss.info<\/figcaption><\/figure>\n<p>Je\u017celi zastanawiasz si\u0119 nad ombre, <a href=\"https:\/\/www.hairstore.pl\/blog\/ombre-na-brazowych-wlosach-komu-pasuje\/\">sprawd\u017a koniecznie, komu pasuje ombre, a kto powinien z niego zrezygnowa\u0107<\/a>. Okazuje si\u0119 bowiem, \u017ce ten spos\u00f3b koloryzacji, kt\u00f3ry znajduje si\u0119 w samej czo\u0142\u00f3wce niezmiennie ju\u017c od kilku lat, nie zawsze b\u0119dzie wygl\u0105da\u0107 dobrze.<\/p>\n<p>Podoba Ci si\u0119 vanilla chai hair? Mo\u017cliwe, \u017ce w Tw\u00f3j gust trafi r\u00f3wnie\u017c inna koloryzacja inspirowana kaw\u0105, czyli <a href=\"https:\/\/www.hairstore.pl\/blog\/blonde-roast-hair-trendy-2018\/\">blonde roast hair<\/a>. Jaki\u015b czas temu pokaza\u0142 si\u0119 r\u00f3wnie\u017c trend o nazwie <a href=\"https:\/\/www.hairstore.pl\/blog\/cold-brew-czy-kokosowe-wlosy\/\">coconut toasted hair<\/a> &#8211; nieco bardziej odwa\u017cna (a nawet powiedzia\u0142abym, \u017ce bardziej radykalna) wersja ch\u0142odnego blondu. Szukasz subtelniejszego efektu? Sprawd\u017a <a href=\"https:\/\/www.hairstore.pl\/blog\/dla-kogo-cool-toned-balayage\/\">cool toned balayage<\/a>.<\/p>\n<h2>W\u0142osy blond wymagaj\u0105 w\u0142a\u015bciwej piel\u0119gnacji<\/h2>\n<p>Chyba zgodzicie si\u0119 ze mn\u0105, \u017ce <strong>vanilla chai hair to koloryzacja, kt\u00f3ra w sam raz nadaje si\u0119 na zim\u0119<\/strong>. Je\u017celi jednak chcesz si\u0119 cieszy\u0107 pi\u0119knymi w\u0142osami d\u0142u\u017cej ni\u017c kilka miesi\u0119cy, warto ju\u017c od samego pocz\u0105tku <strong>odpowiednio piel\u0119gnowa\u0107 swoje kosmyki<\/strong>. Blond to wspania\u0142y kolor, ale \u017ceby Twoja czupryna szybko nie zamieni\u0142a si\u0119 w smutne, wyp\u0142owia\u0142e kosmyki, musisz przestrzega\u0107 kilku zasad.<\/p>\n<p>Wskutek farbowania w\u0142osy blond s\u0105 niezwykle delikatne i podatne na uszkodzenia czy przesuszenie. Nale\u017cy je wzmocni\u0107 i dostarczy\u0107 wszelkich niezb\u0119dnych sk\u0142adnik\u00f3w od\u017cywczych, kt\u00f3re zadbaj\u0105 o ich kondycj\u0119. Poza tym pojawia si\u0119 jeszcze jeden problem &#8211; czyli <strong>niechciane ciep\u0142e refleksy<\/strong>. Takie miedziane i pomara\u0144czowe odcienie <strong>mog\u0105 popsu\u0107 ca\u0142y efekt vanilla chai hair<\/strong>.<\/p>\n<p>Jak unikn\u0105\u0107 tych wszystkich problem\u00f3w?<\/p>\n<p>Przede wszystkich je\u017celi do tej pory nie by\u0142a\u015b blondynk\u0105, <strong>zmie\u0144 podstawowe kosmetyki na te dedykowane blondom<\/strong>. Wymie\u0144 na nowe szampon i od\u017cywk\u0119. Wybieraj kosmetyki, kt\u00f3re maj\u0105 w sk\u0142adzie <strong>niebieski pigment<\/strong> &#8211; na d\u0142ugo utrzyma on ch\u0142odn\u0105 barw\u0119 i dodatkowo sprawi, \u017ce w\u0142osy b\u0119d\u0105 \u0142adnie l\u015bni\u0107.<\/p>\n<p>Kolejna kwestia to wyp\u0142ukiwanie koloru. Posiadaczki farbowanych w\u0142os\u00f3w powinny stosowa\u0107 kosmetyki przeznaczone do piel\u0119gnacji takich pasm. Odpowiednio dobrane produkty domkn\u0105 \u0142uski w\u0142osa i zapobiegn\u0105 wyp\u0142ukiwaniu pigmentu. Tak w\u0142a\u015bnie zadzia\u0142a <a href=\"https:\/\/www.hairstore.pl\/schwarzkopf-bc-oil-miracle-brazilnut-szampon-do-wlosow-farbowanych-200ml-p12959.html\">szampon Schwarzkopf BC Oil Miracle BrazilNut<\/a> &#8211; je\u015bli jeste\u015b ciekawa efekt\u00f3w,\u00a0<a href=\"https:\/\/www.hairstore.pl\/blog\/test-serii-schwarzkopf-brazil-nut\/\">recenzj\u0119 kosmetyk\u00f3w z tej serii jaki\u015b czas temu publikowali\u015bmy<\/a>.<\/p>\n<p>Osobi\u015bcie nie znam blondynki, kt\u00f3ra nie zakocha\u0142aby si\u0119 w <a href=\"https:\/\/www.hairstore.pl\/fanola-no-yellow-szampon-ochladzajacy-odcien-blond-350ml-p16023.html\">szamponie Fanola No Yelow<\/a>. Ten kosmetyk na d\u0142ugo zatrzyma <strong>ch\u0142odny odcie\u0144 vanilla chai hair<\/strong> i w po\u0142\u0105czeniu z <a href=\"https:\/\/www.hairstore.pl\/fanola-no-yellow-maska-ochladzajaca-odcien-blond-350ml-p16026.html\">mask\u0105 Fanola No Yelow<\/a> zadba o kondycj\u0119 Twoich pasm.<\/p>\n<p>Je\u017celi jeste\u015b &#8222;pocz\u0105tkuj\u0105c\u0105 blondynk\u0105&#8221;, w jednym z wcze\u015bniejszych wpis\u00f3w zebra\u0142am <a href=\"https:\/\/www.hairstore.pl\/blog\/pielegnacja-wlosow-blond-z-kosmetykami-matrix\/\">praktyczne porady dotycz\u0105ce piel\u0119gnacji w\u0142os\u00f3w blond<\/a>. Przy okazji podrzucam te\u017c inn\u0105 seri\u0119, kt\u00f3ra zadba o ch\u0142odny odcie\u0144 blond. Mowa o <a href=\"https:\/\/www.hairstore.pl\/brass-off-c1376.html\">Matrix Brass Off<\/a>.<\/p>\n<h2>Dla kogo vanilla chai hair?<\/h2>\n<p>Vanilla chai hair to koloryzacja, kt\u00f3ra ma szans\u0119 sta\u0107 si\u0119 popularna w zim\u0119 i tchn\u0105\u0107 nieco s\u0142odyczy na ulice w mro\u017ane miesi\u0105ce. Trzeba jednak pami\u0119ta\u0107, \u017ce ten kolor nie b\u0119dzie wszystkim pasowa\u0142. Je\u015bli zastanawiasz si\u0119 nad vanilla chai hair, musisz wzi\u0105\u0107 pod uwag\u0119 kilka kwestii.<\/p>\n<p><strong>Komu pasuje vanilla chai hair<\/strong>:<\/p>\n<ul>\n<li>brunetkom<\/li>\n<li>osobom o lekko r\u00f3\u017cowej albo niebieskawej cerze<\/li>\n<li>dziewczynom, kt\u00f3re lubi\u0105 nak\u0142ada\u0107 na usta czerwon\u0105 szmink\u0119<\/li>\n<li>kobietom o ch\u0142odnym typie urody (jasna cera, niebieskie oczy albo ciemnobr\u0105zowe)<\/li>\n<\/ul>\n<p>Czyli tak naprawd\u0119 kluczowe jest to, czy pasuj\u0105 do ciebie ch\u0142odne odcienie. <strong>Vanilla chai hair to odpowiedni odcie\u0144 dla Pa\u0144 spod znaku ch\u0142odnego lata i ch\u0142odnej zimy<\/strong>. Typy urody okre\u015blamy uwzgl\u0119dniaj\u0105c kolor cery, oczu i w\u0142os\u00f3w.<\/p>\n<p>Kobieta <strong>w typie urody ch\u0142odnego lata<\/strong> b\u0119dzie mia\u0142a jasn\u0105, be\u017cow\u0105 cer\u0119 z r\u00f3\u017cowymi zabarwieniami i naturalne w\u0142osy w kolorze blondu i jasnego br\u0105zu &#8211; cz\u0119sto w popielatym odcieniu. Kolor oczu to najcz\u0119\u015bciej niebieskie, zielone i szarawe.<\/p>\n<p>Kobiety <strong>o typie urody ch\u0142odna zima<\/strong> maj\u0105 jasn\u0105, be\u017cow\u0105 cer\u0119, niekiedy z r\u00f3\u017cowym zabarwieniem. Kobiety z tej grupy maj\u0105 w\u0142osy czarne i br\u0105zowe.<\/p>\n<p>Je\u017celi wci\u0105\u017c masz problemy z okre\u015bleniem, jakim typem urody jeste\u015b, mam dla Ciebie ma\u0142\u0105 podpowied\u017a. Ch\u0142odnym typem urody jest <strong>Ma\u0142gorzata Ko\u017cuchowska<\/strong> &#8211; por\u00f3wnaj si\u0119 z t\u0105 aktork\u0105 i spr\u00f3buj znale\u017a\u0107 podobie\u0144stwa albo r\u00f3\u017cnice. Je\u015bli nadal nie wiesz, czy pasuj\u0105 Ci ch\u0142odne odcienie, mo\u017cesz skorzysta\u0107 z <a href=\"https:\/\/www.hairstore.pl\/blog\/dla-kogo-brazowe-wlosy\/\">symulatora odcienia koloru w\u0142os\u00f3w<\/a>, kt\u00f3ry zamie\u015bci\u0142am we wpisie o tym, komu pasuj\u0105 br\u0105zowe w\u0142osy.<\/p>\n<p>A sk\u0105d w tym zestawieniu wzi\u0119\u0142a si\u0119 czerwona szminka? Ot\u00f3\u017c ch\u0142odne, popielate blondy doskonale wsp\u00f3\u0142graj\u0105 z czerwieni\u0105 na ustach. Je\u015bli wi\u0119c lubisz mocniejszy makija\u017c, po\u0142\u0105czenie czeriweni i vanilla chai hair oraz eleganckiej stylizacji zrobi z Ciebie prawdziw\u0105 kr\u00f3low\u0105 stylu.<\/p>\n","protected":false},"excerpt":{"rendered":"<p>Masz ochot\u0119 na ma\u0142\u0105 zmian\u0119 wizerunku? A co powiesz na vanilla chai hair? To trend, kt\u00f3ry jaki\u015b czas temu pojawi\u0142 si\u0119 ju\u017c za granic\u0105 i co\u015b mi m\u00f3wi, \u017ce w zim\u0119 mo\u017ce kr\u00f3lowa\u0107 r\u00f3wnie\u017c na polskich ulicach. Sprawd\u017a, jak wygl\u0105da ten efekt i zainspiruj si\u0119 &#8211; kto wie, mo\u017ce blond jest w\u0142a\u015bnie dla Ciebie?<\/p>\n","protected":false},"author":8,"featured_media":9657,"comment_status":"open","ping_status":"open","sticky":false,"template":"","format":"standard","meta":{"footnotes":""},"categories":[9421],"tags":[316],"yst_prominent_words":[2194,3471,3487,3473,3493,3489,3488,3490,705,3494,3498,3497,3486,3484,754,3470,3469,3485,3472,3492],"class_list":["post-9656","post","type-post","status-publish","format-standard","has-post-thumbnail","hentry","category-trendy","tag-blond"],"_links":{"self":[{"href":"https:\/\/www.hairstore.pl\/blog\/wp-json\/wp\/v2\/posts\/9656","targetHints":{"allow":["GET"]}}],"collection":[{"href":"https:\/\/www.hairstore.pl\/blog\/wp-json\/wp\/v2\/posts"}],"about":[{"href":"https:\/\/www.hairstore.pl\/blog\/wp-json\/wp\/v2\/types\/post"}],"author":[{"embeddable":true,"href":"https:\/\/www.hairstore.pl\/blog\/wp-json\/wp\/v2\/users\/8"}],"replies":[{"embeddable":true,"href":"https:\/\/www.hairstore.pl\/blog\/wp-json\/wp\/v2\/comments?post=9656"}],"version-history":[{"count":9,"href":"https:\/\/www.hairstore.pl\/blog\/wp-json\/wp\/v2\/posts\/9656\/revisions"}],"predecessor-version":[{"id":13744,"href":"https:\/\/www.hairstore.pl\/blog\/wp-json\/wp\/v2\/posts\/9656\/revisions\/13744"}],"wp:featuredmedia":[{"embeddable":true,"href":"https:\/\/www.hairstore.pl\/blog\/wp-json\/wp\/v2\/media\/9657"}],"wp:attachment":[{"href":"https:\/\/www.hairstore.pl\/blog\/wp-json\/wp\/v2\/media?parent=9656"}],"wp:term":[{"taxonomy":"category","embeddable":true,"href":"https:\/\/www.hairstore.pl\/blog\/wp-json\/wp\/v2\/categories?post=9656"},{"taxonomy":"post_tag","embeddable":true,"href":"https:\/\/www.hairstore.pl\/blog\/wp-json\/wp\/v2\/tags?post=9656"},{"taxonomy":"yst_prominent_words","embeddable":true,"href":"https:\/\/www.hairstore.pl\/blog\/wp-json\/wp\/v2\/yst_prominent_words?post=9656"}],"curies":[{"name":"wp","href":"https:\/\/api.w.org\/{rel}","templated":true}]}}