{"id":9612,"date":"2018-12-04T13:21:21","date_gmt":"2018-12-04T12:21:21","guid":{"rendered":"https:\/\/www.hairstore.pl\/blog\/?p=9612"},"modified":"2020-12-02T09:29:37","modified_gmt":"2020-12-02T08:29:37","slug":"smieszne-fryzury-swieta","status":"publish","type":"post","link":"https:\/\/www.hairstore.pl\/blog\/smieszne-fryzury-swieta\/","title":{"rendered":"\u015awi\u0105teczna stylizacja z przymru\u017ceniem oka, czyli oryginalne fryzury dla ka\u017cdego"},"content":{"rendered":"<p>\u015awi\u0119ta tu\u017c tu\u017c, w ferworze przygotowa\u0144 zatrzymaj si\u0119 na chwil\u0119 i pomy\u015bl o tym, jaka stylizacja b\u0119dzie najlepsza na rodzinne spotkania. Oczywi\u015bcie mo\u017cesz wybra\u0107 eleganck\u0105 fryzur\u0119 i wieczorow\u0105 sukienk\u0119, ale co powiesz na ma\u0142e szale\u0144stwo? A gdyby tak zainspirowa\u0107 si\u0119 stylem mieszka\u0144c\u00f3w Ktosiowa, kt\u00f3rych znamy z filmu o Grinchu?<\/p>\n<p><!--more--><\/p>\n<p>W tym roku Grinch znowu b\u0119dzie pr\u00f3bowa\u0142 anulowa\u0107 \u015bwi\u0119ta i to zainspirowa\u0142o mnie do tego, aby odkurzy\u0107 star\u0105 p\u0142yt\u0119 DVD i przypomnie\u0107 sobie, jak wspania\u0142e stylizacje mieli mieszka\u0144cy Ktosiowa! No w\u0142a\u015bnie, dlaczego nie podej\u015b\u0107 do \u015bwi\u0105tecznych stylizacji z przymru\u017ceniem oka i zaszale\u0107 z fryzur\u0105? Mam dla Ciebie galeri\u0119 ze \u015bmiesznymi fryzurami &#8211; mo\u017ce kt\u00f3ra\u015b Ci\u0119 zainspiruje. A nawet je\u015bli nie, to chocia\u017c si\u0119 po\u015bmiejesz przy lepieniu pierog\u00f3w.<\/p>\n<ul class=\"article-menu article-menu-v2\">\n<li>jak wystylizowa\u0107 brod\u0119 na \u015bwi\u0119ta<\/li>\n<li>czy w\u0142osy mog\u0105 zast\u0105pi\u0107 choink\u0119<\/li>\n<li>jak jedna opaska zmieni Tw\u00f3j ca\u0142y look<\/li>\n<li>\u015bmieszne fryzury dla dziewczynek<\/li>\n<li>\u015bwi\u0105teczne stylizacje z przymru\u017ceniem oka<\/li>\n<\/ul>\n<h2>Kto najlepiej zna si\u0119 na \u015bwi\u0105tecznych fryzurach? Mieszka\u0144cy Ktosiowa!<\/h2>\n<p>Moim zdaniem niekwestionowan\u0105 kr\u00f3low\u0105 \u015bwi\u0105tecznych fryzur jest\u00a0<strong>Cindy Lou Who<\/strong> &#8211; to ta s\u0142odka dziewczynka, kt\u00f3ra pr\u00f3bowa\u0142a odnale\u017a\u0107 dobro w sercu Grincha. To, co Cindy mia\u0142a na g\u0142owie, to po prostu poezja! Co prawda trudno odtworzy\u0107 ten efekt &#8211; potrzeba do tego naprawd\u0119 du\u017co lakieru! &#8211; ale zawsze mo\u017cna si\u0119 nim zainspirowa\u0107.<\/p>\n<figure id=\"attachment_9624\" aria-describedby=\"caption-attachment-9624\" style=\"width: 1024px\" class=\"wp-caption aligncenter\"><img decoding=\"async\" class=\"size-full wp-image-9624\" src=\"https:\/\/www.hairstore.pl\/blog\/wp-content\/uploads\/2018\/11\/smieszne-fryzury-grinch.jpg\" alt=\"\u015bmieszne fryzury, \u015bwi\u0105teczne fryzury, grinch\" width=\"1024\" height=\"478\" srcset=\"https:\/\/www.hairstore.pl\/blog\/wp-content\/uploads\/2018\/11\/smieszne-fryzury-grinch.jpg 800w, https:\/\/www.hairstore.pl\/blog\/wp-content\/uploads\/2018\/11\/smieszne-fryzury-grinch-300x140.jpg 300w, https:\/\/www.hairstore.pl\/blog\/wp-content\/uploads\/2018\/11\/smieszne-fryzury-grinch-768x359.jpg 768w, https:\/\/www.hairstore.pl\/blog\/wp-content\/uploads\/2018\/11\/smieszne-fryzury-grinch-1024x478.jpg 1024w, https:\/\/www.hairstore.pl\/blog\/wp-content\/uploads\/2018\/11\/smieszne-fryzury-grinch-845x395.jpg 845w\" sizes=\"(max-width: 1024px) 100vw, 1024px\" \/><figcaption id=\"caption-attachment-9624\" class=\"wp-caption-text\">\u0179r\u00f3d\u0142o: doodlecrafr.blogspot.com, bikinimi.com, allure.com<\/figcaption><\/figure>\n<p>A tak w ramach ciekawostek. Czy wiecie, kto gra\u0142 Cindy? Taylor Momsen, znana z serialu &#8222;Plotkara&#8221;, gdzie wcieli\u0142a si\u0119 w rol\u0119 Jenny Humpfrey. Dla fan\u00f3w tego serialu (kt\u00f3rych serdecznie pozdrawiam, bo wiem, co znaczy sp\u0119dzi\u0107 ca\u0142\u0105 noc \u015bledz\u0105c perypetie Dana i Blair), ma\u0142y smaczek &#8211; Taylor Momsen mo\u017cecie pos\u0142ucha\u0107, bo jest wokalistk\u0105 Zespo\u0142u The Pretty Reckless.<\/p>\n<h2>Co potrzebujesz, \u017ceby zrobi\u0107 \u015bmieszne fryzury?<\/h2>\n<p>Po pierwsze, potrzeba Ci <strong>troch\u0119 wyobra\u017ani<\/strong>. Niemal ka\u017cdy sw\u00f3j pomys\u0142 mo\u017cesz zrealizowa\u0107 &#8211; tylko ten pomys\u0142 najpierw trzeba mie\u0107. A je\u015bli brakuje Ci inspiracji, to w tym wpisie znajdziesz ich mn\u00f3stwo.<\/p>\n<p>Do wykonania \u015bmiesznych fryzur na \u015bwi\u0119ta poza tym przydadz\u0105 Ci si\u0119:<\/p>\n<ul>\n<li>bombki i inne ozdoby<\/li>\n<li>wst\u0105\u017cki<\/li>\n<li>wyginaj\u0105ce si\u0119 druciki do przyczepiania ozd\u00f3b<\/li>\n<li>zwyk\u0142a, plastikowa opaska<\/li>\n<li>gor\u0105cy silikon jako klej<\/li>\n<li>kosmetyk do koloryzacji zmywalnej, np. <a href=\"https:\/\/www.hairstore.pl\/sibel-koloryzujacy-spray-do-wlosow-125ml-p1350.html\">spray Sibel<\/a> albo <a href=\"https:\/\/www.hairstore.pl\/copello-hair-make-up-kreda-do-wlosow-5g-p13697.html\">kreda do w\u0142os\u00f3w<\/a><\/li>\n<li>mocny lakier do w\u0142os\u00f3w, np. <a href=\"https:\/\/www.hairstore.pl\/schwarzkopf-silhouette-bardzo-mocny-lakier-do-wlosow-750ml-p2654.html\">lakier do w\u0142os\u00f3w Schwarzkopf Silhouette<\/a><\/li>\n<li>brokat<\/li>\n<li>\u0142a\u0144cuch choinkowy<\/li>\n<\/ul>\n<p>Wszystko gotowe? W takim razie w\u0142\u0105czamy &#8222;Grinch &#8211; \u015bwi\u0105t nie b\u0119dzie&#8221; i zaczynamy zabaw\u0119 z w\u0142osami.<\/p>\n<h2>Nie masz choinki? Wykorzystaj brod\u0119<\/h2>\n<p>Co zrobi\u0107, gdy nie masz w domu choinki, a \u015bwi\u0119ta za rogiem? Je\u017celi na podor\u0119dziu masz jakiego\u015b brodacza, to sprawa sama si\u0119 rozwi\u0105za\u0142a. <strong>Wykorzystaj jego brod\u0119 jako choink\u0119 i powie\u015b na niej kilka ozd\u00f3b<\/strong>! Gwarantowany niezapomniany look i \u015bwi\u0105teczny klimat!<\/p>\n<p>Brodacze z Instagrama &#8211; The Gay Beards (@thegaybeards\/instagram.com) &#8211; doskonale wiedz\u0105, jak to robi\u0107. Je\u017celi szukacie inspiracji na \u015bwi\u0105teczn\u0105 stylizacj\u0119 zarostu, koniecznie odwied\u017acie ich konto. Poni\u017cej ma\u0142y przedsmak tego, co Panowie potrafi\u0105 zrobi\u0107 ze swoimi brodami.<\/p>\n<figure id=\"attachment_9613\" aria-describedby=\"caption-attachment-9613\" style=\"width: 1024px\" class=\"wp-caption aligncenter\"><img decoding=\"async\" class=\"size-full wp-image-9613\" src=\"https:\/\/www.hairstore.pl\/blog\/wp-content\/uploads\/2018\/11\/broda-na-swieta.jpg\" alt=\"stylizacja brody, pomys\u0142 na brod\u0119, broda w \u015bwi\u0119ta\" width=\"1024\" height=\"478\" srcset=\"https:\/\/www.hairstore.pl\/blog\/wp-content\/uploads\/2018\/11\/broda-na-swieta.jpg 800w, https:\/\/www.hairstore.pl\/blog\/wp-content\/uploads\/2018\/11\/broda-na-swieta-300x140.jpg 300w, https:\/\/www.hairstore.pl\/blog\/wp-content\/uploads\/2018\/11\/broda-na-swieta-768x359.jpg 768w, https:\/\/www.hairstore.pl\/blog\/wp-content\/uploads\/2018\/11\/broda-na-swieta-1024x478.jpg 1024w, https:\/\/www.hairstore.pl\/blog\/wp-content\/uploads\/2018\/11\/broda-na-swieta-845x395.jpg 845w\" sizes=\"(max-width: 1024px) 100vw, 1024px\" \/><figcaption id=\"caption-attachment-9613\" class=\"wp-caption-text\">\u0179r\u00f3d\u0142o: theguybeards\/instagram.com<\/figcaption><\/figure>\n<p>Na Instagramie jest tak\u017ce moda na <strong>glitter beard &#8211; czyli brod\u0119 brokatow\u0105<\/strong>. Wystarczy wzi\u0105\u0107 brokatowy spray w d\u0142onie i brod\u0119 zamieni\u0107 w &#8222;szczere z\u0142oto&#8221;. To te\u017c \u015bwietny look na Sylwestra! Nie lubisz brokatu? W takim razie ozd\u00f3b brod\u0119 <strong>\u015bwi\u0105tecznymi lampkami<\/strong> &#8211; \u017ceby zachowa\u0107 swobod\u0119 ruch\u00f3w, proponuj\u0119 takie na baterie, co by si\u0119 &#8222;nie przywi\u0105za\u0107&#8221; do kontaktu.<\/p>\n<p>Potrzebujesz wi\u0119cej inspiracji? <a href=\"https:\/\/www.hairstore.pl\/blog\/jak-samodzielnie-przystroic-brode-na-swieta-glitter-beard-i-inne-pomysly\/\">W tym artykule sprawdzisz, jak samemu przystroi\u0107 brod\u0119 na \u015bwi\u0119ta.<\/a><\/p>\n<figure id=\"attachment_9614\" aria-describedby=\"caption-attachment-9614\" style=\"width: 1024px\" class=\"wp-caption aligncenter\"><img decoding=\"async\" class=\"wp-image-9614 size-full\" src=\"https:\/\/www.hairstore.pl\/blog\/wp-content\/uploads\/2018\/11\/smieszni-brodacze.jpg\" alt=\"\u015bmieszna broda, brodacze, broda na \u015bwi\u0119ta\" width=\"1024\" height=\"478\" srcset=\"https:\/\/www.hairstore.pl\/blog\/wp-content\/uploads\/2018\/11\/smieszni-brodacze.jpg 800w, https:\/\/www.hairstore.pl\/blog\/wp-content\/uploads\/2018\/11\/smieszni-brodacze-300x140.jpg 300w, https:\/\/www.hairstore.pl\/blog\/wp-content\/uploads\/2018\/11\/smieszni-brodacze-768x359.jpg 768w, https:\/\/www.hairstore.pl\/blog\/wp-content\/uploads\/2018\/11\/smieszni-brodacze-1024x478.jpg 1024w, https:\/\/www.hairstore.pl\/blog\/wp-content\/uploads\/2018\/11\/smieszni-brodacze-845x395.jpg 845w\" sizes=\"(max-width: 1024px) 100vw, 1024px\" \/><figcaption id=\"caption-attachment-9614\" class=\"wp-caption-text\">\u0179r\u00f3d\u0142o: uniquehunters.com, onedio.com, designyourtrust.com<\/figcaption><\/figure>\n<p>Brodacze naprawd\u0119 maj\u0105 fantazj\u0119. W brod\u0119 mo\u017cna wpi\u0105\u0107 \u015bwi\u0105teczne ozdoby, wsadzi\u0107 lampki albo&#8230; pofarbowa\u0107 zarost na zielono. Czym? Mo\u017cesz u\u017cy\u0107\u00a0<a href=\"https:\/\/www.hairstore.pl\/sibel-koloryzujacy-spray-do-wlosow-125ml-p1350.html\">sprayu koloryzuj\u0105cego do w\u0142os\u00f3w Sibel<\/a> &#8211; zielony kolor te\u017c jest dost\u0119pny. Kilka psikni\u0119\u0107 i broda mo\u017ce udawa\u0107 choink\u0119.<\/p>\n<p><strong>Czapka Miko\u0142aja, \u015bwi\u0105teczny sweter i wystylizowana broda &#8211; oto kompletny look na \u015bwi\u0119ta.<\/strong><\/p>\n<figure id=\"attachment_9615\" aria-describedby=\"caption-attachment-9615\" style=\"width: 1024px\" class=\"wp-caption aligncenter\"><img decoding=\"async\" class=\"wp-image-9615 size-full\" src=\"https:\/\/www.hairstore.pl\/blog\/wp-content\/uploads\/2018\/11\/swiateczne-fryzury-broda.jpg\" alt=\"zielona broda, broda zamiast choinki\" width=\"1024\" height=\"478\" srcset=\"https:\/\/www.hairstore.pl\/blog\/wp-content\/uploads\/2018\/11\/swiateczne-fryzury-broda.jpg 800w, https:\/\/www.hairstore.pl\/blog\/wp-content\/uploads\/2018\/11\/swiateczne-fryzury-broda-300x140.jpg 300w, https:\/\/www.hairstore.pl\/blog\/wp-content\/uploads\/2018\/11\/swiateczne-fryzury-broda-768x359.jpg 768w, https:\/\/www.hairstore.pl\/blog\/wp-content\/uploads\/2018\/11\/swiateczne-fryzury-broda-1024x478.jpg 1024w, https:\/\/www.hairstore.pl\/blog\/wp-content\/uploads\/2018\/11\/swiateczne-fryzury-broda-845x395.jpg 845w\" sizes=\"(max-width: 1024px) 100vw, 1024px\" \/><figcaption id=\"caption-attachment-9615\" class=\"wp-caption-text\">\u0179r\u00f3d\u0142o: theexeptionalstore.com, thecavemansguide.com, thepoke.co.uk<\/figcaption><\/figure>\n<p>Poni\u017cej jeszcze <strong>kilka pomys\u0142\u00f3w na \u015bwi\u0105teczn\u0105 brod\u0119<\/strong>. Tak naprawd\u0119 wszystko zale\u017cy od Twojej wyobra\u017ani. Tak wi\u0119c bombki w d\u0142o\u0144 i&#8230; wystylizuj si\u0119 na te \u015bwi\u0119ta tak, \u017ceby nikt nie przeszed\u0142 obok Ciebie oboj\u0119tnie!<\/p>\n<figure id=\"attachment_9616\" aria-describedby=\"caption-attachment-9616\" style=\"width: 1024px\" class=\"wp-caption aligncenter\"><img decoding=\"async\" class=\"wp-image-9616 size-full\" src=\"https:\/\/www.hairstore.pl\/blog\/wp-content\/uploads\/2018\/11\/smieszna-stylizacja-brody.jpg\" alt=\"moda na brod\u0119, bombki w brodzie\" width=\"1024\" height=\"478\" srcset=\"https:\/\/www.hairstore.pl\/blog\/wp-content\/uploads\/2018\/11\/smieszna-stylizacja-brody.jpg 800w, https:\/\/www.hairstore.pl\/blog\/wp-content\/uploads\/2018\/11\/smieszna-stylizacja-brody-300x140.jpg 300w, https:\/\/www.hairstore.pl\/blog\/wp-content\/uploads\/2018\/11\/smieszna-stylizacja-brody-768x359.jpg 768w, https:\/\/www.hairstore.pl\/blog\/wp-content\/uploads\/2018\/11\/smieszna-stylizacja-brody-1024x478.jpg 1024w, https:\/\/www.hairstore.pl\/blog\/wp-content\/uploads\/2018\/11\/smieszna-stylizacja-brody-845x395.jpg 845w\" sizes=\"(max-width: 1024px) 100vw, 1024px\" \/><figcaption id=\"caption-attachment-9616\" class=\"wp-caption-text\">\u0179r\u00f3d\u0142o: jequ.net, abs7chicago.com, boredpanda.com<\/figcaption><\/figure>\n<p>Panowie z kolejnych zdj\u0119\u0107 udowadniaj\u0105, \u017ce broda mo\u017ce nie tylko zast\u0105pi\u0107 choink\u0119, ale tak\u017ce \u015bwi\u0105teczny wieniec. Jak zamocowa\u0107 te wszystkie ozdoby? Najwygodniej umie\u015bci\u0107 je na drucikach, kt\u00f3rymi potem okr\u0119cisz w\u0142oski.<\/p>\n<figure id=\"attachment_9617\" aria-describedby=\"caption-attachment-9617\" style=\"width: 1024px\" class=\"wp-caption aligncenter\"><img decoding=\"async\" class=\"wp-image-9617 size-full\" src=\"https:\/\/www.hairstore.pl\/blog\/wp-content\/uploads\/2018\/11\/jak-uczesac-brode-na-swieta.jpg\" alt=\"fajni brodacze, \u015bmieszni brodacze\" width=\"1024\" height=\"478\" srcset=\"https:\/\/www.hairstore.pl\/blog\/wp-content\/uploads\/2018\/11\/jak-uczesac-brode-na-swieta.jpg 800w, https:\/\/www.hairstore.pl\/blog\/wp-content\/uploads\/2018\/11\/jak-uczesac-brode-na-swieta-300x140.jpg 300w, https:\/\/www.hairstore.pl\/blog\/wp-content\/uploads\/2018\/11\/jak-uczesac-brode-na-swieta-768x359.jpg 768w, https:\/\/www.hairstore.pl\/blog\/wp-content\/uploads\/2018\/11\/jak-uczesac-brode-na-swieta-1024x478.jpg 1024w, https:\/\/www.hairstore.pl\/blog\/wp-content\/uploads\/2018\/11\/jak-uczesac-brode-na-swieta-845x395.jpg 845w\" sizes=\"(max-width: 1024px) 100vw, 1024px\" \/><figcaption id=\"caption-attachment-9617\" class=\"wp-caption-text\">\u0179r\u00f3d\u0142o: dailynewsdig.com, mymodernmet.com<\/figcaption><\/figure>\n<p>Czy takie stylizacje s\u0105 wygodne? Pewnie nie, ale za to jak si\u0119 prezentuj\u0105! To jak, w tym roku zaszalejecie z brod\u0105?<\/p>\n<h2>D\u0142ugie w\u0142osy te\u017c si\u0119 nadadz\u0105!<\/h2>\n<p>Grinch i mieszka\u0144cy Ktosiowa to doskona\u0142e inspiracje na \u015bmieszne fryzury na \u015bwi\u0119ta. Dziewczyny na kolejnych zdj\u0119ciach pokazuj\u0105, \u017ce <strong>choink\u0119 mo\u017cna te\u017c zrobi\u0107 z d\u0142ugich w\u0142os\u00f3w<\/strong>. Wystarczy je postawi\u0107, okr\u0119ci\u0107 lampkami, bombkami i \u0142a\u0144cuchem &#8211; a na czubku oczywi\u015bcie musi si\u0119 znale\u017a\u0107 gwiazda!<\/p>\n<p>Wyobra\u017casz sobie reakcj\u0119 ciotki, gdy na wigilijn\u0105 kolacj\u0119 stawisz si\u0119 z tak\u0105 choink\u0105 na g\u0142owie? Te miny bliskich b\u0119d\u0105 bezcenne.<\/p>\n<figure id=\"attachment_9618\" aria-describedby=\"caption-attachment-9618\" style=\"width: 1022px\" class=\"wp-caption aligncenter\"><img decoding=\"async\" class=\" wp-image-9618\" src=\"https:\/\/www.hairstore.pl\/blog\/wp-content\/uploads\/2018\/11\/choinka-z-wlosow.jpg\" alt=\"\" width=\"1022\" height=\"477\" srcset=\"https:\/\/www.hairstore.pl\/blog\/wp-content\/uploads\/2018\/11\/choinka-z-wlosow.jpg 800w, https:\/\/www.hairstore.pl\/blog\/wp-content\/uploads\/2018\/11\/choinka-z-wlosow-300x140.jpg 300w, https:\/\/www.hairstore.pl\/blog\/wp-content\/uploads\/2018\/11\/choinka-z-wlosow-768x359.jpg 768w, https:\/\/www.hairstore.pl\/blog\/wp-content\/uploads\/2018\/11\/choinka-z-wlosow-1024x478.jpg 1024w, https:\/\/www.hairstore.pl\/blog\/wp-content\/uploads\/2018\/11\/choinka-z-wlosow-845x395.jpg 845w\" sizes=\"(max-width: 1022px) 100vw, 1022px\" \/><figcaption id=\"caption-attachment-9618\" class=\"wp-caption-text\">\u0179r\u00f3d\u0142o: vitalmag.eu, theidearoom.net, etsy.com<\/figcaption><\/figure>\n<p>Przygotowali\u015bmy te\u017c propozycje na fryzury dla tych, kt\u00f3rzy chc\u0105 zachowa\u0107 powag\u0119. Znajdziecie je w <a href=\"https:\/\/www.hairstore.pl\/blog\/fryzury-na-swieta-bozego-narodzenia-2018\/\">galerii ol\u015bniewaj\u0105cych fryzur na \u015bwi\u0119ta i inne spotkania rodzinne<\/a>.<\/p>\n<p>No dobrze, czasami si\u0119 zdarza, \u017ce po remoncie zostaje nam co nieco materia\u0142\u00f3w. I co wtedy z nimi zrobi\u0107? Rodzice wiedz\u0105, \u017ce takie &#8222;skarby&#8221; trzeba zbiera\u0107, bo nie znasz dnia ani godziny, kiedy w g\u0142owie pani od plastyki zrodzi si\u0119 najdziwniejszy pomys\u0142 na prac\u0119 zaliczeniow\u0105&#8230;<\/p>\n<p>Mo\u017cesz te\u017c zaryzykowa\u0107 i resztki materia\u0142\u00f3w po remoncie wykorzysta\u0107 na wykonanie \u015bwi\u0105tecznej stylizacji. Masz za du\u017co wyk\u0142adziny a la sztuczna trawa? Z pewno\u015bci\u0105 masz co\u015b takiego w piwnicy, kto z nas by nie mia\u0142! Wykorzystaj wi\u0119c j\u0105, \u017ceby zrobi\u0107 <strong>choinkowy kapelusz<\/strong>!<\/p>\n<p>Nie masz jednak sztucznej trawy? Zielony \u0142a\u0144cuch te\u017c si\u0119 nada! Tylko uwa\u017caj, \u017ceby takim kapeluszem nie trafi\u0107 w \u017cyrandol babci.<\/p>\n<figure id=\"attachment_9619\" aria-describedby=\"caption-attachment-9619\" style=\"width: 1024px\" class=\"wp-caption aligncenter\"><img decoding=\"async\" class=\"size-full wp-image-9619\" src=\"https:\/\/www.hairstore.pl\/blog\/wp-content\/uploads\/2018\/11\/smieszne-fryzury-choinka-na-glowie.jpg\" alt=\"\u015bmieszne przebrania na bo\u017ce narodzenie\" width=\"1024\" height=\"478\" srcset=\"https:\/\/www.hairstore.pl\/blog\/wp-content\/uploads\/2018\/11\/smieszne-fryzury-choinka-na-glowie.jpg 800w, https:\/\/www.hairstore.pl\/blog\/wp-content\/uploads\/2018\/11\/smieszne-fryzury-choinka-na-glowie-300x140.jpg 300w, https:\/\/www.hairstore.pl\/blog\/wp-content\/uploads\/2018\/11\/smieszne-fryzury-choinka-na-glowie-768x359.jpg 768w, https:\/\/www.hairstore.pl\/blog\/wp-content\/uploads\/2018\/11\/smieszne-fryzury-choinka-na-glowie-1024x478.jpg 1024w, https:\/\/www.hairstore.pl\/blog\/wp-content\/uploads\/2018\/11\/smieszne-fryzury-choinka-na-glowie-845x395.jpg 845w\" sizes=\"(max-width: 1024px) 100vw, 1024px\" \/><figcaption id=\"caption-attachment-9619\" class=\"wp-caption-text\">\u0179r\u00f3d\u0142o: glitternspice.com, thegreenhead.com, costumebox.com.au<\/figcaption><\/figure>\n<h2>\u015amieszne fryzury na \u015bwi\u0119ta dla kobiet<\/h2>\n<p>Boisz si\u0119 eksperymentowa\u0107 z fryzur\u0105? Wystarczy doda\u0107 <strong>fajn\u0105 opask\u0119 ze \u015bwi\u0105tecznym motywem<\/strong> i gotowe! Opask\u0119 mo\u017cna kupi\u0107 albo zrobi\u0107 samemu. Kup zwyk\u0142\u0105 opask\u0119, bombeczki i ozd\u00f3bki &#8211; i koniecznie silikon na gor\u0105co.<\/p>\n<figure id=\"attachment_9621\" aria-describedby=\"caption-attachment-9621\" style=\"width: 1024px\" class=\"wp-caption aligncenter\"><img decoding=\"async\" class=\"size-full wp-image-9621\" src=\"https:\/\/www.hairstore.pl\/blog\/wp-content\/uploads\/2018\/11\/opaski-na-wlosy-swieta.jpg\" alt=\"\u015bmieszne fryzury damskie\" width=\"1024\" height=\"478\" srcset=\"https:\/\/www.hairstore.pl\/blog\/wp-content\/uploads\/2018\/11\/opaski-na-wlosy-swieta.jpg 800w, https:\/\/www.hairstore.pl\/blog\/wp-content\/uploads\/2018\/11\/opaski-na-wlosy-swieta-300x140.jpg 300w, https:\/\/www.hairstore.pl\/blog\/wp-content\/uploads\/2018\/11\/opaski-na-wlosy-swieta-768x359.jpg 768w, https:\/\/www.hairstore.pl\/blog\/wp-content\/uploads\/2018\/11\/opaski-na-wlosy-swieta-1024x478.jpg 1024w, https:\/\/www.hairstore.pl\/blog\/wp-content\/uploads\/2018\/11\/opaski-na-wlosy-swieta-845x395.jpg 845w\" sizes=\"(max-width: 1024px) 100vw, 1024px\" \/><figcaption id=\"caption-attachment-9621\" class=\"wp-caption-text\">\u0179r\u00f3d\u0142o: etsy.com<\/figcaption><\/figure>\n<p>Praktyczna rada dla wszystkich, kt\u00f3rzy w tym roku chc\u0105 przygotowa\u0107 <strong>\u015bmieszne fryzury na \u015bwi\u0119ta<\/strong> &#8211; najlepiej do tego nadaj\u0105 si\u0119 lekkie, plastikowe albo styropianowe bombki.<\/p>\n<figure id=\"attachment_9622\" aria-describedby=\"caption-attachment-9622\" style=\"width: 1024px\" class=\"wp-caption aligncenter\"><img decoding=\"async\" class=\"size-full wp-image-9622\" src=\"https:\/\/www.hairstore.pl\/blog\/wp-content\/uploads\/2018\/11\/smieszne-fryzury-bombki-we-wlosach.jpg\" alt=\"\u015bwi\u0105teczne \u015bmieszne fryzury damskie\" width=\"1024\" height=\"478\" srcset=\"https:\/\/www.hairstore.pl\/blog\/wp-content\/uploads\/2018\/11\/smieszne-fryzury-bombki-we-wlosach.jpg 800w, https:\/\/www.hairstore.pl\/blog\/wp-content\/uploads\/2018\/11\/smieszne-fryzury-bombki-we-wlosach-300x140.jpg 300w, https:\/\/www.hairstore.pl\/blog\/wp-content\/uploads\/2018\/11\/smieszne-fryzury-bombki-we-wlosach-768x359.jpg 768w, https:\/\/www.hairstore.pl\/blog\/wp-content\/uploads\/2018\/11\/smieszne-fryzury-bombki-we-wlosach-1024x478.jpg 1024w, https:\/\/www.hairstore.pl\/blog\/wp-content\/uploads\/2018\/11\/smieszne-fryzury-bombki-we-wlosach-845x395.jpg 845w\" sizes=\"(max-width: 1024px) 100vw, 1024px\" \/><figcaption id=\"caption-attachment-9622\" class=\"wp-caption-text\">\u0179r\u00f3d\u0142o: etsy.com, modernsalon.com, alluringto.com<\/figcaption><\/figure>\n<p>Tw\u00f3rz <strong>\u015bmieszne stylizacje<\/strong> sama &#8211; robienie takich dodatk\u00f3w to doskona\u0142a zabawa, szczeg\u00f3lnie je\u015bli w g\u0142o\u015bnikach leci &#8222;Last Christmas&#8221;. Nie masz czasu &#8211; kup gotowe przebrania.<\/p>\n<figure id=\"attachment_9625\" aria-describedby=\"caption-attachment-9625\" style=\"width: 1024px\" class=\"wp-caption aligncenter\"><img decoding=\"async\" class=\"size-full wp-image-9625\" src=\"https:\/\/www.hairstore.pl\/blog\/wp-content\/uploads\/2018\/11\/smieszne-opaski-swieta.jpg\" alt=\"opaski z motywami \u015bwi\u0105tecznymi na w\u0142osy\" width=\"1024\" height=\"478\" srcset=\"https:\/\/www.hairstore.pl\/blog\/wp-content\/uploads\/2018\/11\/smieszne-opaski-swieta.jpg 800w, https:\/\/www.hairstore.pl\/blog\/wp-content\/uploads\/2018\/11\/smieszne-opaski-swieta-300x140.jpg 300w, https:\/\/www.hairstore.pl\/blog\/wp-content\/uploads\/2018\/11\/smieszne-opaski-swieta-768x359.jpg 768w, https:\/\/www.hairstore.pl\/blog\/wp-content\/uploads\/2018\/11\/smieszne-opaski-swieta-1024x478.jpg 1024w, https:\/\/www.hairstore.pl\/blog\/wp-content\/uploads\/2018\/11\/smieszne-opaski-swieta-845x395.jpg 845w\" sizes=\"(max-width: 1024px) 100vw, 1024px\" \/><figcaption id=\"caption-attachment-9625\" class=\"wp-caption-text\">\u0179r\u00f3d\u0142o: newspapercat.org, youtube.com, vegaoo.es<\/figcaption><\/figure>\n<h2>\u015amieszne fryzury dla dziewczynek<\/h2>\n<p>Wiecie, kto wygl\u0105da \u015bwietnie w kreatywnych fryzurach \u015bwi\u0105tecznych? Dziewczynki! Zobaczcie, jak uroczo wygl\u0105daj\u0105 dzieci poni\u017cej. Wystarczy\u0142o tylko doda\u0107 kilka drobiazg\u00f3w, zaple\u015b\u0107 w\u0142osy i niezapomniany look na \u015bwi\u0119ta gotowy!<\/p>\n<figure id=\"attachment_9623\" aria-describedby=\"caption-attachment-9623\" style=\"width: 1024px\" class=\"wp-caption aligncenter\"><img decoding=\"async\" class=\"size-full wp-image-9623\" src=\"https:\/\/www.hairstore.pl\/blog\/wp-content\/uploads\/2018\/11\/smieszne-fryzury-dla-dzeiwczynek.jpg\" alt=\"\u015bmieszne fryzury dla dziewczynek\" width=\"1024\" height=\"478\" srcset=\"https:\/\/www.hairstore.pl\/blog\/wp-content\/uploads\/2018\/11\/smieszne-fryzury-dla-dzeiwczynek.jpg 800w, https:\/\/www.hairstore.pl\/blog\/wp-content\/uploads\/2018\/11\/smieszne-fryzury-dla-dzeiwczynek-300x140.jpg 300w, https:\/\/www.hairstore.pl\/blog\/wp-content\/uploads\/2018\/11\/smieszne-fryzury-dla-dzeiwczynek-768x359.jpg 768w, https:\/\/www.hairstore.pl\/blog\/wp-content\/uploads\/2018\/11\/smieszne-fryzury-dla-dzeiwczynek-1024x478.jpg 1024w, https:\/\/www.hairstore.pl\/blog\/wp-content\/uploads\/2018\/11\/smieszne-fryzury-dla-dzeiwczynek-845x395.jpg 845w\" sizes=\"(max-width: 1024px) 100vw, 1024px\" \/><figcaption id=\"caption-attachment-9623\" class=\"wp-caption-text\">\u0179r\u00f3d\u0142o: liveinternet.ru, fryzuranadzis.pl, yandex.com<\/figcaption><\/figure>\n<p>Je\u017celi szukasz inspiracji na fajne fryzury dla dziewczynek, niekoniecznie z motywami \u015bwi\u0105tecznymi, zobacz\u00a0<a href=\"https:\/\/www.hairstore.pl\/blog\/proste-fryzury-dla-dziewczynek-inspiracje\/\">galeri\u0119 prostych uczesa\u0144 do przedszkola, szko\u0142y i na spacer<\/a>.<\/p>\n<h2>\u015awi\u0119ta z przymru\u017ceniem oka<\/h2>\n<p>\u015awi\u0119ta bo\u017conarodzeniowe to cudowny, magiczny czas. To chwile pe\u0142ne mi\u0142o\u015bci, rado\u015bci, przebaczania i kontemplacji. Nikt jednak nie powiedzia\u0142, \u017ce koniecznie trzeba by\u0107 wtedy na 100% powa\u017cnym. Mo\u017cna pu\u015bci\u0107 wodze fantazji i w ten jeden wiecz\u00f3r zamieni\u0107 w\u0142osy w choink\u0119 albo przebra\u0107 si\u0119 za renifera.<\/p>\n<figure id=\"attachment_9620\" aria-describedby=\"caption-attachment-9620\" style=\"width: 1024px\" class=\"wp-caption aligncenter\"><img decoding=\"async\" class=\"size-full wp-image-9620\" src=\"https:\/\/www.hairstore.pl\/blog\/wp-content\/uploads\/2018\/11\/fryzury-damskie-bo\u017ce-narodzenie.jpg\" alt=\"kolorowe w\u0142osy, zielone w\u0142osy, czerwone w\u0142osy, fryzury damskie na \u015bwi\u0119ta\" width=\"1024\" height=\"478\" srcset=\"https:\/\/www.hairstore.pl\/blog\/wp-content\/uploads\/2018\/11\/fryzury-damskie-bo\u017ce-narodzenie.jpg 800w, https:\/\/www.hairstore.pl\/blog\/wp-content\/uploads\/2018\/11\/fryzury-damskie-bo\u017ce-narodzenie-300x140.jpg 300w, https:\/\/www.hairstore.pl\/blog\/wp-content\/uploads\/2018\/11\/fryzury-damskie-bo\u017ce-narodzenie-768x359.jpg 768w, https:\/\/www.hairstore.pl\/blog\/wp-content\/uploads\/2018\/11\/fryzury-damskie-bo\u017ce-narodzenie-1024x478.jpg 1024w, https:\/\/www.hairstore.pl\/blog\/wp-content\/uploads\/2018\/11\/fryzury-damskie-bo\u017ce-narodzenie-845x395.jpg 845w\" sizes=\"(max-width: 1024px) 100vw, 1024px\" \/><figcaption id=\"caption-attachment-9620\" class=\"wp-caption-text\">\u0179r\u00f3d\u0142o: rainbowhaircolor.com<\/figcaption><\/figure>\n<p><strong>Co s\u0105dzicie o takich \u015bmiesznych stylizacjach \u015bwi\u0105tecznych?<\/strong> Czeszecie si\u0119 tak? A mo\u017ce macie zamiar wypr\u00f3bowa\u0107 jedn\u0105 z naszych propozycji w tym roku?<\/p>\n","protected":false},"excerpt":{"rendered":"<p>\u015awi\u0119ta tu\u017c tu\u017c, w ferworze przygotowa\u0144 zatrzymaj si\u0119 na chwil\u0119 i pomy\u015bl o tym, jaka stylizacja b\u0119dzie najlepsza na rodzinne spotkania. Oczywi\u015bcie mo\u017cesz wybra\u0107 eleganck\u0105 fryzur\u0119 i wieczorow\u0105 sukienk\u0119, ale co powiesz na ma\u0142e szale\u0144stwo? A gdyby tak zainspirowa\u0107 si\u0119 stylem mieszka\u0144c\u00f3w Ktosiowa, kt\u00f3rych znamy z filmu o Grinchu?<\/p>\n","protected":false},"author":8,"featured_media":9626,"comment_status":"open","ping_status":"open","sticky":false,"template":"","format":"standard","meta":{"footnotes":""},"categories":[11],"tags":[11377],"yst_prominent_words":[941,3448,3466,784,1073,3024,823,3399,3387,3400,3040,3381,3382,3383,3398,3023,3392,3397,737,3380],"class_list":["post-9612","post","type-post","status-publish","format-standard","has-post-thumbnail","hentry","category-porady","tag-swieta"],"_links":{"self":[{"href":"https:\/\/www.hairstore.pl\/blog\/wp-json\/wp\/v2\/posts\/9612","targetHints":{"allow":["GET"]}}],"collection":[{"href":"https:\/\/www.hairstore.pl\/blog\/wp-json\/wp\/v2\/posts"}],"about":[{"href":"https:\/\/www.hairstore.pl\/blog\/wp-json\/wp\/v2\/types\/post"}],"author":[{"embeddable":true,"href":"https:\/\/www.hairstore.pl\/blog\/wp-json\/wp\/v2\/users\/8"}],"replies":[{"embeddable":true,"href":"https:\/\/www.hairstore.pl\/blog\/wp-json\/wp\/v2\/comments?post=9612"}],"version-history":[{"count":8,"href":"https:\/\/www.hairstore.pl\/blog\/wp-json\/wp\/v2\/posts\/9612\/revisions"}],"predecessor-version":[{"id":9652,"href":"https:\/\/www.hairstore.pl\/blog\/wp-json\/wp\/v2\/posts\/9612\/revisions\/9652"}],"wp:featuredmedia":[{"embeddable":true,"href":"https:\/\/www.hairstore.pl\/blog\/wp-json\/wp\/v2\/media\/9626"}],"wp:attachment":[{"href":"https:\/\/www.hairstore.pl\/blog\/wp-json\/wp\/v2\/media?parent=9612"}],"wp:term":[{"taxonomy":"category","embeddable":true,"href":"https:\/\/www.hairstore.pl\/blog\/wp-json\/wp\/v2\/categories?post=9612"},{"taxonomy":"post_tag","embeddable":true,"href":"https:\/\/www.hairstore.pl\/blog\/wp-json\/wp\/v2\/tags?post=9612"},{"taxonomy":"yst_prominent_words","embeddable":true,"href":"https:\/\/www.hairstore.pl\/blog\/wp-json\/wp\/v2\/yst_prominent_words?post=9612"}],"curies":[{"name":"wp","href":"https:\/\/api.w.org\/{rel}","templated":true}]}}