{"id":8927,"date":"2018-10-10T12:50:40","date_gmt":"2018-10-10T10:50:40","guid":{"rendered":"http:\/\/www.hairstore.pl\/blog\/?p=8927"},"modified":"2020-09-30T18:44:07","modified_gmt":"2020-09-30T16:44:07","slug":"dla-kogo-czarne-wlosy","status":"publish","type":"post","link":"https:\/\/www.hairstore.pl\/blog\/dla-kogo-czarne-wlosy\/","title":{"rendered":"Komu pasuj\u0105 czarne w\u0142osy?"},"content":{"rendered":"<p>Czarne w\u0142osy to ponadczasowa klasyka. Jednak\u017ce nie ka\u017cdemu pasuj\u0105, a co wa\u017cniejsze trzeba si\u0119 dwa razy zastanowi\u0107 przed na\u0142o\u017ceniem farby, poniewa\u017c powr\u00f3t, zw\u0142aszcza do jasnych kolor\u00f3w bazowych, jest bardzo \u017cmudny.<\/p>\n<p><!--more--><\/p>\n<p>Kruczoczarne w\u0142osy to kolor, o kt\u00f3rym marzy wiele kobiet, lecz wiele z nich powstrzymuje fakt, \u017ce nie wiedz\u0105, czy w og\u00f3le dobrze b\u0119d\u0105 wygl\u0105da\u0107. Dlatego pierwszym zagadnieniem, kt\u00f3rym si\u0119 zajm\u0119, to pytanie komu w\u0142a\u015bciwie pasuj\u0105 czarne w\u0142osy.<\/p>\n<p>Tym bardziej, \u017ce wiele os\u00f3b uwa\u017ca czarny za do\u015b\u0107 uniwersalny kolor, a jednak okazuje si\u0119, \u017ce nie ka\u017cdemu typowi urody podpasuje. Dlatego zanim podejmiesz decyzj\u0119 o koloryzacji, to zastan\u00f3w si\u0119 dwa razy. Zw\u0142aszcza, \u017ce czarne farby s\u0105 najci\u0119\u017csze w dekoloryzacji.<\/p>\n<p>Czarne w\u0142osy powinny by\u0107 decyzj\u0105 na kilka lat, a nie na jeden sezon, poniewa\u017c p\u00f3\u017aniejsze \u015bci\u0105gni\u0119cie farby jest naprawd\u0119 \u017cmudne i wymaga wielu wizyt u fryzjera.<\/p>\n<ul class=\"article-menu\">\n<li>Dla kogo czarne w\u0142osy?<\/li>\n<li>Dlaczego Jennifer Aniston nigdy nie powinna mie\u0107 czarnych w\u0142os\u00f3w?<\/li>\n<li>Czy farbowa\u0107 w\u0142osy w domu, czy u fryzjera?<\/li>\n<li>Opala\u0107 si\u0119 czy si\u0119 nie opala\u0107?<\/li>\n<li>Czy czarny postarza?<\/li>\n<li>Dlaczego ombre na czarnych w\u0142osach wygl\u0105da ekstra!<\/li>\n<li>Dlaczego kolorowe pasemka to hit sezonu!<\/li>\n<\/ul>\n<h2>Dla kogo czarne w\u0142osy?<\/h2>\n<p>Pierwszym bardzo wa\u017cnym aspektem jest <strong>kszta\u0142t twarzy<\/strong>. Z pozoru wydawa\u0107 by si\u0119 to mog\u0142o nieistotne, bo to przecie\u017c kolor, a nie ci\u0119cie. A jednak rysy twarzy maj\u0105 do\u015b\u0107 kluczowe znaczenie. Wynika to z faktu, \u017ce czarny mocno uwydatnia kszta\u0142t, rysy twarzy, nie pozostawiaj\u0105c tak naprawd\u0119 miejsca na mo\u017cliwo\u015b\u0107 ukrycia niedoskona\u0142o\u015bci.<\/p>\n<h4>Z\u0142ota zasada: w ubiorze czarny odejmuje kilogram\u00f3w, na g\u0142owie ich dodaje<\/h4>\n<p>Czarnego nie polecam osobom o mocno<strong> okr\u0105g\u0142ej twarzy<\/strong>, poniewa\u017c poprzez kontrast mi\u0119dzy kolorem sk\u00f3ry a w\u0142osami do\u015b\u0107 mocno uwydatni jej kszta\u0142t. Istnieje ryzyko, \u017ce wtedy b\u0119dziesz wygl\u0105da\u0107 bardziej &#8222;pulchnie&#8221; ni\u017c w rzeczywisto\u015bci. My\u015bl\u0119, \u017ce do\u015b\u0107 dobrym przyk\u0142adem jest Selena Gomez, kt\u00f3ra w sumie g\u0142ownie kojarzona jest z w\u0142osami ciemnymi, ale kiedy przefarbowa\u0142a si\u0119 na chwil\u0119 na blond, jej twarz nabra\u0142a ca\u0142kiem innych rys\u00f3w. Rzecz jasna wszystko zale\u017cy od zdj\u0119cia, ale \u015bledz\u0105c wybory w\u0142osowe panny Gomez wida\u0107, \u017ce raczej ju\u017c do czerni nie wraca.<\/p>\n<figure id=\"attachment_8990\" aria-describedby=\"caption-attachment-8990\" style=\"width: 1024px\" class=\"wp-caption aligncenter\"><img decoding=\"async\" class=\"size-full wp-image-8990\" src=\"https:\/\/www.hairstore.pl\/blog\/wp-content\/uploads\/2018\/10\/selena-gomez-blond-czarny.jpg\" alt=\"selena gomez\" width=\"1024\" height=\"478\" srcset=\"https:\/\/www.hairstore.pl\/blog\/wp-content\/uploads\/2018\/10\/selena-gomez-blond-czarny.jpg 800w, https:\/\/www.hairstore.pl\/blog\/wp-content\/uploads\/2018\/10\/selena-gomez-blond-czarny-300x140.jpg 300w, https:\/\/www.hairstore.pl\/blog\/wp-content\/uploads\/2018\/10\/selena-gomez-blond-czarny-768x359.jpg 768w, https:\/\/www.hairstore.pl\/blog\/wp-content\/uploads\/2018\/10\/selena-gomez-blond-czarny-1024x478.jpg 1024w, https:\/\/www.hairstore.pl\/blog\/wp-content\/uploads\/2018\/10\/selena-gomez-blond-czarny-845x395.jpg 845w\" sizes=\"(max-width: 1024px) 100vw, 1024px\" \/><figcaption id=\"caption-attachment-8990\" class=\"wp-caption-text\">\u0179r\u00f3d\u0142o: harpersbazaar.com.sg i footwearnews.com<\/figcaption><\/figure>\n<p>Podobna sytuacja ma miejsce w przypadku twarzy ze <strong>szpiczast\u0105 brod\u0105<\/strong> oraz <strong>wi\u0119kszym nosem<\/strong>. Tego typu rysy twarzy s\u0105 do\u015b\u0107 ostre same z siebie, a czarny niestety jeszcze mocniej je zarysuje. Wystarczy z reszt\u0105 spojrze\u0107 na wygl\u0105d czarownic w bajkach. Co prawda s\u0105 bardzo mocno przerysowane, ale czy kto\u015b widzia\u0142 blond czarownic\u0119? \ud83d\ude09<\/p>\n<p>Je\u015bli masz <strong>mocne, pod\u0142u\u017cne rysy<\/strong> twarzy postaw raczej na kolory mniej intensywne, cieplejsze. Wtedy z\u0142agodz\u0105 one podbr\u00f3dek i nie wyd\u0142u\u017c\u0105 niepotrzebnie nosa.<\/p>\n<p>Poni\u017cej dwa przyk\u0142ady, co prawda ani Sarah Jessica Parker, ani Jennifer Aniston nie mia\u0142y czarnych w\u0142os\u00f3w (i s\u0142usznie!), ale wida\u0107, \u017ce jak tylko zbli\u017caj\u0105 si\u0119 do ciemniejszych, to ich uroda blednie i robi si\u0119 bardziej szpiczasta.<\/p>\n<p>&nbsp;<\/p>\n<figure id=\"attachment_8991\" aria-describedby=\"caption-attachment-8991\" style=\"width: 1024px\" class=\"wp-caption aligncenter\"><img decoding=\"async\" class=\"size-full wp-image-8991\" src=\"https:\/\/www.hairstore.pl\/blog\/wp-content\/uploads\/2018\/10\/jennifer-aniston.jpg\" alt=\"jasne i ciemne w\u0142osy\" width=\"1024\" height=\"478\" srcset=\"https:\/\/www.hairstore.pl\/blog\/wp-content\/uploads\/2018\/10\/jennifer-aniston.jpg 800w, https:\/\/www.hairstore.pl\/blog\/wp-content\/uploads\/2018\/10\/jennifer-aniston-300x140.jpg 300w, https:\/\/www.hairstore.pl\/blog\/wp-content\/uploads\/2018\/10\/jennifer-aniston-768x359.jpg 768w, https:\/\/www.hairstore.pl\/blog\/wp-content\/uploads\/2018\/10\/jennifer-aniston-1024x478.jpg 1024w, https:\/\/www.hairstore.pl\/blog\/wp-content\/uploads\/2018\/10\/jennifer-aniston-845x395.jpg 845w\" sizes=\"(max-width: 1024px) 100vw, 1024px\" \/><figcaption id=\"caption-attachment-8991\" class=\"wp-caption-text\">\u0179r\u00f3d\u0142o: glamour.com i allure.com<\/figcaption><\/figure>\n<figure id=\"attachment_8992\" aria-describedby=\"caption-attachment-8992\" style=\"width: 1024px\" class=\"wp-caption aligncenter\"><img decoding=\"async\" class=\"size-full wp-image-8992\" src=\"https:\/\/www.hairstore.pl\/blog\/wp-content\/uploads\/2018\/10\/sarah-jessica-parker.jpg\" alt=\"jasne czy ciemne w\u0142osy\" width=\"1024\" height=\"478\" srcset=\"https:\/\/www.hairstore.pl\/blog\/wp-content\/uploads\/2018\/10\/sarah-jessica-parker.jpg 800w, https:\/\/www.hairstore.pl\/blog\/wp-content\/uploads\/2018\/10\/sarah-jessica-parker-300x140.jpg 300w, https:\/\/www.hairstore.pl\/blog\/wp-content\/uploads\/2018\/10\/sarah-jessica-parker-768x359.jpg 768w, https:\/\/www.hairstore.pl\/blog\/wp-content\/uploads\/2018\/10\/sarah-jessica-parker-1024x478.jpg 1024w, https:\/\/www.hairstore.pl\/blog\/wp-content\/uploads\/2018\/10\/sarah-jessica-parker-845x395.jpg 845w\" sizes=\"(max-width: 1024px) 100vw, 1024px\" \/><figcaption id=\"caption-attachment-8992\" class=\"wp-caption-text\">\u0179r\u00f3d\u0142a: lovely-hairstyles.com i traprock.info<\/figcaption><\/figure>\n<p>Nast\u0119pnym aspektem jest <strong>typ urody<\/strong>. Je\u015bli z natury masz mocno zarysowan\u0105 opraw\u0119 oczu i ciemne brwi, to czarny kolor b\u0119dzie dla Ciebie doskona\u0142y. Pokre\u015bli urod\u0119 oraz nie b\u0119dzie sta\u0142 w stosunku do niej w sprzeczno\u015bci.<\/p>\n<p>Natomiast w przypadku urody delikatnej, o jasnej oprawie i stonowanych brwiach czarny mo\u017ce okaza\u0107 si\u0119 kolorem zbyt ci\u0119\u017ckim. Wtedy twarz wydaje si\u0119 by\u0107 przyt\u0142oczona i mocno zm\u0119czona.<\/p>\n<p>Warto te\u017c pami\u0119ta\u0107, \u017ce czarny nale\u017cy do grupy kolor\u00f3w zimnych i b\u0119dzie pasowa\u0142 g\u0142ownie Paniom o <strong>ch\u0142odnym typie urody<\/strong>. Dla kobiet o ciep\u0142ym typie polecam chocia\u017cby czekoladowy br\u0105z.<\/p>\n<figure id=\"attachment_8985\" aria-describedby=\"caption-attachment-8985\" style=\"width: 1024px\" class=\"wp-caption aligncenter\"><img decoding=\"async\" class=\"size-full wp-image-8985\" src=\"https:\/\/www.hairstore.pl\/blog\/wp-content\/uploads\/2018\/10\/dla-kogo-czarne-w\u0142osy.jpg\" alt=\"komu pasuj\u0105 czarne w\u0142osy\" width=\"1024\" height=\"478\" srcset=\"https:\/\/www.hairstore.pl\/blog\/wp-content\/uploads\/2018\/10\/dla-kogo-czarne-w\u0142osy.jpg 800w, https:\/\/www.hairstore.pl\/blog\/wp-content\/uploads\/2018\/10\/dla-kogo-czarne-w\u0142osy-300x140.jpg 300w, https:\/\/www.hairstore.pl\/blog\/wp-content\/uploads\/2018\/10\/dla-kogo-czarne-w\u0142osy-768x359.jpg 768w, https:\/\/www.hairstore.pl\/blog\/wp-content\/uploads\/2018\/10\/dla-kogo-czarne-w\u0142osy-1024x478.jpg 1024w, https:\/\/www.hairstore.pl\/blog\/wp-content\/uploads\/2018\/10\/dla-kogo-czarne-w\u0142osy-845x395.jpg 845w\" sizes=\"(max-width: 1024px) 100vw, 1024px\" \/><figcaption id=\"caption-attachment-8985\" class=\"wp-caption-text\">\u0179r\u00f3d\u0142o: characters.wikia.com i louispalace.org<\/figcaption><\/figure>\n<p>Czarne w\u0142osy r\u00f3wnie\u017c nie b\u0119d\u0105 dobrym wyj\u015bciem dla Pa\u0144 o cienkich kosmykach. Niestety czarny mocno kontrastuje ze sk\u00f3r\u0105 g\u0142owy, wi\u0119c wszelkie przerzedzenia jeszcze bardziej si\u0119 uwypukl\u0105. To samo tyczy si\u0119 w\u0142os\u00f3w z tendencja do przet\u0142uszczania i zbijania si\u0119 w str\u0105czki. Na czarnym kolorze przet\u0142uszczone w\u0142osy b\u0119d\u0105 jeszcze bardziej widoczne.<\/p>\n<h2>Farbowanie na czarno w domu<\/h2>\n<p>Je\u015bli masz naturalnie ciemnie w\u0142osy, to nic nie stoi na przeszkodzie, aby\u015b przefarbowa\u0142a w\u0142osy w domu. Musisz jednak pami\u0119ta\u0107, \u017ce czarna farba bywa uporczywa przy zmywaniu jej z r\u00f3\u017cnych powierzchni. Lubi te\u017c uroczo zabarwi\u0107 np. czo\u0142o. W tym przypadku obowi\u0105zkowe s\u0105 <strong>r\u0119kawiczki ochronne, r\u0119cznik na ramiona oraz zabezpieczenie blatu w \u0142azience.<\/strong><\/p>\n<p>Je\u015bli jeste\u015b blondynk\u0105 i zapragn\u0119\u0142a\u015b kruczoczarnych pasm polecam wizyt\u0119 u fryzjera. Z pozoru <strong>farbowanie na czarno <a href=\"https:\/\/www.hairstore.pl\/farby-do-wlosow_permanentna\">farbami permanentnymi<\/a><\/strong> mo\u017ce wydawa\u0107 si\u0119 pewne co do efektu, to mo\u017ce by\u0107 jednak ca\u0142kiem odwrotnie. Zawsze przy radykalnych zmianach kolorystycznych warto uda\u0107 si\u0119 do specjalist\u00f3w. Twoje w\u0142osy na bank na tym skorzystaj\u0105.<\/p>\n<p>Sprawd\u017a jaka jest moim zdaniem najlepsza<a href=\"https:\/\/www.hairstore.pl\/blog\/najlepsza-czarna-farba-do-wlosow-2019\/\"><strong> czarna farba do w\u0142os\u00f3w<\/strong><\/a>!<\/p>\n<p>Natomiast je\u015bli jeste\u015b pewna swoich umiej\u0119tno\u015bci i masz mocne postanowienie farbowania w\u0142os\u00f3w w domu, to koniecznie zaopatrz si\u0119 w p\u0119dzelek, miseczk\u0119, r\u0119cznik (najlepiej czarny) oraz mokre chusteczki. Te ostatnie \u015bwietnie poradz\u0105 sobie z natychmiastowym usuni\u0119ciem plam z r\u00f3\u017cnych powierzchni. Ja te\u017c u\u017cywam ich do czyszczenia czo\u0142a, gdy niechc\u0105cy pacn\u0119 si\u0119 p\u0119dzelkiem.<\/p>\n<div id=\"hsbp-5\" class=\"hsbp\"><\/div>\n<p><script type='text\/javascript' src='https:\/\/www.hairstore.pl\/produkty_wordpress.php?dst=hsbp-5&#038;prods=2092,1818,3415,1692'><\/script><\/p>\n<h2>Opalenizna a czarne w\u0142osy<\/h2>\n<p>Opalenizna to zawsze do\u015b\u0107 kontrowersyjny temat przy czarnych w\u0142osach. Pewnie wynika to z faktu, \u017ce wiele Pa\u0144, kt\u00f3re ju\u017c si\u0119 przefarbuje odkrywa w sobie pokrewie\u0144stwo do Latynosek i uwa\u017ca, \u017ce solarium mo\u017ce by\u0107 ich drugim domem. Niestety taki ruch okazuje si\u0119 by\u0107 cz\u0119sto do\u015b\u0107 op\u0142akany w skutkach.<\/p>\n<p>A tak na powa\u017cnie, to niestety du\u017ca cz\u0119\u015b\u0107 Pa\u0144 bardzo cz\u0119sto decyduje si\u0119 na czer\u0144 bez analizy kolorystycznej sk\u00f3ry i sprawdzenia typu urody. W rezultacie opalenizna, zw\u0142aszcza mocna bardzo, to uwydatnia na niekorzy\u015b\u0107.<\/p>\n<p>W kwestii opalenizny nale\u017cy przede wszystkim zachowa\u0107 umiar, zw\u0142aszcza, \u017ce dla dobra swojej urody nie powinna\u015b w og\u00f3le opala\u0107 twarzy.<\/p>\n<figure id=\"attachment_8983\" aria-describedby=\"caption-attachment-8983\" style=\"width: 1024px\" class=\"wp-caption aligncenter\"><img decoding=\"async\" class=\"size-full wp-image-8983\" src=\"https:\/\/www.hairstore.pl\/blog\/wp-content\/uploads\/2018\/10\/opalenizna-czarne-w\u0142osy.jpg\" alt=\"opalenizna\" width=\"1024\" height=\"478\" srcset=\"https:\/\/www.hairstore.pl\/blog\/wp-content\/uploads\/2018\/10\/opalenizna-czarne-w\u0142osy.jpg 800w, https:\/\/www.hairstore.pl\/blog\/wp-content\/uploads\/2018\/10\/opalenizna-czarne-w\u0142osy-300x140.jpg 300w, https:\/\/www.hairstore.pl\/blog\/wp-content\/uploads\/2018\/10\/opalenizna-czarne-w\u0142osy-768x359.jpg 768w, https:\/\/www.hairstore.pl\/blog\/wp-content\/uploads\/2018\/10\/opalenizna-czarne-w\u0142osy-1024x478.jpg 1024w, https:\/\/www.hairstore.pl\/blog\/wp-content\/uploads\/2018\/10\/opalenizna-czarne-w\u0142osy-845x395.jpg 845w\" sizes=\"(max-width: 1024px) 100vw, 1024px\" \/><figcaption id=\"caption-attachment-8983\" class=\"wp-caption-text\">\u0179r\u00f3d\u0142o: ourvanity.com, pomponik.pl, stylebistro.com<\/figcaption><\/figure>\n<p>Ja jako wieloletnia posiadaczka czarnych w\u0142os\u00f3w uwa\u017cam, \u017ce opalenizna nie zaszkodzi tym kobietom, kt\u00f3re naturalnie mia\u0142y do\u015b\u0107 ciemne w\u0142osy i przefarbowa\u0142y je na czarno. Natura doskonale wie co robi i cera po prostu wsp\u00f3\u0142gra z naturalnym odcieniem w\u0142os\u00f3w. Wi\u0119c je\u015bli poruszamy si\u0119 po linii odcieni bliskich naturalnemu kolorowi zmniejszamy tym samym ryzyko niepowodzenia.<\/p>\n<p>&nbsp;<\/p>\n<h2>Czy czarne w\u0142osy postarzaj\u0105?<\/h2>\n<p>Pytanie z nag\u0142\u00f3wka jest chyba jednym z najcz\u0119\u015bciej pojawiaj\u0105cych si\u0119 w tym temacie. Tutaj zdania s\u0105 podzielone, bo jak na moje oko ile fryzjer\u00f3w, tyle opinii. Ja farbuj\u0105c w\u0142osy ponad 10 lat sama spotka\u0142am si\u0119 ze sprzecznymi komunikatami. Jedni m\u00f3wili, \u017ce czarne w\u0142osy to absolutne zab\u00f3jstwo dla m\u0142odego wygl\u0105du, natomiast inni, \u017ce wr\u0119cz przeciwnie.<\/p>\n<p>Ja jestem zdania, \u017ce je\u015bli przyciemni\u0142a\u015b w\u0142osy, a Tw\u00f3j kolor by\u0142 \u015brednio ciemny, to raczej czarny Ci nie zaszkodzi. Nawet je\u015bli na sk\u00f3rze pojawi\u0105 si\u0119 oznaki starzenia. Faktem jednak jest, \u017ce u kobiet, gdzie oznaki starzenia s\u0105 mocno widoczne poleca si\u0119 prze\u0142amanie koloru br\u0105zami lub innymi refleksami. Jednolita czer\u0144 mo\u017ce rzeczywi\u015bcie nieco podkre\u015bla\u0107 zmarszczki, zamiast je tuszowa\u0107.<\/p>\n<p>Warto jednak pami\u0119ta\u0107, \u017ce czer\u0144 to niesamowicie klasyczny kolor, kt\u00f3ry dodaje tajemniczo\u015bci, elegancji oraz szlachetnego wygl\u0105du.<\/p>\n<p>Je\u015bli Twoim wyj\u015bciowym kolorem jest blond, to rzeczywi\u015bcie z up\u0142ywem lat warto powr\u00f3ci\u0107 do ja\u015bniejszych pasm. Zw\u0142aszcza je\u015bli masz cer\u0119 z tendencj\u0105 do ziemisto\u015bci i zm\u0119czonego wygl\u0105du. Co wi\u0119cej, decyduj\u0105c si\u0119 na tak radykalne zmiany, musisz przygotowa\u0107 si\u0119 na cz\u0119ste farbowanie, poniewa\u017c jasna baza b\u0119dzie szybko pojawia\u0107 si\u0119 w formie odrost\u00f3w.<\/p>\n<h2>Czarne w\u0142osy: fryzury<\/h2>\n<p>Ciemne pasma lubi\u0105 klasyczne <strong>upi\u0119cia<\/strong> oraz stylizacje. Osoby, kt\u00f3re nosz\u0105 ci\u0119\u017ckie, opadaj\u0105ce na oczy grzywki, raczej powinny omija\u0107 ten kolor, gdy\u017c nie do\u015b\u0107, \u017ce przyt\u0142ocz\u0105 twarz, to jeszcze mog\u0105 zosta\u0107 pos\u0105dzone\u00a0 o przynale\u017cno\u015b\u0107 do nies\u0142awnego <a href=\"https:\/\/www.hairstore.pl\/blog\/wielki-powrot-fryzur-emo\/\">emostylu<\/a>.<\/p>\n<p>Czarne w\u0142osy bardzo lubi\u0105 natomiast klasyczne <strong>boby<\/strong>, proste <strong>ci\u0119cia<\/strong>, <strong>ko\u0144skie ogony<\/strong>, <strong>eleganckie koki<\/strong> oraz <strong>geometri\u0119<\/strong>. M\u00f3wi si\u0119, \u017ce czer\u0144 nie lubi si\u0119 z plecionymi fryzurami, ale ja nie do ko\u0144ca tak uwa\u017cam. My\u015bl\u0119, \u017ce bardziej dlatego, \u017ce fantazyjnych warkoczy czy k\u0142os\u00f3w nie wida\u0107, ni\u017c dlatego, \u017ce to brzydko wygl\u0105da.<\/p>\n<p>Czarne w\u0142osy w po\u0142\u0105czeniu z eleganckimi spinkami czy te\u017c gumkami wygl\u0105daj\u0105 stylowo. Jedynie nale\u017cy pami\u0119ta\u0107 aby nie przesadzi\u0107 z ilo\u015bci\u0105 bi\u017cuterii, wtedy ca\u0142o\u015b\u0107 nabiera nieco jarmarcznego charakteru, a klasa i szyk id\u0105 w odstawk\u0119.<\/p>\n<p>Co wi\u0119cej, czer\u0144 lubi du\u017ce fale i loki, kt\u00f3re przywodz\u0105 na my\u015bl <strong>gwiazdy starego Hollywood. <\/strong>A wraz z dodatkiem stylowych ozd\u00f3b do w\u0142os\u00f3w, prezentuj\u0105 si\u0119 perfekcyjnie.<\/p>\n<figure id=\"attachment_8979\" aria-describedby=\"caption-attachment-8979\" style=\"width: 1024px\" class=\"wp-caption aligncenter\"><img decoding=\"async\" class=\"size-full wp-image-8979\" src=\"https:\/\/www.hairstore.pl\/blog\/wp-content\/uploads\/2018\/10\/komu-pasuj\u0105-czarne-w\u0142osy-1.jpg\" alt=\"ozdoby do czarnych w\u0142os\u00f3w\" width=\"1024\" height=\"478\" srcset=\"https:\/\/www.hairstore.pl\/blog\/wp-content\/uploads\/2018\/10\/komu-pasuj\u0105-czarne-w\u0142osy-1.jpg 800w, https:\/\/www.hairstore.pl\/blog\/wp-content\/uploads\/2018\/10\/komu-pasuj\u0105-czarne-w\u0142osy-1-300x140.jpg 300w, https:\/\/www.hairstore.pl\/blog\/wp-content\/uploads\/2018\/10\/komu-pasuj\u0105-czarne-w\u0142osy-1-768x359.jpg 768w, https:\/\/www.hairstore.pl\/blog\/wp-content\/uploads\/2018\/10\/komu-pasuj\u0105-czarne-w\u0142osy-1-1024x478.jpg 1024w, https:\/\/www.hairstore.pl\/blog\/wp-content\/uploads\/2018\/10\/komu-pasuj\u0105-czarne-w\u0142osy-1-845x395.jpg 845w\" sizes=\"(max-width: 1024px) 100vw, 1024px\" \/><figcaption id=\"caption-attachment-8979\" class=\"wp-caption-text\">\u0179r\u00f3d\u0142a: www.maniasdemaay.com.br, 2brides.se i brit.co<\/figcaption><\/figure>\n<p>Wskaz\u00f3wka: osoby z jasn\u0105 cer\u0105 o naturalnie \u015bredniociemnych i ciemnych w\u0142osach nie musz\u0105 obawia\u0107 si\u0119, \u017ce czarny je postarzy.<\/p>\n<h2>Makija\u017c do czarnych w\u0142os\u00f3w<\/h2>\n<p>W kwestii makija\u017cu sytuacja jest zawsze sporna. Zw\u0142aszcza, \u017ce jedne Panie lubi\u0105 mocniejszy makeup, a inne bardziej naturalne wydanie.<\/p>\n<p>Ja zaliczam si\u0119 do tej pierwszej grupy, ale to wcale nie oznacza, \u017ce mocny kolor w\u0142os\u00f3w, to pe\u0142ne przyzwolenie na bardzo mocny makija\u017c, poniewa\u017c nie zawsze to ze sob\u0105 wsp\u00f3\u0142gra.<\/p>\n<p>Ale do\u015b\u0107 gdybania, bo s\u0105 takie elementy makija\u017cu, kt\u00f3re przy czarnych w\u0142osach prezentuj\u0105 si\u0119 wprost wy\u015bmienicie:<\/p>\n<ul>\n<li>mocne czerwone usta<\/li>\n<li>smokey eyes<\/li>\n<li>zar\u00f3\u017cowione policzki<\/li>\n<li>mocniejsza retro kreska na powiekach<\/li>\n<\/ul>\n<p>Oczywi\u015bcie niekoniecznie polecam je wszystkie razem, chyba \u017ce dobrze czujesz si\u0119 w nieco teatralnym makeupie.\u00a0 Dla Pa\u0144, kt\u00f3re nie bardzo lubi\u0105 mocne makija\u017ce jedna rada &#8211; czarny nie lubi nier\u00f3wnego kolorytu sk\u00f3ry oraz ziemistej, zm\u0119czonej cery. Warto zatem zadba\u0107 o dobry korektor lub puder wyr\u00f3wnuj\u0105cy niedoskona\u0142o\u015bci. I koniecznie o podkre\u015blenie brwi!<\/p>\n<figure id=\"attachment_8982\" aria-describedby=\"caption-attachment-8982\" style=\"width: 1024px\" class=\"wp-caption aligncenter\"><img decoding=\"async\" class=\"size-full wp-image-8982\" src=\"https:\/\/www.hairstore.pl\/blog\/wp-content\/uploads\/2018\/10\/makija\u017c-czarne-w\u0142osy.jpg\" alt=\"\" width=\"1024\" height=\"478\" srcset=\"https:\/\/www.hairstore.pl\/blog\/wp-content\/uploads\/2018\/10\/makija\u017c-czarne-w\u0142osy.jpg 800w, https:\/\/www.hairstore.pl\/blog\/wp-content\/uploads\/2018\/10\/makija\u017c-czarne-w\u0142osy-300x140.jpg 300w, https:\/\/www.hairstore.pl\/blog\/wp-content\/uploads\/2018\/10\/makija\u017c-czarne-w\u0142osy-768x359.jpg 768w, https:\/\/www.hairstore.pl\/blog\/wp-content\/uploads\/2018\/10\/makija\u017c-czarne-w\u0142osy-1024x478.jpg 1024w, https:\/\/www.hairstore.pl\/blog\/wp-content\/uploads\/2018\/10\/makija\u017c-czarne-w\u0142osy-845x395.jpg 845w\" sizes=\"(max-width: 1024px) 100vw, 1024px\" \/><figcaption id=\"caption-attachment-8982\" class=\"wp-caption-text\">\u0179r\u00f3d\u0142a: byrdie.com, fashionisers.com i buzzfeed.com<\/figcaption><\/figure>\n<h2>Ombre na czarnych w\u0142osach<\/h2>\n<p>Je\u015bli mowa o prze\u0142amywaniu koloru, to \u015bwietn\u0105 propozycj\u0105 jest ombre. Zw\u0142aszcza, \u017ce w wersji na czarnych w\u0142osach jest mniej popularne. Dzi\u0119ki temu Twoja fryzura b\u0119dzie prezentowa\u0107 si\u0119 wyj\u0105tkowo.<\/p>\n<p>Zanim przyst\u0105pisz do wybierania numeru do fryzjera, to musisz wiedzie\u0107, \u017ce w przypadku ombre, b\u0119dziesz musia\u0142a na ko\u0144cach zej\u015b\u0107 z koloru. Wiadomo, jest to oczywiste. Niestety, ko\u0144ce s\u0105 do\u015b\u0107 oporne w rozja\u015bnieniu. Wynika to z faktu, \u017ce kiedy przez wiele lat farbujesz w\u0142osy, to si\u0142\u0105 rzeczy ko\u0144ce s\u0105 farbowane najcz\u0119\u015bciej.<\/p>\n<p>Dlatego te\u017c ombre cz\u0119sto wi\u0105\u017ce si\u0119 ze skr\u00f3ceniem pasm. W dodatku \u015bci\u0105ganie koloru mo\u017ce w\u0142osy nieco os\u0142abi\u0107 i trzeba by\u0107 na taki obr\u00f3t spraw przygotowanym.<\/p>\n<p>Kiedy rozwa\u017cysz ju\u017c wszystkie za i przeciw, to rzu\u0107 okiem na nasze inspiracje, bo trzeba przyzna\u0107, \u017ce ombre na czarnych w\u0142osach prezentuje si\u0119 naprawd\u0119 \u015bwietnie!<\/p>\n<figure id=\"attachment_8977\" aria-describedby=\"caption-attachment-8977\" style=\"width: 1024px\" class=\"wp-caption aligncenter\"><img decoding=\"async\" class=\"size-full wp-image-8977\" src=\"https:\/\/www.hairstore.pl\/blog\/wp-content\/uploads\/2018\/10\/ombre-na-czarnych-w\u0142osach.jpg\" alt=\"kolorowe ombre na czarnych w\u0142osach\" width=\"1024\" height=\"478\" srcset=\"https:\/\/www.hairstore.pl\/blog\/wp-content\/uploads\/2018\/10\/ombre-na-czarnych-w\u0142osach.jpg 800w, https:\/\/www.hairstore.pl\/blog\/wp-content\/uploads\/2018\/10\/ombre-na-czarnych-w\u0142osach-300x140.jpg 300w, https:\/\/www.hairstore.pl\/blog\/wp-content\/uploads\/2018\/10\/ombre-na-czarnych-w\u0142osach-768x359.jpg 768w, https:\/\/www.hairstore.pl\/blog\/wp-content\/uploads\/2018\/10\/ombre-na-czarnych-w\u0142osach-1024x478.jpg 1024w, https:\/\/www.hairstore.pl\/blog\/wp-content\/uploads\/2018\/10\/ombre-na-czarnych-w\u0142osach-845x395.jpg 845w\" sizes=\"(max-width: 1024px) 100vw, 1024px\" \/><figcaption id=\"caption-attachment-8977\" class=\"wp-caption-text\">\u0179r\u00f3d\u0142a: therighthairstyles.com\/purple-balayage\/m, hairorder.co.uk, letmebeweird.com<\/figcaption><\/figure>\n<h2>Piel\u0119gnacja czarnych w\u0142os\u00f3w<\/h2>\n<p>Codzienne dbanie o w\u0142osy czarne nie r\u00f3\u017cni si\u0119 praktycznie niczym od standardowej piel\u0119gnacji w\u0142os\u00f3w koloryzowanych. Nale\u017cy si\u0119ga\u0107 przede wszystkim po <a href=\"https:\/\/www.hairstore.pl\/szampony_regeneracja\">preparaty, kt\u00f3re <strong>wzmocni\u0105 <\/strong>pasma<\/a> oraz je <strong><a href=\"https:\/\/www.hairstore.pl\/szampony_nablyszczanie\">nab\u0142yszcz\u0105<\/a><\/strong>.<\/p>\n<p>Ja musz\u0119 przyzna\u0107, \u017ce farbowanie na czarno to \u015bwietna sprawa z dw\u00f3ch powod\u00f3w. Zawsze jeste\u015b pewna efektu. Nie ma takiej si\u0142y, \u017ceby czarny wyszed\u0142 inaczej, ni\u017c si\u0119 tego spodziewasz. Nawet je\u015bli nie pozostajesz wierna jednemu producentowi farb, to czarny zawsze b\u0119dzie taki sam.<\/p>\n<p>Druga r\u00f3wnie istota sprawa, to bezpiecze\u0144stwo. Czarna farba nie jest mocno inwazyjna i je\u015bli Twoje w\u0142osy s\u0105 raczej\u00a0 normalne, to nawet wieloletnie farbowanie im nie zaszkodzi. Co wi\u0119cej, ja mam wra\u017cenie, \u017ce po farbowaniu moje w\u0142osy uk\u0142adaj\u0105 si\u0119 lepiej ni\u017c przed!<\/p>\n<div id=\"hsbp-4\" class=\"hsbp\"><\/div>\n<p><script type='text\/javascript' src='https:\/\/www.hairstore.pl\/produkty_wordpress.php?dst=hsbp-4&#038;prods=14396,17010,17946,18043 '><\/script><\/p>\n<p><strong>Wskaz\u00f3wka<\/strong>: je\u015bli myjesz w\u0142osy na noc i idziesz spa\u0107 z mokrymi, a s\u0105 \u015bwie\u017co po farbowaniu, polecam po\u0142o\u017cenie czarnego r\u0119cznika na poduszk\u0119. Niestety \u015bwie\u017co farbowane w\u0142osy mog\u0105 poplami\u0107 poszewk\u0119. To samo tyczy si\u0119 r\u0119cznik\u00f3w. Dlatego ja od lat zawsze wycieram w\u0142osy r\u0119cznikiem w czarnym kolorze.<\/p>\n<h2>Czarny b\u0142ysk!<\/h2>\n<p>Opr\u00f3cz kosmetyk\u00f3w odpowiadaj\u0105cych na potrzeby w\u0142os\u00f3w koloryzowanych, polecam r\u00f3wnie\u017c si\u0119gn\u0105\u0107 po produkty <strong><a href=\"https:\/\/www.hairstore.pl\/polysk-c744.html\">stylizacyjne o dzia\u0142aniu nab\u0142yszczaj\u0105cym.<\/a><\/strong> Pi\u0119knie po\u0142yskuj\u0105ce czarne jak smo\u0142a pasma wygl\u0105daj\u0105 elegancko i bardzo kobieco. Tym bardziej, \u017ce czarny to chyba kolor, kt\u00f3ry najintensywniej b\u0142yszczy po farbowaniu!<\/p>\n<div id=\"hsbp-3\" class=\"hsbp\"><\/div>\n<p><script type='text\/javascript' src='https:\/\/www.hairstore.pl\/produkty_wordpress.php?dst=hsbp-3&#038;prods=18146,3494,16435,3624 '><\/script><\/p>\n<p>O kwestii intensywnej piel\u0119gnacji warto pami\u0119ta\u0107 zw\u0142aszcza latem. Promienie UV nie s\u0105 zbyt \u0142askawe dla w\u0142os\u00f3w czarnych, szybko sprawiaj\u0105 \u017ce s\u0105 matowe i pozbawione blasku. Na szcz\u0119\u015bcie jest na prosta rada. Pami\u0119taj zawsze o kosmetyku ochronnym. Mo\u017ce to by\u0107 mgie\u0142ka czy od\u017cywka.<\/p>\n<h2>Stylizacja czarnych w\u0142os\u00f3w<\/h2>\n<p>Jak ju\u017c sobie wy\u017cej powiedzieli\u015bmy, w\u0142osy czarne lubi\u0105 b\u0142ysk, a jeszcze wy\u017cej m\u00f3wi\u0142am, \u017ce lubi\u0105 du\u017ce loki. Takie po\u0142\u0105czenie to wymarzona fryzura dla ka\u017cdej eleganckiej kobiety. Ja najcz\u0119\u015bciej dla uzyskania lok\u00f3w i fal korzystam z <a href=\"https:\/\/www.hairstore.pl\/babyliss-pro-profesjonalne-termoloki-ceramiczne-20szt-bab3021e-p22.html\"><strong>termolok\u00f3w BaByliss<\/strong><\/a>\u00a0lub <strong><a href=\"https:\/\/www.hairstore.pl\/babyliss-pro-miracurl-parowa-maszynka-do-lokow-bab2665se-p7559.html\">maszyny BaByliss MiraCurl<\/a><\/strong>. W ten spos\u00f3b mam i\u015bcie gwiazdorski skr\u0119t. Na koniec pozwalam sobie na kilka psikni\u0119\u0107 nab\u0142yszczaczem i mog\u0119 \u015bmia\u0142o i\u015b\u0107 na premier\u0119 jakiego\u015b filmu. Efekt jest naprawd\u0119 niesamowity.<\/p>\n<p><strong>Czarne w\u0142osy lubi\u0105 nie tylko b\u0142ysk, ale tak\u017ce skr\u0119t i elegancj\u0105 definicj\u0119. Polubi\u0105 si\u0119 r\u00f3wnie\u017c z delikatnymi ozdobami do w\u0142os\u00f3w.<\/strong><\/p>\n<p>W przypadku stylizacji warto r\u00f3wnie\u017c dopasowa\u0107 j\u0105 do kszta\u0142tu twarzy. Osoby o bardzo szczup\u0142ej twarzy raczej powinny unika\u0107 mocnego prostowania, poniewa\u017c mo\u017ce nadmiernie, &#8222;niezdrowo&#8221; wyszczupli\u0107 twarz.<\/p>\n<h2>Czarne w\u0142osy do ramion (i kr\u00f3tsze)<\/h2>\n<p>Tego typu ci\u0119cie to bez w\u0105tpienia najmodniejsza fryzura 2018\/2019. Kr\u00f3tkie w\u0142osy do ramion lub do brody to przede wszystkim szyk i elegancja. Precyzyjne ci\u0119cie \u0142adnie uwypukli lini\u0119 w\u0142os\u00f3w, a g\u0142\u0119bia czerni podkre\u015bli szlachetno\u015b\u0107. Takie fryzury lubi\u0105 si\u0119 z wyprostowanymi lub lekko pokr\u0119conymi pasmami. Oczywi\u015bcie nie zapominajmy o obowi\u0105zkowym nab\u0142yszczeniu pasm.<\/p>\n<figure id=\"attachment_8978\" aria-describedby=\"caption-attachment-8978\" style=\"width: 1024px\" class=\"wp-caption aligncenter\"><img decoding=\"async\" class=\"size-full wp-image-8978\" src=\"https:\/\/www.hairstore.pl\/blog\/wp-content\/uploads\/2018\/10\/kr\u00f3tkie-czarne-w\u0142osy.jpg\" alt=\"\" width=\"1024\" height=\"478\" srcset=\"https:\/\/www.hairstore.pl\/blog\/wp-content\/uploads\/2018\/10\/kr\u00f3tkie-czarne-w\u0142osy.jpg 800w, https:\/\/www.hairstore.pl\/blog\/wp-content\/uploads\/2018\/10\/kr\u00f3tkie-czarne-w\u0142osy-300x140.jpg 300w, https:\/\/www.hairstore.pl\/blog\/wp-content\/uploads\/2018\/10\/kr\u00f3tkie-czarne-w\u0142osy-768x359.jpg 768w, https:\/\/www.hairstore.pl\/blog\/wp-content\/uploads\/2018\/10\/kr\u00f3tkie-czarne-w\u0142osy-1024x478.jpg 1024w, https:\/\/www.hairstore.pl\/blog\/wp-content\/uploads\/2018\/10\/kr\u00f3tkie-czarne-w\u0142osy-845x395.jpg 845w\" sizes=\"(max-width: 1024px) 100vw, 1024px\" \/><figcaption id=\"caption-attachment-8978\" class=\"wp-caption-text\">\u0179r\u00f3d\u0142a: salaovirtual.org, hairsdos.com, greatmakeupideas.com<\/figcaption><\/figure>\n<p>W stworzeniu takiej fryzury z pewno\u015bci\u0105 przyjdzie z pomoc\u0105 prostownica lub suszarka w duecie z okr\u0105g\u0142\u0105 szczotk\u0105. Bob nadal jest bardzo modnym ci\u0119ciem. Pami\u0119taj, \u017ce jest to mimo wszystko do\u015b\u0107 wymagaj\u0105ca fryzura. Aby ca\u0142o\u015b\u0107 dobrze wygl\u0105da\u0142a trzeba po\u015bwi\u0119ci\u0107 troch\u0119 uwagi.<\/p>\n<h2>Czarne w\u0142osy z kolorowymi pasemkami<\/h2>\n<p>Je\u015bli chcesz zaszale\u0107 to czarne w\u0142osy stanow\u0105 doskona\u0142\u0105 baz\u0119 i t\u0142o dla kolorowych pasemek. Je\u015bli nie chcesz od razu si\u0119ga\u0107 po farb\u0119, to mo\u017cesz z powodzeniem spr\u00f3bowa\u0107 zmywalnych kosmetyk\u00f3w koloryzuj\u0105cych. Zw\u0142aszcza mocny r\u00f3\u017c, niebieski czy te\u017c fioletowy b\u0119d\u0105 \u015bwietnie wygl\u0105da\u0107.<\/p>\n<p>Takie zestawienie kolorystyczne nie do\u015b\u0107, \u017ce przyci\u0105gnie oko, to jeszcze o\u017cywi stylizacj\u0119. W dodatku kolory b\u0119d\u0105 pi\u0119knie wygl\u0105da\u0107 w stylizacjach typu warkocze, k\u0142osy lub mocne loki.<\/p>\n<figure id=\"attachment_8981\" aria-describedby=\"caption-attachment-8981\" style=\"width: 1024px\" class=\"wp-caption aligncenter\"><img decoding=\"async\" class=\"size-full wp-image-8981\" src=\"https:\/\/www.hairstore.pl\/blog\/wp-content\/uploads\/2018\/10\/pasemka-na-czarnych-w\u0142osach.png\" alt=\"pasemka czarne w\u0142osy\" width=\"1024\" height=\"478\" srcset=\"https:\/\/www.hairstore.pl\/blog\/wp-content\/uploads\/2018\/10\/pasemka-na-czarnych-w\u0142osach.png 800w, https:\/\/www.hairstore.pl\/blog\/wp-content\/uploads\/2018\/10\/pasemka-na-czarnych-w\u0142osach-300x140.png 300w, https:\/\/www.hairstore.pl\/blog\/wp-content\/uploads\/2018\/10\/pasemka-na-czarnych-w\u0142osach-768x359.png 768w, https:\/\/www.hairstore.pl\/blog\/wp-content\/uploads\/2018\/10\/pasemka-na-czarnych-w\u0142osach-1024x478.png 1024w, https:\/\/www.hairstore.pl\/blog\/wp-content\/uploads\/2018\/10\/pasemka-na-czarnych-w\u0142osach-845x395.png 845w\" sizes=\"(max-width: 1024px) 100vw, 1024px\" \/><figcaption id=\"caption-attachment-8981\" class=\"wp-caption-text\">\u0179r\u00f3d\u0142o: stylecraze.com<\/figcaption><\/figure>\n<p>Kolory fajnie b\u0119d\u0105 prezentowa\u0107 praktycznie ca\u0142y rok. Zw\u0142aszcza granat i fiolet. A je\u015bli nie jeste\u015b przekonana do pasemek, to mo\u017cesz u\u017cy\u0107 czarnych farb, kt\u00f3re nadaj\u0105 granatowy oraz niebieski odcie\u0144. Taka po\u015bwiata jest widoczna w s\u0142o\u0144cu i naprawd\u0119 przepi\u0119knie si\u0119 mieni.<\/p>\n<p>Pasemka stanowi\u0105 r\u00f3wnie\u017c \u015bwietn\u0105 alternatyw\u0119 dla ombre, poniewa\u017c\u00a0subtelniejsze i nie wymagaj\u0105 rozja\u015bniania i farbowania du\u017cej partii w\u0142os\u00f3w. Prezentuj\u0105 si\u0119 bardzo delikatnie, ale jednocze\u015bnie tajemniczo.<\/p>\n<p>Czyli jak wida\u0107, dla ka\u017cdego co\u015b fajnego.<\/p>\n<p>To jak, wst\u0119pujesz na w\u0142osow\u0105 ciemn\u0105 stron\u0119 mocy? A mo\u017ce ju\u017c jeste\u015b szcz\u0119\u015bliw\u0105 posiadaczk\u0105 kruczoczarnych w\u0142os\u00f3w?<\/p>\n","protected":false},"excerpt":{"rendered":"<p>Czarne w\u0142osy to ponadczasowa klasyka. Jednak\u017ce nie ka\u017cdemu pasuj\u0105, a co wa\u017cniejsze trzeba si\u0119 dwa razy zastanowi\u0107 przed na\u0142o\u017ceniem farby, poniewa\u017c powr\u00f3t, zw\u0142aszcza do jasnych kolor\u00f3w bazowych, jest bardzo \u017cmudny.<\/p>\n","protected":false},"author":5,"featured_media":9195,"comment_status":"open","ping_status":"open","sticky":false,"template":"","format":"standard","meta":{"footnotes":""},"categories":[11],"tags":[44],"yst_prominent_words":[9454,10728,9453,4308,1375,1370,1378,1379,1372,1373,1376,1377,1371,1143,815,10729,1374,704,717,1380],"class_list":["post-8927","post","type-post","status-publish","format-standard","has-post-thumbnail","hentry","category-porady","tag-koloryzacja-wlosow"],"_links":{"self":[{"href":"https:\/\/www.hairstore.pl\/blog\/wp-json\/wp\/v2\/posts\/8927","targetHints":{"allow":["GET"]}}],"collection":[{"href":"https:\/\/www.hairstore.pl\/blog\/wp-json\/wp\/v2\/posts"}],"about":[{"href":"https:\/\/www.hairstore.pl\/blog\/wp-json\/wp\/v2\/types\/post"}],"author":[{"embeddable":true,"href":"https:\/\/www.hairstore.pl\/blog\/wp-json\/wp\/v2\/users\/5"}],"replies":[{"embeddable":true,"href":"https:\/\/www.hairstore.pl\/blog\/wp-json\/wp\/v2\/comments?post=8927"}],"version-history":[{"count":30,"href":"https:\/\/www.hairstore.pl\/blog\/wp-json\/wp\/v2\/posts\/8927\/revisions"}],"predecessor-version":[{"id":14748,"href":"https:\/\/www.hairstore.pl\/blog\/wp-json\/wp\/v2\/posts\/8927\/revisions\/14748"}],"wp:featuredmedia":[{"embeddable":true,"href":"https:\/\/www.hairstore.pl\/blog\/wp-json\/wp\/v2\/media\/9195"}],"wp:attachment":[{"href":"https:\/\/www.hairstore.pl\/blog\/wp-json\/wp\/v2\/media?parent=8927"}],"wp:term":[{"taxonomy":"category","embeddable":true,"href":"https:\/\/www.hairstore.pl\/blog\/wp-json\/wp\/v2\/categories?post=8927"},{"taxonomy":"post_tag","embeddable":true,"href":"https:\/\/www.hairstore.pl\/blog\/wp-json\/wp\/v2\/tags?post=8927"},{"taxonomy":"yst_prominent_words","embeddable":true,"href":"https:\/\/www.hairstore.pl\/blog\/wp-json\/wp\/v2\/yst_prominent_words?post=8927"}],"curies":[{"name":"wp","href":"https:\/\/api.w.org\/{rel}","templated":true}]}}