{"id":8642,"date":"2018-09-11T12:49:33","date_gmt":"2018-09-11T10:49:33","guid":{"rendered":"http:\/\/www.hairstore.pl\/blog\/?p=8642"},"modified":"2020-09-30T18:44:21","modified_gmt":"2020-09-30T16:44:21","slug":"strandlights-czyli-nowy-trend","status":"publish","type":"post","link":"https:\/\/www.hairstore.pl\/blog\/strandlights-czyli-nowy-trend\/","title":{"rendered":"Zatrzymaj lato we w\u0142osach! Strandlights zast\u0105pi ombre?"},"content":{"rendered":"<p>Strandlights to jeden z nowych trend\u00f3w w koloryzacji w\u0142os\u00f3w. Efekt jest bajeczny: w\u0142osy mu\u015bni\u0119te s\u0142o\u0144cem, a do tego nie ma problem\u00f3w z odrostami. Nic dziwnego, \u017ce strandlights pokocha\u0142y gwiazdy i instagramerki.<\/p>\n<p><!--more--><\/p>\n<p>Niedawno pisali\u015bmy o <a href=\"https:\/\/www.hairstore.pl\/blog\/glass-hair-czyli-goracy-trend-na-jesien\/\">glass hair<\/a>, czyli efekcie lustrzanych w\u0142os\u00f3w, a dzisiaj przedstawiamy kolejny gor\u0105cy trend, kt\u00f3ry ju\u017c na dobre zapanowa\u0142 za granic\u0105 i najprawdopodobniej przypadnie r\u00f3wnie\u017c do gustu Polkom. Mowa o <strong>strandlights<\/strong>.<\/p>\n<ul class=\"article-menu article-menu-v2\">\n<li>na czym polega strandlights<\/li>\n<li>jakie s\u0105 zalety tej metody koloryzacji<\/li>\n<li>komu pasuje strandlights<\/li>\n<\/ul>\n<p><a href=\"https:\/\/www.hairstore.pl\/blog\/czym-sie-rozni-sombre-od-ombre\/\">Ombre i sombre<\/a> jak do tej pory radz\u0105 sobie \u015bwietnie, ale powoli ich \u015bwietno\u015b\u0107 mija. Mo\u017cliwe, \u017ce zast\u0105pi je<strong> strandlights<\/strong>, czyli technika koloryzacji w\u0142os\u00f3w, kt\u00f3ra sprawia, \u017ce osi\u0105gni\u0119ty efekt jest naturalny, ale zarazem osza\u0142amiaj\u0105cy. W skr\u00f3cie mo\u017cna powiedzie\u0107, \u017ce chodzi o precyzyjn\u0105 metod\u0119 <a href=\"https:\/\/www.hairstore.pl\/rozjasniacze-c661.html\">rozja\u015bniania w\u0142os\u00f3w<\/a>.<\/p>\n<h2>Na czym polega Strandlights?<\/h2>\n<p><strong>Strandlights<\/strong> to w skr\u00f3cie taka koloryzacja w\u0142os\u00f3w, kt\u00f3ra roz\u015bwietli Twoj\u0105 czupryn\u0119, a uzyskany efekt b\u0119dzie naturalny. <strong>Farb\u0119 nale\u017cy na\u0142o\u017cy\u0107 na cienkie pasma w\u0142os\u00f3w<\/strong>. Dzi\u0119ki temu uzyskany efekt jest wr\u0119cz <strong>wielowymiarowy<\/strong>. S\u0142oneczne refleksy s\u0105 bowiem rozproszone po ca\u0142ej czuprynie.<\/p>\n<figure id=\"attachment_8643\" aria-describedby=\"caption-attachment-8643\" style=\"width: 1024px\" class=\"wp-caption aligncenter\"><img decoding=\"async\" class=\"size-full wp-image-8643\" src=\"https:\/\/www.hairstore.pl\/blog\/wp-content\/uploads\/2018\/09\/Projekt-bez-tytu\u0142u-32-min.jpg\" alt=\"nowy trend w koloryzacji strandlights\" width=\"1024\" height=\"478\" srcset=\"https:\/\/www.hairstore.pl\/blog\/wp-content\/uploads\/2018\/09\/Projekt-bez-tytu\u0142u-32-min.jpg 800w, https:\/\/www.hairstore.pl\/blog\/wp-content\/uploads\/2018\/09\/Projekt-bez-tytu\u0142u-32-min-300x140.jpg 300w, https:\/\/www.hairstore.pl\/blog\/wp-content\/uploads\/2018\/09\/Projekt-bez-tytu\u0142u-32-min-768x359.jpg 768w, https:\/\/www.hairstore.pl\/blog\/wp-content\/uploads\/2018\/09\/Projekt-bez-tytu\u0142u-32-min-1024x478.jpg 1024w, https:\/\/www.hairstore.pl\/blog\/wp-content\/uploads\/2018\/09\/Projekt-bez-tytu\u0142u-32-min-845x395.jpg 845w\" sizes=\"(max-width: 1024px) 100vw, 1024px\" \/><figcaption id=\"caption-attachment-8643\" class=\"wp-caption-text\">\u0179r\u00f3d\u0142o: fashionsfield.com, instagram.com\/salonpick, absurdstyles.com<\/figcaption><\/figure>\n<h2>Za co kobiety pokocha\u0142y strandlights?<\/h2>\n<p>Jak widzisz, ten nowy trend<strong>\u00a0nieco przypomina koloryzacj\u0119 ombre i sombre<\/strong>, ale uzyskany efekt jest bardziej naturalny. Dzi\u0119ki temu dziewczyny z takimi kosmykami mu\u015bni\u0119tymi s\u0142o\u0144cem wygl\u0105daj\u0105 niezwykle uroczo i kobieco zarazem.<\/p>\n<p><strong>Z\u0142ociste refleksy<\/strong> we w\u0142osach pozwol\u0105 chocia\u017c na chwil\u0119 zatrzyma\u0107 lato. I gdy za oknem b\u0119dzie szala\u0142 deszcz i wiatr, Ty zerkniesz w lustro i zobaczysz nieco s\u0142o\u0144ca &#8211; chocia\u017cby we w\u0142osach.<\/p>\n<p><strong>Strandlights to trend, kt\u00f3ry ma wiele zalet:<\/strong><\/p>\n<ul>\n<li>uzyskany efekt wygl\u0105da naturalnie<\/li>\n<li>taka koloryzacja \u015bwietnie sprawdzi si\u0119 zar\u00f3wno na ja\u015bniejszych, jak i ciemniejszych w\u0142osach<\/li>\n<li>poniewa\u017c farbowane s\u0105 cienkie pasma, <strong>w\u0142osy nie niszcz\u0105 si\u0119 a\u017c tak podczas farbowania<\/strong><\/li>\n<li><strong>nie masz problemu z odrostami<\/strong><\/li>\n<li>efekt utrzymuje si\u0119 oko\u0142o 4 miesi\u0119cy<\/li>\n<\/ul>\n<figure id=\"attachment_8644\" aria-describedby=\"caption-attachment-8644\" style=\"width: 1024px\" class=\"wp-caption aligncenter\"><img decoding=\"async\" class=\"size-full wp-image-8644\" src=\"https:\/\/www.hairstore.pl\/blog\/wp-content\/uploads\/2018\/09\/Projekt-bez-tytu\u0142u-33-min.jpg\" alt=\"na czym polega strandlights\" width=\"1024\" height=\"478\" srcset=\"https:\/\/www.hairstore.pl\/blog\/wp-content\/uploads\/2018\/09\/Projekt-bez-tytu\u0142u-33-min.jpg 800w, https:\/\/www.hairstore.pl\/blog\/wp-content\/uploads\/2018\/09\/Projekt-bez-tytu\u0142u-33-min-300x140.jpg 300w, https:\/\/www.hairstore.pl\/blog\/wp-content\/uploads\/2018\/09\/Projekt-bez-tytu\u0142u-33-min-768x359.jpg 768w, https:\/\/www.hairstore.pl\/blog\/wp-content\/uploads\/2018\/09\/Projekt-bez-tytu\u0142u-33-min-1024x478.jpg 1024w, https:\/\/www.hairstore.pl\/blog\/wp-content\/uploads\/2018\/09\/Projekt-bez-tytu\u0142u-33-min-845x395.jpg 845w\" sizes=\"(max-width: 1024px) 100vw, 1024px\" \/><figcaption id=\"caption-attachment-8644\" class=\"wp-caption-text\">\u0179r\u00f3d\u0142o: totalbeauty.com, therighthairstyles.com, hollysoly.com<\/figcaption><\/figure>\n<p>Poniewa\u017c\u00a0 strandlights polega na tym, \u017ce farbowane s\u0105 bardzo cienkie pasemka w\u0142os\u00f3w, w rezultacie <strong>kosmyki b\u0119d\u0105 mniej zniszczone<\/strong>. Czemu? Bo preparaty chemiczne mog\u0105 by\u0107 kr\u00f3cej trzymane na w\u0142osach ni\u017c w przypadku grubych pasm.<\/p>\n<figure id=\"attachment_8646\" aria-describedby=\"caption-attachment-8646\" style=\"width: 1024px\" class=\"wp-caption aligncenter\"><img decoding=\"async\" class=\"size-full wp-image-8646\" src=\"https:\/\/www.hairstore.pl\/blog\/wp-content\/uploads\/2018\/09\/Projekt-bez-tytu\u0142u-34-min.jpg\" alt=\"najnowszy trend w koloryzacji w\u0142os\u00f3w\" width=\"1024\" height=\"478\" srcset=\"https:\/\/www.hairstore.pl\/blog\/wp-content\/uploads\/2018\/09\/Projekt-bez-tytu\u0142u-34-min.jpg 800w, https:\/\/www.hairstore.pl\/blog\/wp-content\/uploads\/2018\/09\/Projekt-bez-tytu\u0142u-34-min-300x140.jpg 300w, https:\/\/www.hairstore.pl\/blog\/wp-content\/uploads\/2018\/09\/Projekt-bez-tytu\u0142u-34-min-768x359.jpg 768w, https:\/\/www.hairstore.pl\/blog\/wp-content\/uploads\/2018\/09\/Projekt-bez-tytu\u0142u-34-min-1024x478.jpg 1024w, https:\/\/www.hairstore.pl\/blog\/wp-content\/uploads\/2018\/09\/Projekt-bez-tytu\u0142u-34-min-845x395.jpg 845w\" sizes=\"(max-width: 1024px) 100vw, 1024px\" \/><figcaption id=\"caption-attachment-8646\" class=\"wp-caption-text\">\u0179r\u00f3d\u0142o: instagram\/lizhaven<\/figcaption><\/figure>\n<div id=\"hsbp-1\" class=\"hsbp\"><\/div>\n<p><script type='text\/javascript' src='https:\/\/www.hairstore.pl\/produkty_wordpress.php?dst=hsbp-1&#038;prods=13243,14383,3946,1130,1731,18591'><\/script><\/p>\n<h2>Trend prosto ze Stan\u00f3w Zjednoczonych, czyli pocz\u0105tki nowej mody w koloryzacji<\/h2>\n<p>Ten spos\u00f3b farbowania w\u0142os\u00f3w zapocz\u0105tkowa\u0142a\u00a0<strong>ameryka\u0144ska fryzjerka i stylistka Liz Haven<\/strong>. Strandlighting szybko zdoby\u0142 rzesze zwolenniczek i ju\u017c w lato by\u0142 okre\u015blany jako jeden z najmodniejszych sposob\u00f3w farbowania w\u0142os\u00f3w.<\/p>\n<p>S\u0105dzimy, \u017ce mu\u015bni\u0119te s\u0142o\u0144cem w\u0142osy b\u0119d\u0105 dalej modne jesieni\u0105 &#8211; a kto wie, mo\u017ce nawet w kolejnych sezonach. Moda na <strong>naturalny look<\/strong> nie przemija, a ostatnio wr\u0119cz przybiera na sile. Doskonale tutaj wpisuje si\u0119 w\u0142a\u015bnie strandlighting.<\/p>\n<p>Co zainspirowa\u0142o Liz Haven do opracowania techniki strandlightingu? Jej w\u0142asne klientki. Do stylistki przychodzi\u0142o coraz wi\u0119cej os\u00f3b, kt\u00f3re chcia\u0142y zmieni\u0107 nieco swoj\u0105 fryzur\u0119 na jesie\u0144, ale zale\u017ca\u0142o im te\u017c na dobrej kondycji w\u0142os\u00f3w.<\/p>\n<p>Liz inspiruje si\u0119 natur\u0105 i nic dziwnego, \u017ce postanowi\u0142a przenie\u015b\u0107 na w\u0142osy <strong>efekt rozproszonego s\u0142o\u0144ca<\/strong>. Dzi\u0119ki specjalnej technice nak\u0142adania farby\u00a0<strong>uda\u0142o jej si\u0119 wydoby\u0107 g\u0142\u0119bi\u0119 koloru, wyeksponowa\u0107 twarz i uzyska\u0107 naturalny efekt<\/strong>.<\/p>\n<figure id=\"attachment_8647\" aria-describedby=\"caption-attachment-8647\" style=\"width: 1024px\" class=\"wp-caption aligncenter\"><img decoding=\"async\" class=\"size-full wp-image-8647\" src=\"https:\/\/www.hairstore.pl\/blog\/wp-content\/uploads\/2018\/09\/Projekt-bez-tytu\u0142u-35-min.jpg\" alt=\"jak uzyska\u0107 efekt strandlights\" width=\"1024\" height=\"478\" srcset=\"https:\/\/www.hairstore.pl\/blog\/wp-content\/uploads\/2018\/09\/Projekt-bez-tytu\u0142u-35-min.jpg 800w, https:\/\/www.hairstore.pl\/blog\/wp-content\/uploads\/2018\/09\/Projekt-bez-tytu\u0142u-35-min-300x140.jpg 300w, https:\/\/www.hairstore.pl\/blog\/wp-content\/uploads\/2018\/09\/Projekt-bez-tytu\u0142u-35-min-768x359.jpg 768w, https:\/\/www.hairstore.pl\/blog\/wp-content\/uploads\/2018\/09\/Projekt-bez-tytu\u0142u-35-min-1024x478.jpg 1024w, https:\/\/www.hairstore.pl\/blog\/wp-content\/uploads\/2018\/09\/Projekt-bez-tytu\u0142u-35-min-845x395.jpg 845w\" sizes=\"(max-width: 1024px) 100vw, 1024px\" \/><figcaption id=\"caption-attachment-8647\" class=\"wp-caption-text\">\u0179r\u00f3d\u0142o: look.tn, peinadosdehoy.info<\/figcaption><\/figure>\n<h2>Komu pasuje strandlights?<\/h2>\n<p>Wiesz, co jest najlepsze? Strandlights, czyli w\u0142osy mu\u015bni\u0119te s\u0142o\u0144cem, wygl\u0105da zawsze dobrze. Niewa\u017cne, czy masz w\u0142osy d\u0142ugie, kr\u00f3tkie, proste albo falowane &#8211; je\u015bli lubisz naturalny look i chcesz nieco od\u015bwie\u017cy\u0107 sw\u00f3j wizerunek i doda\u0107 mu lekko\u015bci, strandlights jest w\u0142a\u015bnie dla Ciebie.<\/p>\n<p><strong>Strandlighting to metoda koloryzacji dla<\/strong>:<\/p>\n<ul>\n<li>blondynek<\/li>\n<li>brunetek<\/li>\n<li>posiadaczek d\u0142u\u017cszych i kr\u00f3tszych w\u0142os\u00f3w<\/li>\n<li>ka\u017cdej kobiety, niezale\u017cnie od wieku<\/li>\n<li>czyli niemal dla ka\u017cdego!<\/li>\n<\/ul>\n<p>Efekt tej koloryzacji w\u0142os\u00f3w jest tak cudowny, bo tworzy swoist\u0105<strong> iluzj\u0119 na w\u0142osach<\/strong>. A poniewa\u017c pasemka dobierane s\u0105 w specjalny spos\u00f3b, mo\u017cesz zapomnie\u0107 o odrostach &#8211; w\u0142osy b\u0119d\u0105 wygl\u0105da\u0107 \u015bwietnie do 4 miesi\u0119cy.<\/p>\n<figure id=\"attachment_8648\" aria-describedby=\"caption-attachment-8648\" style=\"width: 1024px\" class=\"wp-caption aligncenter\"><img decoding=\"async\" class=\"size-full wp-image-8648\" src=\"https:\/\/www.hairstore.pl\/blog\/wp-content\/uploads\/2018\/09\/Projekt-bez-tytu\u0142u-36-min.jpg\" alt=\"strandlights na ciemnych w\u0142osach\" width=\"1024\" height=\"478\" srcset=\"https:\/\/www.hairstore.pl\/blog\/wp-content\/uploads\/2018\/09\/Projekt-bez-tytu\u0142u-36-min.jpg 800w, https:\/\/www.hairstore.pl\/blog\/wp-content\/uploads\/2018\/09\/Projekt-bez-tytu\u0142u-36-min-300x140.jpg 300w, https:\/\/www.hairstore.pl\/blog\/wp-content\/uploads\/2018\/09\/Projekt-bez-tytu\u0142u-36-min-768x359.jpg 768w, https:\/\/www.hairstore.pl\/blog\/wp-content\/uploads\/2018\/09\/Projekt-bez-tytu\u0142u-36-min-1024x478.jpg 1024w, https:\/\/www.hairstore.pl\/blog\/wp-content\/uploads\/2018\/09\/Projekt-bez-tytu\u0142u-36-min-845x395.jpg 845w\" sizes=\"(max-width: 1024px) 100vw, 1024px\" \/><figcaption id=\"caption-attachment-8648\" class=\"wp-caption-text\">\u0179r\u00f3d\u0142o: society19.com, refinery29.com, suouththernliving.com<\/figcaption><\/figure>\n<p>Liz Haven promuje ten s\u0142oneczny trend w koloryzacji na swoim instagramie, gdzie umieszcza zreszt\u0105 filmiki instrukta\u017cowe, jak osi\u0105gn\u0105\u0107 efekt\u00a0 mu\u015bni\u0119tych s\u0142o\u0144cem w\u0142os\u00f3w.<\/p>\n<p><strong>Je\u017celi chcesz nieco od\u015bwie\u017cy\u0107 sw\u00f3j look na jesie\u0144 i zatrzyma\u0107 lato na d\u0142u\u017cej<\/strong>, a dodatkowo zale\u017cy Ci na tym, \u017ceby nie wp\u0142yn\u0105\u0107 negatywnie na kondycj\u0119 swoich w\u0142os\u00f3w, strandlights to co\u015b dla Ciebie. Zam\u00f3w wizyt\u0119 u fryzjera i koniecznie poka\u017c mu nasze inspiracje.<\/p>\n","protected":false},"excerpt":{"rendered":"<p>Strandlights to jeden z nowych trend\u00f3w w koloryzacji w\u0142os\u00f3w. Efekt jest bajeczny: w\u0142osy mu\u015bni\u0119te s\u0142o\u0144cem, a do tego nie ma problem\u00f3w z odrostami. Nic dziwnego, \u017ce strandlights pokocha\u0142y gwiazdy i instagramerki.<\/p>\n","protected":false},"author":8,"featured_media":9189,"comment_status":"open","ping_status":"open","sticky":false,"template":"","format":"standard","meta":{"footnotes":""},"categories":[9421],"tags":[44],"yst_prominent_words":[1320,800,1316,1318,1669,1313,1311,1312,1317,1315,6483,6482,1310,1309,1314,704,717,6481,1308,1319],"class_list":["post-8642","post","type-post","status-publish","format-standard","has-post-thumbnail","hentry","category-trendy","tag-koloryzacja-wlosow"],"_links":{"self":[{"href":"https:\/\/www.hairstore.pl\/blog\/wp-json\/wp\/v2\/posts\/8642","targetHints":{"allow":["GET"]}}],"collection":[{"href":"https:\/\/www.hairstore.pl\/blog\/wp-json\/wp\/v2\/posts"}],"about":[{"href":"https:\/\/www.hairstore.pl\/blog\/wp-json\/wp\/v2\/types\/post"}],"author":[{"embeddable":true,"href":"https:\/\/www.hairstore.pl\/blog\/wp-json\/wp\/v2\/users\/8"}],"replies":[{"embeddable":true,"href":"https:\/\/www.hairstore.pl\/blog\/wp-json\/wp\/v2\/comments?post=8642"}],"version-history":[{"count":8,"href":"https:\/\/www.hairstore.pl\/blog\/wp-json\/wp\/v2\/posts\/8642\/revisions"}],"predecessor-version":[{"id":11639,"href":"https:\/\/www.hairstore.pl\/blog\/wp-json\/wp\/v2\/posts\/8642\/revisions\/11639"}],"wp:featuredmedia":[{"embeddable":true,"href":"https:\/\/www.hairstore.pl\/blog\/wp-json\/wp\/v2\/media\/9189"}],"wp:attachment":[{"href":"https:\/\/www.hairstore.pl\/blog\/wp-json\/wp\/v2\/media?parent=8642"}],"wp:term":[{"taxonomy":"category","embeddable":true,"href":"https:\/\/www.hairstore.pl\/blog\/wp-json\/wp\/v2\/categories?post=8642"},{"taxonomy":"post_tag","embeddable":true,"href":"https:\/\/www.hairstore.pl\/blog\/wp-json\/wp\/v2\/tags?post=8642"},{"taxonomy":"yst_prominent_words","embeddable":true,"href":"https:\/\/www.hairstore.pl\/blog\/wp-json\/wp\/v2\/yst_prominent_words?post=8642"}],"curies":[{"name":"wp","href":"https:\/\/api.w.org\/{rel}","templated":true}]}}