{"id":8538,"date":"2018-08-30T10:28:10","date_gmt":"2018-08-30T08:28:10","guid":{"rendered":"http:\/\/www.hairstore.pl\/blog\/?p=8538"},"modified":"2020-09-30T18:44:21","modified_gmt":"2020-09-30T16:44:21","slug":"glass-hair-czyli-goracy-trend-na-jesien","status":"publish","type":"post","link":"https:\/\/www.hairstore.pl\/blog\/glass-hair-czyli-goracy-trend-na-jesien\/","title":{"rendered":"Glass hair, czyli gor\u0105cy trend na jesie\u0144!"},"content":{"rendered":"<p>Messy hair, beachy waves i kontrolowany chaos to ju\u017c prze\u017cytek! Teraz najgor\u0119tszym trendem s\u0105 szklane w\u0142osy, czyli glass hair. Trend na b\u0142yszcz\u0105ce i idealnie g\u0142adkie w\u0142osy ponownie przypomnia\u0142a Kim Kardashian i gwiazdy oszala\u0142y na jego punkcie!<\/p>\n<p><!--more--><\/p>\n<p>Mo\u017cna \u015bmia\u0142o powiedzie\u0107, \u017ce idealnie g\u0142adkie i mocno nab\u0142yszczone w\u0142osy nie s\u0105 nowo\u015bci\u0105. Jednak to w\u0142a\u015bnie teraz rozpocz\u0105\u0142 si\u0119 na nie sza\u0142, kt\u00f3ry z pewno\u015bci\u0105 potrwa przez ca\u0142\u0105 zbli\u017caj\u0105c\u0105 si\u0119 jesie\u0144. W dodatku efekt ten mo\u017cesz osi\u0105gn\u0105\u0107 sama w domu!<\/p>\n<p><strong>Glass hair<\/strong> to \u015bwietna sprawa dla Pa\u0144, kt\u00f3re nie chc\u0105 keratynowego prostowania w\u0142os\u00f3w, poniewa\u017c lubi\u0105 zmiany. Dzi\u0119ki szklanej stylizacji jednego dnia mo\u017cesz mie\u0107 w\u0142osy idealnie g\u0142adkie, a drugiego postawi\u0107 na kr\u0119cio\u0142ki. Wszystko zale\u017cy od Ciebie!<\/p>\n<h3>Jak uzyska\u0107 efekt glass hair?<\/h3>\n<p>Najwa\u017cniejsz\u0105 rzecz\u0105 jak\u0105 musisz posiada\u0107, to idealnie r\u00f3wno \u015bci\u0119te w\u0142osy. Patrz\u0105c na celebrytki, to szklane w\u0142osy najcz\u0119\u015bciej id\u0105 w parze z bobem i zdaje si\u0119, \u017ce wtedy w\u0142a\u015bnie daj\u0105 najbardziej spektakularny efekt. Je\u015bli masz w\u0142osy \u015bci\u0119te z najwy\u017csz\u0105 precyzj\u0105, reszt\u0119 zrobisz sama w domu.<\/p>\n<figure id=\"attachment_8541\" aria-describedby=\"caption-attachment-8541\" style=\"width: 1024px\" class=\"wp-caption aligncenter\"><img decoding=\"async\" class=\"wp-image-8541 size-full\" src=\"https:\/\/www.hairstore.pl\/blog\/wp-content\/uploads\/2018\/08\/glass-hair-kim-kardashian.jpg\" alt=\"Glass hair, szklane w\u0142osy\" width=\"1024\" height=\"478\" srcset=\"https:\/\/www.hairstore.pl\/blog\/wp-content\/uploads\/2018\/08\/glass-hair-kim-kardashian.jpg 800w, https:\/\/www.hairstore.pl\/blog\/wp-content\/uploads\/2018\/08\/glass-hair-kim-kardashian-300x140.jpg 300w, https:\/\/www.hairstore.pl\/blog\/wp-content\/uploads\/2018\/08\/glass-hair-kim-kardashian-768x359.jpg 768w, https:\/\/www.hairstore.pl\/blog\/wp-content\/uploads\/2018\/08\/glass-hair-kim-kardashian-1024x478.jpg 1024w, https:\/\/www.hairstore.pl\/blog\/wp-content\/uploads\/2018\/08\/glass-hair-kim-kardashian-845x395.jpg 845w\" sizes=\"(max-width: 1024px) 100vw, 1024px\" \/><figcaption id=\"caption-attachment-8541\" class=\"wp-caption-text\">\u0179r\u00f3d\u0142o: clevver.com, kuwkimye.com, instyle.com<\/figcaption><\/figure>\n<p>Najpierw musisz bardzo dok\u0142adnie wyprostowa\u0107 w\u0142osy. Chyba, \u017ce masz pasma z tendencj\u0105 do puszenia, to zastosuj wyg\u0142adzaj\u0105c\u0105 seri\u0119 kosmetyk\u00f3w piel\u0119gnacyjnych. W trakcie prostowania najlepiej podziel w\u0142osy na pasma i ka\u017cde dok\u0142adnie przeci\u0105gnij prostownic\u0105. Jest to bardzo istotne, poniewa\u017c wi\u0119kszo\u015b\u0107 mocy efektu tkwi w\u0142a\u015bnie w idealnie prostych kosmykach. Nie mo\u017ce by\u0107 \u017cadnego za\u0142amania ani odstaj\u0105cego w\u0142oska!<\/p>\n<figure id=\"attachment_8542\" aria-describedby=\"caption-attachment-8542\" style=\"width: 1024px\" class=\"wp-caption aligncenter\"><img decoding=\"async\" class=\"wp-image-8542 size-full\" src=\"https:\/\/www.hairstore.pl\/blog\/wp-content\/uploads\/2018\/08\/szklane-w\u0142osy-trend.jpg\" alt=\"szklane w\u0142osy, glass hair, trend 2018\" width=\"1024\" height=\"478\" srcset=\"https:\/\/www.hairstore.pl\/blog\/wp-content\/uploads\/2018\/08\/szklane-w\u0142osy-trend.jpg 800w, https:\/\/www.hairstore.pl\/blog\/wp-content\/uploads\/2018\/08\/szklane-w\u0142osy-trend-300x140.jpg 300w, https:\/\/www.hairstore.pl\/blog\/wp-content\/uploads\/2018\/08\/szklane-w\u0142osy-trend-768x359.jpg 768w, https:\/\/www.hairstore.pl\/blog\/wp-content\/uploads\/2018\/08\/szklane-w\u0142osy-trend-1024x478.jpg 1024w, https:\/\/www.hairstore.pl\/blog\/wp-content\/uploads\/2018\/08\/szklane-w\u0142osy-trend-845x395.jpg 845w\" sizes=\"(max-width: 1024px) 100vw, 1024px\" \/><figcaption id=\"caption-attachment-8542\" class=\"wp-caption-text\">\u0179r\u00f3d\u0142o: hellogiggles.com, mojeh.com, clevver.com<\/figcaption><\/figure>\n<p>Na koniec si\u0119gnij po nab\u0142yszczacz. Spryskaj dok\u0142adnie w\u0142osy, a\u017c b\u0119d\u0105 przypomina\u0107 odbicie lustrzane. W tym miejscu mam dobr\u0105 wiadomo\u015b\u0107 dla ciemnow\u0142osych Pa\u0144, gdy\u017c efekt glass hair na w\u0142osach ciemnych jest mocniej widoczny. Oczywi\u015bcie nie oznacza to, \u017ce blondynki musz\u0105 zrezygnowa\u0107 z tego uczesania. Po prostu efekt l\u015bnienia nie b\u0119dzie a\u017c tak mocny.<\/p>\n<h2>Glass hair na d\u0142ugich w\u0142osach<\/h2>\n<p>Efekt szklanych w\u0142os\u00f3w mo\u017cna r\u00f3wnie\u017c uzyska\u0107 na w\u0142osach d\u0142ugich. Procedura post\u0119powania jest taka sama. Jedynie prostowanie mo\u017ce zaj\u0105\u0107 nieco wi\u0119cej czasu, oczywi\u015bcie przez to, \u017ce w\u0142osy s\u0105 po prostu d\u0142ugie, przez co jest ich wi\u0119cej. Jednak\u017ce bez w\u0105tpienia trzeba przyzna\u0107, \u017ce wygl\u0105da to fenomenalnie!<\/p>\n<figure id=\"attachment_8543\" aria-describedby=\"caption-attachment-8543\" style=\"width: 1024px\" class=\"wp-caption aligncenter\"><img decoding=\"async\" class=\"wp-image-8543 size-full\" src=\"https:\/\/www.hairstore.pl\/blog\/wp-content\/uploads\/2018\/08\/glass-hair-na-d\u0142ugich-w\u0142osach.jpg\" alt=\"Glass hair, szklane w\u0142osy\" width=\"1024\" height=\"678\" srcset=\"https:\/\/www.hairstore.pl\/blog\/wp-content\/uploads\/2018\/08\/glass-hair-na-d\u0142ugich-w\u0142osach.jpg 800w, https:\/\/www.hairstore.pl\/blog\/wp-content\/uploads\/2018\/08\/glass-hair-na-d\u0142ugich-w\u0142osach-300x199.jpg 300w, https:\/\/www.hairstore.pl\/blog\/wp-content\/uploads\/2018\/08\/glass-hair-na-d\u0142ugich-w\u0142osach-768x509.jpg 768w, https:\/\/www.hairstore.pl\/blog\/wp-content\/uploads\/2018\/08\/glass-hair-na-d\u0142ugich-w\u0142osach-1024x678.jpg 1024w\" sizes=\"(max-width: 1024px) 100vw, 1024px\" \/><figcaption id=\"caption-attachment-8543\" class=\"wp-caption-text\">\u0179r\u00f3d\u0142o: selenapictures.org, marieclaire.com<\/figcaption><\/figure>\n<h2>Efekt szklanych w\u0142os\u00f3w &#8211; czego potrzebujesz?<\/h2>\n<p>Najpierw musisz zadba\u0107 o wyg\u0142adzenie. Najlepiej rozpocz\u0105\u0107 ju\u017c w trakcie k\u0105pieli. Si\u0119gnij po kosmetyki wyg\u0142adzaj\u0105ce lub mocno nawil\u017caj\u0105ce. \u015awietnie sprawdzi si\u0119 seria<strong> <a href=\"https:\/\/www.hairstore.pl\/anti-frizz-c1348.html\">InSight Anti Frizz<\/a><\/strong> lub <strong><a href=\"https:\/\/www.hairstore.pl\/wygladzenie-c955.html\">Matrix Mega Sleek<\/a><\/strong>. Zapanuj\u0105 one nad w\u0142osami, wyg\u0142adz\u0105 je oraz zniweluj\u0105 puszenie.<\/p>\n<p>Potrzebujesz r\u00f3wnie\u017c prostownicy, ale zak\u0142adam, \u017ce prawie ka\u017cda z nas j\u0105 ma. Dla dziewczyn, kt\u00f3re maja w\u0142osy podatne na zniszczenia polecam jeszcze<strong> <a href=\"https:\/\/www.hairstore.pl\/schwarzkopf-osis-flatliner-termoochronne-serum-prostujace-w-sprayu-200ml-p2655.html\">kosmetyki termoochronne<\/a><\/strong>. Cz\u0119ste wykonywanie takiej fryzury mo\u017ce nieco os\u0142abi\u0107 w\u0142osy ze wzgl\u0119du na fakt, \u017ce trzeba je wyprostowa\u0107 bardzo dok\u0142adnie.<\/p>\n<p>G\u0142\u00f3wnym mistrzem ceremonii jest oczywi\u015bci nab\u0142yszczacz. To w\u0142a\u015bnie on robi ca\u0142\u0105 robot\u0119. Ja szczeg\u00f3lnie polecam <a href=\"https:\/\/www.hairstore.pl\/schwarzkopf-osis-sparkler-spray-nablyszczajacy-300ml-p3624.html\"><strong>spray nab\u0142yszczaj\u0105cy\u00a0Schwarzkopf OSIS+ Sparkler<\/strong><\/a>, kt\u00f3ry nie t\u0142u\u015bci w\u0142os\u00f3w, poniewa\u017c po chwili wysycha i pozostawia przepi\u0119knie b\u0142yszcz\u0105c\u0105 tafl\u0119. Je\u015bli chcesz mie\u0107 naprawd\u0119 intensywny efekt, to mo\u017cesz przed prostowaniem na\u0142o\u017cy\u0107 na pasma kilka kropli olejku. W ten spos\u00f3b spot\u0119gujesz lustrzane blask.<\/p>\n<p>To jak? Skusisz si\u0119 na uczesanie gwiazd?<\/p>\n","protected":false},"excerpt":{"rendered":"<p>Messy hair, beachy waves i kontrolowany chaos to ju\u017c prze\u017cytek! Teraz najgor\u0119tszym trendem s\u0105 szklane w\u0142osy, czyli glass hair. Trend na b\u0142yszcz\u0105ce i idealnie g\u0142adkie w\u0142osy ponownie przypomnia\u0142a Kim Kardashian i gwiazdy oszala\u0142y na jego punkcie!<\/p>\n","protected":false},"author":5,"featured_media":9240,"comment_status":"open","ping_status":"open","sticky":false,"template":"","format":"standard","meta":{"footnotes":""},"categories":[9421],"tags":[],"yst_prominent_words":[1665,800,1909,1904,1908,1903,1911,1902,1912,705,949,1905,1536,1910,1906,1907,720,704,717,737],"class_list":["post-8538","post","type-post","status-publish","format-standard","has-post-thumbnail","hentry","category-trendy"],"_links":{"self":[{"href":"https:\/\/www.hairstore.pl\/blog\/wp-json\/wp\/v2\/posts\/8538","targetHints":{"allow":["GET"]}}],"collection":[{"href":"https:\/\/www.hairstore.pl\/blog\/wp-json\/wp\/v2\/posts"}],"about":[{"href":"https:\/\/www.hairstore.pl\/blog\/wp-json\/wp\/v2\/types\/post"}],"author":[{"embeddable":true,"href":"https:\/\/www.hairstore.pl\/blog\/wp-json\/wp\/v2\/users\/5"}],"replies":[{"embeddable":true,"href":"https:\/\/www.hairstore.pl\/blog\/wp-json\/wp\/v2\/comments?post=8538"}],"version-history":[{"count":8,"href":"https:\/\/www.hairstore.pl\/blog\/wp-json\/wp\/v2\/posts\/8538\/revisions"}],"predecessor-version":[{"id":8557,"href":"https:\/\/www.hairstore.pl\/blog\/wp-json\/wp\/v2\/posts\/8538\/revisions\/8557"}],"wp:featuredmedia":[{"embeddable":true,"href":"https:\/\/www.hairstore.pl\/blog\/wp-json\/wp\/v2\/media\/9240"}],"wp:attachment":[{"href":"https:\/\/www.hairstore.pl\/blog\/wp-json\/wp\/v2\/media?parent=8538"}],"wp:term":[{"taxonomy":"category","embeddable":true,"href":"https:\/\/www.hairstore.pl\/blog\/wp-json\/wp\/v2\/categories?post=8538"},{"taxonomy":"post_tag","embeddable":true,"href":"https:\/\/www.hairstore.pl\/blog\/wp-json\/wp\/v2\/tags?post=8538"},{"taxonomy":"yst_prominent_words","embeddable":true,"href":"https:\/\/www.hairstore.pl\/blog\/wp-json\/wp\/v2\/yst_prominent_words?post=8538"}],"curies":[{"name":"wp","href":"https:\/\/api.w.org\/{rel}","templated":true}]}}