{"id":7664,"date":"2018-05-24T09:23:37","date_gmt":"2018-05-24T07:23:37","guid":{"rendered":"http:\/\/www.hairstore.pl\/blog\/?p=7664"},"modified":"2021-08-09T12:46:52","modified_gmt":"2021-08-09T10:46:52","slug":"fryzury-na-lato-z-grzywka","status":"publish","type":"post","link":"https:\/\/www.hairstore.pl\/blog\/fryzury-na-lato-z-grzywka\/","title":{"rendered":"Grzywka na wakacjach. Zainspiruj si\u0119 nasz\u0105 galeri\u0105 fryzur!"},"content":{"rendered":"<p>Wysokie temperatury nie za bardzo lubi\u0105 si\u0119 z w\u0142osami. Po pierwsze nadmierna ekspozycja w\u0142os\u00f3w na s\u0142o\u0144cu powoduje ich przesuszane, matowienie oraz zniszczenia. A po drugie, grzywka w po\u0142\u0105czeniu z upalnym dniem oznacza tylko jedno &#8211; jeden wielki placek przyklejony do czo\u0142a.<\/p>\n<p><!--more--><\/p>\n<p>Na szcz\u0119\u015bcie nie musi tak by\u0107. I nie m\u00f3wi\u0119 tutaj o tym,\u00a0 by w magiczny spos\u00f3b w maju pozby\u0107 si\u0119 grzywki. Istniej\u0105 ca\u0142kiem fajne sposoby, kt\u00f3re pozwol\u0105 nam wygl\u0105da\u0107 stylowo z grzywk\u0105 nawet w najwi\u0119ksze upa\u0142y. Zw\u0142aszcza, \u017ce s\u0105 przecie\u017c Panie, dla kt\u00f3rych grzywka to sta\u0142y element fryzury, kt\u00f3ry zakrywa np. zbyt wysokie czo\u0142o.<\/p>\n<p>Je\u015bli zastanawiasz si\u0119 nad grzywk\u0105, to sprawd\u017a koniecznie, <a href=\"https:\/\/www.hairstore.pl\/blog\/jak-dobrac-grzywke-do-ksztaltu-twarzy\/\">jak dobra\u0107 grzywk\u0119 do kszta\u0142tu twarzy<\/a>!<\/p>\n<p>Rzecz jasna nie da si\u0119 unikn\u0105\u0107 tego, \u017ce <strong>czo\u0142o pod grzywk\u0105 si\u0119 poci<\/strong>. Zw\u0142aszcza, je\u015bli przebywamy du\u017co na s\u0142o\u0144cu. Wtedy,\u00a0mi\u0119dzy grzywk\u0105 a czo\u0142em, wytwarza si\u0119 sauna, kt\u00f3ra czyni z misternie u\u0142o\u017conych pasm smutne str\u0105ki. Zreszt\u0105 doskonale sama pami\u0119tam takie sytuacje, gdy\u017c nosi\u0142am grzywk\u0119 przez kilka lat, czyli si\u0142\u0105 rzeczy musia\u0142am z ni\u0105 prze\u017cy\u0107 upalne lato. I to nie jedno.<\/p>\n<h2>Akcesoria do fryzur z grzywk\u0105 &#8211; lubi\u0119 to!<\/h2>\n<p>Pierwszym i zarazem najprostszym sposobem na zapanowanie nad grzywk\u0105 w wakacje s\u0105 r\u00f3\u017cne dodatki do w\u0142os\u00f3w. Przydadz\u0105 si\u0119 szczeg\u00f3lnie nad morzem, kiedy nie tylko s\u0142o\u0144ce, ale te\u017c i wiatr daj\u0105 si\u0119 we znaki. Akcesoria to w sumie bardzo fajna sprawa. Latem rz\u0105dz\u0105 kolory, kwiaty, fr\u0119dzle i inne dodatki, kt\u00f3re stanowi\u0105 \u015bwietn\u0105 okazj\u0119 na poluzowanie stylu. Tym bardziej na wyje\u017adzie.<\/p>\n<p>Doskona\u0142\u0105 propozycj\u0105 s\u0105 <strong>opaski<\/strong>, kt\u00f3re mo\u017cna nosi\u0107 w standardowy spos\u00f3b lub, jak ja to nazywam, w spos\u00f3b na hipisa. W og\u00f3le w ok\u00f3\u0142 takiej opaski mo\u017cna sobie fajnie zbudowa\u0107 fryzur\u0119, kt\u00f3ra przetrwa warunki pogodowe i co najwa\u017cniejsze, po prostu \u0142adnie wygl\u0105da. Zw\u0142aszcza, \u017ce w tym sezonie kr\u00f3luj\u0105 kwiaty i boho wzory. Taka opaska \u015bwietnie wpasuje si\u0119 w zwiewny i letni styl. Skoro modne s\u0105 sanda\u0142y z kwiatami i pomponami, to czemu nie za\u0142o\u017cy\u0107 fantazyjnej kwiatowej opaski?<\/p>\n<p>\u015awietn\u0105 propozycj\u0105 s\u0105 r\u00f3wnie\u017c specjalne <strong>chusty<\/strong> czy <strong>bandany<\/strong>, kt\u00f3re mo\u017cna wi\u0105za\u0107 w r\u00f3\u017cnych konfiguracjach. W dodatku mo\u017cna to robi\u0107 na trzy sposoby, z wypuszczon\u0105 grzywk\u0105, z cz\u0119\u015bciowo wyeksponowan\u0105 lub ca\u0142kiem schowan\u0105. Taka bandana jest lepsz\u0105 propozycj\u0105 ni\u017c tradycyjne podpinanie milionem spinek, kt\u00f3re lubi\u0105 zmienia\u0107 miejsce swojego pobytu na w\u0142osach. Natomiast bandan\u0119 je\u015bli ju\u017c poprawiasz, to ca\u0142\u0105 naraz. Do bandany \u015bwietnie pasowa\u0107 b\u0119d\u0105 podkr\u0119cone w\u0142osy, tworz\u0105c w ten spos\u00f3b romantyczny, wakacyjny look prosto z pla\u017cy.<\/p>\n<figure id=\"attachment_7666\" aria-describedby=\"caption-attachment-7666\" style=\"width: 1024px\" class=\"wp-caption aligncenter\"><img decoding=\"async\" class=\"wp-image-7666 size-full\" title=\"Fryzury z grzywk\u0105 na lato\" src=\"https:\/\/www.hairstore.pl\/blog\/wp-content\/uploads\/2018\/05\/fryzury-z-grzywk\u0105-na-lato.jpg\" alt=\"\" width=\"1024\" height=\"478\" srcset=\"https:\/\/www.hairstore.pl\/blog\/wp-content\/uploads\/2018\/05\/fryzury-z-grzywk\u0105-na-lato.jpg 800w, https:\/\/www.hairstore.pl\/blog\/wp-content\/uploads\/2018\/05\/fryzury-z-grzywk\u0105-na-lato-300x140.jpg 300w, https:\/\/www.hairstore.pl\/blog\/wp-content\/uploads\/2018\/05\/fryzury-z-grzywk\u0105-na-lato-768x359.jpg 768w, https:\/\/www.hairstore.pl\/blog\/wp-content\/uploads\/2018\/05\/fryzury-z-grzywk\u0105-na-lato-1024x478.jpg 1024w, https:\/\/www.hairstore.pl\/blog\/wp-content\/uploads\/2018\/05\/fryzury-z-grzywk\u0105-na-lato-845x395.jpg 845w\" sizes=\"(max-width: 1024px) 100vw, 1024px\" \/><figcaption id=\"caption-attachment-7666\" class=\"wp-caption-text\">\u0179r\u00f3d\u0142o: gezzelig.com, etsy.com i bohoamsterdam.nl<\/figcaption><\/figure>\n<p>Modna bandana lub husta pi\u0119knie podkre\u015bla opalenizn\u0119, zw\u0142aszcza je\u015bli dodasz do tego bij\u0105cy rekordy popularno\u015bci makija\u017c roz\u015bwietlaj\u0105cy. Na wakacjach nie musisz martwi\u0107 si\u0119 misterne u\u0142o\u017cenie ka\u017cdego kosmyka, poniewa\u017c to w\u0142a\u015bnie efekt pla\u017cowych w\u0142os\u00f3w podkre\u015bla ich klimat. Akurat <strong>beachy waves<\/strong> to efekt, kt\u00f3ry jest do\u015b\u0107 prosty do uzyskania. Zw\u0142aszcza, je\u015bli zabierzesz ze sob\u0105 kosmetyki do stylizacji z sol\u0105 morsk\u0105. Spos\u00f3b u\u017cycia jest chyba najprostszy na \u015bwiecie: najpierw idziesz popluska\u0107 si\u0119 w wodzie, wychodzisz z wody, idziesz na le\u017cak lub r\u0119cznik i swoje lekko wilgotne od wody w\u0142osy spryskujesz<a href=\"https:\/\/www.hairstore.pl\/index.php?do_search=true&amp;podkat=&amp;search_query=spray+z+sol%C4%85\">\u00a0sprayem z sol\u0105 morsk\u0105<\/a>. Na koniec opalasz si\u0119, a Twoje w\u0142osy wysychaj\u0105 na s\u0142o\u0144cu w gotow\u0105 fryzur\u0119. Proste, prawda?<\/p>\n<p style=\"margin: 0in; font-family: Calibri; font-size: 11.0pt;\"><div id=\"hsbp-3d10a61e6aefa91b5c98c4db91607651\" class=\"hsbp\"><\/div><\/p>\n<p>Szybka rada: je\u015bli nurkowa\u0142a\u015b i Twoje w\u0142osy s\u0105 bardzo mokre, to najpierw odci\u015bnij je na r\u0119czniku i dopiero spryskaj sprayem z sol\u0105 morsk\u0105. Oczywi\u015bcie nie zapominaj o <a href=\"https:\/\/www.hairstore.pl\/odzywki_ochrona-uv\">kosmetykach do w\u0142os\u00f3w z filtrem UV<\/a>!<\/p>\n<div id=\"hsbp-40d210f37e42da155fa1a781711138f7\" class=\"hsbp\"><\/div>\n<figure id=\"attachment_7667\" aria-describedby=\"caption-attachment-7667\" style=\"width: 1024px\" class=\"wp-caption aligncenter\"><img decoding=\"async\" class=\"size-full wp-image-7667\" src=\"https:\/\/www.hairstore.pl\/blog\/wp-content\/uploads\/2018\/05\/grzywka-na-lato.jpg\" alt=\"Modna grzywka na lato\" width=\"1024\" height=\"478\" srcset=\"https:\/\/www.hairstore.pl\/blog\/wp-content\/uploads\/2018\/05\/grzywka-na-lato.jpg 800w, https:\/\/www.hairstore.pl\/blog\/wp-content\/uploads\/2018\/05\/grzywka-na-lato-300x140.jpg 300w, https:\/\/www.hairstore.pl\/blog\/wp-content\/uploads\/2018\/05\/grzywka-na-lato-768x359.jpg 768w, https:\/\/www.hairstore.pl\/blog\/wp-content\/uploads\/2018\/05\/grzywka-na-lato-1024x478.jpg 1024w, https:\/\/www.hairstore.pl\/blog\/wp-content\/uploads\/2018\/05\/grzywka-na-lato-845x395.jpg 845w\" sizes=\"(max-width: 1024px) 100vw, 1024px\" \/><figcaption id=\"caption-attachment-7667\" class=\"wp-caption-text\">\u0179r\u00f3d\u0142o: bohoamsterdam.nl i fauhxy.tumblr.com<\/figcaption><\/figure>\n<p>Je\u015bli nie jeste\u015b zbytnio sk\u0142onna do za\u0142o\u017cenia ozd\u00f3b na w\u0142osy, to mo\u017ce przekona Ci\u0119 mistrzyni wszelkiego rodzaju upi\u0119\u0107 z wykorzystaniem bandan i chust, czyli Rihanna. W jej wykonaniu ka\u017cde upi\u0119cie wygl\u0105da po prostu stylowo!<\/p>\n<figure id=\"attachment_7672\" aria-describedby=\"caption-attachment-7672\" style=\"width: 1024px\" class=\"wp-caption aligncenter\"><img decoding=\"async\" class=\"size-full wp-image-7672\" src=\"https:\/\/www.hairstore.pl\/blog\/wp-content\/uploads\/2018\/05\/rihanna-fryzury.jpg\" alt=\"Grzywka Rihanny\" width=\"1024\" height=\"478\" srcset=\"https:\/\/www.hairstore.pl\/blog\/wp-content\/uploads\/2018\/05\/rihanna-fryzury.jpg 800w, https:\/\/www.hairstore.pl\/blog\/wp-content\/uploads\/2018\/05\/rihanna-fryzury-300x140.jpg 300w, https:\/\/www.hairstore.pl\/blog\/wp-content\/uploads\/2018\/05\/rihanna-fryzury-768x359.jpg 768w, https:\/\/www.hairstore.pl\/blog\/wp-content\/uploads\/2018\/05\/rihanna-fryzury-1024x478.jpg 1024w, https:\/\/www.hairstore.pl\/blog\/wp-content\/uploads\/2018\/05\/rihanna-fryzury-845x395.jpg 845w\" sizes=\"(max-width: 1024px) 100vw, 1024px\" \/><figcaption id=\"caption-attachment-7672\" class=\"wp-caption-text\">\u0179r\u00f3d\u0142o: adoringrihanna.tumblr.com, hubpages.com i celebscarves.tumblr.com<\/figcaption><\/figure>\n<h2>Pokochaj warkocze i k\u0142osy, czyli plecionki na grzywce<\/h2>\n<p>Zaplatanie w\u0142os\u00f3w to ju\u017c wy\u017csza szko\u0142a jazdy, ale latem takie fryzury s\u0105 jak znalaz\u0142! Nie do\u015b\u0107, \u017ce trzymaj\u0105 grzywk\u0119 daleko od czo\u0142a, to jeszcze w\u0142osy nie lataj\u0105 we wszystkie strony. Dzi\u0119ki temu przez ca\u0142y dzie\u0144 b\u0119dziesz prezentowa\u0107 si\u0119 po prostu doskonale. A je\u015bli wybierzesz warkocz lub k\u0142os na pla\u017c\u0119, to po ca\u0142ym dniu dostaniesz bonus w postaci tekstury na w\u0142osach, kt\u00f3ra po rozpuszczeniu stanowi gotow\u0105 fryzur\u0119.\u00a0No przecie\u017c to jest super! Zw\u0142aszcza, \u017ce na wakacjach nikt nie ma czasu na d\u0142ugie godziny przed lustrem.<\/p>\n<p><strong>Zaplecione<\/strong> w\u0142osy \u015bwietnie b\u0119d\u0105 prezentowa\u0107 si\u0119 r\u00f3wnie\u017c w przypadku wszelakich opasek czy bandan. Splecione w\u0142osy uwydatni\u0105 r\u00f3wnie\u017c bi\u017cuteri\u0119 oraz ko\u015bci policzkowe, kt\u00f3re mo\u017cesz \u015bmia\u0142o musn\u0105\u0107 roz\u015bwietlaczem.<\/p>\n<p>Splecione w\u0142osy \u015bwietnie wpasowuj\u0105 si\u0119 w trend plecionych torebek, rzemyk\u00f3w i w sumie w ca\u0142y styl boho. Romantyczne warkocze i k\u0142osy doskonale si\u0119 prezentuj\u0105, ale tak\u017ce zabezpieczaj\u0105 w\u0142osy przed zniszczeniami, kt\u00f3re wynika\u0107 mog\u0105 z ci\u0105g\u0142ego ich dotykania i szarpania. Takie rzeczy dziej\u0105 si\u0119 zw\u0142aszcza w podr\u00f3\u017cy.<\/p>\n<p>W dodatku lu\u017any wakacyjny styl daje nam bonus. Warkocz nie musi by\u0107 idealnie zapleciony. Delikatnie &#8222;rozwalaj\u0105cy&#8221; si\u0119, nonszalancki splot dodaje delikatno\u015bci i lekko\u015bci. I co tu du\u017co m\u00f3wi\u0107, wygl\u0105da bombowo. Ca\u0142o\u015b\u0107 wystarczy spryska\u0107 lakierem i gotowe.<\/p>\n<figure id=\"attachment_7678\" aria-describedby=\"caption-attachment-7678\" style=\"width: 1024px\" class=\"wp-caption aligncenter\"><img decoding=\"async\" class=\"size-full wp-image-7678\" src=\"https:\/\/www.hairstore.pl\/blog\/wp-content\/uploads\/2018\/05\/plecionki.jpg\" alt=\"Zapleciona grzywka \" width=\"1024\" height=\"478\" srcset=\"https:\/\/www.hairstore.pl\/blog\/wp-content\/uploads\/2018\/05\/plecionki.jpg 800w, https:\/\/www.hairstore.pl\/blog\/wp-content\/uploads\/2018\/05\/plecionki-300x140.jpg 300w, https:\/\/www.hairstore.pl\/blog\/wp-content\/uploads\/2018\/05\/plecionki-768x359.jpg 768w, https:\/\/www.hairstore.pl\/blog\/wp-content\/uploads\/2018\/05\/plecionki-1024x478.jpg 1024w, https:\/\/www.hairstore.pl\/blog\/wp-content\/uploads\/2018\/05\/plecionki-845x395.jpg 845w\" sizes=\"(max-width: 1024px) 100vw, 1024px\" \/><figcaption id=\"caption-attachment-7678\" class=\"wp-caption-text\">\u0179r\u00f3d\u0142o: lovehairstyles.com, nonagaya.com i somethingdelightfulblog.com<\/figcaption><\/figure>\n<p>W przypadku warkoczy mamy do wyboru mn\u00f3stwo kombinacji. Mo\u017cna zaple\u015b\u0107 sam\u0105 grzywk\u0119, mo\u017ce by\u0107 te\u017c zapleciona na bok, gdzie w\u0142\u0105czy si\u0119 w warkocz z ca\u0142ych w\u0142os\u00f3w. Oczywi\u015bcie mo\u017cna r\u00f3wnie\u017c zrobi\u0107 dwa warkoczyki, ale tak\u017ce warkocz po\u0142\u0105czony z kokiem. W kwestii zaplatania jedynym ogranicznikiem jest Twoja wyobra\u017ania!<\/p>\n<figure id=\"attachment_7677\" aria-describedby=\"caption-attachment-7677\" style=\"width: 1024px\" class=\"wp-caption aligncenter\"><img decoding=\"async\" class=\"size-full wp-image-7677\" src=\"https:\/\/www.hairstore.pl\/blog\/wp-content\/uploads\/2018\/05\/grzywka-w-warkoczu.png\" alt=\"Grzywka zapleciona w warkocz\" width=\"1024\" height=\"478\" srcset=\"https:\/\/www.hairstore.pl\/blog\/wp-content\/uploads\/2018\/05\/grzywka-w-warkoczu.png 800w, https:\/\/www.hairstore.pl\/blog\/wp-content\/uploads\/2018\/05\/grzywka-w-warkoczu-300x140.png 300w, https:\/\/www.hairstore.pl\/blog\/wp-content\/uploads\/2018\/05\/grzywka-w-warkoczu-768x359.png 768w, https:\/\/www.hairstore.pl\/blog\/wp-content\/uploads\/2018\/05\/grzywka-w-warkoczu-1024x478.png 1024w, https:\/\/www.hairstore.pl\/blog\/wp-content\/uploads\/2018\/05\/grzywka-w-warkoczu-845x395.png 845w\" sizes=\"(max-width: 1024px) 100vw, 1024px\" \/><figcaption id=\"caption-attachment-7677\" class=\"wp-caption-text\">\u0179r\u00f3d\u0142o: shopstyle.com, lavishbraids.net i hairstraightenerbeauty.com<\/figcaption><\/figure>\n<h2>G\u0142adko zaczesana grzywka<\/h2>\n<p>Zaczesanie grzywki na bok i mocne utrwalenie to \u015bwietna propozycja, zw\u0142aszcza dla Pa\u0144, kt\u00f3re nie lubi\u0105 zbytnio obj\u0119to\u015bci. W\u0142osy u\u0142o\u017cone w ten spos\u00f3b wygl\u0105daj\u0105 elegancko, a mocne utrwalenie zatrzyma nawet najwi\u0119kszy wiatr.<\/p>\n<p>Oczywi\u015bcie taka fryzura jest dobr\u0105 propozycj\u0105 raczej do pracy ni\u017c na pla\u017c\u0119. Zw\u0142aszcza, \u017ce wymaga sporo \u015brodk\u00f3w stylizacyjnych i to nie ka\u017cdemu mo\u017ce odpowiada\u0107, np. w trakcie opalania. Ale oczywi\u015bcie, co kto lubi. Fryzura tego typu b\u0119dzie odpowiednia raczej dla grzywek nico d\u0142u\u017cszych i \u015bci\u0119tych na bok.<\/p>\n<p>Do stylizacji przydadz\u0105 si\u0119 b\u0142yszcz\u0105ce <a href=\"https:\/\/www.hairstore.pl\/polysk_pomada\">pomady<\/a>, <a href=\"https:\/\/www.hairstore.pl\/woski-c1340.html\">woski<\/a> i oczywi\u015bcie mocno utrwalaj\u0105ce <a href=\"https:\/\/www.hairstore.pl\/lakiery-c1334.html\">lakiery do w\u0142os\u00f3w<\/a>. W dodatku u\u0142o\u017cenie tego typu fryzury jest niezwykle proste. Instrukcj\u0119 za\u0142\u0105czam poni\u017cej.<\/p>\n<p><img decoding=\"async\" class=\"aligncenter size-full wp-image-7683\" src=\"https:\/\/www.hairstore.pl\/blog\/wp-content\/uploads\/2018\/05\/giphy.gif\" alt=\"Jak g\u0142adko zaczesa\u0107 grzywk\u0119?\" width=\"500\" height=\"303\" \/><\/p>\n<p>Simba chyba by\u0142 prekursorem przylizanej grzywki!<\/p>\n<div id=\"hsbp-40b082bd91fa7c58e9afbc219333bbbf\" class=\"hsbp\"><\/div>\n<p>Ale tak na serio, to inspiracji nale\u017cy szuka\u0107 na pokazach mody i czerwonych dywanach. To w\u0142a\u015bnie tam cz\u0119sto pojawiaj\u0105 si\u0119 modelki, kt\u00f3re maja tak g\u0142adko zaczesane w\u0142osy, \u017ce \u017caden pojedynczy w\u0142osy nie ma prawa odstawa\u0107. Trzeba przyzna\u0107, \u017ce wygl\u0105da to bardzo elegancko. Tego typu u\u0142o\u017cenie doskonale b\u0119dzie komponowa\u0107 z bluzkami ods\u0142aniaj\u0105cymi ramiona, kt\u00f3re dla podkre\u015blenia efektu mo\u017cesz musn\u0105\u0107 balsamem z po\u0142yskuj\u0105cymi drobinkami.<\/p>\n<figure id=\"attachment_7685\" aria-describedby=\"caption-attachment-7685\" style=\"width: 1024px\" class=\"wp-caption aligncenter\"><img decoding=\"async\" class=\"size-full wp-image-7685\" src=\"https:\/\/www.hairstore.pl\/blog\/wp-content\/uploads\/2018\/05\/koki.jpg\" alt=\"\" width=\"1024\" height=\"478\" srcset=\"https:\/\/www.hairstore.pl\/blog\/wp-content\/uploads\/2018\/05\/koki.jpg 800w, https:\/\/www.hairstore.pl\/blog\/wp-content\/uploads\/2018\/05\/koki-300x140.jpg 300w, https:\/\/www.hairstore.pl\/blog\/wp-content\/uploads\/2018\/05\/koki-768x359.jpg 768w, https:\/\/www.hairstore.pl\/blog\/wp-content\/uploads\/2018\/05\/koki-1024x478.jpg 1024w, https:\/\/www.hairstore.pl\/blog\/wp-content\/uploads\/2018\/05\/koki-845x395.jpg 845w\" sizes=\"(max-width: 1024px) 100vw, 1024px\" \/><figcaption id=\"caption-attachment-7685\" class=\"wp-caption-text\">\u0179r\u00f3d\u0142o: goodhousekeeping.com, zimbio.com i eonline.com<\/figcaption><\/figure>\n<p>G\u0142adko zaczesany kok warto podkre\u015bli\u0107 wyrazistymi kolczykami i zrezygnowa\u0107 z naszyjnika. Takie zestawienie wygl\u0105da kobieco i bardzo zmys\u0142owo. Ta elegancka propozycja \u015bwietnie sprawdzi si\u0119 na wakacyjnych wieczornych wyj\u015bciach. Pi\u0119kna opalenizna i doskona\u0142y kok sprawi\u0105, \u017ce poczujesz si\u0119 jak prawdziwa diva!<\/p>\n<figure id=\"attachment_7697\" aria-describedby=\"caption-attachment-7697\" style=\"width: 1024px\" class=\"wp-caption aligncenter\"><img decoding=\"async\" class=\"size-full wp-image-7697\" src=\"https:\/\/www.hairstore.pl\/blog\/wp-content\/uploads\/2018\/05\/kok-ods\u0142aniaj\u0105cy-ramiona.jpg\" alt=\"\" width=\"1024\" height=\"478\" srcset=\"https:\/\/www.hairstore.pl\/blog\/wp-content\/uploads\/2018\/05\/kok-ods\u0142aniaj\u0105cy-ramiona.jpg 800w, https:\/\/www.hairstore.pl\/blog\/wp-content\/uploads\/2018\/05\/kok-ods\u0142aniaj\u0105cy-ramiona-300x140.jpg 300w, https:\/\/www.hairstore.pl\/blog\/wp-content\/uploads\/2018\/05\/kok-ods\u0142aniaj\u0105cy-ramiona-768x359.jpg 768w, https:\/\/www.hairstore.pl\/blog\/wp-content\/uploads\/2018\/05\/kok-ods\u0142aniaj\u0105cy-ramiona-1024x478.jpg 1024w, https:\/\/www.hairstore.pl\/blog\/wp-content\/uploads\/2018\/05\/kok-ods\u0142aniaj\u0105cy-ramiona-845x395.jpg 845w\" sizes=\"(max-width: 1024px) 100vw, 1024px\" \/><figcaption id=\"caption-attachment-7697\" class=\"wp-caption-text\">\u0179r\u00f3d\u0142o: brides.com i tresemme.com<\/figcaption><\/figure>\n<p>A jakie s\u0105 Wasze sposoby na okie\u0142znanie grzywki na wakacjach?<\/p>\n","protected":false},"excerpt":{"rendered":"<p>Wysokie temperatury nie za bardzo lubi\u0105 si\u0119 z w\u0142osami. Po pierwsze nadmierna ekspozycja w\u0142os\u00f3w na s\u0142o\u0144cu powoduje ich przesuszane, matowienie oraz zniszczenia. A po drugie, grzywka w po\u0142\u0105czeniu z upalnym dniem oznacza tylko jedno &#8211; jeden wielki placek przyklejony do czo\u0142a.<\/p>\n","protected":false},"author":5,"featured_media":9329,"comment_status":"open","ping_status":"open","sticky":false,"template":"","format":"standard","meta":{"footnotes":""},"categories":[2,9421],"tags":[],"yst_prominent_words":[2391,816,819,817,2383,2389,2394,2392,2386,2390,2388,2385,2395,1251,2387,2393,704,717,737],"class_list":["post-7664","post","type-post","status-publish","format-standard","has-post-thumbnail","hentry","category-aktualnosci","category-trendy"],"_links":{"self":[{"href":"https:\/\/www.hairstore.pl\/blog\/wp-json\/wp\/v2\/posts\/7664","targetHints":{"allow":["GET"]}}],"collection":[{"href":"https:\/\/www.hairstore.pl\/blog\/wp-json\/wp\/v2\/posts"}],"about":[{"href":"https:\/\/www.hairstore.pl\/blog\/wp-json\/wp\/v2\/types\/post"}],"author":[{"embeddable":true,"href":"https:\/\/www.hairstore.pl\/blog\/wp-json\/wp\/v2\/users\/5"}],"replies":[{"embeddable":true,"href":"https:\/\/www.hairstore.pl\/blog\/wp-json\/wp\/v2\/comments?post=7664"}],"version-history":[{"count":34,"href":"https:\/\/www.hairstore.pl\/blog\/wp-json\/wp\/v2\/posts\/7664\/revisions"}],"predecessor-version":[{"id":17995,"href":"https:\/\/www.hairstore.pl\/blog\/wp-json\/wp\/v2\/posts\/7664\/revisions\/17995"}],"wp:featuredmedia":[{"embeddable":true,"href":"https:\/\/www.hairstore.pl\/blog\/wp-json\/wp\/v2\/media\/9329"}],"wp:attachment":[{"href":"https:\/\/www.hairstore.pl\/blog\/wp-json\/wp\/v2\/media?parent=7664"}],"wp:term":[{"taxonomy":"category","embeddable":true,"href":"https:\/\/www.hairstore.pl\/blog\/wp-json\/wp\/v2\/categories?post=7664"},{"taxonomy":"post_tag","embeddable":true,"href":"https:\/\/www.hairstore.pl\/blog\/wp-json\/wp\/v2\/tags?post=7664"},{"taxonomy":"yst_prominent_words","embeddable":true,"href":"https:\/\/www.hairstore.pl\/blog\/wp-json\/wp\/v2\/yst_prominent_words?post=7664"}],"curies":[{"name":"wp","href":"https:\/\/api.w.org\/{rel}","templated":true}]}}