{"id":7417,"date":"2018-03-05T14:57:50","date_gmt":"2018-03-05T13:57:50","guid":{"rendered":"http:\/\/www.hairstore.pl\/blog\/?p=5751"},"modified":"2020-09-30T18:44:23","modified_gmt":"2020-09-30T16:44:23","slug":"jak-zrobic-loki-na-wlosach","status":"publish","type":"post","link":"https:\/\/www.hairstore.pl\/blog\/jak-zrobic-loki-na-wlosach\/","title":{"rendered":"Jak zrobi\u0107 fale na w\u0142osach?"},"content":{"rendered":"<p>Chyba zawsze dzieje si\u0119 tak, \u017ce kiedy nasze w\u0142osy s\u0105 proste, marzymy o pi\u0119knych falach czy lokach, kiedy natomiast jest odwrotnie \u2013 nasze pasma s\u0105 kr\u0119cone, my pragniemy tych prostych\u2026<\/p>\n<p><!--more--><\/p>\n<p>\u017bycie ju\u017c takie jest \u2013 rzadko kiedy, wszystko uk\u0142ada si\u0119 po naszej my\u015bli i nie zawsze mamy to, co by\u015bmy chcia\u0142y. Kwestia ta dotyczy tak\u017ce naszych pasemek. Na ca\u0142e szcz\u0119\u015bcie, istnieje wiele rozmaitych sposob\u00f3w, by w \u0142atwy spos\u00f3b swoje pragnienia \u2013 dotycz\u0105ce w\u0142os\u00f3w rzecz jasna \u2013 spe\u0142ni\u0107!<\/p>\n<h2>Kr\u0119cenie fal i lok\u00f3w na prostownic\u0119<\/h2>\n<p>Panie z w\u0142osami prostymi decyduj\u0105 si\u0119 na loki, b\u0105d\u017a te\u017c fale bardzo cz\u0119sto z okazji \u201ewielkiego wyj\u015bcia\u201d czy specjalnej okazji. Bez wzgl\u0119du jednak na okoliczno\u015bci, trzeba wiedzie\u0107, jak do sprawy si\u0119 zabra\u0107.<\/p>\n<p>Na pocz\u0105tku om\u00f3wimy sobie kr\u0119cenie w\u0142os\u00f3w z wykorzystaniem <strong>prostownicy<\/strong>. Pomocna w tej czynno\u015bci, niew\u0105tpliwie oka\u017ce si\u0119 <a href=\"https:\/\/www.hairstore.pl\/wahl-cutek-advanced-profesjonalna-prostownica-do-wlosow-p3376.html\">prostownica Wahl Cutek Advanced<\/a> ze specjalnie zaokr\u0105glonymi p\u0142ytkami do kr\u0119cenia fal i lok\u00f3w. Spos\u00f3b ten dedykowany jest oczywi\u015bcie dziewczynom, kt\u00f3re nie maj\u0105 opor\u00f3w traktowania kosmyk\u00f3w wysok\u0105 temperatur\u0105.<\/p>\n<p>Naturalne fale nie tylko dodaj\u0105 naszej czuprynie obj\u0119to\u015bci, lecz tak\u017ce s\u0105 idealne w\u0142a\u015bciwie na ka\u017cd\u0105 okazj\u0119 i czyni\u0105 nasz\u0105 fryzur\u0119 lekk\u0105 i pi\u0119kn\u0105. Aby uzyska\u0107 taki efekt, nie potrzeba niezwyk\u0142ych umiej\u0119tno\u015bci, mn\u00f3stwa czasu, a ju\u017c na pewno wyj\u015bcia do profesjonalisty. <strong>Wszystko zdo\u0142acie zrobi\u0107 same, a pomog\u0105 Wam w tym poni\u017csze wskaz\u00f3wki.<\/strong><\/p>\n<p>Pierwsz\u0105, podstawow\u0105 czynno\u015bci\u0105 jest zaaplikowanie na w\u0142osy kosmetyku termoochronnego, kt\u00f3ry zabezpieczy nasze pasemka przed wysok\u0105 temperatur\u0105. W mi\u0119dzyczasie nagrzewamy prostownic\u0119 do temp. ok. 200 stopni. Nast\u0119pnie, w zale\u017cno\u015bci od tego jak grube s\u0105 nasze w\u0142osy &#8211; dzielimy je na dwie lub cztery cz\u0119\u015bci.<\/p>\n<p>W przypadku, raczej cienkich wystarczy, g\u00f3rn\u0105 parti\u0119 oddzieli\u0107 od dolnej i mocno spi\u0105\u0107 spink\u0105, by nie przeszkadza\u0142a podczas stylizacji. Je\u015bli nasze kosmyki s\u0105 g\u0119ste robimy przedzia\u0142ek na \u015brodku g\u0142owy, a nast\u0119pnie, na wysoko\u015bci uszu jeszcze jeden, poziomy &#8211; aby podzieli\u0107 w\u0142osy na 4 r\u00f3wne cz\u0119\u015bci.<\/p>\n<p>Kiedy prostownica si\u0119 nagrza\u0142a zaczynamy kr\u0119cenie dolnej partii. \u017beby skr\u0119ty wygl\u0105da\u0142y naprawd\u0119 efektownie \u2013 powsta\u0142y upragnione fale &#8211; pami\u0119tajmy, by maksymalna szeroko\u015b\u0107 pasm, wynosi\u0142a optymalnie 3 cm.<\/p>\n<p>Na pocz\u0105tku bierzemy do r\u0119ki pierwsze pasmo, wsadzamy je mi\u0119dzy p\u0142ytki prostownicy, przyciskamy i zawijamy w zewn\u0119trzn\u0105 stron\u0119, przesuwaj\u0105c powoli sprz\u0119t w d\u00f3\u0142 i ca\u0142y czas zawijaj\u0105c. Przy ko\u0144c\u00f3wkach w\u0142os\u00f3w przytrzymujemy je na d\u0142u\u017cej. Pierwsza fala gotowa. Teraz ju\u017c b\u0119dzie tylko \u0142atwiej i szybciej. Czynno\u015b\u0107 t\u0119, powtarzamy na ca\u0142ej dolnej partii w\u0142os\u00f3w. Je\u015bli co\u015b nie do ko\u0144ca wysz\u0142o tak, jak by\u015bmy tego chcia\u0142y \u2013 bez obaw, te w\u0142osy b\u0119d\u0105 i tak pod spodem.<\/p>\n<p>Podobne fale wykonujemy na pozosta\u0142ych w\u0142osach, oczywi\u015bcie r\u00f3wnie\u017c te\u017c z partii g\u00f3rnej. Pami\u0119tajmy, \u017ce robimy fale, czyli fryzur\u0119, kt\u00f3ra kojarzy si\u0119 z lekkim nie\u0142adem. Nie musi by\u0107 perfekcyjnie, w\u00f3wczas fryzura b\u0119dzie nawet wygl\u0105da\u0142a naturalniej. Kiedy sko\u0144czymy ju\u017c \u201ezabieg\u201d, ca\u0142\u0105 g\u0142ow\u0119 warto spryska\u0107 lakierem, co utrwali efekt naszej pracy.<\/p>\n<p>Przy pomocy prostownicy mo\u017cemy uzyska\u0107 tak\u017ce loki, a nawet ca\u0142\u0105 ich burz\u0119. Podobnie, jak przy robieniu fal \u2013 na pocz\u0105tku zabezpieczamy w\u0142osy odpowiednim kosmetykiem, a nast\u0119pnie nagrzewamy prostownic\u0119 i odpowiednio dzielimy w\u0142osy &#8211; na najlepiej 4 partie. Do dzie\u0142a!<\/p>\n<p>Zaczynamy od pasma wydzielonego na boku. Prostownic\u0119 zaciskamy na jego \u015brodku, zwijamy w\u0142osy na wysoko\u015bci ucha, potem obracamy j\u0105 o 360 stopni w pionie (podobnie jak na lok\u00f3wk\u0119). Dalej nawijamy ko\u0144c\u00f3wki w\u0142os\u00f3w, przytrzymujemy chwil\u0119, a najlepszy efekt uzyskamy zmieniaj\u0105c co chwil\u0119 k\u0105t trzymania. Na ko\u0144cu nawijamy pasma przy twarzy. Oczywi\u015bcie i w tym przypadku, lepszy efekt uzyskamy spryskuj\u0105c finalnie kosmyki lakierem. Mo\u017cna posi\u0142kowa\u0107 si\u0119 r\u00f3wnie\u017c nab\u0142yszczaczem.<\/p>\n<figure id=\"attachment_6074\" aria-describedby=\"caption-attachment-6074\" style=\"width: 1024px\" class=\"wp-caption alignleft\"><a href=\"https:\/\/www.hairstore.pl\/blog\/wp-content\/uploads\/2018\/03\/loki-na-lokowke-i-prostownice.jpg\"><img decoding=\"async\" class=\"size-full wp-image-6074\" src=\"https:\/\/www.hairstore.pl\/blog\/wp-content\/uploads\/2018\/03\/loki-na-lokowke-i-prostownice.jpg\" alt=\"Kr\u0119cenie w\u0142os\u00f3w prostownic\u0105\" width=\"1024\" height=\"478\" \/><\/a><figcaption id=\"caption-attachment-6074\" class=\"wp-caption-text\">Kr\u0119cenie lok\u00f3w na lok\u00f3wk\u0119 i prostownice jest \u0142atwiejsze ni\u017c my\u015blisz!<\/figcaption><\/figure>\n<h2>Kr\u0119cenie fal i lok\u00f3w na lok\u00f3wk\u0119<\/h2>\n<p>Fale mo\u017cemy wykona\u0107 r\u00f3wnie\u017c przy pomocy <strong>lok\u00f3wki<\/strong>, m.in. <a href=\"https:\/\/www.hairstore.pl\/babyliss-pro-lokowka-stozkowa-tytanowo-turmalinowa-32-19mm-bab2281tte-p2847.html\">sto\u017ckowej BaByliss PRO<\/a>. Czynno\u015b\u0107 jest r\u00f3wnie prosta, jak ta, z wykorzystaniem prostownicy a mo\u017ce nawet i jeszcze \u0142atwiejsza. Aby wykona\u0107 fale potrzebne nam s\u0105: lok\u00f3wka sto\u017ckowa, grzebie\u0144, spinka i lakier do w\u0142os\u00f3w.\u00a0Po umyciu i dok\u0142adnym wysuszenia kosmyk\u00f3w przyst\u0119pujemy do dzia\u0142ania!<\/p>\n<p>Pasma dzielimy na dwie cz\u0119\u015bci, a doln\u0105 parti\u0119 spinamy spink\u0105, by nie przeszkadza\u0142a nam w kr\u0119ceniu. Po nagrzaniu lok\u00f3wki do odpowiedniej temperatury (im w\u0142osy bardziej zniszczone lub podatne na uk\u0142adanie, temperatura mo\u017ce by\u0107 ni\u017csza) zaczynamy kr\u0119cenie \u2013 od \u015brodka g\u0142owy, przechodz\u0105c do jej tylnej cz\u0119\u015bci.<\/p>\n<p>W\u0142osy kr\u0119cimy pasmo po pa\u015bmie &#8211; od nasady w\u0142os\u00f3w na grubsz\u0105 cz\u0119\u015b\u0107 lok\u00f3wki przesuwaj\u0105c si\u0119 delikatnie ku jej cie\u0144szej cz\u0119\u015bci. Dzi\u0119ki temu uzyskamy efekt lekkich i naturalnych fal. Je\u015bli zale\u017cy nam na burzy ma\u0142ych loczk\u00f3w, w\u0142osy dzielimy na mniejsze pasma i nakr\u0119camy je na lok\u00f3wk\u0119 w jej cie\u0144szej cz\u0119\u015bci (mniej wi\u0119cej od po\u0142owy jej d\u0142ugo\u015bci).<\/p>\n<p>Standardowa lok\u00f3wka, np. <a href=\"https:\/\/www.hairstore.pl\/efalock-curls-up-lcd-lokowka-do-wlosow-13mm-lub-19mm-p775.html\">Efalock Curl&#8217;s Up<\/a> to kolejne rozwi\u0105zanie dla kobiet, spragnionych fal czy lok\u00f3w.\u00a0Ca\u0142y proces, jak uprzednio, rozpoczynamy od zabezpieczenia pasemek przed dzia\u0142aniem wysokiej temperatury. W tym celu wykorzystujemy odpowiedni preparat. Aby by\u0142o nam \u0142atwiej, dzielimy pasma na kilka cz\u0119\u015bci &#8211; g\u00f3rne separujemy od dolnych oraz dodatkowo te z do\u0142u dzielimy na dwie partie \u2013 jakby\u015bmy chcia\u0142y zrobi\u0107 z ty\u0142u dwa kucyki.<\/p>\n<p>Nast\u0119pnie, kolejno bierzemy pojedyncze pasmo i zakr\u0119camy na lok\u00f3wk\u0119 w ruchu odwrotnym ni\u017c do twarzy. Ka\u017cdy lok przytrzymujemy kilka sekund, aby uzyskany efekt by\u0142 trwalszy. Wszystkie nakr\u0119cone pasemka spryskujemy lakierem, a loki podpinamy wsuwk\u0105.<\/p>\n<p>Kr\u0119c\u0105c w\u0142osy w powy\u017cszy spos\u00f3b uzyskamy burz\u0119 lok\u00f3w, je\u015bli za\u015b, zale\u017cy nam jedynie na falach, warto si\u0119gn\u0105\u0107 r\u00f3wnie\u017c po tradycyjn\u0105 lok\u00f3wk\u0119. W\u00f3wczas, po dok\u0142adnym rozczesaniu w\u0142os\u00f3w, nabieramy do\u015b\u0107 grube pasma, kt\u00f3re nawijamy pionowo na zewn\u0105trz od twarzy, nie wkr\u0119caj\u0105c ko\u0144c\u00f3wki. Nast\u0119pnie sprawdzamy ostro\u017cnie czy pasmo si\u0119 dostatecznie nagrza\u0142o, je\u015bli tak -\u015bci\u0105gamy wykonuj\u0105c ruch w d\u00f3\u0142 i tak dzia\u0142amy pasmo po pa\u015bmie.<\/p>\n<p>W\u015br\u00f3d nas s\u0105 na pewno dziewczyny, okre\u015blane mianem \u201ew\u0142osomaniaczek\u201d, kt\u00f3re, jak ognia unikaj\u0105 traktowania pasemek wysokimi temperaturami. Co jednak zrobi\u0107, kiedy marzymy o lokach albo falach, lecz nie chcemy u\u017cywa\u0107 ani lok\u00f3wki, ani prostownicy? Nie ma problemu \u2013 na szcz\u0119\u015bcie s\u0105 sposoby, by pragnienie swe spe\u0142ni\u0107!<\/p>\n<h2>Kr\u0119cenie fal i lok\u00f3w bez u\u017cycia wysokiej temperatury<\/h2>\n<p>Ka\u017cda z nas, chyba przynajmniej raz w \u017cyciu po\u0142o\u017cy\u0142a si\u0119 spa\u0107 w warkoczu. Po rozpl\u0105taniu w\u0142os\u00f3w po przebudzeniu zyska\u0142a efekt fal mocniejszych b\u0105d\u017a delikatniejszych \u2013 w zale\u017cno\u015bci od mocy splotu. No w\u0142a\u015bnie \u2013<strong> spos\u00f3b \u201ena warkocz\u201d<\/strong> to jeden z najprostszych i powszechnie znanych, kt\u00f3ry nie wymaga wykorzystania temperatury. Zaplecione wilgotne w\u0142osy i pozostawione a\u017c do rana &#8211; do wyschni\u0119cia dadz\u0105 zdecydowanie trwalszy efekt, cho\u0107 gdy pasma zapleciemy w dzie\u0144 i \u201ena sucho\u201d tak\u017ce mo\u017cemy spodziewa\u0107 si\u0119 skr\u0119t\u00f3w, tyle, \u017ce mniej wyrazistych.<\/p>\n<figure id=\"attachment_6073\" aria-describedby=\"caption-attachment-6073\" style=\"width: 1024px\" class=\"wp-caption alignleft\"><a href=\"https:\/\/www.hairstore.pl\/blog\/wp-content\/uploads\/2018\/03\/fale-na-warkocz.jpg\"><img decoding=\"async\" class=\"size-full wp-image-6073\" src=\"https:\/\/www.hairstore.pl\/blog\/wp-content\/uploads\/2018\/03\/fale-na-warkocz.jpg\" alt=\"spos\u00f3b na loki bez u\u017cycia wysokiej temperatury\" width=\"1024\" height=\"478\" \/><\/a><figcaption id=\"caption-attachment-6073\" class=\"wp-caption-text\">Zaple\u0107 warkocz i ciesz si\u0119 pi\u0119knymi falami!<\/figcaption><\/figure>\n<p>Troch\u0119 inny rodzaj fal \u2013 nieco subtelniejsze \u2013 uzyskamy dziel\u0105c w\u0142osy na dwie r\u00f3wne partie. Nast\u0119pnie, bierzemy jedn\u0105 i \u201erolujemy\u201d j\u0105, bardzo \u015bci\u015ble, skr\u0119camy wok\u00f3\u0142 w\u0142asnej osi i zwi\u0105zujemy mocno recepturk\u0105, a nast\u0119pnie pozostawiamy na noc do wyschni\u0119cia. Rano rozpuszczamy kosmyki i utrwalamy efekt spryskuj\u0105c pasma lakierem.<\/p>\n<p>Kolejny spos\u00f3b na loki bez u\u017cycia temperatury polega na wykorzystaniu i za\u0142o\u017ceniu na g\u0142ow\u0119 <strong>cienkiej materia\u0142owej opaski<\/strong>. Nast\u0119pnie bierzemy pasemko po pasemku i przeplatamy je przez opask\u0119, wzmacniaj\u0105c ka\u017cdy taki przysz\u0142y lok wsuwk\u0105. Rano wyjmujemy wsuwki, zdejmujemy opask\u0119 i \u201ecementujemy\u201d fryzur\u0119 lakierem do w\u0142os\u00f3w.<\/p>\n<p>Prosty spos\u00f3b na loki to tak\u017ce ten, z wykorzystaniem jedynie <strong>wsuwek<\/strong>. Kiedy nasze w\u0142osy s\u0105 jeszcze wilgotne bierzemy kolejno ich pasemka i zawijamy na palec, zabezpieczamy taki loczek wsuwk\u0105. Tak robimy z reszt\u0105 w\u0142os\u00f3w. K\u0142adziemy si\u0119 spa\u0107 a rano rozpuszczamy w\u0142osy spryskujemy je lakierem.<\/p>\n<p>Kiedy marz\u0105 nam si\u0119 fantastyczne<strong> afro loki,<\/strong> ale r\u00f3wnie\u017c bez u\u017cycia ciep\u0142a, przedstawiamy prosty spos\u00f3b na loki, szybkie kr\u0119cenie w\u0142os\u00f3w. Do tego potrzebne nam b\u0119d\u0105 szczotka, s\u0142omki, spray na obj\u0119to\u015b\u0107, suszarka, olejek do w\u0142os\u00f3w.\u00a0\u00a0Po ich rozczesaniu nanosimy spray na obj\u0119to\u015b\u0107 i olejek chroni\u0105cy przed wysok\u0105 temperatur\u0105. Suszymy kosmyki, lecz nie ca\u0142kowicie \u2013 zostawiamy je lekko wilgotnymi i ponownie rozczesujemy. Cienkie pasma, pojedynczo nawijamy na s\u0142omk\u0119, zaginamy na ko\u0144cu i zawi\u0105zujemy\u2013 powstaj\u0105 ma\u0142e koczki. Tak zrobion\u0105 \u201efryzur\u0119 pozostawiamy na noc do wyschni\u0119cia lub suszymy suszark\u0105, je\u017celi zale\u017cy nam na natychmiastowym efekcie. Po \u015bci\u0105gni\u0119ciu s\u0142omek utrwalamy nasze afro loki lakierem.<\/p>\n<p>Szybkie kr\u0119cenie w\u0142os\u00f3w osi\u0105gniemy niew\u0105tpliwie, si\u0119gaj\u0105c te\u017c po znane i stosowane jeszcze przez nasze babcie <strong>wa\u0142ki<\/strong>, a bli\u017csze sercu naszych mam, <strong>papiloty<\/strong>.<\/p>\n<p>Wa\u0142ki, w zale\u017cno\u015bci od potrzeb, dost\u0119pne s\u0105 w r\u00f3\u017cnych rozmiarach, np. <a href=\"https:\/\/www.hairstore.pl\/efalock-walki-do-wlosow-rozne-rozmiary-p321.html\">wa\u0142ki do w\u0142os\u00f3w\u00a0Efalock\u00a0<\/a>\u00a0czy\u00a0<a href=\"https:\/\/www.hairstore.pl\/efalock-super-fl-profesjonalne-walki-do-wlosow-plastikowe-z-dziurkami-10-szt-9-rozmiarow-p2415.html\">wa\u0142ki do w\u0142os\u00f3w Efalock Super FL<\/a>. Papiloty r\u00f3wnie\u017c dost\u0119pne s\u0105 o r\u00f3\u017cnych \u015brednicach \u2013 w zale\u017cno\u015bci, na jakim efekcie ko\u0144cowym nam zale\u017cy. Mo\u017cna si\u0119gn\u0105\u0107 po te, bardzo grube <a href=\"https:\/\/www.hairstore.pl\/efalock-flex-papiloty-srednica-30-mm-zestaw-6-sztuk-p14315.html\">papiloty\u00a0Efalock Flex<\/a> (\u015brednica 30 mm), jak r\u00f3wnie\u017c nieco cie\u0144sze\u00a0<a href=\"https:\/\/www.hairstore.pl\/efalock-flex-papiloty-srednica-19-mm-zestaw-6-sztuk-p878.html\">papiloty Efalock <\/a>\u00a0(\u015brednica 19mm), a\u017c po <a href=\"https:\/\/www.hairstore.pl\/efalock-flex-papiloty-srednica-8-mm-zestaw-6-sztuk-p883.html\">papiloty bardzo cienkie<\/a> \u2013 \u015brednica 8 mm. Nale\u017cy doda\u0107, \u017ce im mniejsza \u015brednica papilot\u00f3w, tym loki bujniejsze. A jak ich u\u017cywamy?<\/p>\n<figure id=\"attachment_6075\" aria-describedby=\"caption-attachment-6075\" style=\"width: 1024px\" class=\"wp-caption alignleft\"><a href=\"https:\/\/www.hairstore.pl\/blog\/wp-content\/uploads\/2018\/03\/loki-walki.jpg\"><img decoding=\"async\" class=\"size-full wp-image-6075\" src=\"https:\/\/www.hairstore.pl\/blog\/wp-content\/uploads\/2018\/03\/loki-walki.jpg\" alt=\"Fale na wa\u0142ki\" width=\"1024\" height=\"478\" \/><\/a><figcaption id=\"caption-attachment-6075\" class=\"wp-caption-text\">Wa\u0142ki to szybki i prosty trik na fale, ale i uniesienie u nasady!<\/figcaption><\/figure>\n<p>Dla wzmocnienia efektu i trwa\u0142o\u015bci fryzury warto na pocz\u0105tku na\u0142o\u017cy\u0107 piank\u0119 na w\u0142osy. Papiloty nawijamy na pasma, a oba ich ko\u0144ce skr\u0119camy do \u015brodka. Alternatyw\u0105 dla papilot\u00f3w, kiedy nie mamy powy\u017cszych, jest poci\u0119ta na paski gazeta. Pami\u0119ta\u0107 jednak nale\u017cy, \u017ce daje s\u0142absze, delikatniejsze efekty.<\/p>\n<p>Kiedy nasze w\u0142osy s\u0105 z natury proste, przyznajmy \u2013 ka\u017cda z nas czasem marzy, by cho\u0107 na jeden dzie\u0144 b\u0105d\u017a wiecz\u00f3r zmieni\u0142y si\u0119 w romantyczne, lekkie fale lub zmys\u0142ow\u0105 i zadziorn\u0105 burz\u0119 lok\u00f3w. Naprawd\u0119 nic nie stoi na przeszkodzie! I jedne i drugie mo\u017cna bowiem uzyska\u0107 bez korzystania z us\u0142ug profesjonalisty, wybieraj\u0105c zar\u00f3wno opcj\u0119 z zastosowaniem ciep\u0142a, jak i t\u0119, bez dzia\u0142ania wysokiej temperatury! Wystarczy chcie\u0107!!<\/p>\n","protected":false},"excerpt":{"rendered":"<p>Chyba zawsze dzieje si\u0119 tak, \u017ce kiedy nasze w\u0142osy s\u0105 proste, marzymy o pi\u0119knych falach czy lokach, kiedy natomiast jest odwrotnie \u2013 nasze pasma s\u0105 kr\u0119cone, my pragniemy tych prostych\u2026<\/p>\n","protected":false},"author":2,"featured_media":9221,"comment_status":"open","ping_status":"closed","sticky":false,"template":"","format":"standard","meta":{"footnotes":""},"categories":[11],"tags":[3],"yst_prominent_words":[800,1745,1737,1746,1747,1739,1735,1476,1613,1744,5012,1536,1475,1736,1741,1740,1738,5011,704,717],"class_list":["post-7417","post","type-post","status-publish","format-standard","has-post-thumbnail","hentry","category-porady","tag-stylizacja-wlosow"],"_links":{"self":[{"href":"https:\/\/www.hairstore.pl\/blog\/wp-json\/wp\/v2\/posts\/7417","targetHints":{"allow":["GET"]}}],"collection":[{"href":"https:\/\/www.hairstore.pl\/blog\/wp-json\/wp\/v2\/posts"}],"about":[{"href":"https:\/\/www.hairstore.pl\/blog\/wp-json\/wp\/v2\/types\/post"}],"author":[{"embeddable":true,"href":"https:\/\/www.hairstore.pl\/blog\/wp-json\/wp\/v2\/users\/2"}],"replies":[{"embeddable":true,"href":"https:\/\/www.hairstore.pl\/blog\/wp-json\/wp\/v2\/comments?post=7417"}],"version-history":[{"count":2,"href":"https:\/\/www.hairstore.pl\/blog\/wp-json\/wp\/v2\/posts\/7417\/revisions"}],"predecessor-version":[{"id":10554,"href":"https:\/\/www.hairstore.pl\/blog\/wp-json\/wp\/v2\/posts\/7417\/revisions\/10554"}],"wp:featuredmedia":[{"embeddable":true,"href":"https:\/\/www.hairstore.pl\/blog\/wp-json\/wp\/v2\/media\/9221"}],"wp:attachment":[{"href":"https:\/\/www.hairstore.pl\/blog\/wp-json\/wp\/v2\/media?parent=7417"}],"wp:term":[{"taxonomy":"category","embeddable":true,"href":"https:\/\/www.hairstore.pl\/blog\/wp-json\/wp\/v2\/categories?post=7417"},{"taxonomy":"post_tag","embeddable":true,"href":"https:\/\/www.hairstore.pl\/blog\/wp-json\/wp\/v2\/tags?post=7417"},{"taxonomy":"yst_prominent_words","embeddable":true,"href":"https:\/\/www.hairstore.pl\/blog\/wp-json\/wp\/v2\/yst_prominent_words?post=7417"}],"curies":[{"name":"wp","href":"https:\/\/api.w.org\/{rel}","templated":true}]}}