{"id":5858,"date":"2017-05-10T16:58:44","date_gmt":"2017-05-10T14:58:44","guid":{"rendered":"http:\/\/www.hairstore.pl\/blog\/?p=5858"},"modified":"2020-09-30T18:44:38","modified_gmt":"2020-09-30T16:44:38","slug":"micelarne-odzywki-myjace-schwarzkopf","status":"publish","type":"post","link":"https:\/\/www.hairstore.pl\/blog\/micelarne-odzywki-myjace-schwarzkopf\/","title":{"rendered":"Micelarne od\u017cywki myj\u0105ce &#8211; nowy spos\u00f3b na piel\u0119gnacj\u0119 w\u0142os\u00f3w od Schwarzkopfa"},"content":{"rendered":"<p>Raz na jaki\u015b czas w \u015bwiecie piel\u0119gnacji w\u0142os\u00f3w pojawia si\u0119 produkt, kt\u00f3ry poprzez swoj\u0105 innowacyjno\u015b\u0107 ma szans\u0119 zdoby\u0107 rozg\u0142os, popularno\u015b\u0107 i s\u0142aw\u0119. Czy tak si\u0119 w\u0142a\u015bnie stanie z nowo\u015bci\u0105 od firmy Schwarzkopf &#8211; micelarnymi od\u017cywkami myj\u0105cymi?<\/p>\n<p>O ile jest dla mnie jasne na czym polega technologia micelarna, dobrze znana z bran\u017cy kosmetycznej, to ju\u017c oswojenie si\u0119 z okre\u015bleniem &#8222;od\u017cywka myj\u0105ca&#8221; jest dla mnie nie lada wyzwaniem. Dot\u0105d szampon by\u0142 do mycia a od\u017cywka do od\u017cywiania i \u015bwiat by\u0142 dzi\u0119ki temu uporz\u0105dkowany. Czemu to zmienia\u0107? No ale mo\u017ce innym nie przyjdzie to z trudem jak mi i nie b\u0119d\u0105 si\u0119 dziwi\u0107, \u017ce myj\u0105 g\u0142ow\u0119 od\u017cywk\u0105.\u00a0Ale czy ma to jaki\u015b g\u0142\u0119bszy sens?<\/p>\n<h2>Zalety micelarnej od\u017cywki myj\u0105cej do w\u0142os\u00f3w<\/h2>\n<p>Dzi\u0119ki micelom od\u017cywka myj\u0105ca jest wyj\u0105tkowo \u0142agodna dla sk\u00f3ry g\u0142owy i w\u0142os\u00f3w a jednocze\u015bnie skuteczna w oczyszczaniu z brudu, sebum i innych zanieczyszcze\u0144. To w\u0142a\u015bnie jej delikatno\u015b\u0107 jest jej niezwyk\u0142ym atutem, bo mo\u017ce by\u0107 stosowana nawet u os\u00f3b z bardzo wra\u017cliw\u0105 na wszelkiej ma\u015bci preparaty sk\u00f3r\u0105 g\u0142owy.<\/p>\n<h2>Co trzecie mycie u\u017cyj zamiast szamponu<\/h2>\n<p>Producent podchodzi do tematu oczyszczania w\u0142os\u00f3w kompleksowo nie koncentruj\u0105c si\u0119 na pojedynczym myciu, ale na pewnym cyklu powtarzalnych zabieg\u00f3w piel\u0119gnacyjnych. Zaleca wi\u0119c stosowanie od\u017cywki myj\u0105cej co trzecie mycie g\u0142owy. Czyli raz myjemy szamponem, drugi raz tak\u017ce a za trzecim razem korzystamy z od\u017cywki.<\/p>\n<p><img decoding=\"async\" class=\"aligncenter size-full wp-image-5873\" src=\"https:\/\/www.hairstore.pl\/blog\/wp-content\/uploads\/2017\/05\/odzywki-micelarne-schwarzkopf-co-3-dzien.jpg\" alt=\"odzywki-micelarne-schwarzkopf-co-3-dzien\" width=\"364\" height=\"364\" \/><\/p>\n<h2>Jak myje si\u0119 w\u0142osy od\u017cywk\u0105 myj\u0105c\u0105?<\/h2>\n<p>Najpierw trzeba zmoczy\u0107 w\u0142osy. Kolejny krok to dobranie odpowiedniej dawki preparatu. B\u0119dziesz potrzebowa\u0142a od 5-10 naci\u015bni\u0119\u0107 pompki w zale\u017cno\u015bci od d\u0142ugo\u015bci w\u0142os\u00f3w. Nast\u0119pnie wmasuj od\u017cywk\u0119 we w\u0142osy i pozostaw j\u0105 na oko\u0142o 2 minuty. Po up\u0142ywie tego czasu dodaj nieco wody i zemulguj aby powsta\u0142a jednolita masa o konsystencji emulsji. Na koniec wszystko sp\u0142ucz ciep\u0142\u0105 wod\u0105. Prawda, \u017ce proste?<\/p>\n<p><img decoding=\"async\" class=\"aligncenter size-full wp-image-5879\" src=\"https:\/\/www.hairstore.pl\/blog\/wp-content\/uploads\/2017\/05\/odzywki-micelarne-schwarzkopf-sposob-uzycia.jpg\" alt=\"odzywki-micelarne-schwarzkopf-sposob-uzycia\" width=\"868\" height=\"448\" \/><\/p>\n<h2>Micelarna od\u017cywka myj\u0105ca Schwarzkopf BC w trzech ods\u0142onach<\/h2>\n<p>Do wyboru s\u0105 trzy warianty dostosowane do kondycji w\u0142os\u00f3w. Ka\u017cda z od\u017cywek uzupe\u0142nia okre\u015blon\u0105 grup\u0119 produkt\u00f3w piel\u0119gnacyjnych BC. Mamy tu zatem:<\/p>\n<ol>\n<li><strong>Od\u017cywka myj\u0105ca Schwarzkopf BC Repair Rescue<\/strong><br \/>\n(<a href=\"https:\/\/www.hairstore.pl\/schwarzkopf-bc-repair-rescue-micelarna-odzywka-myjaca-500ml-p14618.html\">sprawd\u017a promocj\u0119 w sklepie<\/a>)<br \/>\nPrzeznaczona jest do w\u0142os\u00f3w zniszczonych. Nie wiem jak to dzia\u0142a, ale producent zapewnia, \u017ce dzi\u0119ki zastosowanym rozwi\u0105zaniom potrafi odbudowa\u0107 3-letnie uszkodzenia w czasie jednej aplikacji.<\/li>\n<li><strong>Od\u017cywka myj\u0105ca Schwarzkopf BC Moisture Kick<\/strong><br \/>\n(<a href=\"https:\/\/www.hairstore.pl\/schwarzkopf-bc-moisture-kick-micelarna-odzywka-myjaca-500ml-p14617.html\">sprawd\u017a promocj\u0119 w sklepie<\/a>)<br \/>\nDedykowana w\u0142osom suchym pozwala im osi\u0105gn\u0105\u0107 odpowiedni poziom nawodnienia. Zwi\u0119ksza elastyczno\u015b\u0107 i wytrzyma\u0142o\u015b\u0107 w\u0142os\u00f3w pozostawiaj\u0105c je mi\u0119kkimi i spr\u0119\u017cystymi.<\/li>\n<li><strong>Od\u017cywka myj\u0105ca Schwarzkopf BC Color Freeze<\/strong><br \/>\n(<a href=\"https:\/\/www.hairstore.pl\/schwarzkopf-bc-color-freeze-micelarna-odzywka-myjaca-500ml-p14616.html\">sprawd\u017a promocj\u0119 w sklepie<\/a>)<br \/>\nWersja stworzona z my\u015bl\u0105 o w\u0142osach farbowanych. Uzyskasz dzi\u0119ki niej w\u0142a\u015bciwy poziom pH na poziomie 4,5 i do 90% utrzymania koloru.<\/li>\n<\/ol>\n<p>Bardzo jeste\u015bmy ciekawi czy to nowe podej\u015bcie do piel\u0119gnacji w\u0142os\u00f3w oka\u017ce si\u0119 przebojem. A Wy jakiego jeste\u015bcie zdania?<\/p>\n","protected":false},"excerpt":{"rendered":"<p>Raz na jaki\u015b czas w \u015bwiecie piel\u0119gnacji w\u0142os\u00f3w pojawia si\u0119 produkt, kt\u00f3ry poprzez swoj\u0105 innowacyjno\u015b\u0107 ma szans\u0119 zdoby\u0107 rozg\u0142os, popularno\u015b\u0107 i s\u0142aw\u0119. Czy tak si\u0119 w\u0142a\u015bnie stanie z nowo\u015bci\u0105 od firmy Schwarzkopf &#8211; micelarnymi od\u017cywkami myj\u0105cymi? O ile jest dla mnie jasne na czym polega technologia micelarna, dobrze znana z bran\u017cy kosmetycznej, to ju\u017c oswojenie [&hellip;]<\/p>\n","protected":false},"author":5,"featured_media":6604,"comment_status":"open","ping_status":"closed","sticky":false,"template":"","format":"standard","meta":{"footnotes":""},"categories":[2],"tags":[144],"yst_prominent_words":[],"class_list":["post-5858","post","type-post","status-publish","format-standard","has-post-thumbnail","hentry","category-aktualnosci","tag-schwarzkopf"],"_links":{"self":[{"href":"https:\/\/www.hairstore.pl\/blog\/wp-json\/wp\/v2\/posts\/5858","targetHints":{"allow":["GET"]}}],"collection":[{"href":"https:\/\/www.hairstore.pl\/blog\/wp-json\/wp\/v2\/posts"}],"about":[{"href":"https:\/\/www.hairstore.pl\/blog\/wp-json\/wp\/v2\/types\/post"}],"author":[{"embeddable":true,"href":"https:\/\/www.hairstore.pl\/blog\/wp-json\/wp\/v2\/users\/5"}],"replies":[{"embeddable":true,"href":"https:\/\/www.hairstore.pl\/blog\/wp-json\/wp\/v2\/comments?post=5858"}],"version-history":[{"count":1,"href":"https:\/\/www.hairstore.pl\/blog\/wp-json\/wp\/v2\/posts\/5858\/revisions"}],"predecessor-version":[{"id":6605,"href":"https:\/\/www.hairstore.pl\/blog\/wp-json\/wp\/v2\/posts\/5858\/revisions\/6605"}],"wp:featuredmedia":[{"embeddable":true,"href":"https:\/\/www.hairstore.pl\/blog\/wp-json\/wp\/v2\/media\/6604"}],"wp:attachment":[{"href":"https:\/\/www.hairstore.pl\/blog\/wp-json\/wp\/v2\/media?parent=5858"}],"wp:term":[{"taxonomy":"category","embeddable":true,"href":"https:\/\/www.hairstore.pl\/blog\/wp-json\/wp\/v2\/categories?post=5858"},{"taxonomy":"post_tag","embeddable":true,"href":"https:\/\/www.hairstore.pl\/blog\/wp-json\/wp\/v2\/tags?post=5858"},{"taxonomy":"yst_prominent_words","embeddable":true,"href":"https:\/\/www.hairstore.pl\/blog\/wp-json\/wp\/v2\/yst_prominent_words?post=5858"}],"curies":[{"name":"wp","href":"https:\/\/api.w.org\/{rel}","templated":true}]}}