{"id":5796,"date":"2013-10-17T14:09:51","date_gmt":"2013-10-17T12:09:51","guid":{"rendered":"http:\/\/www.hairstore.pl\/blog\/?p=5796"},"modified":"2020-09-30T18:45:07","modified_gmt":"2020-09-30T16:45:07","slug":"schwarzkopf-supreme-keratin-wskazowki-techniczne","status":"publish","type":"post","link":"https:\/\/www.hairstore.pl\/blog\/schwarzkopf-supreme-keratin-wskazowki-techniczne\/","title":{"rendered":"Zabieg trwale wyg\u0142adzaj\u0105cy Schwarzkopf Supreme Keratin &#8211; wskaz\u00f3wki techniczne"},"content":{"rendered":"<p>Proste, g\u0142adkie, pos\u0142uszne w\u0142osy \u2013 bez puszenia, pl\u0105tania, trudno\u015bci z rozczesaniem. To mo\u017cliwe.\u00a0Ka\u017cdego dnia przez 3 miesi\u0105ce ka\u017cda kobieta mo\u017ce cieszy\u0107 si\u0119 idealn\u0105, prost\u0105 do utrzymania w \u0142adzie fryzur\u0105, bez konieczno\u015bci stosowania inwazyjnych chemicznych preparat\u00f3w do trwa\u0142ego prostowania czy stylingu.<\/p>\n<p><strong>Jak to mo\u017cliwe?\u00a0<\/strong>Zabieg \u2013 kuracja wyg\u0142adzaj\u0105ca Schwarzkopf Supreme Keratin daje 12-tygodniowy efekt wyg\u0142adzenia i ujarzmienia niepos\u0142usznych, pusz\u0105cych si\u0119 w\u0142os\u00f3w. Jest to alternatywa dla keratynowego trwa\u0142ego prostowania w\u0142os\u00f3w i stylingu. Znacznie \u0142agodniejsza dla struktury w\u0142osa, nie zmienia trwale wi\u0105za\u0144, dzi\u0119ki czemu umo\u017cliwia uzyskanie naturalnego efektu g\u0142adkich, bardziej zdyscyplinowanych w\u0142os\u00f3w. Kompleks prokeratynowy i witamina C zapewniaj\u0105 w\u0142osom pi\u0119kny, zdrowy wygl\u0105d oraz d\u0142ugotrwa\u0142y blask.<\/p>\n<p><strong>Jak to si\u0119 robi?\u00a0<\/strong>Chcesz wiedzie\u0107 wi\u0119cej o systemie trwa\u0142ego wyg\u0142adzania w\u0142os\u00f3w Supreme Keratin? Przeczytaj,\u00a0<strong>zajmie Ci to tylko 2 minuty<\/strong>.<\/p>\n<p>Zabieg przeprowadza si\u0119 w salonie fryzjerskim. Trwa on nie wi\u0119cej ni\u017c 2 godziny. Sk\u0142ada si\u0119 z 4 nast\u0119puj\u0105cych po sobie krok\u00f3w i wymaga zastosowania 4 kosmetyk\u00f3w z serii Supreme Keratin. Po zabiegu konieczne jest stosowanie odpowiedniej piel\u0119gnacji w domu za pomoc\u0105 uzupe\u0142niaj\u0105cych produkt\u00f3w z tej samej linii.<\/p>\n<h2>Krok po kroku do g\u0142adkich w\u0142os\u00f3w w 2 godziny.<\/h2>\n<p>Kuracja wyg\u0142adzaj\u0105ca Schwarzkopf Supreme Keratin jest odpowiednia dla ka\u017cdego typu w\u0142os\u00f3w. Nie ma potrzeby stosowania innych preparat\u00f3w w zale\u017cno\u015bci od stopnia zniszczenia, porowato\u015bci i grubo\u015bci w\u0142os\u00f3w klientki. Dla ka\u017cdej kobiety przeznaczone s\u0105 te same preparaty, sekret tkwi jedynie w ilo\u015bci zastosowanych proporcji i czasu trzymania na w\u0142osach.<\/p>\n<p>Przyst\u0119puj\u0105c do zabiegu fryzjer musi najpierw okre\u015bli\u0107 rodzaj i stan w\u0142os\u00f3w. Taka wnikliwa diagnoza jest konieczna, by uzyska\u0107 najlepszy efekt ko\u0144cowy dostosowany indywidualnie do potrzeb klientki.<\/p>\n<h3>Pierwszy krok \u2013 oczyszczanie<\/h3>\n<p>Za pomoc\u0105 szamponu\u00a0<strong>Supreme Keratin Deep Clarifying<\/strong>\u00a0w\u0142osy zostaj\u0105 dok\u0142adnie oczyszczone i przygotowane do zabiegu. Dzi\u0119ki pH=7,5 szampon lekko rozchyla \u0142uski, umo\u017cliwiaj\u0105c wnikanie zwi\u0105zk\u00f3w keratyny i witaminy C wg\u0142\u0105b w\u0142osa.<\/p>\n<h3><strong>Krok drugi \u00a0\u2013 zabieg prostowania i wyg\u0142adzania<\/strong><\/h3>\n<p>Zabieg\u00a0<strong>Instant Keratin Infusion<\/strong>\u00a0to najwa\u017cniejszy i najbardziej precyzyjny etap kuracji wyg\u0142adzaj\u0105cej Supreme Keratin. Pocz\u0105tkiem jest odpowiednie okre\u015blenie ilo\u015bci preparatu u\u017cytego podczas zabiegu oraz czas dzia\u0142ania, dobrany indywidualnie do ka\u017cdej osoby. W prawid\u0142owym ustaleniu proporcji pomo\u017ce poni\u017csza tabelka:<\/p>\n<table>\n<thead>\n<tr>\n<th scope=\"col\">D\u0142ugo\u015b\u0107 w\u0142os\u00f3w<\/th>\n<th style=\"text-align: center;\" scope=\"col\">Zdrowe w\u0142osy<\/th>\n<th style=\"text-align: center;\" scope=\"col\">Lekko porowate<\/th>\n<th style=\"text-align: center;\" scope=\"col\">Porowate<\/th>\n<th style=\"text-align: center;\" scope=\"col\">Bardzo porowate<\/th>\n<\/tr>\n<\/thead>\n<tbody>\n<tr>\n<td>Do podbr\u00f3dka<\/td>\n<td style=\"text-align: center;\">40\/50g<\/td>\n<td style=\"text-align: center;\">50\/60g<\/td>\n<td style=\"text-align: center;\">60\/70g<\/td>\n<td style=\"text-align: center;\">70\/80g<\/td>\n<\/tr>\n<tr>\n<td>Do ramion<\/td>\n<td style=\"text-align: center;\">50\/60g<\/td>\n<td style=\"text-align: center;\">60\/70g<\/td>\n<td style=\"text-align: center;\">70\/80g<\/td>\n<td style=\"text-align: center;\">80\/90g<\/td>\n<\/tr>\n<tr>\n<td>D\u0142ugie<\/td>\n<td style=\"text-align: center;\">60\/70g<\/td>\n<td style=\"text-align: center;\">70\/80g<\/td>\n<td style=\"text-align: center;\">80\/90g<\/td>\n<td style=\"text-align: center;\">90\/100g<\/td>\n<\/tr>\n<tr>\n<td>Bardzo d\u0142ugie<\/td>\n<td style=\"text-align: center;\">70\/80g<\/td>\n<td style=\"text-align: center;\">80\/90g<\/td>\n<td style=\"text-align: center;\">90\/100g<\/td>\n<td style=\"text-align: center;\">100\/110g<\/td>\n<\/tr>\n<\/tbody>\n<\/table>\n<p>Odpowiedni\u0105 ilo\u015b\u0107 produktu nanosi\u0107 kolejno sekcjami na w\u0142osach, od d\u0142ugo\u015bci po nasady. Warstwa powinna by\u0107 cienka, powinno si\u0119 nak\u0142ada\u0107 tylko tyle produktu, by delikatnie pokry\u0107 w\u0142osy.<\/p>\n<p>Po na\u0142o\u017ceniu preparatu Instant Keratin nale\u017cy przeczesa\u0107 w\u0142osy grzebieniem z g\u0119sto rozmieszczonymi z\u0119bami, by usun\u0105\u0107 nadmiar preparatu.<br \/>\nTeraz nale\u017cy dok\u0142adnie i zupe\u0142nie wysuszy\u0107 w\u0142osy za pomoc\u0105 suszarki, wyg\u0142adzaj\u0105c przy tym w\u0142osy.<br \/>\nGdy w\u0142osy b\u0119d\u0105 w 100% suche przyst\u0105pi\u0107 do \u201eprasowania\u201d za pomoc\u0105 ceramicznej prostownicy o temperaturze 200<sup>o<\/sup>C. Najodpowiedniejsza do zabiegu b\u0119dzie prostownica z regulacj\u0105 temperatury, gdy\u017c w przypadku w\u0142os\u00f3w porowatych, rozja\u015bnianych i uprzednio poddawanych wielu zabiegom chemicznym temperatura prostownicy MUSI by\u0107 ni\u017csza ni\u017c 200<sup>o<\/sup>C. Samo prostowanie nale\u017cy przeprowadza\u0107 na cienkich 1 cm partiach w\u0142os\u00f3w stosuj\u0105c zasad\u0119 \u2013 od nasady po ko\u0144ce. To bardzo wa\u017cne, gdy\u017c w innym przypadku w\u0142osy b\u0119d\u0105 szorstkie i efekt nie b\u0119dzie tak zadowalaj\u0105cy.<\/p>\n<p><strong>*<\/strong>W trakcie prostowania mo\u017cliwe, \u017ce pojawi\u0105 si\u0119 bia\u0142e p\u0142atki keratyny, tzw. pow\u0142oka keratynowa \u2013 to normalne zjawisko. Nalot ten zostanie ca\u0142kowicie usuni\u0119ty podczas 3 kroku.<\/p>\n<p>Po dok\u0142adnym wyprostowaniu wszystkich w\u0142os\u00f3w nale\u017cy odczeka\u0107 5 minut i dok\u0142adnie sp\u0142uka\u0107 preparat w ich powierzchni, nast\u0119pnie przej\u015b\u0107 do kroku nast\u0119pnego.<\/p>\n<h3><strong>Krok trzeci \u2013 oczyszczanie i zamykanie \u0142usek<\/strong><\/h3>\n<p>Teraz czas na dok\u0142adne umycie w\u0142os\u00f3w\u00a0<strong>szamponem Smooth Extending<\/strong>\u00a0kt\u00f3ry dok\u0142adnie usuwa pozosta\u0142o\u015bci pow\u0142oki keratynowej i preparatu wyg\u0142adzaj\u0105cego. Szampon ten oczyszcza, wyg\u0142adza w\u0142osy i domyka porozchylane w wyniku zabiegu \u0142uski w\u0142os\u00f3w, przywracaj\u0105c im r\u00f3wnocze\u015bnie w\u0142a\u015bciwy poziom pH.<\/p>\n<h3><strong>Krok czwarty \u2013 profesjonalna piel\u0119gnacja ko\u0144cowa<\/strong><\/h3>\n<p>Na koniec, po umyciu i sp\u0142ukaniu w\u0142os\u00f3w nanie\u015b\u0107 mask\u0119 kondycjonuj\u0105c\u0105\u00a0<strong>Conditioning Gloss<\/strong>, kt\u00f3ra przez 5 minut dzia\u0142ania doskonale zamyka \u0142uski, wyg\u0142adza i nadaje w\u0142osom wspania\u0142ego blasku. Zawarto\u015b\u0107 kompleksu keratynowego wzmacnia i silnie od\u017cywia w\u0142osy, co pozwala cieszy\u0107 si\u0119 wspania\u0142ym efektem natychmiast po zabiegu. Na koniec, po wyp\u0142ukaniu maski nale\u017cy wyko\u0144czy\u0107 fryzur\u0119 za pomoc\u0105 olejku \u2013 kropli nab\u0142yszczaj\u0105cych\u00a0<strong>Shine Drops<\/strong>\u00a0i efekt gotowy. W niespe\u0142na 2 godziny.<\/p>\n<p>Bardzo istotne jest by po zabiegu stosowa\u0107 pozosta\u0142e kosmetyki z serii Supreme Keratin przenaczone do piel\u0119gnacji domowej, s\u0105 to: szampon #5, od\u017cywka 6 i krople nab\u0142yszczaj\u0105ce-olejek #7.<\/p>\n<h4>Zobacz film instruktarzowy krok po kroku<\/h4>\n<p style=\"margin-left: 60px;\"><iframe loading=\"lazy\" src=\"\/\/www.youtube.com\/embed\/DUCke-BeWlw?rel=0\" width=\"600\" height=\"400\" frameborder=\"0\" allowfullscreen=\"allowfullscreen\"><\/iframe><\/p>\n<h2>Zalety zabiegu Supreme Keratin:<\/h2>\n<ul>\n<li>D\u0142ugotrwa\u0142y efekt indywidualnie dostosowany do ka\u017cdego rodzaju w\u0142os\u00f3w i oczekiwa\u0144 klientki.<\/li>\n<li>Kr\u00f3tki czas wykonywania zabiegu i natychmiast widoczne efekty.<\/li>\n<li>\u0141agodno\u015b\u0107 i nieinwazyjno\u015b\u0107 dla struktury w\u0142os\u00f3w.<\/li>\n<li>Nowatorskie po\u0142\u0105czenie profesjonalnego zabiegu fryzjerskiego i najwy\u017cszej jako\u015bci piel\u0119gnacji.<\/li>\n<\/ul>\n<h3>Zobacz jakie efekty mo\u017cna uzyska\u0107 za pomoc\u0105 kuracji Supreme Keratin.<\/h3>\n<table border=\"0\" cellspacing=\"0\" cellpadding=\"0\">\n<tbody>\n<tr>\n<td style=\"text-align: center;\"><strong>Rozja\u015bniane, uszkodzone w\u0142osy<\/strong><\/td>\n<td style=\"text-align: center;\"><strong>Niesforne loki i niepotrzebna obj\u0119to\u015b\u0107<\/strong><\/td>\n<td style=\"text-align: center;\"><strong>W\u0142osy pusz\u0105ce si\u0119 bez po\u0142ysku<\/strong><\/td>\n<\/tr>\n<tr>\n<td style=\"text-align: center;\"><img decoding=\"async\" src=\"https:\/\/www.hairstore.pl\/files\/file\/Artykuly\/2013\/10\/ico-keratin-supreme-wlosy-3.gif\" alt=\"\" data-cke-saved-src=\"\/files\/file\/Artykuly\/2013\/10\/ico-keratin-supreme-wlosy-3.gif\" \/><\/td>\n<td style=\"text-align: center;\"><img decoding=\"async\" src=\"https:\/\/www.hairstore.pl\/files\/file\/Artykuly\/2013\/10\/ico-keratin-supreme-wlosy-1.gif\" alt=\"\" data-cke-saved-src=\"\/files\/file\/Artykuly\/2013\/10\/ico-keratin-supreme-wlosy-1.gif\" \/><\/td>\n<td style=\"text-align: center;\"><img decoding=\"async\" src=\"https:\/\/www.hairstore.pl\/files\/file\/Artykuly\/2013\/10\/ico-keratin-supreme-wlosy-2.gif\" alt=\"\" data-cke-saved-src=\"\/files\/file\/Artykuly\/2013\/10\/ico-keratin-supreme-wlosy-2.gif\" \/><\/td>\n<\/tr>\n<\/tbody>\n<\/table>\n<h4>Cienkie rozja\u015bniane w\u0142osy &#8211; rezultaty<\/h4>\n<table border=\"0\" cellspacing=\"0\" cellpadding=\"0\">\n<tbody>\n<tr>\n<td style=\"text-align: center;\" colspan=\"3\"><strong>Pierwsza aplikacja<\/strong><\/td>\n<td style=\"text-align: center;\" colspan=\"3\"><strong>Rezultat po 8 tygodniach<\/strong><\/td>\n<\/tr>\n<tr>\n<td style=\"text-align: center;\">Suszenie w domu przed zabiegiem<\/td>\n<td style=\"text-align: center;\">Mokre po zabiegu<\/td>\n<td style=\"text-align: center;\">Suche po zabiegu<\/td>\n<td style=\"text-align: center;\">Suszone w domu<\/td>\n<td style=\"text-align: center;\">Mokre<\/td>\n<td style=\"text-align: center;\">Uk\u0142adane w salonie<\/td>\n<\/tr>\n<tr>\n<td style=\"text-align: center;\"><img decoding=\"async\" src=\"https:\/\/www.hairstore.pl\/files\/file\/Artykuly\/2013\/10\/supreme-keratin-tech-pic1.jpg\" alt=\"\" data-cke-saved-src=\"\/files\/file\/Artykuly\/2013\/10\/supreme-keratin-tech-pic1.jpg\" \/><\/td>\n<td style=\"text-align: center;\"><img decoding=\"async\" src=\"https:\/\/www.hairstore.pl\/files\/file\/Artykuly\/2013\/10\/supreme-keratin-tech-pic2.jpg\" alt=\"\" data-cke-saved-src=\"\/files\/file\/Artykuly\/2013\/10\/supreme-keratin-tech-pic2.jpg\" \/><\/td>\n<td style=\"text-align: center;\"><img decoding=\"async\" src=\"https:\/\/www.hairstore.pl\/files\/file\/Artykuly\/2013\/10\/supreme-keratin-tech-pic3.jpg\" alt=\"\" data-cke-saved-src=\"\/files\/file\/Artykuly\/2013\/10\/supreme-keratin-tech-pic3.jpg\" \/><\/td>\n<td style=\"text-align: center;\"><img decoding=\"async\" src=\"https:\/\/www.hairstore.pl\/files\/file\/Artykuly\/2013\/10\/supreme-keratin-tech-pic4.jpg\" alt=\"\" data-cke-saved-src=\"\/files\/file\/Artykuly\/2013\/10\/supreme-keratin-tech-pic4.jpg\" \/><\/td>\n<td style=\"text-align: center;\"><img decoding=\"async\" src=\"https:\/\/www.hairstore.pl\/files\/file\/Artykuly\/2013\/10\/supreme-keratin-tech-pic5.jpg\" alt=\"\" data-cke-saved-src=\"\/files\/file\/Artykuly\/2013\/10\/supreme-keratin-tech-pic5.jpg\" \/><\/td>\n<td style=\"text-align: center;\"><img decoding=\"async\" src=\"https:\/\/www.hairstore.pl\/files\/file\/Artykuly\/2013\/10\/supreme-keratin-tech-pic6.jpg\" alt=\"\" data-cke-saved-src=\"\/files\/file\/Artykuly\/2013\/10\/supreme-keratin-tech-pic6.jpg\" \/><\/td>\n<\/tr>\n<\/tbody>\n<\/table>\n<h4>Grube, faliste w\u0142osy &#8211; rezultaty<\/h4>\n<table border=\"0\" cellspacing=\"0\" cellpadding=\"0\">\n<tbody>\n<tr>\n<td style=\"text-align: center;\" colspan=\"3\"><strong>Pierwsza aplikacja<\/strong><\/td>\n<td style=\"text-align: center;\" colspan=\"3\"><strong>Rezultat po 8 tygodniach<\/strong><\/td>\n<\/tr>\n<tr>\n<td style=\"text-align: center;\">Suszenie w domu przed zabiegiem<\/td>\n<td style=\"text-align: center;\">Mokre po zabiegu<\/td>\n<td style=\"text-align: center;\">Suche po zabiegu<\/td>\n<td style=\"text-align: center;\">Suszone w domu<\/td>\n<td style=\"text-align: center;\">Mokre<\/td>\n<td style=\"text-align: center;\">Uk\u0142adane w salonie<\/td>\n<\/tr>\n<tr>\n<td style=\"text-align: center;\"><img decoding=\"async\" src=\"https:\/\/www.hairstore.pl\/files\/file\/Artykuly\/2013\/10\/supreme-keratin-tech-pic11.jpg\" alt=\"\" data-cke-saved-src=\"\/files\/file\/Artykuly\/2013\/10\/supreme-keratin-tech-pic11.jpg\" \/><\/td>\n<td style=\"text-align: center;\"><img decoding=\"async\" src=\"https:\/\/www.hairstore.pl\/files\/file\/Artykuly\/2013\/10\/supreme-keratin-tech-pic12.jpg\" alt=\"\" data-cke-saved-src=\"\/files\/file\/Artykuly\/2013\/10\/supreme-keratin-tech-pic12.jpg\" \/><\/td>\n<td style=\"text-align: center;\"><img decoding=\"async\" src=\"https:\/\/www.hairstore.pl\/files\/file\/Artykuly\/2013\/10\/supreme-keratin-tech-pic10.jpg\" alt=\"\" data-cke-saved-src=\"\/files\/file\/Artykuly\/2013\/10\/supreme-keratin-tech-pic10.jpg\" \/><\/td>\n<td style=\"text-align: center;\"><img decoding=\"async\" src=\"https:\/\/www.hairstore.pl\/files\/file\/Artykuly\/2013\/10\/supreme-keratin-tech-pic9.jpg\" alt=\"\" data-cke-saved-src=\"\/files\/file\/Artykuly\/2013\/10\/supreme-keratin-tech-pic9.jpg\" \/><\/td>\n<td style=\"text-align: center;\"><img decoding=\"async\" src=\"https:\/\/www.hairstore.pl\/files\/file\/Artykuly\/2013\/10\/supreme-keratin-tech-pic8.jpg\" alt=\"\" data-cke-saved-src=\"\/files\/file\/Artykuly\/2013\/10\/supreme-keratin-tech-pic8.jpg\" \/><\/td>\n<td style=\"text-align: center;\"><img decoding=\"async\" src=\"https:\/\/www.hairstore.pl\/files\/file\/Artykuly\/2013\/10\/supreme-keratin-tech-pic7.jpg\" alt=\"\" data-cke-saved-src=\"\/files\/file\/Artykuly\/2013\/10\/supreme-keratin-tech-pic7.jpg\" \/><\/td>\n<\/tr>\n<\/tbody>\n<\/table>\n<p>&nbsp;<\/p>\n","protected":false},"excerpt":{"rendered":"<p>Proste, g\u0142adkie, pos\u0142uszne w\u0142osy \u2013 bez puszenia, pl\u0105tania, trudno\u015bci z rozczesaniem. To mo\u017cliwe.\u00a0Ka\u017cdego dnia przez 3 miesi\u0105ce ka\u017cda kobieta mo\u017ce cieszy\u0107 si\u0119 idealn\u0105, prost\u0105 do utrzymania w \u0142adzie fryzur\u0105, bez konieczno\u015bci stosowania inwazyjnych chemicznych preparat\u00f3w do trwa\u0142ego prostowania czy stylingu. Jak to mo\u017cliwe?\u00a0Zabieg \u2013 kuracja wyg\u0142adzaj\u0105ca Schwarzkopf Supreme Keratin daje 12-tygodniowy efekt wyg\u0142adzenia i ujarzmienia [&hellip;]<\/p>\n","protected":false},"author":5,"featured_media":6902,"comment_status":"open","ping_status":"closed","sticky":false,"template":"","format":"standard","meta":{"footnotes":""},"categories":[2],"tags":[],"yst_prominent_words":[],"class_list":["post-5796","post","type-post","status-publish","format-standard","has-post-thumbnail","hentry","category-aktualnosci"],"_links":{"self":[{"href":"https:\/\/www.hairstore.pl\/blog\/wp-json\/wp\/v2\/posts\/5796","targetHints":{"allow":["GET"]}}],"collection":[{"href":"https:\/\/www.hairstore.pl\/blog\/wp-json\/wp\/v2\/posts"}],"about":[{"href":"https:\/\/www.hairstore.pl\/blog\/wp-json\/wp\/v2\/types\/post"}],"author":[{"embeddable":true,"href":"https:\/\/www.hairstore.pl\/blog\/wp-json\/wp\/v2\/users\/5"}],"replies":[{"embeddable":true,"href":"https:\/\/www.hairstore.pl\/blog\/wp-json\/wp\/v2\/comments?post=5796"}],"version-history":[{"count":1,"href":"https:\/\/www.hairstore.pl\/blog\/wp-json\/wp\/v2\/posts\/5796\/revisions"}],"predecessor-version":[{"id":6903,"href":"https:\/\/www.hairstore.pl\/blog\/wp-json\/wp\/v2\/posts\/5796\/revisions\/6903"}],"wp:featuredmedia":[{"embeddable":true,"href":"https:\/\/www.hairstore.pl\/blog\/wp-json\/wp\/v2\/media\/6902"}],"wp:attachment":[{"href":"https:\/\/www.hairstore.pl\/blog\/wp-json\/wp\/v2\/media?parent=5796"}],"wp:term":[{"taxonomy":"category","embeddable":true,"href":"https:\/\/www.hairstore.pl\/blog\/wp-json\/wp\/v2\/categories?post=5796"},{"taxonomy":"post_tag","embeddable":true,"href":"https:\/\/www.hairstore.pl\/blog\/wp-json\/wp\/v2\/tags?post=5796"},{"taxonomy":"yst_prominent_words","embeddable":true,"href":"https:\/\/www.hairstore.pl\/blog\/wp-json\/wp\/v2\/yst_prominent_words?post=5796"}],"curies":[{"name":"wp","href":"https:\/\/api.w.org\/{rel}","templated":true}]}}