{"id":5652,"date":"2013-03-15T18:10:38","date_gmt":"2013-03-15T17:10:38","guid":{"rendered":"http:\/\/www.hairstore.pl\/blog\/?p=5652"},"modified":"2020-09-30T18:45:07","modified_gmt":"2020-09-30T16:45:07","slug":"nowa-seria-bc-fibre-force-odbudowa-nawet-ekstremalnie-zniszczonych-wlosow-jest-mozliwa","status":"publish","type":"post","link":"https:\/\/www.hairstore.pl\/blog\/nowa-seria-bc-fibre-force-odbudowa-nawet-ekstremalnie-zniszczonych-wlosow-jest-mozliwa\/","title":{"rendered":"Nowa seria BC Fibre Force. Odbudowa nawet ekstremalnie zniszczonych w\u0142os\u00f3w jest mo\u017cliwa!"},"content":{"rendered":"<p>Najnowsze osi\u0105gni\u0119cie w reanimacji w\u0142os\u00f3w o bardzo silnie naruszonej strukturze, uszkodzonych i mocno zniszczonych to nowa seria <a href=\"https:\/\/www.hairstore.pl\/bc-fibre-force-c805.html\">Schwarzkopf BC Fibre Force<\/a> oparta o innowacyjn\u0105 form\u0119 zmikronizowanej keratyny.<!--more--><\/p>\n<p>Seria Fibre Force to nowy wymiar odbudowy w\u0142os\u00f3w, kt\u00f3rych wewn\u0119trzne ubytki zostaj\u0105 wype\u0142nione, w\u0142osy odzyskuj\u0105 optymalny poziom wytrzyma\u0142o\u015bci, spr\u0119\u017cysto\u015b\u0107 i prawid\u0142owe nawil\u017cenie, s\u0105 do 100% mocniejsze i do 95% mniej \u0142amliwe (przy stosowaniu pe\u0142nej kuracji Fibre Force).<\/p>\n<h2>Na czym polega wyj\u0105tkowo\u015b\u0107 tej serii odbudowuj\u0105cej?<\/h2>\n<p>Przede wszystkim po raz pierwszy zosta\u0142a zastosowana inna forma keratyny, kt\u00f3ra jest identyczna z t\u0105, b\u0119d\u0105c\u0105 naturalnym budulcem w\u0142osa. Jej zmikronizowana forma wnika g\u0142\u0119boko do wewn\u0119trznej struktury uszkodzonego w\u0142osa i odbudowuje tzw. kompleks b\u0142ony kom\u00f3rkowej \u2013 mi\u0119dzykom\u00f3rkowy spajaj\u0105cy cement(w skr\u00f3cie CMC) odpowiedzialny za mocne wytrzyma\u0142e i spr\u0119\u017cyste w\u0142\u00f3kno ca\u0142ego w\u0142osa.<\/p>\n<p>Opr\u00f3cz keratynowego kompleksu odbudowuj\u0105cego kosmetyki Fibre Force zawieraj\u0105 olej z nasion Marula, kt\u00f3ry ma w\u0142a\u015bciwo\u015bci wzmacniaj\u0105ce i wyg\u0142adzaj\u0105ce, pantenol, kt\u00f3ry pomaga w nawil\u017ceniu wn\u0119trza w\u0142osa oraz specjalne kationowe formu\u0142y pomagaj\u0105ce odbudowa\u0107 naruszon\u0105 struktur\u0119 w\u0142os\u00f3w.<\/p>\n<p>Stosowanie kosmetyk\u00f3w do piel\u0119gnacji z serii Fibre Force pomaga w szybkim czasie (nawet 4-10 tygodni) odbudowa\u0107 struktur\u0119 keratynow\u0105 wewn\u0105trz w\u0142osa, przywr\u00f3ci\u0107 w\u0142osom optymalne w\u0142a\u015bciwo\u015bci fizyczne i optymalny poziom nawil\u017cenia. Dzi\u0119ki temu w\u0142osy stan\u0105 si\u0119 widocznie mocniejsze, bardziej wytrzyma\u0142e i mniej podatne na uszkodzenia.<\/p>\n<p>Seri\u0119 poleca si\u0119 tak\u017ce do stosowania przed zabiegami chemicznymi na w\u0142osach, takimi jak dekoloryzacja, rozja\u015bnianie czy ondulacja w celu przygotowania w\u0142os\u00f3w i zapobiegania silnemu uwra\u017cliwieniu ich struktury.<\/p>\n<p>W sk\u0142ad serii BC Fibre Force wchodz\u0105:<\/p>\n<ul>\n<li><a href=\"https:\/\/www.hairstore.pl\/schwarzkopf-bc-fibre-force-szampon-wzmacniajacy-200ml-p12307.html\">Szampon odbudowuj\u0105cy<\/a><\/li>\n<li>Od\u017cywka odbudowuj\u0105ca<\/li>\n<li>Od\u017cywka bez sp\u0142ukiwania w sprayu<\/li>\n<li>Maska silnie odbudowuj\u0105ca<\/li>\n<li>Zastrzyk keratyny, kuracja bez sp\u0142ukiwania<\/li>\n<\/ul>\n<div id=\"hsbp-1\" class=\"hsbp\"><\/div>\n<p><script type='text\/javascript' src='https:\/\/www.hairstore.pl\/produkty_wordpress.php?dst=hsbp-1&#038;prods=12337,12301,12372,12307,12302,12459'><\/script><\/p>\n","protected":false},"excerpt":{"rendered":"<p>Najnowsze osi\u0105gni\u0119cie w reanimacji w\u0142os\u00f3w o bardzo silnie naruszonej strukturze, uszkodzonych i mocno zniszczonych to nowa seria Schwarzkopf BC Fibre Force oparta o innowacyjn\u0105 form\u0119 zmikronizowanej keratyny.<\/p>\n","protected":false},"author":5,"featured_media":6921,"comment_status":"open","ping_status":"closed","sticky":false,"template":"","format":"standard","meta":{"footnotes":""},"categories":[2],"tags":[],"yst_prominent_words":[5489,7723,2068,7719,7718,7720,7729,4604,7728,7726,7724,7727,1517,4499,7725,6529,7730,1463,704,717],"class_list":["post-5652","post","type-post","status-publish","format-standard","has-post-thumbnail","hentry","category-aktualnosci"],"_links":{"self":[{"href":"https:\/\/www.hairstore.pl\/blog\/wp-json\/wp\/v2\/posts\/5652","targetHints":{"allow":["GET"]}}],"collection":[{"href":"https:\/\/www.hairstore.pl\/blog\/wp-json\/wp\/v2\/posts"}],"about":[{"href":"https:\/\/www.hairstore.pl\/blog\/wp-json\/wp\/v2\/types\/post"}],"author":[{"embeddable":true,"href":"https:\/\/www.hairstore.pl\/blog\/wp-json\/wp\/v2\/users\/5"}],"replies":[{"embeddable":true,"href":"https:\/\/www.hairstore.pl\/blog\/wp-json\/wp\/v2\/comments?post=5652"}],"version-history":[{"count":2,"href":"https:\/\/www.hairstore.pl\/blog\/wp-json\/wp\/v2\/posts\/5652\/revisions"}],"predecessor-version":[{"id":12629,"href":"https:\/\/www.hairstore.pl\/blog\/wp-json\/wp\/v2\/posts\/5652\/revisions\/12629"}],"wp:featuredmedia":[{"embeddable":true,"href":"https:\/\/www.hairstore.pl\/blog\/wp-json\/wp\/v2\/media\/6921"}],"wp:attachment":[{"href":"https:\/\/www.hairstore.pl\/blog\/wp-json\/wp\/v2\/media?parent=5652"}],"wp:term":[{"taxonomy":"category","embeddable":true,"href":"https:\/\/www.hairstore.pl\/blog\/wp-json\/wp\/v2\/categories?post=5652"},{"taxonomy":"post_tag","embeddable":true,"href":"https:\/\/www.hairstore.pl\/blog\/wp-json\/wp\/v2\/tags?post=5652"},{"taxonomy":"yst_prominent_words","embeddable":true,"href":"https:\/\/www.hairstore.pl\/blog\/wp-json\/wp\/v2\/yst_prominent_words?post=5652"}],"curies":[{"name":"wp","href":"https:\/\/api.w.org\/{rel}","templated":true}]}}