{"id":437,"date":"2014-05-29T14:56:11","date_gmt":"2014-05-29T12:56:11","guid":{"rendered":"http:\/\/blog.hairstore.pl\/?p=437"},"modified":"2020-09-30T18:45:06","modified_gmt":"2020-09-30T16:45:06","slug":"wlasciwa-pielegnacja-wlosow-farbowanych","status":"publish","type":"post","link":"https:\/\/www.hairstore.pl\/blog\/wlasciwa-pielegnacja-wlosow-farbowanych\/","title":{"rendered":"W\u0142a\u015bciwa piel\u0119gnacja w\u0142os\u00f3w farbowanych"},"content":{"rendered":"<p>Wiele Pa\u0144 skar\u017cy si\u0119, \u017ce odk\u0105d zacz\u0119\u0142y farbowa\u0107 w\u0142osy, straci\u0142y one swoj\u0105 zdrow\u0105 kondycj\u0119, cz\u0119sto s\u0105 matowe, &#8222;sianowate&#8221;, \u0142amliwe i suche na ko\u0144cach. Nie da si\u0119 ukry\u0107, \u017ce\u00a0farbowanie w\u0142os\u00f3w to proces chemiczny i nawet profesjonalne, nowej generacji farby w mniejszym czy wi\u0119kszym stopniu ingeruj\u0105 w naturaln\u0105 struktur\u0119 w\u0142osa.\u00a0Zobacz, co mo\u017cesz z tym zrobi\u0107. A przede wszystkim co zrobi\u0107, by cieszy\u0107 si\u0119 kolorem d\u0142u\u017cej?<\/p>\n<p><!--more--><\/p>\n<p>Stosujmy profesjonaln\u0105 koloryzacj\u0119, kt\u00f3ra jest trwalsza i \u0142agodniejsza. Dzi\u0119ki temu nie b\u0119dziemy zmuszone farbowa\u0107 w\u0142os\u00f3w zbyt cz\u0119sto, bo pigmenty i formu\u0142y zawarte w profesjonalnych farbach fryzjerskich na d\u0142u\u017cej utrzymuj\u0105 \u017cywy i intensywny kolor. Pami\u0119tajmy te\u017c, \u017ce je\u015bli nie mamy zbyt wiele siwych w\u0142os\u00f3w, a aktualny kolor nie r\u00f3\u017cni si\u0119 bardzo od wymarzonego odcienia, by\u0107 mo\u017ce warto zastosowa\u0107 p\u00f3\u0142trwa\u0142\u0105 koloryzacj\u0119 bez amoniaku, kt\u00f3ra jest znacznie \u0142agodniejsza dla w\u0142os\u00f3w. Kolor zwykle wymywa si\u0119 po 4-6 tygodniach, ale dzi\u0119ki temu mo\u017cemy cz\u0119\u015bciej decydowa\u0107 si\u0119 na zmiany odcieni, bez konieczno\u015bci inwazyjnej dekoloryzacji.<\/p>\n<p><a href=\"https:\/\/www.hairstore.pl\/blog\/wp-content\/uploads\/2014\/05\/w\u0142osy-farbowane.jpg\"><img decoding=\"async\" class=\"alignnone size-full wp-image-879\" src=\"https:\/\/www.hairstore.pl\/blog\/wp-content\/uploads\/2014\/05\/w\u0142osy-farbowane.jpg\" alt=\"w\u0142osy-farbowane\" width=\"720\" height=\"365\" \/><\/a><\/p>\n<p>Panie, kt\u00f3re farbuj\u0105 w\u0142osy trwa\u0142ymi farbami przede wszystkim powinny pami\u0119ta\u0107 o w\u0142a\u015bciwym doborze oksydantu do farby oraz o tym, by nie stosowa\u0107 wysokich st\u0119\u017ce\u0144 wody utlenionej przy zniszczonych i uwra\u017cliwionych w\u0142osach.\u00a0Po ka\u017cdym farbowaniu zastosujmy wzmacniaj\u0105c\u0105 ampu\u0142k\u0119, kt\u00f3ra nie tylko domknie \u0142uski w\u0142os\u00f3w, ale sprawi, \u017ce w\u0142osy b\u0119d\u0105 mocno od\u017cywione i przed\u0142u\u017cy \u017cywotno\u015b\u0107 nowego koloru.<\/p>\n<h2>W\u0142a\u015bciwa, troskliwa piel\u0119gnacja<\/h2>\n<p>Tak wiele kobiet farbuje w\u0142osy, a wci\u0105\u017c jeszcze tak rzadko zwracaj\u0105 one uwag\u0119 na to, \u017ce mo\u017cna przed\u0142u\u017cy\u0107 trwa\u0142o\u015b\u0107 koloru i wyd\u0142u\u017cy\u0107 okres mi\u0119dzy kolejnymi farbowaniami nawet o 2-3 tygodnie stosuj\u0105c specjalne serie piel\u0119gnacyjne do w\u0142os\u00f3w koloryzowanych.<\/p>\n<p>W\u0142osy farbowane potrzebuj\u0105 specyficznej ukierunkowanej piel\u0119gnacji, kt\u00f3ra charakteryzuje si\u0119 wielotorowym dzia\u0142aniem. Specjalistyczne kosmetyki:<\/p>\n<ul>\n<li>piel\u0119gnuj\u0105 i przed\u0142u\u017caj\u0105 trwa\u0142o\u015b\u0107 i intensywno\u015b\u0107 koloru, poprzez uszczelnianie w\u0142os\u00f3w i zapobieganie wyp\u0142ukiwaniu si\u0119 pigment\u00f3w farby z wn\u0119trza w\u0142osa<\/li>\n<li>zawieraj\u0105 formu\u0142y ochronne i filtry UV, kt\u00f3re chroni\u0105 kolory przed blakni\u0119ciem, a w\u0142osy przed matowieniem i szkodliwym dzia\u0142aniem czynnik\u00f3w zewn\u0119trznych<\/li>\n<li>od\u017cywiaj\u0105 w\u0142osy od \u015brodka, dbaj\u0105 o w\u0142a\u015bciwy poziom nawil\u017cenia, maj\u0105 w\u0142a\u015bciwo\u015bci lekko wyg\u0142adzaj\u0105ce i nab\u0142yszczaj\u0105ce, odbudowuj\u0105 struktur\u0119 w\u0142os\u00f3w i poprawiaj\u0105 ich kondycj\u0119<\/li>\n<\/ul>\n<blockquote><p>Rada Hairstore: Je\u015bli jeste\u015b ju\u017c posiadaczk\u0105 wymarzonego koloru w\u0142os\u00f3w warto zaopatrzy\u0107 si\u0119 w ca\u0142\u0105 seri\u0119 piel\u0119gnacyjn\u0105 do w\u0142os\u00f3w farbowanych. Najcz\u0119\u015bciej sk\u0142adaj\u0105 si\u0119 one z <a href=\"https:\/\/www.hairstore.pl\/szampony_ochrona-koloru\">szamponu do w\u0142os\u00f3w farbowanych<\/a>, od\u017cywki do codziennej piel\u0119gnacji, maski regeneracyjnej do stosowania 1-2 razy w tygodniu oraz silniejszych kuracji w formie ampu\u0142ek czy serum do stosowania wspomagaj\u0105co w razie potrzeby. My dodatkowo polecamy stosowanie lekkich od\u017cywek bez sp\u0142ukiwania. S\u0105 to nieocenione kosmetyki daj\u0105ce natychmiastowe efekty, znacznie poprawiaj\u0105ce wygl\u0105d i kondycj\u0119 w\u0142os\u00f3w, a do tego posiadaj\u0105 one ochronne filtry UV i formu\u0142y nawil\u017caj\u0105ce w\u0142osy przez ca\u0142y dzie\u0144.<\/p><\/blockquote>\n<p>Wiele znanych marek fryzjerskich posiada w swojej ofercie kosmetyki do piel\u0119gnacji w\u0142os\u00f3w blond, ciemnych czy tzw. delikatnych kolor\u00f3w \u2013 szybciej trac\u0105cych intensywno\u015b\u0107, np. rudo\u015bci, czerwieni i niekt\u00f3rych odcieni br\u0105z\u00f3w. Popularne i skuteczne s\u0105 r\u00f3wnie\u017c <a href=\"https:\/\/www.hairstore.pl\/szampony_bez-siarczanow-sls-sles\">szampony bez siarczan\u00f3w i silikon\u00f3w<\/a>, o \u0142agodniejszej formule, kt\u00f3ra tak\u017ce chroni kolor przed wyp\u0142ukiwaniem si\u0119.<\/p>\n<div class=\"ebook-download-box\">\n<div class=\"ebook-download-header\">\n<div class=\"ebook-download-header-text\">Mamy dla Ciebie <span class=\"ebook-download-header-text-bold\">darmowego e-booka<\/span>. Wystarczy jedno klikni\u0119cie.<\/div>\n<div class=\"ebook-cover\"><img decoding=\"async\" src=\"https:\/\/www.hairstore.pl\/blog\/wp-content\/uploads\/2020\/04\/okladka_odzywki.jpg\" \/><\/p>\n<div><span class=\"ebook-pages\">8<\/span><span class=\"ebook-pages-txt\">stron<\/span><\/div>\n<\/div>\n<\/div>\n<div class=\"ebook-download-title\">Jak u\u017cywa\u0107 od\u017cywek koloryzuj\u0105cych?<\/div>\n<div class=\"ebook-download-cta\"><a href=\"https:\/\/www.hairstore.pl\/blog\/wp-content\/uploads\/2020\/04\/Od%C5%BCywki-koloryzuj%C4%85ce.pdf\" target=\"_blank\" rel=\"noopener noreferrer\">Pobierz za darmo<\/a><\/div>\n<\/div>\n","protected":false},"excerpt":{"rendered":"<p>Wiele Pa\u0144 skar\u017cy si\u0119, \u017ce odk\u0105d zacz\u0119\u0142y farbowa\u0107 w\u0142osy, straci\u0142y one swoj\u0105 zdrow\u0105 kondycj\u0119, cz\u0119sto s\u0105 matowe, &#8222;sianowate&#8221;, \u0142amliwe i suche na ko\u0144cach. Nie da si\u0119 ukry\u0107, \u017ce\u00a0farbowanie w\u0142os\u00f3w to proces chemiczny i nawet profesjonalne, nowej generacji farby w mniejszym czy wi\u0119kszym stopniu ingeruj\u0105 w naturaln\u0105 struktur\u0119 w\u0142osa.\u00a0Zobacz, co mo\u017cesz z tym zrobi\u0107. A przede [&hellip;]<\/p>\n","protected":false},"author":5,"featured_media":6579,"comment_status":"open","ping_status":"closed","sticky":false,"template":"","format":"standard","meta":{"footnotes":""},"categories":[11],"tags":[8,73],"yst_prominent_words":[10651,6542,881,2999,2333,1555,722,1564,3220,4585,766,2132,940,10650,10653,1463,704,2267,717,10652],"class_list":["post-437","post","type-post","status-publish","format-standard","has-post-thumbnail","hentry","category-porady","tag-sposob-na-piekne-wlosy","tag-wlosy-farbowane"],"_links":{"self":[{"href":"https:\/\/www.hairstore.pl\/blog\/wp-json\/wp\/v2\/posts\/437","targetHints":{"allow":["GET"]}}],"collection":[{"href":"https:\/\/www.hairstore.pl\/blog\/wp-json\/wp\/v2\/posts"}],"about":[{"href":"https:\/\/www.hairstore.pl\/blog\/wp-json\/wp\/v2\/types\/post"}],"author":[{"embeddable":true,"href":"https:\/\/www.hairstore.pl\/blog\/wp-json\/wp\/v2\/users\/5"}],"replies":[{"embeddable":true,"href":"https:\/\/www.hairstore.pl\/blog\/wp-json\/wp\/v2\/comments?post=437"}],"version-history":[{"count":4,"href":"https:\/\/www.hairstore.pl\/blog\/wp-json\/wp\/v2\/posts\/437\/revisions"}],"predecessor-version":[{"id":15602,"href":"https:\/\/www.hairstore.pl\/blog\/wp-json\/wp\/v2\/posts\/437\/revisions\/15602"}],"wp:featuredmedia":[{"embeddable":true,"href":"https:\/\/www.hairstore.pl\/blog\/wp-json\/wp\/v2\/media\/6579"}],"wp:attachment":[{"href":"https:\/\/www.hairstore.pl\/blog\/wp-json\/wp\/v2\/media?parent=437"}],"wp:term":[{"taxonomy":"category","embeddable":true,"href":"https:\/\/www.hairstore.pl\/blog\/wp-json\/wp\/v2\/categories?post=437"},{"taxonomy":"post_tag","embeddable":true,"href":"https:\/\/www.hairstore.pl\/blog\/wp-json\/wp\/v2\/tags?post=437"},{"taxonomy":"yst_prominent_words","embeddable":true,"href":"https:\/\/www.hairstore.pl\/blog\/wp-json\/wp\/v2\/yst_prominent_words?post=437"}],"curies":[{"name":"wp","href":"https:\/\/api.w.org\/{rel}","templated":true}]}}