{"id":4341,"date":"2017-08-09T10:07:57","date_gmt":"2017-08-09T08:07:57","guid":{"rendered":"http:\/\/blog.hairstore.pl\/?p=4341"},"modified":"2020-09-30T18:44:37","modified_gmt":"2020-09-30T16:44:37","slug":"lookbook-activ-80s","status":"publish","type":"post","link":"https:\/\/www.hairstore.pl\/blog\/lookbook-activ-80s\/","title":{"rendered":"Lookbook: Activ 80&#8217;s"},"content":{"rendered":"<p>Przenie\u015b si\u0119 w czasie do lat 80. i czerp inspiracje!\u00a0<!--more--><\/p>\n<p><strong>Activ 80&#8217;s<\/strong> to trend o mocnym ci\u0119ciu, widocznej teksturze i wyrazistym kolorze. Dzi\u0119ki tym zabiegom fryzura zyskuje \u015bwie\u017co\u015bci i uroku.\u00a0Wszystkie propozycje kolorystyczne osi\u0105gni\u0119to przy u\u017cyciu <a href=\"https:\/\/www.hairstore.pl\/indola-pcc-farba-do-wlosow-60ml-p14385.html\">farb do w\u0142os\u00f3w\u00a0Indola<\/a>.<\/p>\n<h2>Look #1<\/h2>\n<p>Bob Glossed Violets\u00a0to mocna propozycja. Geometryczne ci\u0119cie i ostra grzywka w po\u0142\u0105czeniu z l\u015bni\u0105cym i eleganckim kolorem zachwyca w wydaniu sportowym. \u015aci\u0119cie ko\u0144czy si\u0119 tu\u017c przy brodzie. Fryzura jest \u017cywa i mieni si\u0119 mocno napigmentowanym fio\u0142kiem i jagod\u0105, kt\u00f3re pomieszane s\u0105 z czarnymi odcieniami.<\/p>\n<p><a href=\"https:\/\/www.hairstore.pl\/blog\/wp-content\/uploads\/2017\/08\/1.png\"><img decoding=\"async\" class=\"aligncenter size-full wp-image-4342\" src=\"https:\/\/www.hairstore.pl\/blog\/wp-content\/uploads\/2017\/08\/1.png\" alt=\"Activ 80's\" width=\"720\" height=\"365\" \/><\/a> <a href=\"https:\/\/www.hairstore.pl\/blog\/wp-content\/uploads\/2017\/08\/2.png\"><img decoding=\"async\" class=\"aligncenter size-full wp-image-4343\" src=\"https:\/\/www.hairstore.pl\/blog\/wp-content\/uploads\/2017\/08\/2.png\" alt=\"Activ 80's\" width=\"720\" height=\"365\" \/><\/a> <a href=\"https:\/\/www.hairstore.pl\/blog\/wp-content\/uploads\/2017\/08\/3.png\"><img decoding=\"async\" class=\"aligncenter size-full wp-image-4344\" src=\"https:\/\/www.hairstore.pl\/blog\/wp-content\/uploads\/2017\/08\/3.png\" alt=\"Indola\" width=\"720\" height=\"365\" \/><\/a> <a href=\"https:\/\/www.hairstore.pl\/blog\/wp-content\/uploads\/2017\/08\/4.png\"><img decoding=\"async\" class=\"aligncenter size-full wp-image-4345\" src=\"https:\/\/www.hairstore.pl\/blog\/wp-content\/uploads\/2017\/08\/4.png\" alt=\"Indola\" width=\"720\" height=\"365\" \/><\/a><\/p>\n<h2>Look #2<\/h2>\n<p>Glossed Violets to bardziej niezdyscyplinowana wersja, kt\u00f3ra dodaje pazura. Purpurowe odcienie podkre\u015blaj\u0105 owal twarzy oraz dodaj\u0105 fryzurze wielkomiejskiego luzu. U\u0142o\u017cenie z kontrolowanym chaosem \u015bwietnie prezentowa\u0107 si\u0119 b\u0119dzie na co dzie\u0144.<\/p>\n<p><a href=\"https:\/\/www.hairstore.pl\/blog\/wp-content\/uploads\/2017\/08\/6.png\"><img decoding=\"async\" class=\"aligncenter size-full wp-image-4347\" src=\"https:\/\/www.hairstore.pl\/blog\/wp-content\/uploads\/2017\/08\/6.png\" alt=\"Hairstorepl\" width=\"720\" height=\"365\" \/><\/a> <a href=\"https:\/\/www.hairstore.pl\/blog\/wp-content\/uploads\/2017\/08\/7.png\"><img decoding=\"async\" class=\"aligncenter size-full wp-image-4348\" src=\"https:\/\/www.hairstore.pl\/blog\/wp-content\/uploads\/2017\/08\/7.png\" alt=\"Hairstorepl\" width=\"720\" height=\"365\" \/><\/a> <a href=\"https:\/\/www.hairstore.pl\/blog\/wp-content\/uploads\/2017\/08\/8.png\"><img decoding=\"async\" class=\"aligncenter size-full wp-image-4349\" src=\"https:\/\/www.hairstore.pl\/blog\/wp-content\/uploads\/2017\/08\/8.png\" alt=\"Hairstorepl\" width=\"720\" height=\"365\" \/><\/a> <a href=\"https:\/\/www.hairstore.pl\/blog\/wp-content\/uploads\/2017\/08\/9.png\"><img decoding=\"async\" class=\"aligncenter size-full wp-image-4350\" src=\"https:\/\/www.hairstore.pl\/blog\/wp-content\/uploads\/2017\/08\/9.png\" alt=\"Hairstorepl\" width=\"720\" height=\"365\" \/><\/a><\/p>\n<p>&nbsp;<\/p>\n<h2>Look #3<\/h2>\n<p>Rough Side to stylowa ods\u0142ona chaosu pod kontrol\u0105. Doskona\u0142a dla m\u0119\u017cczyzn lubi\u0105cych wielkomiejski luz. Aby utrzyma\u0107 w\u0142osy na miejscu przed wiele godzin wystarczy u\u017cy\u0107 mocnej pasty do stylizacji.<\/p>\n<p><a href=\"https:\/\/www.hairstore.pl\/blog\/wp-content\/uploads\/2017\/08\/10.png\"><img decoding=\"async\" class=\"aligncenter size-full wp-image-4351\" src=\"https:\/\/www.hairstore.pl\/blog\/wp-content\/uploads\/2017\/08\/10.png\" alt=\"Indola\" width=\"720\" height=\"365\" \/><\/a> <a href=\"https:\/\/www.hairstore.pl\/blog\/wp-content\/uploads\/2017\/08\/12.png\"><img decoding=\"async\" class=\"aligncenter size-full wp-image-4352\" src=\"https:\/\/www.hairstore.pl\/blog\/wp-content\/uploads\/2017\/08\/12.png\" alt=\"Indola\" width=\"720\" height=\"365\" \/><\/a> <a href=\"https:\/\/www.hairstore.pl\/blog\/wp-content\/uploads\/2017\/08\/13.png\"><img decoding=\"async\" class=\"aligncenter size-full wp-image-4353\" src=\"https:\/\/www.hairstore.pl\/blog\/wp-content\/uploads\/2017\/08\/13.png\" alt=\"Hairstorepl\" width=\"720\" height=\"365\" \/><\/a><\/p>\n<h2>Look #4<\/h2>\n<p>G\u0142adko zaczesane na bok w\u0142osy stanowi\u0105 \u015bwietn\u0105 propozycj\u0119 dla m\u0119\u017cczyzn lubi\u0105cych elegancki look z lekk\u0105 nut\u0105 nonszalancji. Z tym uczesaniem \u015bwietnie wsp\u00f3\u0142gra z nab\u0142yszczaj\u0105cymi produktami do stylizacji.<\/p>\n<p><a href=\"https:\/\/www.hairstore.pl\/blog\/wp-content\/uploads\/2017\/08\/15.png\"><img decoding=\"async\" class=\"aligncenter size-full wp-image-4354\" src=\"https:\/\/www.hairstore.pl\/blog\/wp-content\/uploads\/2017\/08\/15.png\" alt=\"Hairstorepl\" width=\"720\" height=\"365\" \/><\/a> <a href=\"https:\/\/www.hairstore.pl\/blog\/wp-content\/uploads\/2017\/08\/17.png\"><img decoding=\"async\" class=\"aligncenter size-full wp-image-4355\" src=\"https:\/\/www.hairstore.pl\/blog\/wp-content\/uploads\/2017\/08\/17.png\" alt=\"Hairstorepl\" width=\"720\" height=\"365\" \/><\/a> <a href=\"https:\/\/www.hairstore.pl\/blog\/wp-content\/uploads\/2017\/08\/18.png\"><img decoding=\"async\" class=\"aligncenter size-full wp-image-4356\" src=\"https:\/\/www.hairstore.pl\/blog\/wp-content\/uploads\/2017\/08\/18.png\" alt=\"Hairstorepl\" width=\"720\" height=\"365\" \/><\/a><\/p>\n","protected":false},"excerpt":{"rendered":"<p>Przenie\u015b si\u0119 w czasie do lat 80. i czerp inspiracje!\u00a0<\/p>\n","protected":false},"author":5,"featured_media":6494,"comment_status":"open","ping_status":"closed","sticky":false,"template":"","format":"standard","meta":{"footnotes":""},"categories":[2],"tags":[207],"yst_prominent_words":[],"class_list":["post-4341","post","type-post","status-publish","format-standard","has-post-thumbnail","hentry","category-aktualnosci","tag-indola"],"_links":{"self":[{"href":"https:\/\/www.hairstore.pl\/blog\/wp-json\/wp\/v2\/posts\/4341","targetHints":{"allow":["GET"]}}],"collection":[{"href":"https:\/\/www.hairstore.pl\/blog\/wp-json\/wp\/v2\/posts"}],"about":[{"href":"https:\/\/www.hairstore.pl\/blog\/wp-json\/wp\/v2\/types\/post"}],"author":[{"embeddable":true,"href":"https:\/\/www.hairstore.pl\/blog\/wp-json\/wp\/v2\/users\/5"}],"replies":[{"embeddable":true,"href":"https:\/\/www.hairstore.pl\/blog\/wp-json\/wp\/v2\/comments?post=4341"}],"version-history":[{"count":1,"href":"https:\/\/www.hairstore.pl\/blog\/wp-json\/wp\/v2\/posts\/4341\/revisions"}],"predecessor-version":[{"id":6495,"href":"https:\/\/www.hairstore.pl\/blog\/wp-json\/wp\/v2\/posts\/4341\/revisions\/6495"}],"wp:featuredmedia":[{"embeddable":true,"href":"https:\/\/www.hairstore.pl\/blog\/wp-json\/wp\/v2\/media\/6494"}],"wp:attachment":[{"href":"https:\/\/www.hairstore.pl\/blog\/wp-json\/wp\/v2\/media?parent=4341"}],"wp:term":[{"taxonomy":"category","embeddable":true,"href":"https:\/\/www.hairstore.pl\/blog\/wp-json\/wp\/v2\/categories?post=4341"},{"taxonomy":"post_tag","embeddable":true,"href":"https:\/\/www.hairstore.pl\/blog\/wp-json\/wp\/v2\/tags?post=4341"},{"taxonomy":"yst_prominent_words","embeddable":true,"href":"https:\/\/www.hairstore.pl\/blog\/wp-json\/wp\/v2\/yst_prominent_words?post=4341"}],"curies":[{"name":"wp","href":"https:\/\/api.w.org\/{rel}","templated":true}]}}