{"id":4327,"date":"2017-08-04T14:17:26","date_gmt":"2017-08-04T12:17:26","guid":{"rendered":"http:\/\/blog.hairstore.pl\/?p=4327"},"modified":"2020-09-30T18:44:37","modified_gmt":"2020-09-30T16:44:37","slug":"stylizacja-wlosow-w-cieple-dni-mnie-oslabia","status":"publish","type":"post","link":"https:\/\/www.hairstore.pl\/blog\/stylizacja-wlosow-w-cieple-dni-mnie-oslabia\/","title":{"rendered":"Stylizacja w\u0142os\u00f3w w ciep\u0142e dni mnie os\u0142abia!"},"content":{"rendered":"<p>Ciep\u0142e dni s\u0105 przyjemne i poprawiaj\u0105 nastr\u00f3j, ale niestety nie sprzyjaj\u0105 stylizacji w\u0142os\u00f3w.<\/p>\n<p><!--more-->Nie wiem jak Wy, ale ja, susz\u0105c w\u0142osy przy temperaturze 28 stopni na zewn\u0105trz, roztapiam si\u0119 i przyklejam do \u015bcian. A na sam\u0105 my\u015bl o prostownicy czy lok\u00f3wce robi mi si\u0119 od razu s\u0142abo. Niestety, moje w\u0142osy wygl\u0105daj\u0105 lepiej po wysuszeniu rano. Postanowi\u0142am wi\u0119c moj\u0105 stylizacj\u0119 ograniczy\u0107 tylko do tego urz\u0105dzenia. W zwi\u0105zku tym poszukiwa\u0142am kosmetyk\u00f3w zar\u00f3wno do piel\u0119gnacji, jak i stylizacji, kt\u00f3re bez mojego wi\u0119kszego wysi\u0142ku sprawi\u0105, \u017ce u\u0142o\u017cenie w\u0142os\u00f3w na suszark\u0119 b\u0119dzie wystarczaj\u0105ce, a ja nie roztopi\u0119 si\u0119 w swojej \u0142azience.<\/p>\n<p>Wymy\u015bli\u0142am sobie zatem produkty marki Revlon Professional, kt\u00f3re, m\u00f3wi\u0105c szczerze, do tej pory nigdy nie stanowi\u0142y mojego pierwszego wyboru. Wybra\u0142am nast\u0119puj\u0105ce produkty:<\/p>\n<ul>\n<li><a href=\"https:\/\/www.hairstore.pl\/revlon-pro-you-color-szampon-chroniacy-kolor-350ml-p5201.html\">szampon do w\u0142os\u00f3w Revlon ProYou Color<\/a>, przeznaczon\u0105 do w\u0142os\u00f3w farbowanych<\/li>\n<li><a href=\"https:\/\/www.hairstore.pl\/revlon-uniq-one-maska-z-kwiatem-lotosu-10-korzysci-150ml-p10693.html\">mask\u0119 Revlon Uniq One Lotus Flower<\/a> (hit!)<\/li>\n<li>lakier do w\u0142os\u00f3w Revlon ProYou Volume<\/li>\n<li>oraz piank\u0119 Revlon Pro Volume.<\/li>\n<\/ul>\n<h2>Piel\u0119gnacja: \u015bredniak i hit<\/h2>\n<p>Mam farbowane w\u0142osy, wi\u0119c <a href=\"https:\/\/www.hairstore.pl\/szampony-revlon_ochrona-koloru\"><strong>szampon chroni\u0105cy kolor<\/strong><\/a> by\u0142 oczywistym wyborem. C\u00f3\u017c, szampon, jak szampon. Na dobr\u0105 spraw\u0119 mog\u0119 powiedzie\u0107, \u017ce jest przeci\u0119tny. Jedyn\u0105 rzecz\u0105, jaka go wyr\u00f3\u017cnia s\u0105 filtry przeciws\u0142oneczne UVA i UVB. Dzi\u0119ki temu s\u0142o\u0144ce nie uszkodzi oraz nie wysuszy w\u0142os\u00f3w, a tak\u017ce nie zmatowi koloru. Reasumuj\u0105c, szampon ani nie rozczarowuje, ani nie zachwyca. Co codziennego mycia w sam raz.<\/p>\n<p>Za to <a href=\"https:\/\/www.hairstore.pl\/revlon-uniq-one-maska-z-kwiatem-lotosu-10-korzysci-150ml-p10693.html\"><strong>maska Revlon z kwiatem lotosu<\/strong><\/a> to m\u00f3j absolutny hit! Nie przepadam raczej za produktami bez sp\u0142ukiwania, ale ten spray jest doskona\u0142y. Fakt, \u017ce jest bez sp\u0142ukiwania zaoszcz\u0119dza czas po porannym myciu. Ponadto natychmiast wyg\u0142adza i zmi\u0119kcza w\u0142osy, a tak\u017ce cudnie je nab\u0142yszcza.<br \/>\nI co najwa\u017cniejsze, mo\u017cna je \u015bmia\u0142o wysuszy\u0107 i wyj\u015b\u0107 z domu. W\u0142osy po prostu \u0142adnie si\u0119 uk\u0142adaj\u0105 po u\u017cyciu tej maski. Mam te\u017c wra\u017cenie, \u017ce kosmetyk u\u0142atwia stylizacj\u0119 i nieco przyspiesza suszenie. Opr\u00f3cz tego chroni kolor oraz zabezpiecza przed dzia\u0142aniem wysokiej temperatury. Jeszcze jedn\u0105 niew\u0105tpliw\u0105 zalet\u0105 jest zapach. Maska pachnie wr\u0119cz cudownie. Z pewno\u015bci\u0105 pozostan\u0119 wierna temu produktowi!<\/p>\n<p><a href=\"https:\/\/www.hairstore.pl\/blog\/wp-content\/uploads\/2017\/08\/revlon-razem.png\"><img decoding=\"async\" class=\"aligncenter size-full wp-image-4336\" src=\"https:\/\/www.hairstore.pl\/blog\/wp-content\/uploads\/2017\/08\/revlon-razem.png\" alt=\"piel\u0119gnacja Revlon\" width=\"720\" height=\"413\" \/><\/a><\/p>\n<h2>Elastyczne utrwalenie<\/h2>\n<p>Moj\u0105 s\u0142abo\u015bci\u0105 s\u0105 lakiery do w\u0142os\u00f3w. U\u017cywam codziennie, czasem nawet kilka razy dziennie. Oczywi\u015bcie dla mnie jedyn\u0105 mi\u0142o\u015bci\u0105 pozostaje lakier\u00a0<a href=\"https:\/\/www.hairstore.pl\/blog\/zoom-na-lakier-goldwell-salon-only\/\">Goldwell Salon Only<\/a>. Jednak\u017ce dla odmiany postanowi\u0142am wypr\u00f3bowa\u0107 <strong>lakier<\/strong>, kt\u00f3ry daje <strong>elastyczne utrwalenie.<\/strong> Jak dla mnie to bardzo ciekawy kosmetyk, poniewa\u017c daje kontrol\u0119 nad rozpuszczonymi w\u0142osami, ale nie skleja ich w sm\u0119tne str\u0105ki. Dodatkowo zapewnia w\u0142osom obj\u0119to\u015b\u0107, dzi\u0119ki temu wygl\u0105daj\u0105 po prostu dobrze. Lakier oceniam na mocn\u0105 czw\u00f3rk\u0119, ale nie jestem w stanie zrezygnowa\u0107 z wersji mocno utrwalaj\u0105cej. Zatem d\u0142ugo\u015b\u0107 spryskuje tym elastycznym, a g\u00f3r\u0119 przy grzywce mocniejszym.<\/p>\n<p><strong>Pianka<\/strong> jest jak dla mnie do\u015b\u0107 specyficznym kosmetykiem. Pierwsze, co zaskakuje po na\u0142o\u017ceniu na d\u0142o\u0144, to jej g\u0119sto\u015b\u0107. Jest <strong>bardzo kremowa<\/strong> i zbita. Dlatego te\u017c nie mo\u017cna przesadzi\u0107 z ilo\u015bci\u0105, poniewa\u017c mo\u017ce obci\u0105\u017cy\u0107 w\u0142osy. Kosmetyk \u0142adnie podkre\u015bla fryzur\u0119 i rzeczywi\u015bcie nadaje obj\u0119to\u015bci. Jednak\u017ce w kwestii utrwalenia jest raczej na \u015brednim poziomie. Trzeba przyzna\u0107, \u017ce \u015bwietnie wsp\u00f3\u0142gra z suszark\u0105. Z pewno\u015bci\u0105 przyda si\u0119 w codziennej stylizacji.<\/p>\n<h2>Dla kogo te produkty?<\/h2>\n<p>Dla kobiet o wszystkich rodzajach w\u0142os\u00f3w. Zw\u0142aszcza maska w sprayu. My\u015bl\u0119, \u017ce ta czw\u00f3rka stanowi \u015bwietny wakacyjny zestaw, kt\u00f3ry przede wszystkim nie obci\u0105\u017ca w\u0142os\u00f3w oraz chroni je przed dzia\u0142aniem s\u0142o\u0144ca. Produkty nie wymagaj\u0105 d\u0142ugich zabieg\u00f3w piel\u0119gnacyjnych i stylizacyjnych. Ich ceny sytuuj\u0105 je na \u015bredniej p\u00f3\u0142ce.<\/p>\n<div id=\"hsbp-1\" class=\"hsbp\"><\/div>\n<p><script type='text\/javascript' src='https:\/\/www.hairstore.pl\/produkty_wordpress.php?dst=hsbp-1&#038;prods=5201,10693,5177,5178'><\/script><\/p>\n","protected":false},"excerpt":{"rendered":"<p>Ciep\u0142e dni s\u0105 przyjemne i poprawiaj\u0105 nastr\u00f3j, ale niestety nie sprzyjaj\u0105 stylizacji w\u0142os\u00f3w.<\/p>\n","protected":false},"author":5,"featured_media":6426,"comment_status":"open","ping_status":"closed","sticky":false,"template":"","format":"standard","meta":{"footnotes":""},"categories":[2,31],"tags":[154,8,349],"yst_prominent_words":[7433,2221,722,2007,1821,1195,7434,1420,7435,2167,7432,3388,1432,777,7436,802,704,7431,7430,717],"class_list":["post-4327","post","type-post","status-publish","format-standard","has-post-thumbnail","hentry","category-aktualnosci","category-testy_produktow","tag-revlon","tag-sposob-na-piekne-wlosy","tag-stylizacja-2"],"_links":{"self":[{"href":"https:\/\/www.hairstore.pl\/blog\/wp-json\/wp\/v2\/posts\/4327","targetHints":{"allow":["GET"]}}],"collection":[{"href":"https:\/\/www.hairstore.pl\/blog\/wp-json\/wp\/v2\/posts"}],"about":[{"href":"https:\/\/www.hairstore.pl\/blog\/wp-json\/wp\/v2\/types\/post"}],"author":[{"embeddable":true,"href":"https:\/\/www.hairstore.pl\/blog\/wp-json\/wp\/v2\/users\/5"}],"replies":[{"embeddable":true,"href":"https:\/\/www.hairstore.pl\/blog\/wp-json\/wp\/v2\/comments?post=4327"}],"version-history":[{"count":3,"href":"https:\/\/www.hairstore.pl\/blog\/wp-json\/wp\/v2\/posts\/4327\/revisions"}],"predecessor-version":[{"id":12438,"href":"https:\/\/www.hairstore.pl\/blog\/wp-json\/wp\/v2\/posts\/4327\/revisions\/12438"}],"wp:featuredmedia":[{"embeddable":true,"href":"https:\/\/www.hairstore.pl\/blog\/wp-json\/wp\/v2\/media\/6426"}],"wp:attachment":[{"href":"https:\/\/www.hairstore.pl\/blog\/wp-json\/wp\/v2\/media?parent=4327"}],"wp:term":[{"taxonomy":"category","embeddable":true,"href":"https:\/\/www.hairstore.pl\/blog\/wp-json\/wp\/v2\/categories?post=4327"},{"taxonomy":"post_tag","embeddable":true,"href":"https:\/\/www.hairstore.pl\/blog\/wp-json\/wp\/v2\/tags?post=4327"},{"taxonomy":"yst_prominent_words","embeddable":true,"href":"https:\/\/www.hairstore.pl\/blog\/wp-json\/wp\/v2\/yst_prominent_words?post=4327"}],"curies":[{"name":"wp","href":"https:\/\/api.w.org\/{rel}","templated":true}]}}