{"id":4250,"date":"2017-07-11T14:02:54","date_gmt":"2017-07-11T12:02:54","guid":{"rendered":"http:\/\/blog.hairstore.pl\/?p=4250"},"modified":"2020-09-30T18:44:37","modified_gmt":"2020-09-30T16:44:37","slug":"przypudruj-sobie-wlos","status":"publish","type":"post","link":"https:\/\/www.hairstore.pl\/blog\/przypudruj-sobie-wlos\/","title":{"rendered":"Przypudruj sobie w\u0142os, czyli przegl\u0105d pudr\u00f3w zwi\u0119kszaj\u0105cych obj\u0119to\u015b\u0107 w\u0142os\u00f3w."},"content":{"rendered":"<p><span style=\"font-size: 1rem;\">Ka\u017cda z nas ma w torebce puder do twarzy, a co powiecie na pudry do w\u0142os\u00f3w? Musz\u0119 przyzna\u0107, \u017ce ten rodzaj kosmetyku by\u0142 dotychczas mi ca\u0142kiem obcy. Zach\u0119cona pozytywnymi recenzjami postanowi\u0142am przetestowa\u0107 cztery pudry, kt\u00f3rych zadaniem jej dodanie obj\u0119to\u015bci. Zapraszam na test pudr\u00f3w do w\u0142os\u00f3w do kt\u00f3rego wybra\u0142am:<!--more--><\/span><\/p>\n<ul>\n<li>Puder do w\u0142os\u00f3w Amercian Crew<\/li>\n<li>Puder do w\u0142os\u00f3w Indola<\/li>\n<li>Puder do w\u0142os\u00f3w L&#8217;Oreal Super Dust<\/li>\n<li>oraz\u00a0Puder do w\u0142os\u00f3w Schwarzkopf Osis+ Dust It.<\/li>\n<\/ul>\n<p>Opisz\u0119 je parami, poniewa\u017c dwa z nich maj\u0105 cech\u0119, kt\u00f3ra kompletnie mi nie odpowiada, ale dla kogo\u015b innego mo\u017ce by\u0107 kluczowa.<\/p>\n<h2>Szach mat! Pudry do w\u0142os\u00f3w z matowym wyko\u0144czeniem<\/h2>\n<p><a href=\"https:\/\/www.hairstore.pl\/american-crew-classic-proszek-zwiekszajacy-objetosc-10g-p7178.html\">Puder\u00a0American Crew<\/a> i <a href=\"https:\/\/www.hairstore.pl\/schwarzkopf-osis-dust-it-matujacy-puder-do-stylizacji-10g-p2618.html\"><strong>Schwarzkopf Dust It<\/strong><\/a> przede wszystkim zapewniaj\u0105 <strong>matowe wyko\u0144czenie<\/strong>. Niestety nie stan\u0105 si\u0119 moimi faworytami, poniewa\u017c ja lubi\u0119 po\u0142ysk na w\u0142osach. A ju\u017c zw\u0142aszcza na prawie czarnych, farbowanych. Jak dla mnie jest to minus nie do przej\u015bcia, mimo \u017ce obj\u0119to\u015b\u0107 u nasady, jak\u0105 zagwarantowa\u0142y mi te pudry, jest bardzo dobra.<strong> W\u0142osy od razu s\u0105 uniesione<\/strong>, nawet jeszcze przed przyst\u0105pieniem do konkretnej stylizacji. Wystarczy przypudrowa\u0107 w\u0142osy, ja to robi\u0142am na kilku warstwach wzd\u0142u\u017c przedzia\u0142ka. P\u00f3\u017aniej delikatnie &#8222;roztrzepuje&#8221; palcami. Mo\u017cna oczywi\u015bcie nawin\u0105\u0107 jeszcze na szczotk\u0119 lub tapirowa\u0107. Ale w codziennej porannej stylizacji ja ju\u017c tego nie robi\u0142am. Pudry maj\u0105 identyczn\u0105 konsystencj\u0119 i s\u0105 praktycznie bezzapachowe. Jedno i drugie opakowanie ma pojemno\u015b\u0107 10g.<\/p>\n<ul>\n<li>Czytaj na blogu: <a href=\"https:\/\/www.hairstore.pl\/blog\/zoom-na-szczotke-tangle-teezer-blow-styling\/\">Zoom na szczotk\u0119 Tangle Teezer\u00a0zwi\u0119kszaj\u0105c\u0105 obj\u0119to\u015b\u0107<\/a><\/li>\n<\/ul>\n<p><a href=\"https:\/\/www.hairstore.pl\/blog\/wp-content\/uploads\/2017\/07\/osis-i-am.png\"><img decoding=\"async\" class=\"aligncenter size-full wp-image-4261\" src=\"https:\/\/www.hairstore.pl\/blog\/wp-content\/uploads\/2017\/07\/osis-i-am.png\" alt=\"OSIS American Crew\" width=\"720\" height=\"365\" \/><\/a><\/p>\n<h2>Pudry do w\u0142os\u00f3w nadaj\u0105ce blasku w\u0142osom<\/h2>\n<p><strong><a href=\"https:\/\/www.hairstore.pl\/indola-texture-puder-dodajacy-objetosc-10g-p15581.html\">Puder Indola<\/a>\u00a0<\/strong>i<strong>\u00a0<a href=\"https:\/\/www.hairstore.pl\/loreal-tecni-art-super-dust-puder-dodajacy-objetosci-7g-p8528.html\">puder Loreal Super Dust<\/a><\/strong> to moi zdecydowani faworyci. Ten duet przede wszystkim nie matuje, a wr\u0119cz mam wra\u017cenie, \u017ce dodaje\u00a0po\u0142ysku. Dodaj\u0105 \u015bwietnej obj\u0119to\u015bci u nasady, a tak\u017ce na ca\u0142ej d\u0142ugo\u015bci. Po nakr\u0119ceniu w\u0142os\u00f3w na <a href=\"https:\/\/www.hairstore.pl\/termoloki-c24.html\">termoloki<\/a>\u00a0otrzymane fale przypudrowa\u0142am na d\u0142ugo\u015bci, przez co prezentowa\u0142y si\u0119 bardzo puszy\u015bcie i wr\u0119cz podbi\u0142o to trwa\u0142o\u015b\u0107 skr\u0119tu. Tak jak wy\u017cej, konsystencja to bia\u0142y, lekki mia\u0142. Indola ma 10g a L&#8217;Oreal 7g pojemno\u015bci. Pudry te polecam wszystkim, kt\u00f3rzy lubi\u0105 naturalny efekt obj\u0119to\u015bci i po\u0142ysk na w\u0142osach. A ma\u0142e rozmiary umo\u017cliwiaj\u0105 bezproblemowe wrzucenie do kosmetyczki.<\/p>\n<ul>\n<li>Czytaj na blogu:\u00a0<a href=\"https:\/\/www.hairstore.pl\/blog\/zoom-na-spray-matrix-high-amplify-root-lifter\/\">Trik na uniesienie w\u0142os\u00f3w u nasady<\/a><\/li>\n<\/ul>\n<h2><a href=\"https:\/\/www.hairstore.pl\/blog\/wp-content\/uploads\/2017\/07\/indola1.png\"><img decoding=\"async\" class=\"aligncenter size-full wp-image-4262\" src=\"https:\/\/www.hairstore.pl\/blog\/wp-content\/uploads\/2017\/07\/indola1.png\" alt=\"Indola L'Oreal\" width=\"720\" height=\"365\" \/><\/a>Dla kogo puder do w\u0142os\u00f3w?<\/h2>\n<p>My\u015bl\u0119, \u017ce zar\u00f3wno dla m\u0119\u017cczyzn, jak i kobiet. Raczej nie poleca\u0142abym dla w\u0142os\u00f3w przet\u0142uszczaj\u0105cych si\u0119, poniewa\u017c <a href=\"https:\/\/www.hairstore.pl\/pudry-c1338.html\">puder w\u0142os\u00f3w<\/a> mo\u017ce nieco obci\u0105\u017ca\u0107 sk\u00f3r\u0119 g\u0142owy sk\u0142onn\u0105 do nadprodukcji sebum. Kosmetyk \u015bwietnie sprawdzi si\u0119 na ka\u017cdej d\u0142ugo\u015bci w\u0142os\u00f3w. A w kwestii wyko\u0144czenia, matowego lub z po\u0142yskiem, to ju\u017c kwestia indywidualna. Z pewno\u015bci\u0105 warto wzi\u0105\u0107 pod uwag\u0119 ten rodzaj kosmetyku.<\/p>\n<div id=\"hsbp-1\" class=\"hsbp\"><\/div>\n<p><script type='text\/javascript' src='https:\/\/www.hairstore.pl\/produkty_wordpress.php?dst=hsbp-1&#038;prods=7178,2618,15581,15912,18060'><\/script><\/p>\n","protected":false},"excerpt":{"rendered":"<p>Ka\u017cda z nas ma w torebce puder do twarzy, a co powiecie na pudry do w\u0142os\u00f3w? Musz\u0119 przyzna\u0107, \u017ce ten rodzaj kosmetyku by\u0142 dotychczas mi ca\u0142kiem obcy. Zach\u0119cona pozytywnymi recenzjami postanowi\u0142am przetestowa\u0107 cztery pudry, kt\u00f3rych zadaniem jej dodanie obj\u0119to\u015bci. Zapraszam na test pudr\u00f3w do w\u0142os\u00f3w do kt\u00f3rego wybra\u0142am:<\/p>\n","protected":false},"author":5,"featured_media":9895,"comment_status":"open","ping_status":"closed","sticky":false,"template":"","format":"standard","meta":{"footnotes":""},"categories":[2,31],"tags":[160,207,462,144,3],"yst_prominent_words":[3928,3924,3927,3925,2952,2126,3929,2505,768,1678,1952,2347,3930,3923,2946,3921,3926,3922,2198,720],"class_list":["post-4250","post","type-post","status-publish","format-standard","has-post-thumbnail","hentry","category-aktualnosci","category-testy_produktow","tag-american-crew","tag-indola","tag-loreal","tag-schwarzkopf","tag-stylizacja-wlosow"],"_links":{"self":[{"href":"https:\/\/www.hairstore.pl\/blog\/wp-json\/wp\/v2\/posts\/4250","targetHints":{"allow":["GET"]}}],"collection":[{"href":"https:\/\/www.hairstore.pl\/blog\/wp-json\/wp\/v2\/posts"}],"about":[{"href":"https:\/\/www.hairstore.pl\/blog\/wp-json\/wp\/v2\/types\/post"}],"author":[{"embeddable":true,"href":"https:\/\/www.hairstore.pl\/blog\/wp-json\/wp\/v2\/users\/5"}],"replies":[{"embeddable":true,"href":"https:\/\/www.hairstore.pl\/blog\/wp-json\/wp\/v2\/comments?post=4250"}],"version-history":[{"count":4,"href":"https:\/\/www.hairstore.pl\/blog\/wp-json\/wp\/v2\/posts\/4250\/revisions"}],"predecessor-version":[{"id":12439,"href":"https:\/\/www.hairstore.pl\/blog\/wp-json\/wp\/v2\/posts\/4250\/revisions\/12439"}],"wp:featuredmedia":[{"embeddable":true,"href":"https:\/\/www.hairstore.pl\/blog\/wp-json\/wp\/v2\/media\/9895"}],"wp:attachment":[{"href":"https:\/\/www.hairstore.pl\/blog\/wp-json\/wp\/v2\/media?parent=4250"}],"wp:term":[{"taxonomy":"category","embeddable":true,"href":"https:\/\/www.hairstore.pl\/blog\/wp-json\/wp\/v2\/categories?post=4250"},{"taxonomy":"post_tag","embeddable":true,"href":"https:\/\/www.hairstore.pl\/blog\/wp-json\/wp\/v2\/tags?post=4250"},{"taxonomy":"yst_prominent_words","embeddable":true,"href":"https:\/\/www.hairstore.pl\/blog\/wp-json\/wp\/v2\/yst_prominent_words?post=4250"}],"curies":[{"name":"wp","href":"https:\/\/api.w.org\/{rel}","templated":true}]}}