{"id":3436,"date":"2016-06-23T11:26:24","date_gmt":"2016-06-23T09:26:24","guid":{"rendered":"http:\/\/blog.hairstore.pl\/?p=3436"},"modified":"2021-01-21T12:23:01","modified_gmt":"2021-01-21T11:23:01","slug":"henna-dla-brodaczy","status":"publish","type":"post","link":"https:\/\/www.hairstore.pl\/blog\/henna-dla-brodaczy\/","title":{"rendered":"Henna dla brodaczy!"},"content":{"rendered":"<p>Do tej pory henna kojarzy\u0142a si\u0119 raczej z zabiegami dla kobiet. Ale odk\u0105d brody opanowa\u0142y m\u0119skie oblicza, henna wykorzystywana jest tak\u017ce do ich przyciemniania. Farbowanie brody jeszcze nigdy nie by\u0142o tak proste!<\/p>\n<p><!--more--><\/p>\n<p>Czasem bywa tak, \u017ce upragniona broda nie ma takiego koloru, jaki \u017cyczy sobie jej w\u0142a\u015bciciel. Wtedy z pomoc\u0105 przychodzi w\u0142a\u015bnie <a href=\"https:\/\/www.hairstore.pl\/henna-refectocil\"><strong>henna RefectoCil<\/strong><\/a>, kt\u00f3ra pozwala na osi\u0105gni\u0119cie idealnego, naturalnego koloru. Ponadto eliminuje siwe i rudawe w\u0142osy. Ponadto <strong>farbowanie zarostu<\/strong> henn\u0105 jest szybkie i z pewno\u015bci\u0105 nie zaszkodzi Twojemu m\u0119skiemu wizerunkowi!<\/p>\n<p><strong>Henna<\/strong> nie jest trwa\u0142\u0105 koloryzacj\u0105 i w dodatku nie tworzy na brodzie sztucznego &#8222;farbowanego efektu&#8221;. Wystarczy kilka razy sprawdzi\u0107, ile minut trzymania s\u0142u\u017cy najbardziej. Chodzi to bardzie o ewentualne skr\u00f3cenie czasu dla naturalnego efektu. Zbytnie wyd\u0142u\u017cenie spowodowa\u0107 mo\u017ce przejaskrawiony efekt, no chyba, \u017ce tak w\u0142a\u015bnie lubisz! W dodatku henna to groszowe sprawy, wi\u0119c jej regularne u\u017cywanie nie nadszarpnie Twojego bud\u017cetu!<\/p>\n<p>A je\u015bli ju\u017c kolor b\u0119dzie zadowalaj\u0105cy mo\u017cesz wtedy \u015bmia\u0142o si\u0119ga\u0107 po wszystkie <strong>olejki<\/strong>, kt\u00f3re pi\u0119knie j\u0105 nab\u0142yszcz\u0105. A w dodatku sprawi\u0105, \u017ce b\u0119dzie od\u017cywiona, zmi\u0119kczona, pachn\u0105ca i przyjemna w dotyku. Bowiem broda to nie tylko chwilowy sza\u0142, to styl bycia.<\/p>\n<h2>Jak farbowa\u0107 brod\u0119?<\/h2>\n<p>Sama koloryzacja jest banalnie prosta: wystarczy zmiesza\u0107 wybrany kolor z utleniaczem w kremie. A dok\u0142adniej: Do miseczki dodaj 2 cm henny i 10 kropli utleniacza.\u00a0Wymieszaj wszystko dok\u0142adnie p\u0119dzelkiem, a\u017c powstanie kremowa konsystencja.\u00a0 Zalecamy u\u017cycie p\u0119dzelka sko\u015bnego o twardym w\u0142osiu. Najlepiej robi\u0107 to w wys\u0142u\u017conej koszulce, gdy\u017c plamy z henny na materiale mog\u0105 by\u0107 nieco uci\u0105\u017cliwe. Ja polecam k\u0142a\u015b\u0107 henn\u0119 wieczorem, gdy\u017c w pierwsze godziny po na\u0142o\u017ceniu efekt mo\u017ce by\u0107 do\u015b\u0107 intensywny. W dodatku nieprzekonanym Panom pozwoli si\u0119 to oswoi\u0107 z nowym obliczem.<\/p>\n<h2>Jasnobr\u0105zowa i grafitowa henna<\/h2>\n<p>W przypadku<strong> jasnego br\u0105zu i grafitu<\/strong>\u00a0polecany czas trzymania mieszanki to maksymalnie 10 min. Przy tych kolorach nie musisz si\u0119 przejmowa\u0107 je\u015bli dojdzie do kontaktu ze sk\u00f3r\u0105. Te kolory s\u0105 jasne i nie pozostawiaj\u0105 \u015blad\u00f3w.<\/p>\n<div id=\"hsbp-4\" class=\"hsbp\"><\/div>\n<p><script type='text\/javascript' src='https:\/\/www.hairstore.pl\/produkty_wordpress.php?dst=hsbp-4&#038;prods=273, 274, 278, 1015, 2055'><\/script><\/p>\n<h2>Br\u0105zowa i czarna henna<\/h2>\n<p>Natomiast w przypadku<strong> br\u0105zu i czarnego<\/strong>\u00a0zalecany czas trzymania mieszanki to maksymalnie 5 min. Przy aplikacji tych kolor\u00f3w nale\u017cy zachowa\u0107 ostro\u017cno\u015b\u0107, poniewa\u017c mog\u0105 one barwi\u0107 sk\u00f3r\u0119. Oczywi\u015bcie czas dzia\u0142ania zale\u017cy od oczekiwanego rezultatu. Im d\u0142u\u017cszy, tym <strong>mocniejsze przyciemnienie zarostu.<\/strong><\/p>\n<p>Wskaz\u00f3wka: ruda broda zniknie, gdy wybierzesz henn\u0119 w kolorze jasnego br\u0105zu. Odcie\u0144 ten nie przyciemni brody, jedynie zniweluje czerwony pigment. W przypadku siwych w\u0142osk\u00f3w na ciemnej brodzie nale\u017cy si\u0119gn\u0105\u0107 po g\u0142\u0119bok\u0105 czer\u0144 i wyd\u0142u\u017cy\u0107 trzymanie mieszanki o 10 min.<\/p>\n<p>Po odczekaniu wyznaczonego czasu dok\u0142adnie umyj brod\u0119 wilgotnym wacikiem. Nast\u0119pnie u\u017cyj wilgotnego r\u0119cznika (najlepiej w ciemnym kolorze) aby usun\u0105\u0107 resztki henny. W przypadku zafarbowania sk\u00f3ry zastosuj specjalny\u00a0<a href=\"https:\/\/www.hairstore.pl\/refectocil-color-cleanser-preparat-do-usuwania-farby-ze-skory-100ml-p1015.html\">preparat\u00a0do usuwania henny ze sk\u00f3ry<\/a>.<\/p>\n<p><a href=\"https:\/\/www.hairstore.pl\/blog\/wp-content\/uploads\/2016\/06\/infografika.jpg\"><img decoding=\"async\" class=\"alignleft size-full wp-image-5510\" src=\"https:\/\/www.hairstore.pl\/blog\/wp-content\/uploads\/2016\/06\/infografika.jpg\" alt=\"Przyciemnianie brody\" width=\"1024\" height=\"685\" \/><\/a><\/p>\n","protected":false},"excerpt":{"rendered":"<p>Do tej pory henna kojarzy\u0142a si\u0119 raczej z zabiegami dla kobiet. Ale odk\u0105d brody opanowa\u0142y m\u0119skie oblicza, henna wykorzystywana jest tak\u017ce do ich przyciemniania. Farbowanie brody jeszcze nigdy nie by\u0142o tak proste!<\/p>\n","protected":false},"author":5,"featured_media":9158,"comment_status":"open","ping_status":"closed","sticky":false,"template":"","format":"standard","meta":{"footnotes":""},"categories":[11350],"tags":[11385,315],"yst_prominent_words":[936,922,932,933,934,931,924,920,918,927,2497,926,928,925,929,921,930,935,923,919],"class_list":["post-3436","post","type-post","status-publish","format-standard","has-post-thumbnail","hentry","category-meska-strefa","tag-henna","tag-refectocil"],"_links":{"self":[{"href":"https:\/\/www.hairstore.pl\/blog\/wp-json\/wp\/v2\/posts\/3436","targetHints":{"allow":["GET"]}}],"collection":[{"href":"https:\/\/www.hairstore.pl\/blog\/wp-json\/wp\/v2\/posts"}],"about":[{"href":"https:\/\/www.hairstore.pl\/blog\/wp-json\/wp\/v2\/types\/post"}],"author":[{"embeddable":true,"href":"https:\/\/www.hairstore.pl\/blog\/wp-json\/wp\/v2\/users\/5"}],"replies":[{"embeddable":true,"href":"https:\/\/www.hairstore.pl\/blog\/wp-json\/wp\/v2\/comments?post=3436"}],"version-history":[{"count":6,"href":"https:\/\/www.hairstore.pl\/blog\/wp-json\/wp\/v2\/posts\/3436\/revisions"}],"predecessor-version":[{"id":11428,"href":"https:\/\/www.hairstore.pl\/blog\/wp-json\/wp\/v2\/posts\/3436\/revisions\/11428"}],"wp:featuredmedia":[{"embeddable":true,"href":"https:\/\/www.hairstore.pl\/blog\/wp-json\/wp\/v2\/media\/9158"}],"wp:attachment":[{"href":"https:\/\/www.hairstore.pl\/blog\/wp-json\/wp\/v2\/media?parent=3436"}],"wp:term":[{"taxonomy":"category","embeddable":true,"href":"https:\/\/www.hairstore.pl\/blog\/wp-json\/wp\/v2\/categories?post=3436"},{"taxonomy":"post_tag","embeddable":true,"href":"https:\/\/www.hairstore.pl\/blog\/wp-json\/wp\/v2\/tags?post=3436"},{"taxonomy":"yst_prominent_words","embeddable":true,"href":"https:\/\/www.hairstore.pl\/blog\/wp-json\/wp\/v2\/yst_prominent_words?post=3436"}],"curies":[{"name":"wp","href":"https:\/\/api.w.org\/{rel}","templated":true}]}}