{"id":3300,"date":"2016-03-08T12:25:13","date_gmt":"2016-03-08T11:25:13","guid":{"rendered":"http:\/\/blog.hairstore.pl\/?p=3300"},"modified":"2020-09-30T18:44:40","modified_gmt":"2020-09-30T16:44:40","slug":"nowosci-do-stylizacji-schwarzkopf-osis","status":"publish","type":"post","link":"https:\/\/www.hairstore.pl\/blog\/nowosci-do-stylizacji-schwarzkopf-osis\/","title":{"rendered":"Nowo\u015bci do stylizacji Schwarzkopf OSIS+"},"content":{"rendered":"<p>Wejd\u017a na kolejny poziom stylizacji w\u0142os\u00f3w!<\/p>\n<p><!--more--><\/p>\n<p>Nareszcie przysz\u0142a wiosna, a to oznacza wi\u0119ksz\u0105 swobod\u0119 stylizacji w\u0142os\u00f3w. W ko\u0144cu b\u0119dzie mo\u017cna zrezygnowa\u0107 z elektryzuj\u0105cych i przyklepuj\u0105cych w\u0142osy szalik\u00f3w i czapek.<\/p>\n<h2>Przegl\u0105d wybranch nowo\u015bci<\/h2>\n<p><strong>Podk\u0142ad do w\u0142os\u00f3w <a href=\"https:\/\/www.hairstore.pl\/schwarzkopf-osis-undercoat-wygladzajacy-podklad-do-wlosow-75ml-p9300.html\" target=\"_blank\" rel=\"noopener noreferrer\">Undercoat<\/a><\/strong>, czyli \u015bwietna baza wyj\u015bciowa do dalszej stylizacji. Wystarczy na\u0142o\u017cy\u0107 niewielk\u0105 ilo\u015b\u0107 kosmetyku na w\u0142osy, a ju\u017c uzyskujemy ekstra g\u0142adkie utrwalenie. Powierzchnia w\u0142os\u00f3w staje si\u0119 wyr\u00f3wnana, g\u0142adka i chroniona przed puszeniem. Ponadto produkt sprawia, \u017ce w\u0142osy s\u0105 spr\u0119\u017cyste w dotyku i nab\u0142yszczone.<\/p>\n<p><strong>Spray przyspieszaj\u0105cy suszenie<a href=\"https:\/\/www.hairstore.pl\/schwarzkopf-osis-blowgo-spray-przyspieszajacy-suszenie-nadajacy-objetosc-200ml-p4251.html\" target=\"_blank\" rel=\"noopener noreferrer\"> Blow&amp;Go<\/a><\/strong>. W\u0142osy s\u0105 g\u0142adsze, bardziej b\u0142yszcz\u0105ce a Ty oszcz\u0119dzasz czas sp\u0119dzony przy suszarce. Ponadto pasma s\u0105 chronione przed puszeniem i wysok\u0105 temperatur\u0105. Kosmetyk zapewnia kontrol\u0119 nad stylem i \u0142atw\u0105 stylizacj\u0119.<\/p>\n<p><strong>Krem wyg\u0142adzaj\u0105cy <a href=\"https:\/\/www.hairstore.pl\/schwarzkopf-osis-tame-wild-krem-wygladzajacy-150ml-p9299.html\" target=\"_blank\" rel=\"noopener noreferrer\">Tame Wild<\/a><\/strong>, czyli g\u0142adka powierzchnia w\u0142os\u00f3w, ochrona przed wilgoci\u0105 i naturalny po\u0142ysk. Ponadto krem chroni przed dzia\u0142aniem wysokiej temperatury oraz chroni przed puszeniem. \u015awietny dla fanek idealnie prostych pasm.<\/p>\n<p><strong>\u017bel nadaj\u0105cy obj\u0119to\u015b\u0107 <a href=\"https:\/\/www.hairstore.pl\/schwarzkopf-osis-big-blast-zel-nadajacy-objetosc-200ml-p9255.html\" target=\"_blank\" rel=\"noopener noreferrer\">Big Blast<\/a><\/strong>. Sprawia, \u017ce w\u0142osy s\u0105 uniesione u nasady, zapewnia d\u0142ugotrwa\u0142\u0105 i mocn\u0105 obj\u0119to\u015b\u0107 oraz chroni przed ciep\u0142em w trakcie suszenia w\u0142os\u00f3w. Ma bardzo lekk\u0105 formu\u0142\u0119 i jest wygodny w u\u017cyciu.<\/p>\n<p><strong>Krem na loki <a href=\"https:\/\/www.hairstore.pl\/schwarzkopf-osis-curl-honey-krem-do-lokow-150ml-p9257.html\" target=\"_blank\" rel=\"noopener noreferrer\">Curl Honey<\/a><\/strong> podkre\u015bla naturalny skr\u0119t. Dodaje spr\u0119\u017cysto\u015bci, ujarzmia i chroni w\u0142osy przed puszeniem si\u0119 oraz nab\u0142yszcza powierzchni\u0119 pasm. Ponadto zapewnia naturalne utrwalenie dla w\u0142os\u00f3w szorstkich.<\/p>\n<p><strong>\u017bel podkre\u015blaj\u0105cy loki z olejkiem <a href=\"https:\/\/www.hairstore.pl\/schwarzkopf-osis-bouncy-curls-zel-podkreslajacy-loki-200ml-p9256.html\" target=\"_blank\" rel=\"noopener noreferrer\">Bouncy Curls<\/a><\/strong>. Zapewnia mocne utrwalenie lok\u00f3w dla cienkich i \u015brednich w\u0142os\u00f3w. Posiada lekk\u0105 konsystencj\u0119, dzi\u0119ki temu w\u0142osy s\u0105 mi\u0119kkie w dotyku i nie posklejane.<\/p>\n<p><strong>Pomada daj\u0105ca efekt mokrych w\u0142os\u00f3w <a href=\"https:\/\/www.hairstore.pl\/schwarzkopf-osis-damped-pomada-dajaca-efekt-mokrych-wlosow-200ml-p9258.html\" target=\"_blank\" rel=\"noopener noreferrer\">Damped<\/a>.<\/strong> \u015awietna do wydzielania pasma, g\u0142adkich stylizacji i d\u0142u\u017cszych w\u0142os\u00f3w. Pomada \u015bwietnie sprawdzi si\u0119 w wilgotnych stylizacjach, nadaje tekstury oraz mocnego po\u0142ysku.<\/p>\n<p><strong>Ultra mocny wodoodporny \u017cel <a href=\"https:\/\/www.hairstore.pl\/schwarzkopf-osis-play-tough-ultra-mocny-wodoodporny-zel-150ml-p9295.html\" target=\"_blank\" rel=\"noopener noreferrer\">Play Tough<\/a><\/strong> zapewnia d\u0142ugotrwa\u0142e, super mocne utrwalenie. Ma lekk\u0105 konsystencj\u0119, kt\u00f3ra si\u0119 nie klei. Doskona\u0142y do fantazyjnych fryzur.<\/p>\n<p><strong>Ultra mocny matowy krem <a href=\"https:\/\/www.hairstore.pl\/schwarzkopf-osis-mighty-matte-mocno-utrwalajacy-krem-matujacy-85ml-p9294.html\" target=\"_blank\" rel=\"noopener noreferrer\">Mighty Matte<\/a><\/strong>. Zapewnia mocne utrwalenie i matowe wyko\u0144czenie. Gwarantuje zdecydowan\u0105 tekstur\u0119 oraz separacj\u0119 pasm. Jest \u0142atwy do usuni\u0119cia.<\/p>\n<p>Kosmetyki dost\u0119pne s\u0105 na <a href=\"https:\/\/www.hairstore.pl\/\" target=\"_blank\" rel=\"noopener noreferrer\">hairstore.pl<\/a><\/p>\n<div id='gallery-1' class='gallery galleryid-3300 gallery-columns-4 gallery-size-gallery-photo-size'><figure class='gallery-item'>\n\t\t\t<div class='gallery-icon portrait'>\n\t\t\t\t<a href='https:\/\/www.hairstore.pl\/blog\/wp-content\/uploads\/2016\/03\/MA_OS_PD_LIQ_BigBlast_200_0815.png'><img decoding=\"async\" width=\"300\" height=\"300\" src=\"https:\/\/www.hairstore.pl\/blog\/wp-content\/uploads\/2016\/03\/MA_OS_PD_LIQ_BigBlast_200_0815-300x300.png\" class=\"attachment-gallery-photo-size size-gallery-photo-size\" alt=\"Nowo\u015bci do stylizacji Schwarzkopf OSIS+\" srcset=\"https:\/\/www.hairstore.pl\/blog\/wp-content\/uploads\/2016\/03\/MA_OS_PD_LIQ_BigBlast_200_0815-300x300.png 300w, https:\/\/www.hairstore.pl\/blog\/wp-content\/uploads\/2016\/03\/MA_OS_PD_LIQ_BigBlast_200_0815-150x150.png 150w, https:\/\/www.hairstore.pl\/blog\/wp-content\/uploads\/2016\/03\/MA_OS_PD_LIQ_BigBlast_200_0815-180x180.png 180w\" sizes=\"(max-width: 300px) 100vw, 300px\" \/><\/a>\n\t\t\t<\/div><\/figure><figure class='gallery-item'>\n\t\t\t<div class='gallery-icon portrait'>\n\t\t\t\t<a href='https:\/\/www.hairstore.pl\/blog\/wp-content\/uploads\/2016\/03\/MA_OS_PD_LIQ_Blow__GoSmooth_200_0815.png'><img decoding=\"async\" width=\"300\" height=\"300\" src=\"https:\/\/www.hairstore.pl\/blog\/wp-content\/uploads\/2016\/03\/MA_OS_PD_LIQ_Blow__GoSmooth_200_0815-300x300.png\" class=\"attachment-gallery-photo-size size-gallery-photo-size\" alt=\"Nowo\u015bci do stylizacji Schwarzkopf OSIS+\" srcset=\"https:\/\/www.hairstore.pl\/blog\/wp-content\/uploads\/2016\/03\/MA_OS_PD_LIQ_Blow__GoSmooth_200_0815-300x300.png 300w, https:\/\/www.hairstore.pl\/blog\/wp-content\/uploads\/2016\/03\/MA_OS_PD_LIQ_Blow__GoSmooth_200_0815-150x150.png 150w, https:\/\/www.hairstore.pl\/blog\/wp-content\/uploads\/2016\/03\/MA_OS_PD_LIQ_Blow__GoSmooth_200_0815-180x180.png 180w\" sizes=\"(max-width: 300px) 100vw, 300px\" \/><\/a>\n\t\t\t<\/div><\/figure><figure class='gallery-item'>\n\t\t\t<div class='gallery-icon portrait'>\n\t\t\t\t<a href='https:\/\/www.hairstore.pl\/blog\/wp-content\/uploads\/2016\/03\/MA_OS_PD_LIQ_Hairbody_200_0815.png'><img decoding=\"async\" width=\"300\" height=\"300\" src=\"https:\/\/www.hairstore.pl\/blog\/wp-content\/uploads\/2016\/03\/MA_OS_PD_LIQ_Hairbody_200_0815-300x300.png\" class=\"attachment-gallery-photo-size size-gallery-photo-size\" alt=\"Nowo\u015bci do stylizacji Schwarzkopf OSIS+\" srcset=\"https:\/\/www.hairstore.pl\/blog\/wp-content\/uploads\/2016\/03\/MA_OS_PD_LIQ_Hairbody_200_0815-300x300.png 300w, https:\/\/www.hairstore.pl\/blog\/wp-content\/uploads\/2016\/03\/MA_OS_PD_LIQ_Hairbody_200_0815-150x150.png 150w, https:\/\/www.hairstore.pl\/blog\/wp-content\/uploads\/2016\/03\/MA_OS_PD_LIQ_Hairbody_200_0815-180x180.png 180w\" sizes=\"(max-width: 300px) 100vw, 300px\" \/><\/a>\n\t\t\t<\/div><\/figure><figure class='gallery-item'>\n\t\t\t<div class='gallery-icon portrait'>\n\t\t\t\t<a href='https:\/\/www.hairstore.pl\/blog\/wp-content\/uploads\/2016\/03\/MA_OS_PD_TU_Undercoat_75_0515.png'><img decoding=\"async\" width=\"300\" height=\"300\" src=\"https:\/\/www.hairstore.pl\/blog\/wp-content\/uploads\/2016\/03\/MA_OS_PD_TU_Undercoat_75_0515-300x300.png\" class=\"attachment-gallery-photo-size size-gallery-photo-size\" alt=\"Nowo\u015bci do stylizacji Schwarzkopf OSIS+\" srcset=\"https:\/\/www.hairstore.pl\/blog\/wp-content\/uploads\/2016\/03\/MA_OS_PD_TU_Undercoat_75_0515-300x300.png 300w, https:\/\/www.hairstore.pl\/blog\/wp-content\/uploads\/2016\/03\/MA_OS_PD_TU_Undercoat_75_0515-150x150.png 150w, https:\/\/www.hairstore.pl\/blog\/wp-content\/uploads\/2016\/03\/MA_OS_PD_TU_Undercoat_75_0515-180x180.png 180w\" sizes=\"(max-width: 300px) 100vw, 300px\" \/><\/a>\n\t\t\t<\/div><\/figure>\n\t\t<\/div>\n\n","protected":false},"excerpt":{"rendered":"<p>Wejd\u017a na kolejny poziom stylizacji w\u0142os\u00f3w!<\/p>\n","protected":false},"author":5,"featured_media":6676,"comment_status":"open","ping_status":"closed","sticky":false,"template":"","format":"standard","meta":{"footnotes":""},"categories":[2],"tags":[144,3],"yst_prominent_words":[],"class_list":["post-3300","post","type-post","status-publish","format-standard","has-post-thumbnail","hentry","category-aktualnosci","tag-schwarzkopf","tag-stylizacja-wlosow"],"_links":{"self":[{"href":"https:\/\/www.hairstore.pl\/blog\/wp-json\/wp\/v2\/posts\/3300","targetHints":{"allow":["GET"]}}],"collection":[{"href":"https:\/\/www.hairstore.pl\/blog\/wp-json\/wp\/v2\/posts"}],"about":[{"href":"https:\/\/www.hairstore.pl\/blog\/wp-json\/wp\/v2\/types\/post"}],"author":[{"embeddable":true,"href":"https:\/\/www.hairstore.pl\/blog\/wp-json\/wp\/v2\/users\/5"}],"replies":[{"embeddable":true,"href":"https:\/\/www.hairstore.pl\/blog\/wp-json\/wp\/v2\/comments?post=3300"}],"version-history":[{"count":5,"href":"https:\/\/www.hairstore.pl\/blog\/wp-json\/wp\/v2\/posts\/3300\/revisions"}],"predecessor-version":[{"id":15566,"href":"https:\/\/www.hairstore.pl\/blog\/wp-json\/wp\/v2\/posts\/3300\/revisions\/15566"}],"wp:featuredmedia":[{"embeddable":true,"href":"https:\/\/www.hairstore.pl\/blog\/wp-json\/wp\/v2\/media\/6676"}],"wp:attachment":[{"href":"https:\/\/www.hairstore.pl\/blog\/wp-json\/wp\/v2\/media?parent=3300"}],"wp:term":[{"taxonomy":"category","embeddable":true,"href":"https:\/\/www.hairstore.pl\/blog\/wp-json\/wp\/v2\/categories?post=3300"},{"taxonomy":"post_tag","embeddable":true,"href":"https:\/\/www.hairstore.pl\/blog\/wp-json\/wp\/v2\/tags?post=3300"},{"taxonomy":"yst_prominent_words","embeddable":true,"href":"https:\/\/www.hairstore.pl\/blog\/wp-json\/wp\/v2\/yst_prominent_words?post=3300"}],"curies":[{"name":"wp","href":"https:\/\/api.w.org\/{rel}","templated":true}]}}