{"id":3164,"date":"2015-10-09T12:45:38","date_gmt":"2015-10-09T10:45:38","guid":{"rendered":"http:\/\/blog.hairstore.pl\/?p=3164"},"modified":"2026-03-25T15:18:01","modified_gmt":"2026-03-25T14:18:01","slug":"nowa-seria-schwarzkopf-bc-excellium","status":"publish","type":"post","link":"https:\/\/www.hairstore.pl\/blog\/nowa-seria-schwarzkopf-bc-excellium\/","title":{"rendered":"Nowa seria Schwarzkopf BC Excellium!"},"content":{"rendered":"<p>Kosmetyki z serii Excellium powsta\u0142y z my\u015bl\u0105 o piel\u0119gnacji w\u0142os\u00f3w dojrza\u0142ych. Aby zwi\u0119kszy\u0107 ich skuteczno\u015b\u0107 podzielono je na trzy grupy: Obj\u0119to\u015b\u0107, Ujarzmianie i Upi\u0119kszanie.<\/p>\n<p><!--more--><\/p>\n<p>Poznaj sekret ka\u017cdej z nich.<\/p>\n<h2>Obj\u0119to\u015b\u0107, ujarzmienie i upi\u0119kszenie<\/h2>\n<p>Kosmetyki z<strong> serii Obj\u0119to\u015b\u0107<\/strong> przeznaczone s\u0105 do piel\u0119gnacji w\u0142os\u00f3w cienkich i farbowanych. W sk\u0142adzie znajduj\u0105 si\u0119 koenzym Q10 oraz collagen. Dzi\u0119ki temu stymulowana jest produkcja keratyny, a w\u0142osy zn\u00f3w s\u0105 witalne. Ponadto produkty dzi\u0119ki swoim w\u0142a\u015bciwo\u015bciom uzupe\u0142niaj\u0105 ubytki strukturalne oraz wzmacniaj\u0105 os\u0142abione pasma.<\/p>\n<p><strong>Seria Upi\u0119kszaj\u0105ca<\/strong> natomiast przeznaczona jest do piel\u0119gnacji w\u0142os\u00f3w dojrza\u0142ych o kolorze srebrno-bia\u0142ym z tendencj\u0105 do wysuszania si\u0119 i \u0142amania. W sk\u0142adzie serii znajduj\u0105 si\u0119 koenzym Q10 i ekstrakt z czarnych pere\u0142. Dzi\u0119ki takiemu po\u0142\u0105czeniu w\u0142osy odzyskuj\u0105 m\u0142ody wygl\u0105d oraz chronione s\u0105 przed starzeniem. Ponadto cudownie b\u0142yszcz\u0105 i s\u0105 elastyczne. Substancje zawarte w produktach tworz\u0105 na w\u0142osach specjalny film, kt\u00f3ry wzmacnia w\u0142\u00f3kna w\u0142osowe. Ponadto neutralizuj\u0105 \u017c\u00f3\u0142te tony i roz\u015bwietlaj\u0105 pigment.<\/p>\n<p><strong>Produkty Ujarzmiaj\u0105ce<\/strong> powsta\u0142y z my\u015bl\u0105 o w\u0142osach niesfornych i trudnych do u\u0142o\u017cenia. Doskonale poradz\u0105 sobie z w\u0142osami szorstkimi i farbowanymi. W sk\u0142adzie produkt\u00f3w znajduje si\u0119 koenzym Q10 oraz kwas Omega 3. Elementy te pobudzaj\u0105 cebulki w\u0142os\u00f3w do produkcji keratyny. Przywracaj\u0105 witalno\u015b\u0107 oraz chroni\u0105 sk\u00f3r\u0119 g\u0142owy.<\/p>\n<p>Wszystkie produkty z serii BC Excellium znajdziesz na <a href=\"https:\/\/www.hairstore.pl\/bc-excellium-c1100.html\" target=\"_blank\" rel=\"noopener noreferrer\">hairstore.pl<\/a><\/p>\n<p><img decoding=\"async\" class=\"aligncenter size-full wp-image-3168\" src=\"https:\/\/www.hairstore.pl\/blog\/wp-content\/uploads\/2015\/10\/540285_BC_Excellium_emo_Packshot_03.jpg\" alt=\"bc excellium \" width=\"1507\" height=\"945\" \/><\/p>\n","protected":false},"excerpt":{"rendered":"<p>Kosmetyki z serii Excellium powsta\u0142y z my\u015bl\u0105 o piel\u0119gnacji w\u0142os\u00f3w dojrza\u0142ych. Aby zwi\u0119kszy\u0107 ich skuteczno\u015b\u0107 podzielono je na trzy grupy: Obj\u0119to\u015b\u0107, Ujarzmianie i Upi\u0119kszanie.<\/p>\n","protected":false},"author":5,"featured_media":6707,"comment_status":"open","ping_status":"closed","sticky":false,"template":"","format":"standard","meta":{"footnotes":""},"categories":[2],"tags":[144,8],"yst_prominent_words":[766,6814,1952,940,1461,6815,1420,4499,8706,704],"class_list":["post-3164","post","type-post","status-publish","format-standard","has-post-thumbnail","hentry","category-aktualnosci","tag-schwarzkopf","tag-sposob-na-piekne-wlosy"],"_links":{"self":[{"href":"https:\/\/www.hairstore.pl\/blog\/wp-json\/wp\/v2\/posts\/3164","targetHints":{"allow":["GET"]}}],"collection":[{"href":"https:\/\/www.hairstore.pl\/blog\/wp-json\/wp\/v2\/posts"}],"about":[{"href":"https:\/\/www.hairstore.pl\/blog\/wp-json\/wp\/v2\/types\/post"}],"author":[{"embeddable":true,"href":"https:\/\/www.hairstore.pl\/blog\/wp-json\/wp\/v2\/users\/5"}],"replies":[{"embeddable":true,"href":"https:\/\/www.hairstore.pl\/blog\/wp-json\/wp\/v2\/comments?post=3164"}],"version-history":[{"count":4,"href":"https:\/\/www.hairstore.pl\/blog\/wp-json\/wp\/v2\/posts\/3164\/revisions"}],"predecessor-version":[{"id":27148,"href":"https:\/\/www.hairstore.pl\/blog\/wp-json\/wp\/v2\/posts\/3164\/revisions\/27148"}],"wp:featuredmedia":[{"embeddable":true,"href":"https:\/\/www.hairstore.pl\/blog\/wp-json\/wp\/v2\/media\/6707"}],"wp:attachment":[{"href":"https:\/\/www.hairstore.pl\/blog\/wp-json\/wp\/v2\/media?parent=3164"}],"wp:term":[{"taxonomy":"category","embeddable":true,"href":"https:\/\/www.hairstore.pl\/blog\/wp-json\/wp\/v2\/categories?post=3164"},{"taxonomy":"post_tag","embeddable":true,"href":"https:\/\/www.hairstore.pl\/blog\/wp-json\/wp\/v2\/tags?post=3164"},{"taxonomy":"yst_prominent_words","embeddable":true,"href":"https:\/\/www.hairstore.pl\/blog\/wp-json\/wp\/v2\/yst_prominent_words?post=3164"}],"curies":[{"name":"wp","href":"https:\/\/api.w.org\/{rel}","templated":true}]}}