{"id":2832,"date":"2015-05-05T09:18:25","date_gmt":"2015-05-05T07:18:25","guid":{"rendered":"http:\/\/blog.hairstore.pl\/?p=2832"},"modified":"2020-09-30T18:44:52","modified_gmt":"2020-09-30T16:44:52","slug":"wlosy-na-solarium","status":"publish","type":"post","link":"https:\/\/www.hairstore.pl\/blog\/wlosy-na-solarium\/","title":{"rendered":"W\u0142osy na solarium, czyli o czym pami\u0119ta\u0107 podczas opalania?"},"content":{"rendered":"<p>Opalaj\u0105c si\u0119 na solarium cz\u0119sto zapominamy, \u017ce jest ono tak samo szkodliwe jak s\u0142o\u0144ce.<\/p>\n<p><!--more--><\/p>\n<p>Je\u015bli odwiedzasz solarium raz na jaki\u015b czas Twoim w\u0142osom nic si\u0119 nie stanie. Jednak\u017ce je\u015bli lubisz wylegiwa\u0107 si\u0119 na sztucznym s\u0142o\u0144cu, Twoje w\u0142osy niestety mog\u0105 na tym ucierpie\u0107. Nale\u017cy pami\u0119ta\u0107, \u017ce lampy dzia\u0142aj\u0105 identycznie jak promienie s\u0142oneczne. A 15 minutowa sesja jest por\u00f3wnywalna do dwugodzinnego opalania si\u0119 na s\u0142o\u0144cu.<\/p>\n<h2>Najmniej odporne rodzaje w\u0142os\u00f3w:<\/h2>\n<ul>\n<li>blond<\/li>\n<li>siwe<\/li>\n<li>rozja\u015bniane<\/li>\n<\/ul>\n<p>Jak wida\u0107 najbardziej nara\u017cone s\u0105 w\u0142osy jasne, kt\u00f3re zawieraj\u0105 mniej melaniny lub s\u0105 jej ca\u0142kowicie pozbawione. A melanina w\u0142a\u015bnie odpowiada za ochron\u0119 przed promieniami UV. Ochrona ka\u017cdego rodzaju w\u0142os\u00f3w jest niezwykle wa\u017cna.<\/p>\n<h2>Jak chroni\u0107 w\u0142osy w trakcie opalania?<\/h2>\n<p>Zwi\u0105\u017c w\u0142osy i owi\u0144 je w r\u0119cznik. Ochronisz wtedy mieszki w\u0142osowe, w\u0142osy i sk\u00f3r\u0119 g\u0142owy. Ponadto warto stosowa\u0107 kosmetyki, kt\u00f3re zawieraj\u0105 filtry ochronne oraz witamin\u0119 A, B i E. Przed wej\u015bciem do kabiny spryskaj w\u0142osy kosmetykiem ochronnym i zwi\u0105\u017c pasma. Tych kilka prostych czynno\u015bci pozwoli Ci zachowa\u0107 zdrowe i witalne w\u0142osy. W efekcie b\u0119dziesz cieszy\u0107 si\u0119 zar\u00f3wno pi\u0119kn\u0105 opalenizn\u0105, jak i pi\u0119knymi w\u0142osami.\u00a0<a href=\"https:\/\/www.hairstore.pl\/olejki-i-serum_ochrona-uv\">Kosmetyki do w\u0142os\u00f3w z filtrami UV<\/a> znajdziesz oczywi\u015bcie w sklepie hairstore.pl<\/p>\n<p><img decoding=\"async\" class=\"alignnone size-full wp-image-2835\" src=\"https:\/\/www.hairstore.pl\/blog\/wp-content\/uploads\/2015\/05\/w\u0142osy-opalanie.png\" alt=\"w\u0142osy-opalanie\" width=\"720\" height=\"365\" \/><\/p>\n","protected":false},"excerpt":{"rendered":"<p>Opalaj\u0105c si\u0119 na solarium cz\u0119sto zapominamy, \u017ce jest ono tak samo szkodliwe jak s\u0142o\u0144ce.<\/p>\n","protected":false},"author":5,"featured_media":6746,"comment_status":"open","ping_status":"closed","sticky":false,"template":"","format":"standard","meta":{"footnotes":""},"categories":[2],"tags":[8],"yst_prominent_words":[],"class_list":["post-2832","post","type-post","status-publish","format-standard","has-post-thumbnail","hentry","category-aktualnosci","tag-sposob-na-piekne-wlosy"],"_links":{"self":[{"href":"https:\/\/www.hairstore.pl\/blog\/wp-json\/wp\/v2\/posts\/2832","targetHints":{"allow":["GET"]}}],"collection":[{"href":"https:\/\/www.hairstore.pl\/blog\/wp-json\/wp\/v2\/posts"}],"about":[{"href":"https:\/\/www.hairstore.pl\/blog\/wp-json\/wp\/v2\/types\/post"}],"author":[{"embeddable":true,"href":"https:\/\/www.hairstore.pl\/blog\/wp-json\/wp\/v2\/users\/5"}],"replies":[{"embeddable":true,"href":"https:\/\/www.hairstore.pl\/blog\/wp-json\/wp\/v2\/comments?post=2832"}],"version-history":[{"count":1,"href":"https:\/\/www.hairstore.pl\/blog\/wp-json\/wp\/v2\/posts\/2832\/revisions"}],"predecessor-version":[{"id":6747,"href":"https:\/\/www.hairstore.pl\/blog\/wp-json\/wp\/v2\/posts\/2832\/revisions\/6747"}],"wp:featuredmedia":[{"embeddable":true,"href":"https:\/\/www.hairstore.pl\/blog\/wp-json\/wp\/v2\/media\/6746"}],"wp:attachment":[{"href":"https:\/\/www.hairstore.pl\/blog\/wp-json\/wp\/v2\/media?parent=2832"}],"wp:term":[{"taxonomy":"category","embeddable":true,"href":"https:\/\/www.hairstore.pl\/blog\/wp-json\/wp\/v2\/categories?post=2832"},{"taxonomy":"post_tag","embeddable":true,"href":"https:\/\/www.hairstore.pl\/blog\/wp-json\/wp\/v2\/tags?post=2832"},{"taxonomy":"yst_prominent_words","embeddable":true,"href":"https:\/\/www.hairstore.pl\/blog\/wp-json\/wp\/v2\/yst_prominent_words?post=2832"}],"curies":[{"name":"wp","href":"https:\/\/api.w.org\/{rel}","templated":true}]}}