{"id":27942,"date":"2026-09-03T09:00:50","date_gmt":"2026-09-03T07:00:50","guid":{"rendered":"https:\/\/www.hairstore.pl\/blog\/?p=27942"},"modified":"2026-08-21T15:50:18","modified_gmt":"2026-08-21T13:50:18","slug":"odzywki-bez-splukiwania","status":"publish","type":"post","link":"https:\/\/www.hairstore.pl\/blog\/odzywki-bez-splukiwania\/","title":{"rendered":"Skoncentrowane od\u017cywki bez sp\u0142ukiwania &#8211; 8 produkt\u00f3w, kt\u00f3re warto zna\u0107"},"content":{"rendered":"<p>Rozczesywanie trwa wieczno\u015b\u0107, ko\u0144c\u00f3wki s\u0105 suche, w\u0142osy pusz\u0105 si\u0119 przy pierwszym kontakcie z wilgoci\u0105, a loki nast\u0119pnego dnia trac\u0105 ca\u0142y kszta\u0142t? Czasami zamiast kolejnej maski potrzebujesz kosmetyku, kt\u00f3ry zostaje na w\u0142osach i dzia\u0142a tam, gdzie jest najbardziej potrzebny.<\/p>\n<p><!--more--><\/p>\n<p><a href=\"https:\/\/www.hairstore.pl\/odzywki-bez-splukiwania\">Od\u017cywki bez sp\u0142ukiwania<\/a> przesta\u0142y by\u0107 ju\u017c wy\u0142\u0105cznie lekkim sprayem u\u0142atwiaj\u0105cym rozczesywanie. Nowoczesne produkty leave-in mog\u0105 jednocze\u015bnie nawil\u017ca\u0107, wyg\u0142adza\u0107, chroni\u0107 podczas stylizacji, podkre\u015bla\u0107 skr\u0119t, zabezpiecza\u0107 kolor albo dodawa\u0107 obj\u0119to\u015bci.<\/p>\n<div class=\"article-menu-box\"><div class=\"article-menu-header\">Z tego artyku\u0142u dowiesz si\u0119:<\/div>\n        <ul class=\"article-menu\"><li>czym r\u00f3\u017cni si\u0119 od\u017cywka bez sp\u0142ukiwania od klasycznej od\u017cywki<\/li><li>jaki produkt leave-in wybra\u0107 do w\u0142os\u00f3w suchych, blond, kr\u0119conych, pusz\u0105cych si\u0119 lub cienkich<\/li><li>jak stosowa\u0107 skoncentrowan\u0105 piel\u0119gnacj\u0119 bez obci\u0105\u017cania fryzury<\/li><\/ul><\/div>\n<p>Wybrali\u015bmy 8 produkt\u00f3w, kt\u00f3re odpowiadaj\u0105 na zupe\u0142nie r\u00f3\u017cne potrzeby w\u0142os\u00f3w. Sprawd\u017a, kt\u00f3ry z nich najlepiej pasuje do Twojej rutyny.<\/p>\n<h2>Od\u017cywka bez sp\u0142ukiwania &#8211; po co w\u0142a\u015bciwie jej u\u017cywa\u0107?<\/h2>\n<p>Klasyczna od\u017cywka dzia\u0142a podczas mycia i po kilku minutach zostaje sp\u0142ukana. <strong>Produkt leave-in pozostaje natomiast na w\u0142osach a\u017c do kolejnego mycia.<\/strong> Dzi\u0119ki temu mo\u017ce pe\u0142ni\u0107 rol\u0119 ostatniego etapu piel\u0119gnacji i jednocze\u015bnie przygotowywa\u0107 pasma do stylizacji.<\/p>\n<p><strong>W zale\u017cno\u015bci od formu\u0142y od\u017cywka bez sp\u0142ukiwania mo\u017ce pomaga\u0107:<\/strong><\/p>\n<ul>\n<li>u\u0142atwi\u0107 rozczesywanie,<\/li>\n<li>ograniczy\u0107 puszenie,<\/li>\n<li>nada\u0107 mi\u0119kko\u015b\u0107 i po\u0142ysk,<\/li>\n<li>zabezpieczy\u0107 suche ko\u0144c\u00f3wki,<\/li>\n<li>chroni\u0107 podczas suszenia i stylizacji termicznej,<\/li>\n<li>podkre\u015bli\u0107 loki i fale,<\/li>\n<li>wspiera\u0107 ochron\u0119 koloru,<\/li>\n<li>doda\u0107 fryzurze lekko\u015bci lub obj\u0119to\u015bci.<\/li>\n<\/ul>\n<p>Nie oznacza to jednak, \u017ce ka\u017cdy leave-in robi wszystko. Przy wyborze znacznie lepiej kierowa\u0107 si\u0119 najwa\u017cniejszym problemem w\u0142os\u00f3w ni\u017c liczb\u0105 obietnic wypisanych na opakowaniu.<\/p>\n<h2>Czy od\u017cywka bez sp\u0142ukiwania mo\u017ce zast\u0105pi\u0107 klasyczn\u0105?<\/h2>\n<p>Czasami tak, ale nie zawsze.<\/p>\n<p>Przy bardzo cienkich, \u0142atwo obci\u0105\u017caj\u0105cych si\u0119 w\u0142osach lekka mgie\u0142ka po myciu mo\u017ce by\u0107 wystarczaj\u0105ca. Grube, suche, rozja\u015bniane albo wysoko porowate pasma zwykle lepiej czuj\u0105 si\u0119 jednak wtedy, gdy leave-in jest dodatkiem do klasycznej od\u017cywki lub maski.<\/p>\n<p><strong>Najprostsza zasada? Je\u015bli po samym szamponie w\u0142osy s\u0105 szorstkie i spl\u0105tane, nie rezygnuj automatycznie z produktu do sp\u0142ukiwania. Leave-in potraktuj jako kolejn\u0105 warstw\u0119 ochronn\u0105 i wyg\u0142adzaj\u0105c\u0105.<\/strong><\/p>\n<h2>8 od\u017cywek i produkt\u00f3w leave-in, kt\u00f3re warto pozna\u0107<\/h2>\n<div id=\"hsbp-224415447e9be000e10153f2a5475a81\" class=\"hsbp\"><\/div>\n<h2>1. Milk Shake Incredible Milk &#8211; jeden produkt, wiele zada\u0144<\/h2>\n<p><a href=\"https:\/\/www.hairstore.pl\/milk-shake-incredible-milk-odzywka-12w1-bez-splukiwania-150ml-p61151.html\">Milk Shake Incredible Milk, od\u017cywka 12w1 bez sp\u0142ukiwania, 150 ml<\/a><\/p>\n<p>Je\u017celi nie chcesz mie\u0107 na p\u00f3\u0142ce osobnego produktu do rozczesywania, wyg\u0142adzania, termoochrony i ochrony koloru, ten kosmetyk zdecydowanie zas\u0142uguje na uwag\u0119.<\/p>\n<p>Milk Shake Incredible Milk to wielozadaniowa od\u017cywka w sprayu, kt\u00f3ra wspiera wyg\u0142adzenie w\u0142os\u00f3w, u\u0142atwia rozczesywanie, ogranicza puszenie i pomaga zabezpiecza\u0107 przesuszone ko\u0144c\u00f3wki. Mo\u017cesz wykorzysta\u0107 j\u0105 r\u00f3wnie\u017c przed suszeniem, prostowaniem lub stylizacj\u0105 lok\u00f3w, poniewa\u017c zapewnia ochron\u0119 termiczn\u0105.<\/p>\n<p>W sk\u0142adzie znajdziemy mi\u0119dzy innymi mas\u0142o muru muru, proteiny mleka oraz ekstrakty z mango, papai, czarnej porzeczki i maliny. Produkt wspiera r\u00f3wnie\u017c po\u0142ysk oraz ochron\u0119 w\u0142os\u00f3w farbowanych przed czynnikami zewn\u0119trznymi, w tym promieniowaniem UV.<\/p>\n<p><strong>Najlepsza dla:<\/strong> os\u00f3b szukaj\u0105cych uniwersalnego leave-inu do codziennej piel\u0119gnacji, szczeg\u00f3lnie w\u0142os\u00f3w suchych, pl\u0105cz\u0105cych si\u0119 i farbowanych.<\/p>\n<p><strong>Co zauwa\u017cysz najszybciej?<\/strong> \u0141atwiejsze rozczesywanie, wi\u0119ksz\u0105 mi\u0119kko\u015b\u0107 i bardziej uporz\u0105dkowan\u0105 powierzchni\u0119 w\u0142os\u00f3w.<\/p>\n<h2>2. K\u00e9rastase Gloss Absolu &#8211; gdy najwi\u0119kszym problemem jest puszenie<\/h2>\n<p><a href=\"https:\/\/www.hairstore.pl\/kerastase-gloss-absolu-mleczko-w-sprayu-zapobiegajace-puszeniu-sie-wlosow-all-in-1-190ml-p63035.html\">K\u00e9rastase Gloss Absolu Anti-Frizz Glaze, mleczko w sprayu All-In-1, 190 ml<\/a><\/p>\n<p>Masz d\u0142ugie w\u0142osy, kt\u00f3re po wysuszeniu wygl\u0105daj\u0105 g\u0142adko, ale wystarczy troch\u0119 wilgoci, aby pojawi\u0142a si\u0119 \u201echmurka\u201d odstaj\u0105cych kosmyk\u00f3w? Ten produkt zosta\u0142 stworzony w\u0142a\u015bnie z my\u015bl\u0105 o takim problemie.<\/p>\n<p>Mleczko K\u00e9rastase Gloss Absolu \u0142\u0105czy kwas hialuronowy, kwas glikolowy i olejek z dzikiej r\u00f3\u017cy. Formu\u0142a u\u0142atwia rozczesywanie, nawil\u017ca i wyg\u0142adza, pomaga ograniczy\u0107 puszenie oraz odstaj\u0105ce w\u0142oski, a jednocze\u015bnie przygotowuje pasma do suszenia. Zapewnia te\u017c ochron\u0119 termiczn\u0105 do 230\u00b0C oraz ochron\u0119 przed wysok\u0105 wilgotno\u015bci\u0105. Wed\u0142ug test\u00f3w producenta efekt wyg\u0142adzenia mo\u017ce utrzymywa\u0107 si\u0119 do czterech dni.<\/p>\n<p><strong>Najlepsza dla:<\/strong> d\u0142ugich, pusz\u0105cych si\u0119, niesfornych w\u0142os\u00f3w, kt\u00f3rym zale\u017cy na efekcie smooth &amp; glossy.<\/p>\n<p><strong>Co zauwa\u017cysz najszybciej?<\/strong> G\u0142adsz\u0105 powierzchni\u0119, \u0142atwiejsze rozczesywanie i mniej odstaj\u0105cych w\u0142osk\u00f3w.<\/p>\n<h2>3. Revlon Equave Hydro &#8211; klasyk do pl\u0105cz\u0105cych si\u0119 w\u0142os\u00f3w<\/h2>\n<p><a href=\"https:\/\/www.hairstore.pl\/revlon-equave-hydro-dwufazowa-odzywka-nawilzajaca-z-keratyna-500ml-p4342.html\">Revlon Equave Hydro, dwufazowa od\u017cywka nawil\u017caj\u0105ca z keratyn\u0105, 500 ml<\/a><\/p>\n<p>S\u0105 produkty, kt\u00f3re nie musz\u0105 robi\u0107 dziesi\u0119ciu rzeczy jednocze\u015bnie, \u017ceby sta\u0107 si\u0119 sta\u0142ym elementem \u0142azienki. Revlon Equave koncentruje si\u0119 przede wszystkim na tym, czego wiele os\u00f3b potrzebuje zaraz po myciu: \u0142atwym rozczesywaniu i wyg\u0142adzeniu.<\/p>\n<p>Dwufazowa formu\u0142a z keratyn\u0105 wspiera nawil\u017cenie suchych w\u0142os\u00f3w, pomaga wyg\u0142adzi\u0107 ich powierzchni\u0119 i ograniczy\u0107 pl\u0105tanie. Od\u017cywka pomaga r\u00f3wnie\u017c kontrolowa\u0107 puszenie oraz nadaje pasmom wi\u0119ksz\u0105 podatno\u015b\u0107 na stylizacj\u0119.<\/p>\n<p>Du\u017ca pojemno\u015b\u0107 500 ml sprawia, \u017ce mo\u017ce by\u0107 szczeg\u00f3lnie praktycznym wyborem przy d\u0142ugich, g\u0119stych w\u0142osach albo w domu, w kt\u00f3rym z produktu korzysta kilka os\u00f3b.<\/p>\n<p><strong>Najlepsza dla:<\/strong> w\u0142os\u00f3w suchych, szorstkich, falowanych i kr\u0119conych oraz wszystkich, kt\u00f3rzy nie lubi\u0105 walki ze szczotk\u0105 po myciu.<\/p>\n<p><strong>Co zauwa\u017cysz najszybciej?<\/strong> Szczotka \u0142atwiej przechodzi przez d\u0142ugo\u015bci, a w\u0142osy s\u0105 bardziej \u015bliskie i podatne na uk\u0142adanie.<\/p>\n<h2>4. K\u00e9rastase Blond Absolu Blonde Guard &#8211; tarcza dla blondu<\/h2>\n<p><a href=\"https:\/\/www.hairstore.pl\/kerastase-blond-absolu-blonde-guard-spray-bez-splukiwania-chroniacy-kolor-wlosow-blond-190ml-p79973.html\">K\u00e9rastase Blond Absolu Blonde Guard, spray bez sp\u0142ukiwania chroni\u0105cy kolor w\u0142os\u00f3w blond, 190 ml<\/a><\/p>\n<p>Rozja\u015bniane w\u0142osy maj\u0105 cz\u0119sto kilka potrzeb jednocze\u015bnie: wymagaj\u0105 nawil\u017cenia, \u0142atwo trac\u0105 blask, mog\u0105 mocniej si\u0119 pl\u0105ta\u0107 i s\u0105 bardziej nara\u017cone na dzia\u0142anie czynnik\u00f3w zewn\u0119trznych.<\/p>\n<p>Blonde Guard zosta\u0142 opracowany specjalnie dla r\u00f3\u017cnych rodzaj\u00f3w blondu. Lekka piel\u0119gnacja bez sp\u0142ukiwania chroni w\u0142osy przed wysok\u0105 temperatur\u0105, promieniowaniem UV, chlorem, s\u0142on\u0105 wod\u0105 oraz odwodnieniem. Formu\u0142a wykorzystuje kwas hialuronowy o dw\u00f3ch masach cz\u0105steczkowych oraz witaminy C i E.<\/p>\n<p>Wed\u0142ug testu instrumentalnego producenta spray zapewnia natychmiastowo o 81% wi\u0119cej nawil\u017cenia oraz ochron\u0119 przed 99% badanych czynnik\u00f3w szkodliwych dla blondu.<\/p>\n<p><strong>Najlepsza dla:<\/strong> w\u0142os\u00f3w blond, rozja\u015bnianych, z balayage&#8217;em i jasnymi refleksami.<\/p>\n<p><strong>Co zauwa\u017cysz najszybciej?<\/strong> Wi\u0119ksz\u0105 mi\u0119kko\u015b\u0107, \u0142atwiejsze rozczesywanie oraz bardziej \u015bwietliste wyko\u0144czenie.<\/p>\n<h2>5. Moroccanoil Hydration All in One &#8211; mi\u0119kko\u015b\u0107 dla suchych d\u0142ugo\u015bci<\/h2>\n<p><a href=\"https:\/\/www.hairstore.pl\/moroccanoil-hydration-all-in-one-nawilzajaca-odzywka-w-sprayu-160ml-p26712.html\">Moroccanoil Hydration All in One, nawil\u017caj\u0105ca od\u017cywka w sprayu, 160 ml<\/a><\/p>\n<p>To propozycja przede wszystkim dla os\u00f3b, kt\u00f3rych w\u0142osy po umyciu s\u0105 matowe, szorstkie i potrzebuj\u0105 dodatkowej porcji mi\u0119kko\u015bci, ale niekoniecznie ci\u0119\u017ckiego kremu lub olejku.<\/p>\n<p>Moroccanoil Hydration All in One ma mleczn\u0105, lekk\u0105 konsystencj\u0119 i mo\u017ce by\u0107 stosowany zar\u00f3wno po myciu, jak i w kolejnych dniach do od\u015bwie\u017cenia d\u0142ugo\u015bci. Formu\u0142a wspiera nawil\u017cenie, wyg\u0142adzenie i \u0142atwiejsze uk\u0142adanie pasm.<\/p>\n<p>W sk\u0142adzie znajdziemy olej arganowy, aminokwasy, sk\u0142adniki od\u017cywcze oraz cukry pochodzenia naturalnego, kt\u00f3re pomagaj\u0105 utrzyma\u0107 nawil\u017cenie i poprawi\u0107 g\u0142adko\u015b\u0107 w\u0142os\u00f3w.<\/p>\n<p><strong>Najlepsza dla:<\/strong> w\u0142os\u00f3w suchych, matowych, szorstkich i maj\u0105cych tendencj\u0119 do puszenia.<\/p>\n<p><strong>Co zauwa\u017cysz najszybciej?<\/strong> Wi\u0119ksz\u0105 mi\u0119kko\u015b\u0107 i mniejsz\u0105 szorstko\u015b\u0107 d\u0142ugo\u015bci.<\/p>\n<h2>6. CHI Luxury &#8211; piel\u0119gnacja, kolor i termoochrona<\/h2>\n<p><a href=\"https:\/\/www.hairstore.pl\/chi-luxury-odzywka-bez-splukiwania-118ml-p15920.html\">CHI Luxury, od\u017cywka bez sp\u0142ukiwania z olejkiem z czarnuszki, 118 ml<\/a><\/p>\n<p>CHI Luxury b\u0119dzie ciekawym wyborem dla os\u00f3b, kt\u00f3re regularnie susz\u0105, prostuj\u0105 lub kr\u0119c\u0105 w\u0142osy, a jednocze\u015bnie zale\u017cy im na utrzymaniu ich g\u0142adkiego i l\u015bni\u0105cego wygl\u0105du.<\/p>\n<p>Lekka od\u017cywka zawiera olejek z czarnuszki. Pomaga wyg\u0142adzi\u0107 w\u0142osy, poprawia ich mi\u0119kko\u015b\u0107 i elastyczno\u015b\u0107, wspiera ochron\u0119 podczas stylizacji termicznej oraz piel\u0119gnacj\u0119 w\u0142os\u00f3w farbowanych. Formu\u0142a pomaga r\u00f3wnie\u017c kontrolowa\u0107 puszenie i u\u0142atwia rozczesywanie.<\/p>\n<p>To szczeg\u00f3lnie wygodna opcja, je\u017celi nie chcesz dok\u0142ada\u0107 osobnego produktu ochronnego przed ka\u017cdym u\u017cyciem suszarki.<\/p>\n<p><strong>Najlepsza dla:<\/strong> w\u0142os\u00f3w farbowanych, pusz\u0105cych si\u0119 i regularnie stylizowanych z u\u017cyciem wysokiej temperatury.<\/p>\n<p><strong>Co zauwa\u017cysz najszybciej?<\/strong> Wi\u0119ksze wyg\u0142adzenie i bardziej uporz\u0105dkowane ko\u0144c\u00f3wki.<\/p>\n<h2>7. L&#8217;Or\u00e9al Professionnel Curl Expression &#8211; szybki reset lok\u00f3w bez mycia<\/h2>\n<p><a href=\"https:\/\/www.hairstore.pl\/loreal-curl-expression-mgielka-rewitalizujaca-loki-i-fale-150ml-p31173.html\">L&#8217;Or\u00e9al Professionnel Curl Expression, mgie\u0142ka rewitalizuj\u0105ca loki i fale, 150 ml<\/a><\/p>\n<p>Od\u017cywka bez sp\u0142ukiwania nie musi by\u0107 stosowana wy\u0142\u0105cznie zaraz po myciu. Ten produkt pokazuje to najlepiej.<\/p>\n<p>Curl Expression zosta\u0142 stworzony do od\u015bwie\u017cania lok\u00f3w i fal pomi\u0119dzy myciami. Gdy po nocy skr\u0119t staje si\u0119 nier\u00f3wny, traci spr\u0119\u017cysto\u015b\u0107 lub zaczyna si\u0119 puszy\u0107, lekka mgie\u0142ka pomaga ponownie nada\u0107 mu bardziej zdefiniowany wygl\u0105d bez konieczno\u015bci ponownego mycia ca\u0142ych w\u0142os\u00f3w.<\/p>\n<p>Formu\u0142a zawiera ro\u015blinn\u0105 gliceryn\u0119, mocznik oraz nasiona hibiskusa. Sk\u0142adniki wspieraj\u0105 nawil\u017cenie, mi\u0119kko\u015b\u0107 i elastyczno\u015b\u0107 lok\u00f3w, nie odbieraj\u0105c im naturalnego ruchu.<\/p>\n<p><strong>Najlepsza dla:<\/strong> w\u0142os\u00f3w falowanych i kr\u0119conych, kt\u00f3re wymagaj\u0105 od\u015bwie\u017cenia drugiego lub trzeciego dnia po myciu.<\/p>\n<p><strong>Co zauwa\u017cysz najszybciej?<\/strong> Lepsz\u0105 definicj\u0119 skr\u0119tu, wi\u0119ksz\u0105 spr\u0119\u017cysto\u015b\u0107 i mniej puszenia.<\/p>\n<h2>8. Matrix Food For Soft XXL Big 'N Soft &#8211; piel\u0119gnacja spotyka obj\u0119to\u015b\u0107<\/h2>\n<p><a href=\"https:\/\/www.hairstore.pl\/matrix-food-for-soft-xxl-big-n-soft-nawilzajaca-pianka-dodajaca-objetosci-wlosom-200ml-p79006.html\">Matrix Food For Soft XXL Big 'N Soft, nawil\u017caj\u0105ca pianka dodaj\u0105ca obj\u0119to\u015bci, 200 ml<\/a><\/p>\n<p>To nie jest klasyczna od\u017cywka w sprayu, ale produkt leave-in \u0142\u0105cz\u0105cy piel\u0119gnacj\u0119 ze stylizacj\u0105, dlatego zdecydowanie zas\u0142uguje na miejsce w tym zestawieniu.<\/p>\n<p>Pianka zosta\u0142a zaprojektowana tak, aby jednocze\u015bnie wspiera\u0107 nawil\u017cenie i budowa\u0107 obj\u0119to\u015b\u0107. Pomaga odbi\u0107 w\u0142osy od nasady, optycznie zwi\u0119ksza pe\u0142no\u015b\u0107 fryzury i pozostawia pasma bardziej elastyczne, bez efektu mocnego sklejenia.<\/p>\n<p>To interesuj\u0105ca alternatywa dla klasycznych leave-in\u00f3w, kt\u00f3re na cienkich w\u0142osach bywaj\u0105 zbyt wyg\u0142adzaj\u0105ce i odbieraj\u0105 obj\u0119to\u015b\u0107.<\/p>\n<p><strong>Najlepsza dla:<\/strong> cienkich, oklapni\u0119tych i suchych w\u0142os\u00f3w, kt\u00f3rym zale\u017cy jednocze\u015bnie na mi\u0119kko\u015bci i wi\u0119kszej obj\u0119to\u015bci.<\/p>\n<p><strong>Co zauwa\u017cysz najszybciej?<\/strong> Wyra\u017aniejsze odbicie u nasady i bardziej spr\u0119\u017cyst\u0105 fryzur\u0119.<\/p>\n<h2>Jak prawid\u0142owo stosowa\u0107 od\u017cywk\u0119 bez sp\u0142ukiwania?<\/h2>\n<p>Najcz\u0119\u015bciej produkt leave-in najlepiej aplikowa\u0107 na umyte, osuszone r\u0119cznikiem w\u0142osy. Pasma powinny by\u0107 wilgotne, ale nie ociekaj\u0105ce wod\u0105 &#8211; dzi\u0119ki temu kosmetyk \u0142atwiej r\u00f3wnomiernie rozprowadzi\u0107.<\/p>\n<p>Przy sprayach podziel w\u0142osy na kilka sekcji i rozpyl kosmetyk przede wszystkim na d\u0142ugo\u015bci oraz ko\u0144c\u00f3wki. Przy cienkich w\u0142osach zacznij od naprawd\u0119 niewielkiej ilo\u015bci.<\/p>\n<blockquote><p>Nie musisz aplikowa\u0107 leave-inu bezpo\u015brednio przy sk\u00f3rze g\u0142owy, chyba \u017ce producent wyra\u017anie wskazuje takie zastosowanie. W wi\u0119kszo\u015bci przypadk\u00f3w to w\u0142a\u015bnie d\u0142ugo\u015bci s\u0105 najbardziej przesuszone i nara\u017cone na pl\u0105tanie czy uszkodzenia mechaniczne.<\/p><\/blockquote>\n<h2>Ile produktu nak\u0142ada\u0107?<\/h2>\n<p><strong>Tutaj obowi\u0105zuje zasada: \u0142atwiej do\u0142o\u017cy\u0107 ni\u017c zdj\u0105\u0107.<\/strong><\/p>\n<p>W przypadku cienkich w\u0142os\u00f3w kilka aplikacji mgie\u0142ki mo\u017ce by\u0107 w zupe\u0142no\u015bci wystarczaj\u0105ce. Grube, d\u0142ugie i wysoko porowate pasma b\u0119d\u0105 potrzebowa\u0142y wi\u0119kszej ilo\u015bci.<\/p>\n<p><strong>Je\u017celi po wysuszeniu w\u0142osy:<\/strong><\/p>\n<ul>\n<li>s\u0105 ci\u0119\u017ckie,<\/li>\n<li>szybko trac\u0105 \u015bwie\u017co\u015b\u0107,<\/li>\n<li>zbijaj\u0105 si\u0119 w pasma,<\/li>\n<li>wygl\u0105daj\u0105 na t\u0142uste,<\/li>\n<\/ul>\n<p>najprawdopodobniej u\u017cywasz zbyt du\u017cej ilo\u015bci produktu albo nak\u0142adasz go zbyt blisko nasady.<\/p>\n<h2>Czy mo\u017cna u\u017cywa\u0107 kilku produkt\u00f3w leave-in jednocze\u015bnie?<\/h2>\n<p>Mo\u017cna, ale nie zawsze ma to sens.<\/p>\n<p>Je\u017celi jeden kosmetyk zapewnia ju\u017c termoochron\u0119, wyg\u0142adzenie i \u0142atwiejsze rozczesywanie, dok\u0142adanie kolejnych trzech produkt\u00f3w mo\u017ce jedynie obci\u0105\u017cy\u0107 fryzur\u0119.<\/p>\n<p><strong>Warstwowanie ma wi\u0119kszy sens wtedy, gdy produkty maj\u0105 r\u00f3\u017cne zadania. Przyk\u0142adowo na cienkich w\u0142osach mo\u017cesz zastosowa\u0107 lekk\u0105 od\u017cywk\u0119 na d\u0142ugo\u015bci, a piank\u0119 zwi\u0119kszaj\u0105c\u0105 obj\u0119to\u015b\u0107 g\u0142\u00f3wnie przy nasadzie.<\/strong><\/p>\n<p>Przy lokach mo\u017cesz natomiast najpierw zadba\u0107 o nawil\u017cenie, a nast\u0119pnie na\u0142o\u017cy\u0107 osobny produkt stylizuj\u0105cy definiuj\u0105cy skr\u0119t.<\/p>\n<h2>Efekt od pierwszego u\u017cycia? Tak, ale warto wiedzie\u0107, czego oczekiwa\u0107<\/h2>\n<p>Od\u017cywki bez sp\u0142ukiwania potrafi\u0105 da\u0107 bardzo szybki efekt wizualny. Ju\u017c po jednej aplikacji w\u0142osy mog\u0105 \u0142atwiej si\u0119 rozczesywa\u0107, by\u0107 bardziej mi\u0119kkie, g\u0142adkie i b\u0142yszcz\u0105ce albo lepiej utrzymywa\u0107 skr\u0119t.<\/p>\n<p><strong>Nie oznacza to jednak, \u017ce pojedyncze u\u017cycie trwale naprawi zniszczone w\u0142osy. Produkty leave-in przede wszystkim poprawiaj\u0105 kondycj\u0119 i wygl\u0105d pasm podczas codziennej piel\u0119gnacji oraz pomagaj\u0105 ogranicza\u0107 kolejne uszkodzenia.<\/strong><\/p>\n<p>Najlepszy leave-in to wi\u0119c nie ten z najd\u0142u\u017csz\u0105 list\u0105 obietnic. To kosmetyk dopasowany do tego, czego Twoim w\u0142osom brakuje najbardziej.<\/p>\n","protected":false},"excerpt":{"rendered":"<p>Rozczesywanie trwa wieczno\u015b\u0107, ko\u0144c\u00f3wki s\u0105 suche, w\u0142osy pusz\u0105 si\u0119 przy pierwszym kontakcie z wilgoci\u0105, a loki nast\u0119pnego dnia trac\u0105 ca\u0142y kszta\u0142t? Czasami zamiast kolejnej maski potrzebujesz kosmetyku, kt\u00f3ry zostaje na w\u0142osach i dzia\u0142a tam, gdzie jest najbardziej potrzebny.<\/p>\n","protected":false},"author":18,"featured_media":27944,"comment_status":"open","ping_status":"open","sticky":false,"template":"","format":"standard","meta":{"footnotes":""},"categories":[2,11],"tags":[13278],"yst_prominent_words":[5019,1199,5848,6697,704,717],"class_list":["post-27942","post","type-post","status-publish","format-standard","has-post-thumbnail","hentry","category-aktualnosci","category-porady","tag-najlepsza-odzywka-bez-splukiwania"],"_links":{"self":[{"href":"https:\/\/www.hairstore.pl\/blog\/wp-json\/wp\/v2\/posts\/27942","targetHints":{"allow":["GET"]}}],"collection":[{"href":"https:\/\/www.hairstore.pl\/blog\/wp-json\/wp\/v2\/posts"}],"about":[{"href":"https:\/\/www.hairstore.pl\/blog\/wp-json\/wp\/v2\/types\/post"}],"author":[{"embeddable":true,"href":"https:\/\/www.hairstore.pl\/blog\/wp-json\/wp\/v2\/users\/18"}],"replies":[{"embeddable":true,"href":"https:\/\/www.hairstore.pl\/blog\/wp-json\/wp\/v2\/comments?post=27942"}],"version-history":[{"count":2,"href":"https:\/\/www.hairstore.pl\/blog\/wp-json\/wp\/v2\/posts\/27942\/revisions"}],"predecessor-version":[{"id":27945,"href":"https:\/\/www.hairstore.pl\/blog\/wp-json\/wp\/v2\/posts\/27942\/revisions\/27945"}],"wp:featuredmedia":[{"embeddable":true,"href":"https:\/\/www.hairstore.pl\/blog\/wp-json\/wp\/v2\/media\/27944"}],"wp:attachment":[{"href":"https:\/\/www.hairstore.pl\/blog\/wp-json\/wp\/v2\/media?parent=27942"}],"wp:term":[{"taxonomy":"category","embeddable":true,"href":"https:\/\/www.hairstore.pl\/blog\/wp-json\/wp\/v2\/categories?post=27942"},{"taxonomy":"post_tag","embeddable":true,"href":"https:\/\/www.hairstore.pl\/blog\/wp-json\/wp\/v2\/tags?post=27942"},{"taxonomy":"yst_prominent_words","embeddable":true,"href":"https:\/\/www.hairstore.pl\/blog\/wp-json\/wp\/v2\/yst_prominent_words?post=27942"}],"curies":[{"name":"wp","href":"https:\/\/api.w.org\/{rel}","templated":true}]}}