{"id":27905,"date":"2026-08-31T09:00:30","date_gmt":"2026-08-31T07:00:30","guid":{"rendered":"https:\/\/www.hairstore.pl\/blog\/?p=27905"},"modified":"2026-08-06T14:21:01","modified_gmt":"2026-08-06T12:21:01","slug":"jak-zadbac-o-wlosy-po-wakacjach","status":"publish","type":"post","link":"https:\/\/www.hairstore.pl\/blog\/jak-zadbac-o-wlosy-po-wakacjach\/","title":{"rendered":"Jak zadba\u0107 o w\u0142osy po wakacjach? 5 krok\u00f3w, kt\u00f3re przywr\u00f3c\u0105 im dobr\u0105 form\u0119"},"content":{"rendered":"<p>S\u0142o\u0144ce, s\u0142ona woda, chlor, klimatyzacja i cz\u0119stsza stylizacja potrafi\u0105 zostawi\u0107 na w\u0142osach wyra\u017any \u015blad. Pod koniec lata pasma cz\u0119sto staj\u0105 si\u0119 suche, szorstkie, matowe i trudniejsze do rozczesania, a ko\u0144c\u00f3wki zaczynaj\u0105 si\u0119 puszy\u0107 lub kruszy\u0107. Wrzesie\u0144 to dobry moment, aby upro\u015bci\u0107 piel\u0119gnacj\u0119 i skoncentrowa\u0107 si\u0119 na tym, czego w\u0142osy rzeczywi\u015bcie potrzebuj\u0105.<\/p>\n<p><!--more--><\/p>\n<p>Nie musisz od razu wymienia\u0107 ca\u0142ej kosmetyczki ani wykonywa\u0107 kilku zabieg\u00f3w jednocze\u015bnie. Zacznij od pi\u0119ciu prostych krok\u00f3w: dok\u0142adnego oczyszczenia, nawil\u017cenia, wzmocnienia, zabezpieczenia ko\u0144c\u00f3wek oraz ograniczenia kolejnych uszkodze\u0144.<\/p>\n<div class=\"article-menu-box\"><div class=\"article-menu-header\">Z tego artyku\u0142u dowiesz si\u0119<\/div>\n        <ul class=\"article-menu\"><li>po czym rozpozna\u0107, \u017ce w\u0142osy potrzebuj\u0105 powakacyjnej regeneracji<\/li><li>jak w pi\u0119ciu krokach przywr\u00f3ci\u0107 pasmom mi\u0119kko\u015b\u0107, blask i \u0142atwiejsze rozczesywanie<\/li><li>kt\u00f3re profesjonalne kosmetyki pomog\u0105 Ci zbudowa\u0107 skuteczn\u0105 piel\u0119gnacj\u0119 na pocz\u0105tek jesieni<\/li><\/ul><\/div>\n<h2>Dlaczego w\u0142osy po wakacjach s\u0105 suche i matowe?<\/h2>\n<p><strong>Promieniowanie UV mo\u017ce os\u0142abia\u0107 struktur\u0119 w\u0142os\u00f3w, zwi\u0119ksza\u0107 ich sucho\u015b\u0107, krucho\u015b\u0107 i podatno\u015b\u0107 na puszenie, a tak\u017ce przyspiesza\u0107 blakni\u0119cie koloru.<\/strong> Szczeg\u00f3lnie nara\u017cone s\u0105 w\u0142osy jasne, cienkie, rozja\u015bniane i farbowane, kt\u00f3re maj\u0105 mniej naturalnego pigmentu lub s\u0105 ju\u017c uwra\u017cliwione zabiegami chemicznymi.<\/p>\n<p>Do tego dochodzi kontakt z wod\u0105 basenow\u0105. Chlor mo\u017ce usuwa\u0107 z powierzchni w\u0142os\u00f3w naturalne lipidy pe\u0142ni\u0105ce funkcj\u0119 ochronn\u0105, przez co pasma staj\u0105 si\u0119 bardziej suche, szorstkie i podatne na \u0142amanie. S\u0142ona woda, wiatr, cz\u0119ste mycie oraz suszenie r\u00f3wnie\u017c mog\u0105 nasila\u0107 utrat\u0119 mi\u0119kko\u015bci.<\/p>\n<p>Pierwszym sygna\u0142em, \u017ce w\u0142osy potrzebuj\u0105 zmiany piel\u0119gnacji, jest zwykle nie sam wygl\u0105d, ale spos\u00f3b, w jaki si\u0119 zachowuj\u0105. <strong>Mog\u0105 mocniej si\u0119 pl\u0105ta\u0107, schn\u0105\u0107 szybciej ni\u017c wcze\u015bniej, nie utrzymywa\u0107 stylizacji, puszy\u0107 si\u0119 mimo zastosowania od\u017cywki albo sprawia\u0107 wra\u017cenie sztywnych i pozbawionych po\u0142ysku.<\/strong><\/p>\n<h2>1. Zacznij od dok\u0142adnego, ale rozs\u0105dnego oczyszczenia<\/h2>\n<p>Po wakacjach na sk\u00f3rze g\u0142owy i d\u0142ugo\u015bciach mog\u0105 pozostawa\u0107 resztki suchego szamponu, produkt\u00f3w z filtrami, kosmetyk\u00f3w do stylizacji, sebum oraz osady po kontakcie z wod\u0105 basenow\u0105. Zanim na\u0142o\u017cysz kolejn\u0105 bogat\u0105 mask\u0119, zadbaj o dok\u0142adne oczyszczenie.<\/p>\n<p>Nie oznacza to jednak, \u017ce nale\u017cy przez kilka dni u\u017cywa\u0107 wy\u0142\u0105cznie bardzo mocnego szamponu. Zbyt intensywne i cz\u0119ste oczyszczanie mo\u017ce dodatkowo nasili\u0107 sucho\u015b\u0107. Szampon nak\u0142adaj przede wszystkim na sk\u00f3r\u0119 g\u0142owy, delikatnie masuj\u0105c j\u0105 opuszkami. D\u0142ugo\u015bci zwykle wystarczy piana sp\u0142ywaj\u0105ca podczas sp\u0142ukiwania. Dermatolodzy zalecaj\u0105 unikanie mocnego pocierania szamponem ca\u0142ych w\u0142os\u00f3w, poniewa\u017c mo\u017ce to zwi\u0119ksza\u0107 ich pl\u0105tanie i podatno\u015b\u0107 na uszkodzenia.<\/p>\n<p><strong>Je\u017celi sk\u00f3ra g\u0142owy jest obci\u0105\u017cona, w\u0142osy szybko trac\u0105 \u015bwie\u017co\u015b\u0107 albo stosujesz du\u017co kosmetyk\u00f3w do stylizacji, mo\u017cesz dodatkowo wykona\u0107 peeling.<\/strong> Nak\u0142adaj go bezpo\u015brednio przy sk\u00f3rze, rozdzielaj\u0105c w\u0142osy na przedzia\u0142ki. Masuj delikatnie, bez drapania paznokciami, a cz\u0119stotliwo\u015b\u0107 dopasuj do rodzaju sk\u00f3ry i zalece\u0144 producenta. Przy podra\u017cnieniu, zaczerwienieniu lub poparzeniu s\u0142onecznym zrezygnuj z peelingu do czasu wyciszenia sk\u00f3ry.<\/p>\n<p>Koniecznie sprawd\u017a <a href=\"https:\/\/www.hairstore.pl\/blog\/peeling-skory-glowy-ktory-wybrac-ranking\/\">ranking najlepszych peeling\u00f3w do sk\u00f3ry g\u0142owy<\/a>.<\/p>\n<div id=\"hsbp-528e416c42f635e0028e9a199114cf6c\" class=\"hsbp\"><\/div>\n<h3>Produkt, kt\u00f3ry warto pozna\u0107: Alfaparf Milano Semi di Lino Scalp Rebalance, peeling sk\u00f3ry g\u0142owy, 150 ml<\/h3>\n<p><a href=\"https:\/\/www.hairstore.pl\/alfaparf-milano-semi-di-lino-scalp-rebalance-peeling-skory-glowy-150ml-p21388.html\">Peeling Alfaparf Milano Semi di Lino Scalp Rebalance<\/a> zosta\u0142 przeznaczony do oczyszczania sk\u00f3ry g\u0142owy wymagaj\u0105cej przywr\u00f3cenia r\u00f3wnowagi. \u017belowa formu\u0142a sprawdzi si\u0119 jako okresowy krok piel\u0119gnacji, gdy chcesz usun\u0105\u0107 nagromadzone zanieczyszczenia i przygotowa\u0107 sk\u00f3r\u0119 do dalszej rutyny. Produkt jest kierowany mi\u0119dzy innymi do sk\u00f3ry wra\u017cliwej oraz z tendencj\u0105 do \u0142upie\u017cu, ale nale\u017cy stosowa\u0107 go zgodnie z instrukcj\u0105 i przerwa\u0107 aplikacj\u0119 w przypadku podra\u017cnienia.<\/p>\n<h2>2. Wprowad\u017a intensywne nawil\u017canie<\/h2>\n<p>W\u0142osy po lecie cz\u0119sto potrzebuj\u0105 przede wszystkim wody, mi\u0119kko\u015bci i wyg\u0142adzenia. <strong>Je\u017celi pasma s\u0105 matowe, szorstkie, trudne do rozczesania i mocno si\u0119 pusz\u0105, wprowad\u017a mask\u0119 nawil\u017caj\u0105c\u0105 stosowan\u0105 raz lub dwa razy w tygodniu.<\/strong><\/p>\n<p>Nak\u0142adaj j\u0105 na umyte, lekko odci\u015bni\u0119te z wody w\u0142osy. Nadmiar wody mo\u017ce rozcie\u0144czy\u0107 kosmetyk i sprawi\u0107, \u017ce szybciej sp\u0142ynie z pasm. Rozprowad\u017a mask\u0119 od po\u0142owy d\u0142ugo\u015bci po ko\u0144c\u00f3wki i przeczesz w\u0142osy palcami lub grzebieniem z szeroko rozstawionymi z\u0119bami.<\/p>\n<p>Nie zak\u0142adaj, \u017ce im d\u0142u\u017cej pozostawisz produkt, tym lepiej zadzia\u0142a. Trzymaj si\u0119 czasu wskazanego przez producenta. Dok\u0142adnie sp\u0142ucz mask\u0119, szczeg\u00f3lnie je\u017celi masz cienkie w\u0142osy, kt\u00f3re \u0142atwo trac\u0105 obj\u0119to\u015b\u0107.<\/p>\n<p>Tutaj czeka na Ciebie <a href=\"https:\/\/www.hairstore.pl\/blog\/najlepsze-odzywki-do-wlosow-2026\/\">ranking najlepszych od\u017cywek do w\u0142os\u00f3w<\/a>.<\/p>\n<div id=\"hsbp-be007e87ecc7d805efb1d33c5c95897d\" class=\"hsbp\"><\/div>\n<h3>Produkt, kt\u00f3ry warto pozna\u0107: Matrix Food For Soft, intensywnie nawil\u017caj\u0105ca maska do w\u0142os\u00f3w suchych, 500 ml<\/h3>\n<p><a href=\"https:\/\/www.hairstore.pl\/matrix-food-for-soft-intensywnie-nawilzajaca-maska-do-wlosow-suchych-500ml-p44466.html\">Maska Matrix Food For Soft<\/a> zosta\u0142a opracowana z my\u015bl\u0105 o suchych w\u0142osach potrzebuj\u0105cych wi\u0119kszej mi\u0119kko\u015bci, g\u0142adko\u015bci i po\u0142ysku. To dobra propozycja po wakacjach, gdy d\u0142ugo\u015bci sta\u0142y si\u0119 szorstkie i szybko si\u0119 pl\u0105cz\u0105, ale nie wymagaj\u0105 wy\u0142\u0105cznie kuracji proteinowej. Du\u017ca pojemno\u015b\u0107 sprawdzi si\u0119 przy d\u0142ugich albo g\u0119stych w\u0142osach oraz regularnym maskowaniu.<\/p>\n<p>Przy cienkich pasmach zacznij od niewielkiej ilo\u015bci i omijaj nasad\u0119. Grube, kr\u0119cone lub wysokoporowate w\u0142osy mog\u0105 potrzebowa\u0107 bogatszej aplikacji na ca\u0142\u0105 d\u0142ugo\u015b\u0107.<\/p>\n<h2>3. Wzmocnij w\u0142osy, kt\u00f3re zacz\u0119\u0142y si\u0119 kruszy\u0107<\/h2>\n<p>Nawil\u017canie poprawia mi\u0119kko\u015b\u0107, ale mo\u017ce nie wystarczy\u0107, gdy w\u0142osy po wakacjach wyra\u017anie si\u0119 \u0142ami\u0105, rozci\u0105gaj\u0105, krusz\u0105 podczas czesania albo zosta\u0142y dodatkowo uwra\u017cliwione rozja\u015bnianiem. W takiej sytuacji warto uzupe\u0142ni\u0107 piel\u0119gnacj\u0119 o kuracj\u0119 wzmacniaj\u0105c\u0105.<\/p>\n<p><strong>Nie stosuj jednak kilku produkt\u00f3w odbudowuj\u0105cych podczas ka\u017cdego mycia. Zbyt rozbudowana rutyna mo\u017ce obci\u0105\u017cy\u0107 w\u0142osy lub sprawi\u0107, \u017ce stan\u0105 si\u0119 sztywne.<\/strong> Najlepiej wprowadzi\u0107 jeden skoncentrowany produkt i obserwowa\u0107, jak pasma reaguj\u0105 przez kolejne tygodnie.<\/p>\n<p>Pami\u0119taj r\u00f3wnie\u017c, \u017ce kosmetyki nie s\u0105 w stanie trwale \u201esklei\u0107\u201d bardzo zniszczonych ani rozdwojonych fragment\u00f3w. Mog\u0105 je wyg\u0142adza\u0107, wzmacnia\u0107 i ogranicza\u0107 dalsze kruszenie, ale najbardziej uszkodzone ko\u0144ce mog\u0105 wymaga\u0107 podci\u0119cia.<\/p>\n<h3>Produkt, kt\u00f3ry warto pozna\u0107: Redken Acidic Bonding Concentrate, intensywna kuracja do w\u0142os\u00f3w zniszczonych, 190 ml<\/h3>\n<p><a href=\"https:\/\/www.hairstore.pl\/redken-acidic-bonding-concentrate-intensywna-kuracja-do-wlosow-zniszczonych-190ml-p33595.html\">Kuracja Redken Acidic Bonding Concentrate<\/a> jest przeznaczona do w\u0142os\u00f3w wymagaj\u0105cych wzmocnienia, w tym farbowanych i cz\u0119sto poddawanych zabiegom chemicznym. Zawiera wysoki poziom kwasu cytrynowego w obr\u0119bie gamy Acidic Bonding Concentrate i mo\u017ce stanowi\u0107 okresowy, bardziej skoncentrowany etap piel\u0119gnacji w\u0142os\u00f3w os\u0142abionych oraz podatnych na \u0142amanie.<\/p>\n<p>Stosuj produkt zgodnie ze wskazan\u0105 cz\u0119stotliwo\u015bci\u0105. Pomi\u0119dzy kuracjami wracaj do prostszej rutyny opartej na \u0142agodnym szamponie i od\u017cywce dopasowanej do kondycji pasm.<\/p>\n<h2>4. Podetnij i regularnie zabezpieczaj ko\u0144c\u00f3wki<\/h2>\n<p>Ko\u0144c\u00f3wki s\u0105 najstarsz\u0105 cz\u0119\u015bci\u0105 w\u0142os\u00f3w, dlatego zwykle najmocniej odczuwaj\u0105 skutki lata. To na nich najcz\u0119\u015bciej wida\u0107 przesuszenie, rozdwajanie, bia\u0142e punkty i kruszenie.<\/p>\n<p><strong>Je\u017celi ko\u0144ce s\u0105 bardzo cienkie, prze\u015bwituj\u0105ce i rozszczepione, samo serum nie przywr\u00f3ci im pierwotnego stanu.<\/strong> Nawet niewielkie podci\u0119cie mo\u017ce sprawi\u0107, \u017ce fryzura zacznie wygl\u0105da\u0107 na g\u0119stsz\u0105, g\u0142adsz\u0105 i bardziej uporz\u0105dkowan\u0105. Regularne usuwanie zniszczonych ko\u0144c\u00f3w pomaga r\u00f3wnie\u017c ograniczy\u0107 dalsze przesuwanie si\u0119 rozszczepie\u0144 w g\u00f3r\u0119 w\u0142osa.<\/p>\n<p>Po podci\u0119ciu stosuj produkt bez sp\u0142ukiwania, kt\u00f3ry wyg\u0142adzi ko\u0144c\u00f3wki i zmniejszy tarcie podczas czesania, stylizacji oraz kontaktu w\u0142os\u00f3w z ubraniami. Nak\u0142adaj go oszcz\u0119dnie, zaczynaj\u0105c od najmniejszej mo\u017cliwej ilo\u015bci.<\/p>\n<h3>Produkt, kt\u00f3ry warto pozna\u0107: Redken Acidic Bonding Concentrate Hair Bandage Balm, balsam bez sp\u0142ukiwania odbudowuj\u0105cy ko\u0144c\u00f3wki w\u0142os\u00f3w, 75 ml<\/h3>\n<p><a href=\"https:\/\/www.hairstore.pl\/redken-acidic-bonding-concentrate-hair-bandage-balm-balsam-bez-splukiwania-odbudowujacy-koncowki-wlosow-75ml-p75081.html\">Redken Acidic Bonding Concentrate Hair Bandage Balm<\/a> zosta\u0142 opracowany z my\u015bl\u0105 o os\u0142abionych, \u0142amliwych ko\u0144c\u00f3wkach nara\u017conych na codzienne uszkodzenia. Balsam bez sp\u0142ukiwania pozwala skoncentrowa\u0107 piel\u0119gnacj\u0119 dok\u0142adnie tam, gdzie w\u0142osy zwykle s\u0105 najbardziej suche i kruche. Mo\u017ce by\u0107 dobrym uzupe\u0142nieniem rutyny po podci\u0119ciu albo wtedy, gdy chcesz ograniczy\u0107 szorstko\u015b\u0107 ko\u0144c\u00f3w przed kolejn\u0105 wizyt\u0105 u fryzjera.<\/p>\n<h2>5. Zr\u00f3b w\u0142osom przerw\u0119 od wysokiej temperatury<\/h2>\n<p>Powakacyjna regeneracja nie przyniesie pe\u0142nego efektu, je\u017celi ka\u017cdego dnia b\u0119dziesz ponownie nara\u017ca\u0107 w\u0142osy na bardzo wysok\u0105 temperatur\u0119. <strong>Na pocz\u0105tku wrze\u015bnia spr\u00f3buj ograniczy\u0107 prostownic\u0119 i lok\u00f3wk\u0119, a suszark\u0119 ustawiaj na ni\u017csz\u0105 lub \u015bredni\u0105 temperatur\u0119.<\/strong><\/p>\n<p>Dermatolodzy zalecaj\u0105 stosowanie mo\u017cliwie niskiego ustawienia ciep\u0142a oraz ograniczenie czasu kontaktu gor\u0105cego urz\u0105dzenia z pasmami. W\u0142osy warto wcze\u015bniej delikatnie odcisn\u0105\u0107 z wody, zamiast mocno pociera\u0107 je r\u0119cznikiem.<\/p>\n<p>Nie musisz ca\u0142kowicie rezygnowa\u0107 ze stylizacji. Kluczowe jest po\u0142\u0105czenie kilku zasad:<\/p>\n<ul>\n<li>u\u017cywaj <a href=\"https:\/\/www.hairstore.pl\/termoochrona-c747.html\">termoochrony<\/a> przed ka\u017cdym suszeniem, prostowaniem lub kr\u0119ceniem,<\/li>\n<li>pracuj na ca\u0142kowicie suchych w\u0142osach podczas u\u017cywania lok\u00f3wki i prostownicy,<\/li>\n<li>nie przeci\u0105gaj urz\u0105dzenia wielokrotnie po tej samej sekcji,<\/li>\n<li>dopasuj temperatur\u0119 do kondycji pasm,<\/li>\n<li>stosuj lu\u017aniejsze fryzury, kt\u00f3re nie ci\u0105gn\u0105 w\u0142os\u00f3w przy sk\u00f3rze.<\/li>\n<\/ul>\n<div id=\"hsbp-30806461a7c3c2c002bc5a4b1ba850ef\" class=\"hsbp\"><\/div>\n<h3>Produkt, kt\u00f3ry warto pozna\u0107: K\u00e9rastase Premi\u00e8re, termoochronne naprawcze serum do w\u0142os\u00f3w, 90 ml<\/h3>\n<p><a href=\"https:\/\/www.hairstore.pl\/kerastase-premiere-termoochronne-naprawcze-serum-do-wlosow-90ml-p48081.html\">Serum K\u00e9rastase Premi\u00e8re<\/a> \u0142\u0105czy piel\u0119gnacj\u0119 w\u0142os\u00f3w z zabezpieczeniem podczas stylizacji termicznej. Lekka formu\u0142a bez sp\u0142ukiwania jest przeznaczona do zniszczonych pasm, pomaga je wyg\u0142adzi\u0107, wspiera ich elastyczno\u015b\u0107 oraz pozostawia bardziej l\u015bni\u0105ce wyko\u0144czenie. Produkt nak\u0142ada si\u0119 przed suszeniem i dalsz\u0105 stylizacj\u0105.<\/p>\n<h2>Jak u\u0142o\u017cy\u0107 prost\u0105 rutyn\u0119 na pierwsze tygodnie wrze\u015bnia?<\/h2>\n<p>Powakacyjna piel\u0119gnacja nie musi sk\u0142ada\u0107 si\u0119 z dziesi\u0119ciu produkt\u00f3w. Lepsze efekty cz\u0119sto przynosi prosty plan stosowany regularnie.<\/p>\n<h3>Podczas ka\u017cdego mycia<\/h3>\n<p>Umyj sk\u00f3r\u0119 g\u0142owy szamponem dobranym do jej potrzeb. Na d\u0142ugo\u015bci na\u0142\u00f3\u017c lekk\u0105 od\u017cywk\u0119, a po osuszeniu zastosuj produkt bez sp\u0142ukiwania i termoochron\u0119.<\/p>\n<h3>Raz lub dwa razy w tygodniu<\/h3>\n<p>Zamiast zwyk\u0142ej od\u017cywki zastosuj mask\u0119 nawil\u017caj\u0105c\u0105. Je\u017celi w\u0142osy s\u0105 bardzo cienkie, rozpocznij od jednego maskowania tygodniowo.<\/p>\n<h3>Okresowo<\/h3>\n<p>Wprowad\u017a peeling sk\u00f3ry g\u0142owy albo dok\u0142adniejsze oczyszczanie, je\u015bli rzeczywi\u015bcie widzisz nagromadzenie produkt\u00f3w, brak \u015bwie\u017co\u015bci i oklapni\u0119cie u nasady. Kuracj\u0119 wzmacniaj\u0105c\u0105 stosuj zgodnie z instrukcj\u0105 producenta, zamiast dok\u0142ada\u0107 j\u0105 do ka\u017cdego mycia.<\/p>\n<h3>Codziennie<\/h3>\n<p>Rozczesuj w\u0142osy delikatnie, rozpoczynaj\u0105c od ko\u0144c\u00f3wek. Unikaj ciasnych gumek, spania z mokrymi w\u0142osami i nak\u0142adania kolejnych warstw olejk\u00f3w na nieumyte pasma.<\/p>\n<h2>Kiedy domowa piel\u0119gnacja mo\u017ce nie wystarczy\u0107?<\/h2>\n<p>Je\u017celi problem dotyczy g\u0142\u00f3wnie d\u0142ugo\u015bci, odpowiednio dobrane kosmetyki, ograniczenie temperatury i podci\u0119cie ko\u0144c\u00f3w powinny stopniowo poprawi\u0107 wygl\u0105d w\u0142os\u00f3w.<\/p>\n<p><strong>Inaczej jest w przypadku nasilonego wypadania, b\u00f3lu sk\u00f3ry g\u0142owy, utrzymuj\u0105cego si\u0119 \u015bwi\u0105du, s\u0105cz\u0105cych zmian, mocnego \u0142uszczenia albo wyra\u017anych ubytk\u00f3w. Takie objawy nie s\u0105 typowym \u201eprzesuszeniem po wakacjach\u201d i warto skonsultowa\u0107 je z dermatologiem.<\/strong><\/p>\n<p>Zwr\u00f3\u0107 r\u00f3wnie\u017c uwag\u0119 na spos\u00f3b wypadania. \u0141amanie na d\u0142ugo\u015bci pozostawia kr\u00f3tsze fragmenty, natomiast w\u0142osy wypadaj\u0105ce z cebulk\u0105 zwykle maj\u0105 pe\u0142n\u0105 d\u0142ugo\u015b\u0107. Rozpoznanie problemu pozwoli lepiej dopasowa\u0107 dalsze dzia\u0142ania.<\/p>\n<h2>Powakacyjny reset w\u0142os\u00f3w &#8211; mniej produkt\u00f3w, wi\u0119cej regularno\u015bci<\/h2>\n<p>Wrzesie\u0144 to dobry moment, aby przyjrze\u0107 si\u0119 w\u0142osom bez filtr\u00f3w i wakacyjnych trik\u00f3w stylizacyjnych. Je\u017celi s\u0105 suche, matowe i trudne do u\u0142o\u017cenia, zacznij od podstaw: oczy\u015b\u0107 sk\u00f3r\u0119 g\u0142owy, nawil\u017c d\u0142ugo\u015bci, wzmocnij najbardziej os\u0142abione fragmenty, podetnij zniszczone ko\u0144ce i ogranicz wysok\u0105 temperatur\u0119.<\/p>\n<blockquote><p>Nie oczekuj, \u017ce jedno maskowanie cofnie wszystkie skutki lata. W\u0142osy potrzebuj\u0105 przede wszystkim regularnej, dopasowanej piel\u0119gnacji i ochrony przed dalszymi uszkodzeniami.<\/p><\/blockquote>\n<p>Dobrze u\u0142o\u017cona rutyna nie musi by\u0107 d\u0142uga. Kilka w\u0142a\u015bciwie wybranych produkt\u00f3w oraz konsekwencja mog\u0105 wystarczy\u0107, aby pasma odzyska\u0142y mi\u0119kko\u015b\u0107, po\u0142ysk i znacznie bardziej uporz\u0105dkowany wygl\u0105d jeszcze przed nadej\u015bciem jesieni.<\/p>\n","protected":false},"excerpt":{"rendered":"<p>S\u0142o\u0144ce, s\u0142ona woda, chlor, klimatyzacja i cz\u0119stsza stylizacja potrafi\u0105 zostawi\u0107 na w\u0142osach wyra\u017any \u015blad. Pod koniec lata pasma cz\u0119sto staj\u0105 si\u0119 suche, szorstkie, matowe i trudniejsze do rozczesania, a ko\u0144c\u00f3wki zaczynaj\u0105 si\u0119 puszy\u0107 lub kruszy\u0107. Wrzesie\u0144 to dobry moment, aby upro\u015bci\u0107 piel\u0119gnacj\u0119 i skoncentrowa\u0107 si\u0119 na tym, czego w\u0142osy rzeczywi\u015bcie potrzebuj\u0105.<\/p>\n","protected":false},"author":18,"featured_media":27907,"comment_status":"open","ping_status":"open","sticky":false,"template":"","format":"standard","meta":{"footnotes":""},"categories":[2,11],"tags":[13273],"yst_prominent_words":[1623,717],"class_list":["post-27905","post","type-post","status-publish","format-standard","has-post-thumbnail","hentry","category-aktualnosci","category-porady","tag-jak-zadbac-o-wlosy-po-wakacjach"],"_links":{"self":[{"href":"https:\/\/www.hairstore.pl\/blog\/wp-json\/wp\/v2\/posts\/27905","targetHints":{"allow":["GET"]}}],"collection":[{"href":"https:\/\/www.hairstore.pl\/blog\/wp-json\/wp\/v2\/posts"}],"about":[{"href":"https:\/\/www.hairstore.pl\/blog\/wp-json\/wp\/v2\/types\/post"}],"author":[{"embeddable":true,"href":"https:\/\/www.hairstore.pl\/blog\/wp-json\/wp\/v2\/users\/18"}],"replies":[{"embeddable":true,"href":"https:\/\/www.hairstore.pl\/blog\/wp-json\/wp\/v2\/comments?post=27905"}],"version-history":[{"count":1,"href":"https:\/\/www.hairstore.pl\/blog\/wp-json\/wp\/v2\/posts\/27905\/revisions"}],"predecessor-version":[{"id":27906,"href":"https:\/\/www.hairstore.pl\/blog\/wp-json\/wp\/v2\/posts\/27905\/revisions\/27906"}],"wp:featuredmedia":[{"embeddable":true,"href":"https:\/\/www.hairstore.pl\/blog\/wp-json\/wp\/v2\/media\/27907"}],"wp:attachment":[{"href":"https:\/\/www.hairstore.pl\/blog\/wp-json\/wp\/v2\/media?parent=27905"}],"wp:term":[{"taxonomy":"category","embeddable":true,"href":"https:\/\/www.hairstore.pl\/blog\/wp-json\/wp\/v2\/categories?post=27905"},{"taxonomy":"post_tag","embeddable":true,"href":"https:\/\/www.hairstore.pl\/blog\/wp-json\/wp\/v2\/tags?post=27905"},{"taxonomy":"yst_prominent_words","embeddable":true,"href":"https:\/\/www.hairstore.pl\/blog\/wp-json\/wp\/v2\/yst_prominent_words?post=27905"}],"curies":[{"name":"wp","href":"https:\/\/api.w.org\/{rel}","templated":true}]}}