{"id":27417,"date":"2026-04-30T16:22:32","date_gmt":"2026-04-30T14:22:32","guid":{"rendered":"https:\/\/www.hairstore.pl\/blog\/?p=27417"},"modified":"2026-04-30T16:22:32","modified_gmt":"2026-04-30T14:22:32","slug":"bob-kurtynowy","status":"publish","type":"post","link":"https:\/\/www.hairstore.pl\/blog\/bob-kurtynowy\/","title":{"rendered":"Czy bob kurtynowy to naprawd\u0119 fryzura idealna na lato?"},"content":{"rendered":"<p>Bob kurtynowy to jedna z tych fryzur, kt\u00f3re wygl\u0105daj\u0105 modnie, ale nie sprawiaj\u0105 wra\u017cenia \u201eprzestylizowanych\u201d. \u0141\u0105czy w sobie lekko\u015b\u0107 klasycznego boba i mi\u0119kkie, twarzowe pasma przy twarzy, czyli tzw. curtain bangs. Nic dziwnego, \u017ce w\u0142a\u015bnie latem wraca do gry: jest l\u017cejszy od d\u0142ugich w\u0142os\u00f3w, wygodny przy upa\u0142ach i daje efekt \u015bwie\u017co\u015bci bez wielkiej stylizacyjnej spiny. Boby nadal mocno trzymaj\u0105 si\u0119 w trendach 2026, a fryzury z kurtynow\u0105 grzywk\u0105 s\u0105 regularnie wskazywane jako jedne z najbardziej uniwersalnych i \u201e\u0142atwych do noszenia\u201d.<\/p>\n<p>Czym dok\u0142adnie jest bob kurtynowy, komu pasuje, dlaczego tak dobrze sprawdza si\u0119 latem i jak poprosi\u0107 fryzjera o ci\u0119cie, kt\u00f3re naprawd\u0119 b\u0119dzie \u0142atwe do uk\u0142adania? Czytaj dalej!<\/p>\n<div class=\"article-menu-box\"><div class=\"article-menu-header\">Z tego artyku\u0142u dowiesz si\u0119<\/div>\n        <ul class=\"article-menu\"><li>Co to jest bob kurtynowy?<\/li><li>Czy bob kurtynowy pasuje do cienkich w\u0142os\u00f3w?<\/li><li>Dlaczego bob kurtynowy sprawdza si\u0119 latem?<\/li><li>Czy curtain bangs s\u0105 trudne do uk\u0142adania?<\/li><\/ul><\/div>\n<h2>Co to jest bob kurtynowy?<\/h2>\n<p>Najpro\u015bciej m\u00f3wi\u0105c, bob kurtynowy to <strong>bob po\u0142\u0105czony z mi\u0119kk\u0105, rozchodz\u0105c\u0105 si\u0119 na boki grzywk\u0105 albo d\u0142u\u017cszymi pasmami przy twarzy stylizowanymi jak curtain bangs<\/strong>. Taki detal sprawia, \u017ce fryzura nie wygl\u0105da ci\u0119\u017cko ani zbyt geometrycznie. Curtain bangs jako lekk\u0105, wszechstronn\u0105 grzywk\u0119, kt\u00f3r\u0105 mo\u017cna rozsuwa\u0107 na boki, spina\u0107 i \u0142atwo zapuszcza\u0107, a przy wariancie \u201ecurtain bob\u201d chodzi o dodanie tekstury i warstw do boba w\u0142a\u015bnie dzi\u0119ki takiej swobodnej, \u201ezas\u0142onowej\u201d linii przy twarzy.<\/p>\n<p>To wa\u017cne, bo klasyczny bob bywa bardziej stanowczy w odbiorze: ostrzejszy, bardziej \u201ezamkni\u0119ty\u201d przy twarzy. Bob kurtynowy robi co\u015b odwrotnego. Otwiera rysy, zmi\u0119kcza ca\u0142o\u015b\u0107 i daje efekt ruchu nawet wtedy, gdy w\u0142osy s\u0105 proste.<\/p>\n<h2>Dlaczego bob kurtynowy jest idealny na lato?<\/h2>\n<p>Bo latem naprawd\u0119 doceniamy fryzury, kt\u00f3re s\u0105 l\u017cejsze, przewiewniejsze i mniej wymagaj\u0105ce. <strong>Bob \u015bwietnie sprawdza si\u0119 w cieplejszych miesi\u0105cach, bo ods\u0142ania kark, jest wygodniejszy przy wysokich temperaturach i nie wymaga ci\u0105g\u0142ego martwienia si\u0119 o w\u0142osy<\/strong>.<\/p>\n<p>W\u0142a\u015bnie tu wchodzi przewaga kurtynowej wersji. Zamiast ci\u0119\u017ckiej, pe\u0142nej grzywki masz pasma, kt\u00f3re mo\u017cna rozchyli\u0107, zaczesa\u0107, lekko podkr\u0119ci\u0107 albo po prostu zostawi\u0107 w bardziej naturalnym, mi\u0119kkim ruchu.<\/p>\n<blockquote><p>Wskaz\u00f3wka: Je\u015bli latem nie chcesz codziennie walczy\u0107 z prostownic\u0105, popro\u015b o bob kurtynowy z mi\u0119kk\u0105 tekstur\u0105, a nie o sztywny, idealnie r\u00f3wny kontur.<\/p><\/blockquote>\n<h2>Komu pasuje bob kurtynowy?<\/h2>\n<p>To jedna z najwi\u0119kszych zalet tej fryzury: da si\u0119 j\u0105 dobrze dopasowa\u0107 do wielu twarzy i typ\u00f3w w\u0142os\u00f3w. Curtain bangs mog\u0105 pasowa\u0107 do praktycznie ka\u017cdego kszta\u0142tu twarzy, o ile s\u0105 dobrze dobrane pod d\u0142ugo\u015b\u0107 i spos\u00f3b noszenia. <strong>Kr\u00f3tsze ci\u0119cia, takie jak boby i loby, cz\u0119sto dobrze r\u00f3wnowa\u017c\u0105 rysy<\/strong>, a odpowiednio ustawione pasma przy twarzy mog\u0105 zmi\u0119kcza\u0107 mocniejsz\u0105 lini\u0119 szcz\u0119ki albo lepiej akcentowa\u0107 ko\u015bci policzkowe.<\/p>\n<h2>Czy bob kurtynowy pasuje do cienkich w\u0142os\u00f3w?<\/h2>\n<p>Bardzo cz\u0119sto tak. <strong>W\u0142a\u015bnie przy cie\u0144szych w\u0142osach bob ma du\u017cy sens, bo kr\u00f3tsza d\u0142ugo\u015b\u0107 zwykle daje wra\u017cenie wi\u0119kszej obj\u0119to\u015bci ni\u017c d\u0142ugie, oklapni\u0119te pasma<\/strong>. Przy bobach do ramion lub nieco kr\u00f3tszych curtain bangs i warstwy mog\u0105 tworzy\u0107 iluzj\u0119 pe\u0142niejszych w\u0142os\u00f3w.<\/p>\n<h2>Czy bob kurtynowy pasuje do grubych w\u0142os\u00f3w?<\/h2>\n<p>Tak, ale zwykle wymaga rozs\u0105dnego odci\u0105\u017cenia ko\u0144c\u00f3wek i wn\u0119trza fryzury. <strong>Przy wi\u0119kszej g\u0119sto\u015bci lepiej sprawdza si\u0119 wersja z mi\u0119kk\u0105 tekstur\u0105, bo zbyt ci\u0119\u017cki bob mo\u017ce zrobi\u0107 si\u0119 zbyt \u201emasywny\u201d przy twarzy<\/strong>. W aktualnych inspiracjach bobowych na 2026 rok wida\u0107 wyra\u017anie, \u017ce mi\u0119ksze, kr\u00f3tsze i bardziej ruchome formy wypieraj\u0105 sztywniejsze ci\u0119cia.<\/p>\n<h2>A co z w\u0142osami falowanymi?<\/h2>\n<p>Tu bob kurtynowy cz\u0119sto wygl\u0105da wr\u0119cz najlepiej. Lekka fala sprawia, \u017ce kurtynowe pasma same pracuj\u0105 przy twarzy, a ca\u0142o\u015b\u0107 wygl\u0105da bardziej naturalnie i letnio. W trendach 2026 bardzo mocno wida\u0107 w\u0142a\u015bnie zami\u0142owanie do mi\u0119kkiego ruchu, fal i fryzur, kt\u00f3re nie musz\u0105 by\u0107 \u201ewyprasowane\u201d na tafl\u0119.<\/p>\n<h2>Jak wygl\u0105da najmodniejszy bob kurtynowy na lato 2026?<\/h2>\n<p>W 2026 roku bobs s\u0105 przede wszystkim kr\u00f3tsze, bardziej mi\u0119kkie i mniej sztywne.\u00a0W praktyce oznacza to, \u017ce najmodniejszy bob kurtynowy na lato nie jest ani ultraci\u0119\u017cki, ani przesadnie pocieniowany. To raczej:<\/p>\n<ul>\n<li>bob do linii \u017cuchwy albo lekko za ni\u0105,<\/li>\n<li>mi\u0119kkie pasma otwieraj\u0105ce twarz,<\/li>\n<li>lekka tekstura na ko\u0144cach,<\/li>\n<li>grzywka kurtynowa albo d\u0142u\u017csze fronty stylizowane jak curtain bangs,<\/li>\n<li>efekt naturalnego ruchu zamiast sztywnej stylizacji.<\/li>\n<\/ul>\n<h2>Jak poprosi\u0107 fryzjera o bob kurtynowy?<\/h2>\n<p>To bardzo wa\u017cne, bo samo has\u0142o \u201echc\u0119 boba\u201d niczego jeszcze nie za\u0142atwia. Bob kurtynowy mo\u017ce by\u0107 delikatny i bardzo twarzowy, ale mo\u017ce te\u017c wyj\u015b\u0107 za ci\u0119\u017cki albo za bardzo przypomina\u0107 zwyk\u0142\u0105 grzywk\u0119. <strong>Dlatego najlepiej powiedzie\u0107 wprost, \u017ce zale\u017cy Ci na:<\/strong><\/p>\n<ul>\n<li>bobie z mi\u0119kkim ruchem,<\/li>\n<li>d\u0142u\u017cszych pasmach przy twarzy lub curtain bangs,<\/li>\n<li>ko\u0144c\u00f3wkach bez twardej, ci\u0119\u017ckiej linii,<\/li>\n<li>wersji \u0142atwej do stylizacji latem,<\/li>\n<li>d\u0142ugo\u015bci dopasowanej do Twojej twarzy i g\u0119sto\u015bci w\u0142os\u00f3w.<\/li>\n<\/ul>\n<blockquote><p>Porada: Na wizyt\u0119 we\u017a 2\u20133 zdj\u0119cia inspiracyjne. Przy bobach kilka centymetr\u00f3w robi naprawd\u0119 du\u017c\u0105 r\u00f3\u017cnic\u0119.<\/p><\/blockquote>\n<figure id=\"attachment_27423\" aria-describedby=\"caption-attachment-27423\" style=\"width: 1200px\" class=\"wp-caption alignnone\"><img decoding=\"async\" class=\"size-full wp-image-27423\" src=\"https:\/\/www.hairstore.pl\/blog\/wp-content\/uploads\/2026\/04\/bob-kurtynowy.webp\" alt=\"Kobiety z kr\u00f3tko \u015bci\u0119tymi w\u0142osami - bob kurtynowy\" width=\"1200\" height=\"675\" srcset=\"https:\/\/www.hairstore.pl\/blog\/wp-content\/uploads\/2026\/04\/bob-kurtynowy.webp 1200w, https:\/\/www.hairstore.pl\/blog\/wp-content\/uploads\/2026\/04\/bob-kurtynowy-800x450.webp 800w, https:\/\/www.hairstore.pl\/blog\/wp-content\/uploads\/2026\/04\/bob-kurtynowy-768x432.webp 768w\" sizes=\"(max-width: 1200px) 100vw, 1200px\" \/><figcaption id=\"caption-attachment-27423\" class=\"wp-caption-text\">Boby pozostaj\u0105 jedn\u0105 z najmocniejszych rodzin ci\u0119\u0107 w 2026 roku. \u0179r\u00f3d\u0142o: Pinterest<\/figcaption><\/figure>\n<h2>Czy bob kurtynowy jest trudny w uk\u0142adaniu?<\/h2>\n<p>Na tle wielu innych kr\u00f3tszych fryzur &#8211; nie. <strong>Ale uczciwie: to nie jest ci\u0119cie ca\u0142kowicie bezobs\u0142ugowe<\/strong>. Sama kurtynowa grzywka albo fronty przy twarzy zwykle lubi\u0105 lekkie modelowanie, zw\u0142aszcza je\u015bli chcesz ten charakterystyczny, mi\u0119kki rozdzia\u0142 na boki.<\/p>\n<p><strong>W praktyce najcz\u0119\u015bciej wystarcza:<\/strong><\/p>\n<ul>\n<li>suszenie na <a href=\"https:\/\/www.hairstore.pl\/szczotki-do-wlosow-do-modelowania\">szczotce do modelowania w\u0142os\u00f3w<\/a> albo szczotce typu blowout,<\/li>\n<li><a href=\"https:\/\/www.hairstore.pl\/index.php?podkat=671&amp;group=&amp;do_search_2=true&amp;landing=&amp;price_from=&amp;price_to=&amp;att2[671][680]=on&amp;att2[736][739]=on\">lekki spray unosz\u0105cy dodaj\u0105cy w\u0142osom obj\u0119to\u015bci<\/a>,<\/li>\n<li>odrobina kremu wyg\u0142adzaj\u0105cego lub <a href=\"https:\/\/www.hairstore.pl\/tekstura-spray\">sprayu teksturyzuj\u0105cego do w\u0142os\u00f3w<\/a>,<\/li>\n<li>czasem szybkie podkr\u0119cenie pasm przy twarzy.<\/li>\n<\/ul>\n<p>Warto wtedy szuka\u0107 przede wszystkim lekkich pianek, spray\u00f3w teksturyzuj\u0105cych, krem\u00f3w wyg\u0142adzaj\u0105cych i szczotek do modelowania, bo to w\u0142a\u015bnie takie kosmetyki i akcesoria najlepiej wsp\u00f3\u0142pracuj\u0105 z letnim bobem kurtynowym.<\/p>\n<div id=\"hsbp-42f6fea813f8c2693c7b4baface0f094\" class=\"hsbp\"><\/div>\n<h2>Jakie s\u0105 najwi\u0119ksze zalety boba kurtynowego?<\/h2>\n<p><strong>To fryzura, kt\u00f3ra \u0142\u0105czy kilka rzeczy naraz:<\/strong><\/p>\n<ol>\n<li>dobrze sprawdza si\u0119 latem, bo ods\u0142ania kark i jest l\u017cejsza od d\u0142ugich w\u0142os\u00f3w,<\/li>\n<li>zmi\u0119kcza twarz dzi\u0119ki kurtynowym pasmom,<\/li>\n<li>mo\u017ce doda\u0107 obj\u0119to\u015bci cie\u0144szym w\u0142osom,<\/li>\n<li>daje wi\u0119cej swobody ni\u017c ci\u0119\u017cki, pe\u0142ny bob,<\/li>\n<li>\u0142atwo wygl\u0105da dobrze tak\u017ce w wersji \u201etroch\u0119 niedoskona\u0142ej\u201d, co latem jest naprawd\u0119 du\u017cym plusem.<\/li>\n<\/ol>\n<h2>Kiedy bob kurtynowy mo\u017ce nie by\u0107 najlepszym wyborem?<\/h2>\n<p>Nie ka\u017cda fryzura pasuje ka\u017cdemu i tutaj te\u017c warto to powiedzie\u0107 wprost. <strong>Bob kurtynowy mo\u017ce by\u0107 mniej wygodny, je\u015bli:<\/strong><\/p>\n<ul>\n<li>bardzo nie lubisz \u017cadnych pasm opadaj\u0105cych przy twarzy,<\/li>\n<li>masz mocne zawirowania przy linii czo\u0142a i nie chcesz ich codziennie uk\u0142ada\u0107,<\/li>\n<li>wolisz fryzury, kt\u00f3re mo\u017cna zawsze zwi\u0105za\u0107 w pe\u0142ny kucyk,<\/li>\n<li>zale\u017cy Ci na bardzo ostrym, geometrycznym efekcie zamiast mi\u0119kko\u015bci.<\/li>\n<\/ul>\n<p>Dodatkowo cz\u0119\u015b\u0107 bob\u00f3w wymaga cz\u0119stszych podci\u0119\u0107 ni\u017c d\u0142u\u017csze fryzury, zw\u0142aszcza je\u015bli chcesz zachowa\u0107 wyra\u017any kszta\u0142t.<\/p>\n<h2>Bob kurtynowy czy klasyczny bob \u2013 co wybra\u0107 na lato?<\/h2>\n<p>Poni\u017cej masz prost\u0105 \u015bci\u0105g\u0119:<\/p>\n<figure id=\"attachment_27421\" aria-describedby=\"caption-attachment-27421\" style=\"width: 1400px\" class=\"wp-caption alignnone\"><img decoding=\"async\" class=\"size-full wp-image-27421\" src=\"https:\/\/www.hairstore.pl\/blog\/wp-content\/uploads\/2026\/04\/bob-kurtynowy-vs-klasyczny.webp\" alt=\"Tabela: bob kurtynowy czy klasyczny\" width=\"1400\" height=\"788\" srcset=\"https:\/\/www.hairstore.pl\/blog\/wp-content\/uploads\/2026\/04\/bob-kurtynowy-vs-klasyczny.webp 1400w, https:\/\/www.hairstore.pl\/blog\/wp-content\/uploads\/2026\/04\/bob-kurtynowy-vs-klasyczny-800x450.webp 800w, https:\/\/www.hairstore.pl\/blog\/wp-content\/uploads\/2026\/04\/bob-kurtynowy-vs-klasyczny-1200x675.webp 1200w, https:\/\/www.hairstore.pl\/blog\/wp-content\/uploads\/2026\/04\/bob-kurtynowy-vs-klasyczny-768x432.webp 768w\" sizes=\"(max-width: 1400px) 100vw, 1400px\" \/><figcaption id=\"caption-attachment-27421\" class=\"wp-caption-text\">Wybierz wersj\u0119, kt\u00f3ra pasuje do Ciebie bardziej!<\/figcaption><\/figure>\n<h2>Letnia checklista do boba kurtynowego<\/h2>\n<ul>\n<li>Postaw na lekkie <a href=\"https:\/\/www.hairstore.pl\/szampony-c14.html\">szampony do w\u0142os\u00f3w<\/a> i <a href=\"https:\/\/www.hairstore.pl\/odzywki-c200.html\">od\u017cywki do w\u0142os\u00f3w<\/a>.<\/li>\n<li>Nie przeci\u0105\u017caj ko\u0144c\u00f3wek ci\u0119\u017ckimi maskami bez sp\u0142ukiwania.<\/li>\n<li>Dodaj <a href=\"https:\/\/www.hairstore.pl\/termoochrona-c747.html\">spray termoochronny do w\u0142os\u00f3w<\/a> przed stylizacj\u0105.<\/li>\n<li>U\u017cywaj lekkiego produktu na obj\u0119to\u015b\u0107 u nasady.<\/li>\n<li>Od\u015bwie\u017caj kszta\u0142t fryzury regularnym podci\u0119ciem.<\/li>\n<li>Zabezpieczaj w\u0142osy przed s\u0142o\u0144cem i przesuszeniem.<\/li>\n<\/ul>\n<div id=\"hsbp-287b7418a161e2e900972e2e43495c31\" class=\"hsbp\"><\/div>\n<h2>Czy bob kurtynowy to naprawd\u0119 fryzura idealna na lato?<\/h2>\n<p>Moim zdaniem tak &#8211; o ile lubisz fryzury lekkie, swobodne i nowoczesne. Bob sam w sobie od lat jest jednym z najlepszych ci\u0119\u0107 na cieplejsze miesi\u0105ce, bo jest wygodniejszy przy upa\u0142ach i \u0142atwiejszy w codziennym ogarni\u0119ciu ni\u017c d\u0142ugie w\u0142osy. Wersja kurtynowa dodaje mu mi\u0119kko\u015bci, twarzowo\u015bci i tego modnego, ale nadal bardzo noszalnego efektu, kt\u00f3ry dobrze wygl\u0105da zar\u00f3wno po szczotce, jak i w bardziej naturalnym wydaniu.<\/p>\n<p><strong>Je\u015bli szukasz fryzury, kt\u00f3ra wygl\u0105da \u015bwie\u017co, kobieco i nie jest zbyt ci\u0119\u017cka na lato, bob kurtynowy to naprawd\u0119 bardzo mocny kandydat.<\/strong><\/p>\n<h2>FAQ \u2013 najcz\u0119stsze pytania o bob kurtynowy<\/h2>\n<p><strong>Co to jest bob kurtynowy?<\/strong><\/p>\n<p>To bob po\u0142\u0105czony z kurtynow\u0105 grzywk\u0105 albo d\u0142u\u017cszymi pasmami przy twarzy stylizowanymi jak curtain bangs. Taki detal dodaje lekko\u015bci i mi\u0119kko otwiera twarz.<\/p>\n<p><strong>Czy bob kurtynowy pasuje do cienkich w\u0142os\u00f3w?<\/strong><\/p>\n<p>Tak, cz\u0119sto bardzo dobrze. Kr\u00f3tsza d\u0142ugo\u015b\u0107 i mi\u0119kkie pasma przy twarzy mog\u0105 dawa\u0107 wra\u017cenie wi\u0119kszej obj\u0119to\u015bci i pe\u0142no\u015bci.<\/p>\n<p><strong>Czy bob kurtynowy jest modny w 2026 roku?<\/strong><\/p>\n<p>Tak. Boby pozostaj\u0105 jedn\u0105 z najmocniejszych rodzin ci\u0119\u0107 w 2026 roku, a ich mi\u0119ksze, bardziej ruchome wersje s\u0105 szczeg\u00f3lnie widoczne w trendach.<\/p>\n<p><strong>Dlaczego bob kurtynowy sprawdza si\u0119 latem?<\/strong><\/p>\n<p>Bo jest l\u017cejszy, wygodniejszy w upa\u0142ach i ods\u0142ania kark. Do tego kurtynowe pasma wygl\u0105daj\u0105 dobrze nawet w bardziej swobodnej, letniej stylizacji.<\/p>\n<p><strong>Czy curtain bangs s\u0105 trudne do uk\u0142adania?<\/strong><\/p>\n<p>Zwykle s\u0105 \u0142atwiejsze ni\u017c klasyczna, ci\u0119\u017cka grzywka. Mo\u017cna je rozsuwa\u0107, spina\u0107 i stosunkowo \u0142atwo zapuszcza\u0107<\/p>\n","protected":false},"excerpt":{"rendered":"<p>Bob kurtynowy to jedna z tych fryzur, kt\u00f3re wygl\u0105daj\u0105 modnie, ale nie sprawiaj\u0105 wra\u017cenia \u201eprzestylizowanych\u201d. \u0141\u0105czy w sobie lekko\u015b\u0107 klasycznego boba i mi\u0119kkie, twarzowe pasma przy twarzy, czyli tzw. curtain bangs. Nic dziwnego, \u017ce w\u0142a\u015bnie latem wraca do gry: jest l\u017cejszy od d\u0142ugich w\u0142os\u00f3w, wygodny przy upa\u0142ach i daje efekt \u015bwie\u017co\u015bci bez wielkiej stylizacyjnej spiny. [&hellip;]<\/p>\n","protected":false},"author":18,"featured_media":27422,"comment_status":"open","ping_status":"open","sticky":false,"template":"","format":"standard","meta":{"footnotes":""},"categories":[2,9421],"tags":[13174,11887,13176,12762,11353,12926,13014,12979,12545,13175],"yst_prominent_words":[1913],"class_list":["post-27417","post","type-post","status-publish","format-standard","has-post-thumbnail","hentry","category-aktualnosci","category-trendy","tag-bob-kurtynowy","tag-curtain-bangs","tag-grzywka-curtain-bangs","tag-jak-sciac-wlosy","tag-krotkie-wlosy","tag-krotkie-wlosy-fryzury","tag-modne-boby","tag-modne-fryzury-2026","tag-modny-bob","tag-modny-bob-na-lato"],"_links":{"self":[{"href":"https:\/\/www.hairstore.pl\/blog\/wp-json\/wp\/v2\/posts\/27417","targetHints":{"allow":["GET"]}}],"collection":[{"href":"https:\/\/www.hairstore.pl\/blog\/wp-json\/wp\/v2\/posts"}],"about":[{"href":"https:\/\/www.hairstore.pl\/blog\/wp-json\/wp\/v2\/types\/post"}],"author":[{"embeddable":true,"href":"https:\/\/www.hairstore.pl\/blog\/wp-json\/wp\/v2\/users\/18"}],"replies":[{"embeddable":true,"href":"https:\/\/www.hairstore.pl\/blog\/wp-json\/wp\/v2\/comments?post=27417"}],"version-history":[{"count":6,"href":"https:\/\/www.hairstore.pl\/blog\/wp-json\/wp\/v2\/posts\/27417\/revisions"}],"predecessor-version":[{"id":27426,"href":"https:\/\/www.hairstore.pl\/blog\/wp-json\/wp\/v2\/posts\/27417\/revisions\/27426"}],"wp:featuredmedia":[{"embeddable":true,"href":"https:\/\/www.hairstore.pl\/blog\/wp-json\/wp\/v2\/media\/27422"}],"wp:attachment":[{"href":"https:\/\/www.hairstore.pl\/blog\/wp-json\/wp\/v2\/media?parent=27417"}],"wp:term":[{"taxonomy":"category","embeddable":true,"href":"https:\/\/www.hairstore.pl\/blog\/wp-json\/wp\/v2\/categories?post=27417"},{"taxonomy":"post_tag","embeddable":true,"href":"https:\/\/www.hairstore.pl\/blog\/wp-json\/wp\/v2\/tags?post=27417"},{"taxonomy":"yst_prominent_words","embeddable":true,"href":"https:\/\/www.hairstore.pl\/blog\/wp-json\/wp\/v2\/yst_prominent_words?post=27417"}],"curies":[{"name":"wp","href":"https:\/\/api.w.org\/{rel}","templated":true}]}}