{"id":27408,"date":"2026-04-29T16:03:08","date_gmt":"2026-04-29T14:03:08","guid":{"rendered":"https:\/\/www.hairstore.pl\/blog\/?p=27408"},"modified":"2026-04-29T16:03:08","modified_gmt":"2026-04-29T14:03:08","slug":"jak-oddac-wlosy-na-fundacje","status":"publish","type":"post","link":"https:\/\/www.hairstore.pl\/blog\/jak-oddac-wlosy-na-fundacje\/","title":{"rendered":"Jak odda\u0107 w\u0142osy na fundacj\u0119? Zasady i przygotowanie w\u0142os\u00f3w krok po kroku"},"content":{"rendered":"<p>Oddanie w\u0142os\u00f3w na fundacj\u0119 to jeden z tych gest\u00f3w, kt\u00f3re wydaj\u0105 si\u0119 proste, ale w praktyce maj\u0105 kilka bardzo konkretnych zasad. I w\u0142a\u015bnie tutaj naj\u0142atwiej o b\u0142\u0105d: w\u0142osy s\u0105 za kr\u00f3tkie, \u017ale zmierzone, zbyt wilgotne albo \u017ale zabezpieczone po \u015bci\u0119ciu. Efekt? Pi\u0119kna intencja jest, ale pasma nie mog\u0105 zosta\u0107 wykorzystane.<\/p>\n<p><!--more--><\/p>\n<p>W tym artykule podpowiem, jak odda\u0107 w\u0142osy na fundacj\u0119 krok po kroku, jakie warunki najcz\u0119\u015bciej musz\u0105 spe\u0142nia\u0107 w\u0142osy i na co uwa\u017ca\u0107, \u017ceby dar naprawd\u0119 m\u00f3g\u0142 pom\u00f3c.<\/p>\n<div class=\"article-menu-box\"><div class=\"article-menu-header\">Z tego artyku\u0142u dowiesz si\u0119:<\/div>\n        <ul class=\"article-menu\"><li>Co trzeba wiedzie\u0107, zanim zetniesz w\u0142osy na fundacj\u0119?<\/li><li>Jakiej d\u0142ugo\u015bci musz\u0105 by\u0107 w\u0142osy?<\/li><li>Jak odda\u0107 w\u0142osy na fundacj\u0119 krok po kroku?<\/li><li>Gdzie mo\u017cna odda\u0107 w\u0142osy na fundacj\u0119 w Polsce?<\/li><li>Jak zapuszcza\u0107 w\u0142osy, je\u015bli chcesz odda\u0107 je za kilka miesi\u0119cy?<\/li><\/ul><\/div>\n<h2>Co trzeba wiedzie\u0107, zanim zetniesz w\u0142osy na fundacj\u0119?<\/h2>\n<p><strong>Najwa\u017cniejsza rzecz jest bardzo prosta: ka\u017cda organizacja ma w\u0142asne zasady.<\/strong> To nie jest temat typu \u201ezetn\u0119 25 cm i na pewno si\u0119 przyda\u201d. Dla przyk\u0142adu <strong>program Daj W\u0142os! Fundacji Rak\u2019n\u2019Roll<\/strong> wymaga dzi\u015b minimum 35 cm, mierzonych na rozpuszczonych w\u0142osach przed zapleceniem, a akcja <strong>Podziel Si\u0119 Dzieci\u0144stwem<\/strong> podaje obecnie rekomendacj\u0119 35 cm dla w\u0142os\u00f3w kobiecych i 30 cm dla m\u0119skich.<\/p>\n<p>Dlatego zanim um\u00f3wisz wizyt\u0119 u fryzjera, najlepiej najpierw sprawdzi\u0107 stron\u0119 konkretnej fundacji albo akcji. R\u00f3\u017cnice potrafi\u0105 dotyczy\u0107 nie tylko d\u0142ugo\u015bci, ale te\u017c tego, czy w\u0142osy mog\u0105 by\u0107 farbowane, czy musz\u0105 by\u0107 niefarbowane, jak maj\u0105 by\u0107 umyte i czy trzeba do\u0142\u0105czy\u0107 formularz lub o\u015bwiadczenie.<\/p>\n<blockquote><p>Wskaz\u00f3wka: Najpierw wybierz fundacj\u0119, dopiero potem mierz w\u0142osy i planuj ci\u0119cie.<\/p><\/blockquote>\n<h2>Jakie warunki musz\u0105 spe\u0142nia\u0107 w\u0142osy oddawane na fundacj\u0119?<\/h2>\n<p><strong>W praktyce najcz\u0119\u015bciej licz\u0105 si\u0119 cztery rzeczy: d\u0142ugo\u015b\u0107, kondycja, brak farbowania oraz prawid\u0142owe przygotowanie do ci\u0119cia i wysy\u0142ki.<\/strong> W programie Daj W\u0142os! Fundacji Rak\u2019n\u2019Roll w\u0142osy musz\u0105 mie\u0107 minimum 35 cm, by\u0107 niefarbowane, umyte bez od\u017cywki, suche i splecione w warkocze zabezpieczone gumkami na obu ko\u0144cach.<\/p>\n<p>W akcji Podziel Si\u0119 Dzieci\u0144stwem tak\u017ce obowi\u0105zuje zasada w\u0142os\u00f3w niefarbowanych, a organizatorzy dodatkowo podkre\u015blaj\u0105 staranne mycie bez od\u017cywek, dok\u0142adne wysuszenie i mocne zwi\u0105zanie warkoczy, tak aby nie pomyli\u0107 nasady z ko\u0144c\u00f3wk\u0105. Ta akcja dopuszcza r\u00f3wnie\u017c w\u0142osy od os\u00f3b doros\u0142ych.<\/p>\n<h2>Jakiej d\u0142ugo\u015bci musz\u0105 by\u0107 w\u0142osy?<\/h2>\n<p>Tu nie ma jednej odpowiedzi dla wszystkich, ale 35 cm to dzi\u015b bardzo cz\u0119sty punkt odniesienia. <strong>Rak\u2019n\u2019Roll wprost zaznacza, \u017ce mniej ni\u017c 35 cm nie wystarczy<\/strong>, a d\u0142ugo\u015b\u0107 trzeba mierzy\u0107 na rozpuszczonych w\u0142osach, nie na gotowym warkoczu. Akcja <strong>Podziel Si\u0119 Dzieci\u0144stwem<\/strong> rozr\u00f3\u017cnia przy tym w\u0142osy m\u0119skie i kobiece: odpowiednio 30 cm i 35 cm.<\/p>\n<h2>Czy mo\u017cna odda\u0107 w\u0142osy farbowane?<\/h2>\n<p>Je\u015bli patrze\u0107 na aktualne zasady dw\u00f3ch du\u017cych inicjatyw, o kt\u00f3rych m\u00f3wimy, <strong>odpowied\u017a brzmi: najbezpieczniej zak\u0142ada\u0107, \u017ce nie<\/strong>. Zar\u00f3wno Rak\u2019n\u2019Roll, jak i Podziel Si\u0119 Dzieci\u0144stwem podaj\u0105, \u017ce w\u0142osy do przekazania nie mog\u0105 by\u0107 farbowane; Rak\u2019n\u2019Roll dodaje te\u017c wyra\u017anie, \u017ce odpadaj\u0105 w\u0142osy rozja\u015bniane i po zabiegach zmieniaj\u0105cych struktur\u0119.<\/p>\n<h2>Czy mo\u017cna odda\u0107 w\u0142osy kr\u0119cone albo cieniowane?<\/h2>\n<p>Naturalnie kr\u0119cone w\u0142osy mog\u0105 zosta\u0107 przyj\u0119te w programie Daj W\u0142os!, ale w\u0142osy po trwa\u0142ej ju\u017c nie. Z kolei przy w\u0142osach cieniowanych fundacja zwraca uwag\u0119, \u017ce je\u015bli obw\u00f3d warkocza gwa\u0142townie si\u0119 zmniejsza, warto\u015bciowe mog\u0105 okaza\u0107 si\u0119 tylko najd\u0142u\u017csze pasma, a reszta nie nada si\u0119 do wykorzystania.<\/p>\n<h2>Jak odda\u0107 w\u0142osy na fundacj\u0119 krok po kroku?<\/h2>\n<p>Najwygodniej potraktowa\u0107 to jak kr\u00f3tk\u0105 checklist\u0119. Dzi\u0119ki temu nic wa\u017cnego nie umknie.<\/p>\n<h3>Krok 1. Sprawd\u017a zasady wybranej fundacji<\/h3>\n<p>Sprawd\u017a minimaln\u0105 d\u0142ugo\u015b\u0107, zasady dotycz\u0105ce farbowania i spos\u00f3b przekazania w\u0142os\u00f3w. To wa\u017cne, bo 30 cm mo\u017ce wystarczy\u0107 w jednej akcji, a w innej ju\u017c nie.<\/p>\n<h3>Krok 2. Umyj w\u0142osy, ale bez od\u017cywki<\/h3>\n<p>Rak\u2019n\u2019Roll wymaga w\u0142os\u00f3w umytych bez od\u017cywki, a Podziel Si\u0119 Dzieci\u0144stwem zaleca nawet dok\u0142adne, podw\u00f3jne mycie bez nak\u0142adania substancji od\u017cywczych. To nie detal: zbyt \u015bliskie albo \u017ale przygotowane w\u0142osy mog\u0105 by\u0107 trudniejsze do wykorzystania.<\/p>\n<h3>Krok 3. Dok\u0142adnie wysusz w\u0142osy<\/h3>\n<p>W\u0142osy przeznaczone do wysy\u0142ki musz\u0105 by\u0107 suche. Rak\u2019n\u2019Roll wprost ostrzega, \u017ce wilgo\u0107 pozostawiona w kopercie mo\u017ce doprowadzi\u0107 do zniszczenia pasm, a Podziel Si\u0119 Dzieci\u0144stwem zaleca najpierw osuszenie r\u0119cznikiem, a potem spokojne dosuszenie.<\/p>\n<h3>Krok 4. Zaple\u0107 w\u0142osy w warkocze<\/h3>\n<p>To jeden z najwa\u017cniejszych moment\u00f3w. W\u0142osy musz\u0105 by\u0107 splecione i solidnie zwi\u0105zane, bo osoba przygotowuj\u0105ca materia\u0142 do peruki musi wiedzie\u0107, gdzie jest nasada, a gdzie ko\u0144c\u00f3wka. Podziel Si\u0119 Dzieci\u0144stwem sugeruje 2 warkocze przy cie\u0144szych w\u0142osach i 4 przy grubszych, a przy d\u0142ugich w\u0142osach tak\u017ce dodatkow\u0105 gumk\u0119 w po\u0142owie d\u0142ugo\u015bci.<\/p>\n<h3>Krok 5. Zetnij w\u0142osy nad gumk\u0105<\/h3>\n<p>Najlepiej zrobi\u0107 to u fryzjera albo bardzo uwa\u017cnie samodzielnie, je\u015bli masz pewno\u015b\u0107, \u017ce zachowasz w\u0142a\u015bciwy kierunek pasma i nic si\u0119 nie rozpadnie. Sama akcja Podziel Si\u0119 Dzieci\u0144stwem wprost radzi, \u017ce przy w\u0105tpliwo\u015bciach lepiej zg\u0142osi\u0107 si\u0119 do specjalisty.<\/p>\n<h3>Krok 6. Spakuj w\u0142osy i do\u0142\u0105cz wymagane dokumenty<\/h3>\n<p>W programie Daj W\u0142os! do przesy\u0142ki trzeba do\u0142\u0105czy\u0107 podpisany wydruk o\u015bwiadczenia wype\u0142nionego online. Fundacja podaje te\u017c, \u017ce w\u0142osy mo\u017cna wys\u0142a\u0107 samodzielnie, przekaza\u0107 przez salon partnerski albo dostarczy\u0107 osobi\u015bcie do biura w Warszawie.<\/p>\n<figure id=\"attachment_27410\" aria-describedby=\"caption-attachment-27410\" style=\"width: 1400px\" class=\"wp-caption alignnone\"><img decoding=\"async\" class=\"size-full wp-image-27410\" src=\"https:\/\/www.hairstore.pl\/blog\/wp-content\/uploads\/2026\/04\/tabela-wlosy-fundacja.webp\" alt=\"Tabela Jak odda\u0107 w\u0142osy na fundacj\u0119? \" width=\"1400\" height=\"788\" srcset=\"https:\/\/www.hairstore.pl\/blog\/wp-content\/uploads\/2026\/04\/tabela-wlosy-fundacja.webp 1400w, https:\/\/www.hairstore.pl\/blog\/wp-content\/uploads\/2026\/04\/tabela-wlosy-fundacja-800x450.webp 800w, https:\/\/www.hairstore.pl\/blog\/wp-content\/uploads\/2026\/04\/tabela-wlosy-fundacja-1200x675.webp 1200w, https:\/\/www.hairstore.pl\/blog\/wp-content\/uploads\/2026\/04\/tabela-wlosy-fundacja-768x432.webp 768w\" sizes=\"(max-width: 1400px) 100vw, 1400px\" \/><figcaption id=\"caption-attachment-27410\" class=\"wp-caption-text\">Pami\u0119taj, \u017ce ka\u017cda organizacja ma w\u0142asne zasady!<\/figcaption><\/figure>\n<h2>Gdzie mo\u017cna odda\u0107 w\u0142osy na fundacj\u0119 w Polsce?<\/h2>\n<p>W Polsce dzia\u0142a kilka znanych inicjatyw, ale dwie szczeg\u00f3lnie cz\u0119sto przewijaj\u0105 si\u0119 przy tym temacie.<\/p>\n<p><strong>Fundacja Rak\u2019n\u2019Roll \u2013 program Daj W\u0142os!<\/strong><br \/>\nTo jedna z najbardziej rozpoznawalnych akcji. Przyjmuje w\u0142osy niefarbowane, minimum 35 cm, umyte bez od\u017cywki, suche i splecione w warkocze. Mo\u017cna je wys\u0142a\u0107 samodzielnie albo przekaza\u0107 przez salon partnerski, a do przesy\u0142ki trzeba do\u0142\u0105czy\u0107 o\u015bwiadczenie.<\/p>\n<p><strong>Podziel Si\u0119 Dzieci\u0144stwem \/ wsp\u00f3\u0142praca z fundacj\u0105 Herosi<\/strong><br \/>\nTutaj rekomendowana d\u0142ugo\u015b\u0107 to 30 cm dla w\u0142os\u00f3w m\u0119skich i 35 cm dla kobiecych, w\u0142osy tak\u017ce nie mog\u0105 by\u0107 farbowane, a organizatorzy podkre\u015blaj\u0105 bardzo dok\u0142adne przygotowanie do ci\u0119cia. W\u0142osy s\u0105 przekazywane na potrzeby uzupe\u0142nie\u0144 i peruk dla dzieci wskazanych przez fundacj\u0119 Herosi.<\/p>\n<h2>Dlaczego fundacje maj\u0105 a\u017c tak rygorystyczne zasady?<\/h2>\n<p>Bo w\u0142osy do peruki to nie jest \u201ejakikolwiek materia\u0142\u201d. Rak\u2019n\u2019Roll t\u0142umaczy, \u017ce naturalna peruka jest w pewnym sensie produktem surowym, kt\u00f3ry dopiero p\u00f3\u017aniej dopasowuje si\u0119 i formuje, dlatego d\u0142ugo\u015b\u0107, jako\u015b\u0107 i w\u0142a\u015bciwe przygotowanie pasm s\u0105 kluczowe. Fundacja zaznacza te\u017c, \u017ce \u017ale zmierzone, \u017ale obci\u0119te albo \u017ale zabezpieczone w\u0142osy zbyt cz\u0119sto staj\u0105 si\u0119 odpadem.<\/p>\n<p><strong>To te\u017c dobry moment, \u017ceby powiedzie\u0107 co\u015b, czego wiele os\u00f3b nie wie: na jedn\u0105 peruk\u0119 potrzeba w\u0142os\u00f3w od kilku dawc\u00f3w.<\/strong> W akcji Podziel Si\u0119 Dzieci\u0144stwem mowa o 3\u20135 dzieciach na jedno uzupe\u0142nienie lub peruk\u0119, a Rak\u2019n\u2019Roll podaje, \u017ce w zale\u017cno\u015bci od jako\u015bci w\u0142os\u00f3w na jedn\u0105 peruk\u0119 potrzeba pasm od 6 do 10 os\u00f3b.<\/p>\n<blockquote><p>Uwaga: Nawet pi\u0119kne, d\u0142ugie w\u0142osy mog\u0105 zosta\u0107 odrzucone, je\u015bli s\u0105 wilgotne, \u017ale zwi\u0105zane albo nie spe\u0142niaj\u0105 zasad fundacji.<\/p><\/blockquote>\n<h2>Czego nie robi\u0107 przed oddaniem w\u0142os\u00f3w?<\/h2>\n<p>Zanim zetniesz w\u0142osy, nie r\u00f3b tych rzeczy:<\/p>\n<ul>\n<li>Nie farbuj i nie rozja\u015bniaj w\u0142os\u00f3w, je\u015bli planujesz przekazanie do fundacji wymagaj\u0105cej w\u0142os\u00f3w naturalnych.<\/li>\n<li>Nie nak\u0142adaj <a href=\"https:\/\/www.hairstore.pl\/odzywki-c200.html\">od\u017cywki do w\u0142os\u00f3w<\/a> ani <a href=\"https:\/\/www.hairstore.pl\/maski-c664.html\">maski do w\u0142os\u00f3w<\/a> tu\u017c przed ci\u0119ciem, je\u015bli fundacja wyra\u017anie tego zabrania.<\/li>\n<li>Nie \u015bcinaj mokrych w\u0142os\u00f3w do wysy\u0142ki. Musz\u0105 by\u0107 suche.<\/li>\n<li>Nie wrzucaj lu\u017anych pasm do koperty. W\u0142osy powinny by\u0107 zaplecione i mocno zwi\u0105zane.<\/li>\n<li>Nie zak\u0142adaj, \u017ce ka\u017cda fundacja przyjmie taki sam typ w\u0142os\u00f3w. Zawsze sprawd\u017a aktualne wytyczne wybranej organizacji.<\/li>\n<\/ul>\n<h2>Czy w\u0142osy trzeba \u015bcina\u0107 w salonie?<\/h2>\n<p>Nie zawsze, ale bardzo cz\u0119sto to po prostu najbezpieczniejsze rozwi\u0105zanie. Je\u015bli masz w\u0105tpliwo\u015bci co do samodzielnego obci\u0119cia, lepiej uda\u0107 si\u0119 do specjalisty, a Rak\u2019n\u2019Roll ma te\u017c salony partnerskie, kt\u00f3re pomagaj\u0105 przygotowa\u0107 w\u0142osy zgodnie z zasadami programu.<\/p>\n<p><strong>To wa\u017cne zw\u0142aszcza wtedy, gdy w\u0142osy s\u0105 g\u0119ste, cieniowane, kr\u0119cone albo bardzo d\u0142ugie. Wtedy \u0142atwiej o pomy\u0142k\u0119 przy mierzeniu i zabezpieczeniu pasm.<\/strong><\/p>\n<h2>Jak zapuszcza\u0107 w\u0142osy, je\u015bli chcesz odda\u0107 je za kilka miesi\u0119cy?<\/h2>\n<p><strong>Najrozs\u0105dniej: bez gwa\u0142townych eksperyment\u00f3w.<\/strong> Je\u015bli chcesz odda\u0107 w\u0142osy na fundacj\u0119, dobrze przez kilka miesi\u0119cy skupi\u0107 si\u0119 na delikatnej piel\u0119gnacji w\u0142os\u00f3w, ochronie ko\u0144c\u00f3wek i unikaniu zabieg\u00f3w, kt\u00f3re mog\u0142yby wykluczy\u0107 pasma z donacji, zw\u0142aszcza farbowania i rozja\u015bniania.<\/p>\n<p>Je\u015bli planujesz taki cel, w naszej ofercie warto od razu dobra\u0107 <a href=\"https:\/\/www.hairstore.pl\/pielegnacja-wlosow-uniwersalna-pielegnacja\">kosmetyki do \u0142agodnej piel\u0119gnacji w\u0142os\u00f3w<\/a> oraz <a href=\"https:\/\/www.hairstore.pl\/olejki-i-serum-komfort-skory-glowy\">kosmetyki do piel\u0119gnacji sk\u00f3ry g\u0142owy<\/a>, \u017ceby w\u0142osy dotrwa\u0142y do momentu ci\u0119cia w jak najlepszej kondycji.<\/p>\n<div id=\"hsbp-a7a4a11074b0ec74fcbe2cda453cc92f\" class=\"hsbp\"><\/div>\n<h2>Szybka \u015bci\u0105ga: jak odda\u0107 w\u0142osy na fundacj\u0119?<\/h2>\n<p><strong>Je\u015bli chcesz zapami\u0119ta\u0107 tylko najwa\u017cniejsze rzeczy, trzymaj si\u0119 tej listy:<\/strong><\/p>\n<ol>\n<li>Wybierz fundacj\u0119 i sprawd\u017a jej aktualne zasady.<\/li>\n<li>Zmierz w\u0142osy przed zapleceniem.<\/li>\n<li>Umyj je bez od\u017cywki i dok\u0142adnie wysusz.<\/li>\n<li>Zaple\u0107 warkocze i mocno zabezpiecz gumkami.<\/li>\n<li>Zetnij w\u0142osy nad gumk\u0105.<\/li>\n<li>Spakuj suche pasma i do\u0142\u0105cz wymagane dokumenty.<\/li>\n<li>Wy\u015blij je albo oddaj przez salon partnerski.<\/li>\n<\/ol>\n<p>Twoim przyjacielem mo\u017ce sta\u0107 si\u0119 tak\u017ce serum, dzi\u0119ki kt\u00f3remu szybciej zapu\u015bcisz w\u0142osy. Tutaj znajdziesz polecane przez nas produkty, koniecznie sprawd\u017a: <a href=\"https:\/\/www.hairstore.pl\/blog\/serum-do-skory-glowy\/\">serum do sk\u00f3ry g\u0142owy na porost w\u0142os\u00f3w \u2013 oto topowe produkty<\/a>.<\/p>\n<h2>FAQ \u2013 najcz\u0119stsze pytania o oddawanie w\u0142os\u00f3w na fundacj\u0119<\/h2>\n<p><strong>Ile cm w\u0142os\u00f3w trzeba mie\u0107, \u017ceby odda\u0107 je na fundacj\u0119?<\/strong><\/p>\n<p>To zale\u017cy od fundacji, ale cz\u0119sto pojawia si\u0119 pr\u00f3g 35 cm. W akcji Podziel Si\u0119 Dzieci\u0144stwem rekomendacja to 30 cm dla w\u0142os\u00f3w m\u0119skich i 35 cm dla kobiecych.<\/p>\n<p><strong>Czy mo\u017cna odda\u0107 w\u0142osy farbowane?<\/strong><\/p>\n<p>W aktualnych zasadach Rak\u2019n\u2019Roll i Podziel Si\u0119 Dzieci\u0144stwem \u2013 nie. Obie inicjatywy wskazuj\u0105 w\u0142osy niefarbowane.<\/p>\n<p><strong>Czy w\u0142osy musz\u0105 by\u0107 umyte przed oddaniem?<\/strong><\/p>\n<p>Tak. Fundacje podkre\u015blaj\u0105, \u017ce w\u0142osy powinny by\u0107 czyste, ale bez od\u017cywki, oraz dok\u0142adnie wysuszone.<\/p>\n<p><strong>Czy mo\u017cna odda\u0107 w\u0142osy kr\u0119cone?<\/strong><\/p>\n<p>Tak, je\u015bli s\u0105 naturalnie kr\u0119cone. Rak\u2019n\u2019Roll zaznacza jednak, \u017ce w\u0142osy po trwa\u0142ej nie nadaj\u0105 si\u0119 do wykorzystania.<\/p>\n<p><strong>Czy w\u0142osy trzeba \u015bcina\u0107 u fryzjera?<\/strong><\/p>\n<p>Nie zawsze, ale to najbezpieczniejsze rozwi\u0105zanie, je\u015bli nie masz wprawy. Przy \u017ale zwi\u0105zanych albo \u017ale obci\u0119tych pasmach w\u0142osy mog\u0105 nie zosta\u0107 wykorzystane.<\/p>\n<p><strong>Czy da si\u0119 odda\u0107 w\u0142osy przez salon partnerski?<\/strong><\/p>\n<p>Tak, przynajmniej w programie Daj W\u0142os! jest taka mo\u017cliwo\u015b\u0107. Fundacja dopuszcza zar\u00f3wno samodzieln\u0105 wysy\u0142k\u0119, jak i oddanie w\u0142os\u00f3w przez salon partnerski.<\/p>\n<p><strong>Czy z moich w\u0142os\u00f3w powstanie jedna konkretna peruka?<\/strong><\/p>\n<p>Nie. Fundacje \u0142\u0105cz\u0105 w\u0142osy od wielu dawc\u00f3w o podobnej jako\u015bci, kolorze i d\u0142ugo\u015bci, dlatego nie da si\u0119 p\u00f3\u017aniej \u015bledzi\u0107 konkretnego warkocza.<\/p>\n","protected":false},"excerpt":{"rendered":"<p>Oddanie w\u0142os\u00f3w na fundacj\u0119 to jeden z tych gest\u00f3w, kt\u00f3re wydaj\u0105 si\u0119 proste, ale w praktyce maj\u0105 kilka bardzo konkretnych zasad. I w\u0142a\u015bnie tutaj naj\u0142atwiej o b\u0142\u0105d: w\u0142osy s\u0105 za kr\u00f3tkie, \u017ale zmierzone, zbyt wilgotne albo \u017ale zabezpieczone po \u015bci\u0119ciu. Efekt? Pi\u0119kna intencja jest, ale pasma nie mog\u0105 zosta\u0107 wykorzystane.<\/p>\n","protected":false},"author":18,"featured_media":27411,"comment_status":"open","ping_status":"open","sticky":false,"template":"","format":"standard","meta":{"footnotes":""},"categories":[2,11],"tags":[13168,13170,13171,13173,13172,13169],"yst_prominent_words":[704],"class_list":["post-27408","post","type-post","status-publish","format-standard","has-post-thumbnail","hentry","category-aktualnosci","category-porady","tag-jak-oddac-wlosy-na-fundacje","tag-jak-zapuszczac-wlosy","tag-oddawanie-wlosow-na-fundacje","tag-podziel-sie-dziecinstwem","tag-raknroll","tag-wlosy-na-fundacje"],"_links":{"self":[{"href":"https:\/\/www.hairstore.pl\/blog\/wp-json\/wp\/v2\/posts\/27408","targetHints":{"allow":["GET"]}}],"collection":[{"href":"https:\/\/www.hairstore.pl\/blog\/wp-json\/wp\/v2\/posts"}],"about":[{"href":"https:\/\/www.hairstore.pl\/blog\/wp-json\/wp\/v2\/types\/post"}],"author":[{"embeddable":true,"href":"https:\/\/www.hairstore.pl\/blog\/wp-json\/wp\/v2\/users\/18"}],"replies":[{"embeddable":true,"href":"https:\/\/www.hairstore.pl\/blog\/wp-json\/wp\/v2\/comments?post=27408"}],"version-history":[{"count":5,"href":"https:\/\/www.hairstore.pl\/blog\/wp-json\/wp\/v2\/posts\/27408\/revisions"}],"predecessor-version":[{"id":27416,"href":"https:\/\/www.hairstore.pl\/blog\/wp-json\/wp\/v2\/posts\/27408\/revisions\/27416"}],"wp:featuredmedia":[{"embeddable":true,"href":"https:\/\/www.hairstore.pl\/blog\/wp-json\/wp\/v2\/media\/27411"}],"wp:attachment":[{"href":"https:\/\/www.hairstore.pl\/blog\/wp-json\/wp\/v2\/media?parent=27408"}],"wp:term":[{"taxonomy":"category","embeddable":true,"href":"https:\/\/www.hairstore.pl\/blog\/wp-json\/wp\/v2\/categories?post=27408"},{"taxonomy":"post_tag","embeddable":true,"href":"https:\/\/www.hairstore.pl\/blog\/wp-json\/wp\/v2\/tags?post=27408"},{"taxonomy":"yst_prominent_words","embeddable":true,"href":"https:\/\/www.hairstore.pl\/blog\/wp-json\/wp\/v2\/yst_prominent_words?post=27408"}],"curies":[{"name":"wp","href":"https:\/\/api.w.org\/{rel}","templated":true}]}}