{"id":26940,"date":"2026-03-11T15:00:37","date_gmt":"2026-03-11T14:00:37","guid":{"rendered":"https:\/\/www.hairstore.pl\/blog\/?p=26940"},"modified":"2026-03-24T13:40:18","modified_gmt":"2026-03-24T12:40:18","slug":"viralowe-kosmetyki","status":"publish","type":"post","link":"https:\/\/www.hairstore.pl\/blog\/viralowe-kosmetyki\/","title":{"rendered":"Trzy kosmetyki do w\u0142os\u00f3w, kt\u00f3re mog\u0105 sta\u0107 si\u0119 viralem &#8211; musisz je mie\u0107!"},"content":{"rendered":"<p>Trendy w piel\u0119gnacji w\u0142os\u00f3w zmieniaj\u0105 si\u0119 dzi\u015b niemal tak szybko jak trendy fryzjerskie. Nowe formu\u0142y, technologie odbudowy w\u0142os\u00f3w i szybkie kuracje sprawiaj\u0105, \u017ce niekt\u00f3re kosmetyki w b\u0142yskawicznym tempie zdobywaj\u0105 popularno\u015b\u0107 w mediach spo\u0142eczno\u015bciowych i salonach fryzjerskich.<\/p>\n<p><!--more--><\/p>\n<p>W 2026 roku coraz cz\u0119\u015bciej m\u00f3wi si\u0119 o produktach, kt\u00f3re dzia\u0142aj\u0105 szybko, s\u0105 wygodne w u\u017cyciu i daj\u0105 widoczny efekt ju\u017c po pierwszych zastosowaniach. W\u0142a\u015bnie dlatego wybrali\u015bmy trzy<a href=\"https:\/\/www.hairstore.pl\/pielegnacja-wlosow-c656.html\"><strong> kosmetyki do piel\u0119gnacji<\/strong><\/a> w\u0142os\u00f3w, kt\u00f3re maj\u0105 szans\u0119 sta\u0107 si\u0119 prawdziwymi hitami nadchodz\u0105cych miesi\u0119cy.<\/p>\n<h2 data-section-id=\"tco36m\" data-start=\"4179\" data-end=\"4233\">Dlaczego w\u0142a\u015bnie te kosmetyki mog\u0105 sta\u0107 si\u0119 viralem<\/h2>\n<p data-start=\"4235\" data-end=\"4561\">Wsp\u00f3\u0142czesna piel\u0119gnacja w\u0142os\u00f3w coraz cz\u0119\u015bciej skupia si\u0119 na szybkich efektach i technologiach odbudowy struktury w\u0142osa. Produkty wykorzystuj\u0105ce technologie wzmacniania wi\u0105za\u0144, <a href=\"https:\/\/www.hairstore.pl\/kuracje-c665.html\"><strong>regeneracji<\/strong> <\/a>w\u0142\u00f3kna w\u0142osa czy piel\u0119gnacji sk\u00f3ry g\u0142owy zdobywaj\u0105 ogromn\u0105 popularno\u015b\u0107 zar\u00f3wno w salonach fryzjerskich, jak i w mediach spo\u0142eczno\u015bciowych.<\/p>\n<p data-start=\"4563\" data-end=\"4818\">Kosmetyki takie jak <a href=\"https:\/\/www.hairstore.pl\/olejki-i-serum-c753.html\"><strong>olejki odbudowuj\u0105ce,<\/strong><\/a> intensywne <a href=\"https:\/\/www.hairstore.pl\/kuracje-c665.html\"><strong>kuracje<\/strong> <\/a>czy <strong>serum do sk\u00f3ry g\u0142owy<\/strong> wpisuj\u0105 si\u0119 w trend \u015bwiadomej piel\u0119gnacji. W\u0142a\u015bnie dlatego coraz wi\u0119cej os\u00f3b szuka produkt\u00f3w, kt\u00f3re nie tylko poprawiaj\u0105 wygl\u0105d w\u0142os\u00f3w, ale tak\u017ce wzmacniaj\u0105 je od \u015brodka.<\/p>\n<h2 data-section-id=\"lqtjfd\" data-start=\"986\" data-end=\"1065\"><span class=\"hover:entity-accent entity-underline inline cursor-pointer align-baseline\"><span class=\"whitespace-normal\">Matrix Instacure Build\u2011A\u2011Bond Billion Bond Oil<\/span><\/span> \u2013 olejek, kt\u00f3ry przywraca w\u0142osom blask<\/h2>\n<div class=\"no-scrollbar flex min-h-36 flex-nowrap gap-0.5 overflow-auto sm:gap-1 sm:overflow-hidden xl:min-h-44 mt-1 mb-5 [&amp;:not(:first-child)]:mt-4\">\n<div class=\"border-token-border-default relative w-32 shrink-0 overflow-hidden rounded-xl border-[0.5px] md:shrink max-h-64 sm:w-[calc((100%-0.5rem)\/3)] rounded-s-xl\">\n<div class=\"group\/search-image @container\/search-image relative rounded-[inherit] h-full w-full\"><\/div>\n<\/div>\n<div class=\"border-token-border-default relative w-32 shrink-0 overflow-hidden rounded-xl border-[0.5px] md:shrink max-h-64 sm:w-[calc((100%-0.5rem)\/3)]\">\n<div class=\"group\/search-image @container\/search-image relative rounded-[inherit] h-full w-full\">\n<p><a href=\"https:\/\/www.hairstore.pl\/matrix-instacure-build-a-bond-billion-bond-oil-olejek-odbudowujacy-do-wlosow-zniszczonych-30ml-p75080.html\"><img decoding=\"async\" class=\"bg-token-main-surface-tertiary m-0 h-full w-full object-cover\" src=\"https:\/\/www.matrix.com\/-\/media\/project\/loreal\/brand-sites\/matrix\/americas\/us_usmx\/product-information\/product-images\/haircare\/build-a-bond\/2026\/instacure-build-a-bond-billion-bond-oil\/instacure-build-a-bond-billion-bond-oil\/atf\/1-instacure-build-a-bond-oil-50ml-packshot.png?rev=a6b67858698245f6aed8305223541cf7\" alt=\"Matrix Instacure Build-a-Bond Billion Bond Oil, olejek odbudowuj\u0105cy do w\u0142os\u00f3w zniszczonych\" width=\"520\" height=\"575\" \/><\/a><\/p>\n<\/div>\n<\/div>\n<div class=\"border-token-border-default relative w-32 shrink-0 overflow-hidden rounded-xl border-[0.5px] md:shrink max-h-64 sm:w-[calc((100%-0.5rem)\/3)] rounded-e-xl\">\n<div class=\"group\/search-image @container\/search-image relative rounded-[inherit] h-full w-full\">\n<div class=\"pointer-events-none absolute inset-x-2 bottom-2 z-20 flex max-w-[calc(100%-1rem)] flex-wrap items-end justify-end gap-1.5\">\n<div class=\"shrink-0\">\n<p class=\"flex items-center gap-1 rounded-full px-2 py-1.5 text-white backdrop-blur-md backdrop-brightness-75\"><a href=\"https:\/\/www.hairstore.pl\/matrix-instacure-build-a-bond-billion-bond-oil-olejek-odbudowujacy-do-wlosow-zniszczonych-30ml-p75080.html\"><strong><span class=\"text-xs font-semibold\">O<\/span>lejek odbudowuj\u0105cy z serii Instacure Build-A-Bond<\/strong> <\/a>to produkt, kt\u00f3ry szybko zdobywa popularno\u015b\u0107 w\u015br\u00f3d os\u00f3b poszukuj\u0105cych szybkiego efektu wyg\u0142adzenia i regeneracji w\u0142os\u00f3w. Jego formu\u0142a zosta\u0142a opracowana z my\u015bl\u0105 o w\u0142osach zniszczonych, rozja\u015bnianych i matowych. Zawiera mi\u0119dzy innymi kwas cytrynowy oraz aminokwasy, kt\u00f3re wspieraj\u0105 odbudow\u0119 struktury w\u0142osa i wzmacniaj\u0105 jego wewn\u0119trzne wi\u0105zania. Kosmetyk wyr\u00f3\u017cnia si\u0119 lekk\u0105 konsystencj\u0105 \u2013 szybko si\u0119 wch\u0142ania, nie pozostawia t\u0142ustej warstwy i wyg\u0142adza pasma, nadaj\u0105c im jedwabisty po\u0142ysk. Jednocze\u015bnie u\u0142atwia rozczesywanie i pomaga ograniczy\u0107 problem rozdwojonych ko\u0144c\u00f3wek, a dodatkowo zapewnia ochron\u0119 termiczn\u0105 podczas stylizacji.<\/p>\n<\/div>\n<\/div>\n<\/div>\n<\/div>\n<\/div>\n<p data-start=\"1875\" data-end=\"2087\">To w\u0142a\u015bnie po\u0142\u0105czenie regeneracji, blasku i lekkiej formu\u0142y sprawia, \u017ce olejek z tej linii cz\u0119sto pojawia si\u0119 w zestawieniach kosmetyk\u00f3w, kt\u00f3re mog\u0105 szybko zdoby\u0107 popularno\u015b\u0107 w\u015br\u00f3d mi\u0142o\u015bniczek piel\u0119gnacji w\u0142os\u00f3w.<\/p>\n<h2 data-section-id=\"4a373n\" data-start=\"2094\" data-end=\"2200\"><span class=\"hover:entity-accent entity-underline inline cursor-pointer align-baseline\"><span class=\"whitespace-normal\">Nioxin Age Defense Serum<\/span><\/span> \u2013 piel\u0119gnacja w\u0142os\u00f3w inspirowana kosmetykami przeciwstarzeniowymi<\/h2>\n<div class=\"no-scrollbar flex min-h-36 flex-nowrap gap-0.5 overflow-auto sm:gap-1 sm:overflow-hidden xl:min-h-44 mt-1 mb-5 [&amp;:not(:first-child)]:mt-4\">\n<div class=\"border-token-border-default relative w-32 shrink-0 overflow-hidden rounded-xl border-[0.5px] md:shrink max-h-64 sm:w-[calc((100%-0.5rem)\/3)] rounded-s-xl\">\n<div class=\"group\/search-image @container\/search-image relative rounded-[inherit] h-full w-full\"><\/div>\n<\/div>\n<div class=\"border-token-border-default relative w-32 shrink-0 overflow-hidden rounded-xl border-[0.5px] md:shrink max-h-64 sm:w-[calc((100%-0.5rem)\/3)]\">\n<div class=\"group\/search-image @container\/search-image relative rounded-[inherit] h-full w-full\">\n<p><a href=\"https:\/\/www.hairstore.pl\/nioxin-age-defense-serum-przeciwstarzeniowe-do-wlosow-70ml-p77121.html\"><img decoding=\"async\" class=\"bg-token-main-surface-tertiary m-0 h-full w-full object-cover\" src=\"https:\/\/www.salon-services.com\/dw\/image\/v2\/BBTX_PRD\/on\/demandware.static\/-\/Sites-sally-master-catalog\/default\/dw742d7656\/images\/original\/862738_0.jpg?sh=1000&amp;sw=1000\" alt=\"Nioxin Age Defense, serum przeciwstarzeniowe do w\u0142os\u00f3w, 70ml\" width=\"476\" height=\"476\" \/><\/a><\/p>\n<\/div>\n<\/div>\n<div class=\"border-token-border-default relative w-32 shrink-0 overflow-hidden rounded-xl border-[0.5px] md:shrink max-h-64 sm:w-[calc((100%-0.5rem)\/3)] rounded-e-xl\">\n<div class=\"group\/search-image @container\/search-image relative rounded-[inherit] h-full w-full\">\n<div class=\"pointer-events-none absolute inset-x-2 bottom-2 z-20 flex max-w-[calc(100%-1rem)] flex-wrap items-end justify-end gap-1.5\">\n<div class=\"shrink-0\">\n<p class=\"flex items-center gap-1 rounded-full px-2 py-1.5 text-white backdrop-blur-md backdrop-brightness-75\">Piel\u0119gnacja przeciwstarzeniowa kojarzy si\u0119 g\u0142\u00f3wnie z kosmetykami do sk\u00f3ry twarzy, jednak coraz cz\u0119\u015bciej pojawia si\u0119 r\u00f3wnie\u017c w \u015bwiecie piel\u0119gnacji w\u0142os\u00f3w.<a href=\"https:\/\/www.hairstore.pl\/nioxin-age-defense-serum-przeciwstarzeniowe-do-wlosow-70ml-p77121.html\"><strong> Serum Nioxin Age Defense<\/strong><\/a> to przyk\u0142ad produktu, kt\u00f3ry koncentruje si\u0119 na kondycji sk\u00f3ry g\u0142owy i cebulek w\u0142os\u00f3w. Formu\u0142y tego typu cz\u0119sto bazuj\u0105 na sk\u0142adnikach aktywnych, takich jak niacynamid, kofeina czy ekstrakty ro\u015blinne, kt\u00f3re wspieraj\u0105 kondycj\u0119 mieszk\u00f3w w\u0142osowych i pomagaj\u0105 poprawi\u0107 og\u00f3lny stan w\u0142os\u00f3w. Sk\u0142adniki te mog\u0105 od\u017cywia\u0107 sk\u00f3r\u0119 g\u0142owy, wzmacnia\u0107 w\u0142osy oraz wspiera\u0107 ich g\u0119sto\u015b\u0107 i odporno\u015b\u0107 na uszkodzenia.<\/p>\n<\/div>\n<\/div>\n<\/div>\n<\/div>\n<\/div>\n<p data-start=\"2858\" data-end=\"3137\">Trend piel\u0119gnacji sk\u00f3ry g\u0142owy rozwija si\u0119 bardzo dynamicznie \u2013 coraz wi\u0119cej os\u00f3b traktuje j\u0105 jak przed\u0142u\u017cenie piel\u0119gnacji sk\u00f3ry twarzy. Dlatego serum tego typu ma du\u017cy potencja\u0142, aby sta\u0107 si\u0119 jednym z najbardziej dyskutowanych kosmetyk\u00f3w piel\u0119gnacyjnych w nadchodz\u0105cych sezonach.<\/p>\n<h2 data-section-id=\"wcfsrl\" data-start=\"3144\" data-end=\"3220\"><span class=\"hover:entity-accent entity-underline inline cursor-pointer align-baseline\"><span class=\"whitespace-normal\">Olaplex No.3+ Complete Repair Treatment<\/span><\/span> \u2013 trzyminutowa kuracja odbudowuj\u0105ca<\/h2>\n<div class=\"no-scrollbar flex min-h-36 flex-nowrap gap-0.5 overflow-auto sm:gap-1 sm:overflow-hidden xl:min-h-44 mt-1 mb-5 [&amp;:not(:first-child)]:mt-4\">\n<div class=\"border-token-border-default relative w-32 shrink-0 overflow-hidden rounded-xl border-[0.5px] md:shrink max-h-64 sm:w-[calc((100%-0.5rem)\/3)]\">\n<div class=\"group\/search-image @container\/search-image relative rounded-[inherit] h-full w-full\"><\/div>\n<\/div>\n<div class=\"border-token-border-default relative w-32 shrink-0 overflow-hidden rounded-xl border-[0.5px] md:shrink max-h-64 sm:w-[calc((100%-0.5rem)\/3)] rounded-e-xl\">\n<div class=\"group\/search-image @container\/search-image relative rounded-[inherit] h-full w-full\">\n<div>\n<p><a href=\"https:\/\/www.hairstore.pl\/olaplex-no3plus-complete-repair-treatment-trzyminutowa-kuracja-odbudowujaca-do-wlosow-zniszczonych-100ml-p77182.html\"><img decoding=\"async\" class=\"bg-token-main-surface-tertiary m-0 h-full w-full object-cover\" src=\"https:\/\/olaplex.com\/cdn\/shop\/files\/2025_No3PLUS_100ml_Product_Packshot_01_GBL_1440x1440_a2cbc609-6363-49e1-b2d2-7acd8a72672f_grande.png?v=1771621517\" alt=\"Olaplex No.3PLUS Complete Repair Treatment, trzyminutowa kuracja odbudowuj\u0105ca do w\u0142os\u00f3w zniszczonych\" width=\"536\" height=\"536\" \/><\/a><\/p>\n<p>Marka Olaplex od lat kojarzona jest z technologi\u0105 odbudowy wi\u0105za\u0144 we w\u0142osach, dlatego ka\u017cda nowa kuracja tej marki budzi du\u017ce zainteresowanie w \u015bwiecie piel\u0119gnacji. <a href=\"https:\/\/www.hairstore.pl\/olaplex-no3plus-complete-repair-treatment-trzyminutowa-kuracja-odbudowujaca-do-wlosow-zniszczonych-100ml-p77182.html\"><strong>Kuracja No.3+ Complete Repair Treatment<\/strong><\/a> to nowa generacja znanego produktu, kt\u00f3ra dzia\u0142a jeszcze szybciej i intensywniej. Formu\u0142a zosta\u0142a zaprojektowana tak, aby odbudowywa\u0107 struktur\u0119 w\u0142osa od \u015brodka a\u017c po zewn\u0119trzn\u0105 warstw\u0119, wzmacniaj\u0105c wszystkie typy wi\u0105za\u0144 i zwi\u0119kszaj\u0105c odporno\u015b\u0107 w\u0142os\u00f3w na uszkodzenia.<\/p>\n<\/div>\n<\/div>\n<\/div>\n<\/div>\n<p data-start=\"3778\" data-end=\"4172\">Nowo\u015bci\u0105 jest tak\u017ce czas dzia\u0142ania \u2013 kuracja potrzebuje zaledwie kilku minut, aby zacz\u0105\u0107 dzia\u0142a\u0107. Dzi\u0119ki temu idealnie wpisuje si\u0119 w trend szybkiej, ale skutecznej piel\u0119gnacji w\u0142os\u00f3w. Wed\u0142ug ekspert\u00f3w kosmetycznych nowa formu\u0142a mo\u017ce naprawia\u0107 w\u0142osy od wewn\u0105trz i wyg\u0142adza\u0107 ich powierzchni\u0119, co przek\u0142ada si\u0119 na wi\u0119ksz\u0105 mi\u0119kko\u015b\u0107 i \u0142atwiejsz\u0105 stylizacj\u0119.<\/p>\n<h2 data-section-id=\"1g98n4x\" data-start=\"4825\" data-end=\"4861\">FAQ \u2013 najcz\u0119\u015bciej zadawane pytania<\/h2>\n<h3 data-section-id=\"1ucwfjs\" data-start=\"5140\" data-end=\"5187\">Czy kuracje odbudowuj\u0105ce naprawd\u0119 dzia\u0142aj\u0105?<\/h3>\n<p data-start=\"5189\" data-end=\"5407\">Produkty wykorzystuj\u0105ce technologi\u0119 odbudowy wi\u0105za\u0144 we w\u0142osach mog\u0105 wzmacnia\u0107 ich struktur\u0119 i zmniejsza\u0107 \u0142amliwo\u015b\u0107. Regularne stosowanie takich kosmetyk\u00f3w cz\u0119sto poprawia kondycj\u0119 w\u0142os\u00f3w i ich odporno\u015b\u0107 na uszkodzenia.<\/p>\n<h3 data-section-id=\"1c94e20\" data-start=\"5414\" data-end=\"5457\">Czy olejki do w\u0142os\u00f3w obci\u0105\u017caj\u0105 fryzur\u0119?<\/h3>\n<p data-start=\"5459\" data-end=\"5689\">Nowoczesne olejki do w\u0142os\u00f3w maj\u0105 lekkie formu\u0142y, kt\u00f3re szybko si\u0119 wch\u0142aniaj\u0105 i nie pozostawiaj\u0105 t\u0142ustej warstwy. Dzi\u0119ki temu mog\u0105 wyg\u0142adza\u0107 w\u0142osy i dodawa\u0107 im blasku bez efektu obci\u0105\u017cenia.<\/p>\n<h3 data-section-id=\"scy0pl\" data-start=\"5696\" data-end=\"5739\">Czy piel\u0119gnacja sk\u00f3ry g\u0142owy jest wa\u017cna?<\/h3>\n<p data-start=\"5741\" data-end=\"5982\">Tak. Zdrowa sk\u00f3ra g\u0142owy ma du\u017cy wp\u0142yw na kondycj\u0119 w\u0142os\u00f3w, ich g\u0119sto\u015b\u0107 i tempo wzrostu. Dlatego coraz wi\u0119cej kosmetyk\u00f3w skupia si\u0119 nie tylko na w\u0142osach, ale tak\u017ce na piel\u0119gnacji cebulek i sk\u00f3ry g\u0142owy.<\/p>\n<figure id=\"attachment_25941\" aria-describedby=\"caption-attachment-25941\" style=\"width: 800px\" class=\"wp-caption alignnone\"><a href=\"https:\/\/www.hairstore.pl\/news\"><img decoding=\"async\" class=\"size-full wp-image-25941\" src=\"https:\/\/www.hairstore.pl\/blog\/wp-content\/uploads\/2025\/08\/Obszar-kompozycji-2-17.jpg\" alt=\"Nowo\u015bci produktowe na Hairstore.pl.\" width=\"800\" height=\"450\" srcset=\"https:\/\/www.hairstore.pl\/blog\/wp-content\/uploads\/2025\/08\/Obszar-kompozycji-2-17.jpg 800w, https:\/\/www.hairstore.pl\/blog\/wp-content\/uploads\/2025\/08\/Obszar-kompozycji-2-17-300x169.jpg 300w, https:\/\/www.hairstore.pl\/blog\/wp-content\/uploads\/2025\/08\/Obszar-kompozycji-2-17-768x432.jpg 768w\" sizes=\"(max-width: 800px) 100vw, 800px\" \/><\/a><figcaption id=\"caption-attachment-25941\" class=\"wp-caption-text\"><a href=\"https:\/\/www.hairstore.pl\/news\"><strong>Sprawd\u017a premierowe produkty dost\u0119pne na Hairstore.pl<\/strong><\/a><\/figcaption><\/figure>\n","protected":false},"excerpt":{"rendered":"<p>Trendy w piel\u0119gnacji w\u0142os\u00f3w zmieniaj\u0105 si\u0119 dzi\u015b niemal tak szybko jak trendy fryzjerskie. Nowe formu\u0142y, technologie odbudowy w\u0142os\u00f3w i szybkie kuracje sprawiaj\u0105, \u017ce niekt\u00f3re kosmetyki w b\u0142yskawicznym tempie zdobywaj\u0105 popularno\u015b\u0107 w mediach spo\u0142eczno\u015bciowych i salonach fryzjerskich.<\/p>\n","protected":false},"author":18,"featured_media":26947,"comment_status":"open","ping_status":"open","sticky":false,"template":"","format":"standard","meta":{"footnotes":""},"categories":[2,9421],"tags":[13061,12162,251,35,13060,9095,11363,13059],"yst_prominent_words":[9210,1834,940,11196,1461,4764,1623,1509,704],"class_list":["post-26940","post","type-post","status-publish","format-standard","has-post-thumbnail","hentry","category-aktualnosci","category-trendy","tag-jaka-jest-dobra-pielegnacja-do-wlosow","tag-kosmetyki-do-wlosow","tag-matrix-2","tag-nioxin","tag-nowosci-do-pielegnacji-wlosow","tag-olaplex","tag-pielegnacja-wlosow","tag-viralowe-produkty"],"_links":{"self":[{"href":"https:\/\/www.hairstore.pl\/blog\/wp-json\/wp\/v2\/posts\/26940","targetHints":{"allow":["GET"]}}],"collection":[{"href":"https:\/\/www.hairstore.pl\/blog\/wp-json\/wp\/v2\/posts"}],"about":[{"href":"https:\/\/www.hairstore.pl\/blog\/wp-json\/wp\/v2\/types\/post"}],"author":[{"embeddable":true,"href":"https:\/\/www.hairstore.pl\/blog\/wp-json\/wp\/v2\/users\/18"}],"replies":[{"embeddable":true,"href":"https:\/\/www.hairstore.pl\/blog\/wp-json\/wp\/v2\/comments?post=26940"}],"version-history":[{"count":7,"href":"https:\/\/www.hairstore.pl\/blog\/wp-json\/wp\/v2\/posts\/26940\/revisions"}],"predecessor-version":[{"id":27031,"href":"https:\/\/www.hairstore.pl\/blog\/wp-json\/wp\/v2\/posts\/26940\/revisions\/27031"}],"wp:featuredmedia":[{"embeddable":true,"href":"https:\/\/www.hairstore.pl\/blog\/wp-json\/wp\/v2\/media\/26947"}],"wp:attachment":[{"href":"https:\/\/www.hairstore.pl\/blog\/wp-json\/wp\/v2\/media?parent=26940"}],"wp:term":[{"taxonomy":"category","embeddable":true,"href":"https:\/\/www.hairstore.pl\/blog\/wp-json\/wp\/v2\/categories?post=26940"},{"taxonomy":"post_tag","embeddable":true,"href":"https:\/\/www.hairstore.pl\/blog\/wp-json\/wp\/v2\/tags?post=26940"},{"taxonomy":"yst_prominent_words","embeddable":true,"href":"https:\/\/www.hairstore.pl\/blog\/wp-json\/wp\/v2\/yst_prominent_words?post=26940"}],"curies":[{"name":"wp","href":"https:\/\/api.w.org\/{rel}","templated":true}]}}