{"id":265,"date":"2014-02-11T14:08:08","date_gmt":"2014-02-11T13:08:08","guid":{"rendered":"http:\/\/blog.hairstore.pl\/?p=265"},"modified":"2020-09-30T18:45:06","modified_gmt":"2020-09-30T16:45:06","slug":"trzy-nowe-serie-pielegnacyjne-od-biolage","status":"publish","type":"post","link":"https:\/\/www.hairstore.pl\/blog\/trzy-nowe-serie-pielegnacyjne-od-biolage\/","title":{"rendered":"Trzy nowe serie piel\u0119gnacyjne Matrix Biolage"},"content":{"rendered":"<p>Innowacyjne kosmetyki Matrix Biolage zosta\u0142y stworzone z my\u015bl\u0105 o w\u0142osach suchych, farbowanych oraz pozbawionych obj\u0119to\u015bci. Ka\u017cda z tych serii jest \u015bci\u015ble dopasowana do potrzeb danego typu w\u0142os\u00f3w, dzi\u0119ki temu efekty piel\u0119gnacyjne s\u0105 tak zdumiewaj\u0105ce.<\/p>\n<p><!--more--><\/p>\n<h2>Nawil\u017cenie w\u0142os\u00f3w suchych &#8211; Biolage HydraSource<\/h2>\n<p>Linia kosmetyk\u00f3w <a href=\"https:\/\/www.hairstore.pl\/hydra-source-c1024.html\">Biolage HydraSource<\/a> skierowana jest do piel\u0119gnacji w\u0142os\u00f3w suchych i uwra\u017cliwionych. Inspirowana jest li\u015b\u0107mi aloesu, kt\u00f3re nigdy nie wysychaj\u0105. Produkty oparte zosta\u0142y o naturalne sk\u0142adniki, tj. ekstrakt z li\u015bci sza\u0142wii, wyci\u0105g z alg, rozmaryn czy rze\u0144-sze\u0144. Dzi\u0119ki ich silnym w\u0142a\u015bciwo\u015bciom nawil\u017caj\u0105cym w\u0142osy staj\u0105 si\u0119 wyra\u017anie zdrowsze.<\/p>\n<p>Ponadto gama pomaga w przywr\u00f3ceniu g\u0142adko\u015bci i u\u0142atwia uk\u0142adanie i modelowanie w\u0142os\u00f3w. Wszelkie uszkodzenia powsta\u0142e na powierzchni pasm zostaj\u0105 uzupe\u0142nione. Zapewniaj\u0105 tak\u017ce ochron\u0119 przed wolnymi rodnikami. Seria wprost doskona\u0142a dla os\u00f3b, kt\u00f3re nie mog\u0105 poradzi\u0107 sobie z w\u0142osami z tendencj\u0105 do przesuszania.<\/p>\n<h2>Ochrona koloru &#8211; Biolage ColorLast<\/h2>\n<p>Kolejn\u0105 nowo\u015bci\u0105 jest seria <a href=\"https:\/\/www.hairstore.pl\/color-last-c1021.html\">Biolage ColorLast<\/a>, kt\u00f3ra stworzona zosta\u0142a z my\u015bl\u0105 o w\u0142osach farbowanych. Inspirowana jest orchide\u0105, kt\u00f3rej kwiat posiada najintensywniejszy kolor w naturze. G\u0142\u00f3wnym zadaniem tych kosmetyk\u00f3w jest ochrona koloru i podtrzymanie efekt\u00f3w koloryzacji. Gama intensyfikuje i przed\u0142u\u017ca \u017cywotno\u015b\u0107 koloru. Wszystko to dzi\u0119ki naturalnym sk\u0142adnikom ro\u015blinnym, kt\u00f3re wspomagaj\u0105 dzia\u0142anie kosmetyk\u00f3w. Ekstrakty ro\u015blinne z nasion s\u0142onecznika, soi i cytrus\u00f3w sprawi\u0105, \u017ce kolor jest bardziej intensywny, w\u0142osy dostaj\u0105 odpowiedni\u0105 dawk\u0119 nawil\u017cenia. Produkty zawieraj\u0105 tak\u017ce ochronne filtry UV, kt\u00f3re pomagaj\u0105 chroni\u0107 w\u0142osy przed negatywnym wp\u0142ywem promieni s\u0142onecznych. W efekcie pasm s\u0105 mi\u0119kkie i po\u0142yskuj\u0105 zdrowo.<\/p>\n<h2>Obj\u0119to\u015b\u0107 w\u0142os\u00f3w &#8211; Biolage VolumeBloom<\/h2>\n<p>Ostatni\u0105, seri\u0105 jest <a href=\"https:\/\/www.hairstore.pl\/volume-bloom-c1022.html\">Biolage VolumeBloom<\/a>. Ju\u017c po nazwie mo\u017cna zgadn\u0105\u0107, \u017ce skierowana ona jest do w\u0142os\u00f3w cienkich, delikatnych i pozbawionych obj\u0119to\u015bci. Inspirowana jest bawe\u0142n\u0105, kt\u00f3ra posiada niesamowit\u0105 naturaln\u0105 obj\u0119to\u015b\u0107. Wyj\u0105tkow\u0105 rzecz\u0105 jest fakt, \u017ce kosmetyki zawieraj\u0105 specjalne wype\u0142niacze, oznacza to, \u017ce w\u0142osy zyskuj\u0105 na obj\u0119to\u015bci, unosz\u0105 si\u0119 i nasady i wr\u0119cz nieprzyzwoicie b\u0142yszcz\u0105. Produkty tej linii u\u0142atwiaj\u0105 tak\u017ce rozczesywanie i kontroluj\u0105 wszelkie niesforne pasma, wyg\u0142adzaj\u0105c je. Ta unikalna technologia wzmacnia w\u0142osy, dodaje im witalno\u015bci i gwarantuje d\u0142ugotrwa\u0142y efekt.<\/p>\n<div id='gallery-1' class='gallery galleryid-265 gallery-columns-3 gallery-size-gallery-photo-size'><figure class='gallery-item'>\n\t\t\t<div class='gallery-icon portrait'>\n\t\t\t\t<a href='https:\/\/www.hairstore.pl\/blog\/wp-content\/uploads\/2014\/02\/BI_COLOR_Family.jpg'><img decoding=\"async\" width=\"300\" height=\"300\" src=\"https:\/\/www.hairstore.pl\/blog\/wp-content\/uploads\/2014\/02\/BI_COLOR_Family-300x300.jpg\" class=\"attachment-gallery-photo-size size-gallery-photo-size\" alt=\"Trzy nowe serie piel\u0119gnacyjne Matrix Biolage\" srcset=\"https:\/\/www.hairstore.pl\/blog\/wp-content\/uploads\/2014\/02\/BI_COLOR_Family-300x300.jpg 300w, https:\/\/www.hairstore.pl\/blog\/wp-content\/uploads\/2014\/02\/BI_COLOR_Family-150x150.jpg 150w, https:\/\/www.hairstore.pl\/blog\/wp-content\/uploads\/2014\/02\/BI_COLOR_Family-768x769.jpg 768w, https:\/\/www.hairstore.pl\/blog\/wp-content\/uploads\/2014\/02\/BI_COLOR_Family-180x180.jpg 180w, https:\/\/www.hairstore.pl\/blog\/wp-content\/uploads\/2014\/02\/BI_COLOR_Family.jpg 800w\" sizes=\"(max-width: 300px) 100vw, 300px\" \/><\/a>\n\t\t\t<\/div><\/figure>\n\t\t<\/div>\n\n","protected":false},"excerpt":{"rendered":"<p>Innowacyjne kosmetyki Matrix Biolage zosta\u0142y stworzone z my\u015bl\u0105 o w\u0142osach suchych, farbowanych oraz pozbawionych obj\u0119to\u015bci. Ka\u017cda z tych serii jest \u015bci\u015ble dopasowana do potrzeb danego typu w\u0142os\u00f3w, dzi\u0119ki temu efekty piel\u0119gnacyjne s\u0105 tak zdumiewaj\u0105ce.<\/p>\n","protected":false},"author":5,"featured_media":6878,"comment_status":"open","ping_status":"closed","sticky":false,"template":"","format":"standard","meta":{"footnotes":""},"categories":[2],"tags":[8],"yst_prominent_words":[],"class_list":["post-265","post","type-post","status-publish","format-standard","has-post-thumbnail","hentry","category-aktualnosci","tag-sposob-na-piekne-wlosy"],"_links":{"self":[{"href":"https:\/\/www.hairstore.pl\/blog\/wp-json\/wp\/v2\/posts\/265","targetHints":{"allow":["GET"]}}],"collection":[{"href":"https:\/\/www.hairstore.pl\/blog\/wp-json\/wp\/v2\/posts"}],"about":[{"href":"https:\/\/www.hairstore.pl\/blog\/wp-json\/wp\/v2\/types\/post"}],"author":[{"embeddable":true,"href":"https:\/\/www.hairstore.pl\/blog\/wp-json\/wp\/v2\/users\/5"}],"replies":[{"embeddable":true,"href":"https:\/\/www.hairstore.pl\/blog\/wp-json\/wp\/v2\/comments?post=265"}],"version-history":[{"count":2,"href":"https:\/\/www.hairstore.pl\/blog\/wp-json\/wp\/v2\/posts\/265\/revisions"}],"predecessor-version":[{"id":6979,"href":"https:\/\/www.hairstore.pl\/blog\/wp-json\/wp\/v2\/posts\/265\/revisions\/6979"}],"wp:featuredmedia":[{"embeddable":true,"href":"https:\/\/www.hairstore.pl\/blog\/wp-json\/wp\/v2\/media\/6878"}],"wp:attachment":[{"href":"https:\/\/www.hairstore.pl\/blog\/wp-json\/wp\/v2\/media?parent=265"}],"wp:term":[{"taxonomy":"category","embeddable":true,"href":"https:\/\/www.hairstore.pl\/blog\/wp-json\/wp\/v2\/categories?post=265"},{"taxonomy":"post_tag","embeddable":true,"href":"https:\/\/www.hairstore.pl\/blog\/wp-json\/wp\/v2\/tags?post=265"},{"taxonomy":"yst_prominent_words","embeddable":true,"href":"https:\/\/www.hairstore.pl\/blog\/wp-json\/wp\/v2\/yst_prominent_words?post=265"}],"curies":[{"name":"wp","href":"https:\/\/api.w.org\/{rel}","templated":true}]}}