{"id":26327,"date":"2025-11-14T10:01:14","date_gmt":"2025-11-14T09:01:14","guid":{"rendered":"https:\/\/www.hairstore.pl\/blog\/?p=26327"},"modified":"2025-11-24T08:14:55","modified_gmt":"2025-11-24T07:14:55","slug":"black-days-2025","status":"publish","type":"post","link":"https:\/\/www.hairstore.pl\/blog\/black-days-2025\/","title":{"rendered":"Black Days 2025 na hairstore.pl \u2013 przygotuj si\u0119 na najwi\u0119ksze promocje!"},"content":{"rendered":"<p>Black Days 2025 na hairstore.pl startuj\u0105 ju\u017c <strong data-start=\"190\" data-end=\"235\">24 listopada i potrwaj\u0105 do 1 grudnia 2025<\/strong>. To w\u0142a\u015bnie wtedy mo\u017cesz z\u0142apa\u0107 <strong data-start=\"268\" data-end=\"374\">najwi\u0119ksze promocje na profesjonalne kosmetyki do w\u0142os\u00f3w, akcesoria fryzjerskie i sprz\u0119t do stylizacji<\/strong>, kt\u00f3re robi\u0105 furor\u0119 w salonach i domowych \u0142azienkach.<\/p>\n<p><!--more--><\/p>\n<p>Zamiast jednego dnia obni\u017cek rodem z Black Friday, masz do dyspozycji <a href=\"https:\/\/www.hairstore.pl\/black-friday-najlepsze-okazje-w-super-cenach-r1774.html\"><strong data-start=\"499\" data-end=\"522\">ca\u0142y tydzie\u0144 okazji<\/strong><\/a> \u2013 idealny moment, \u017ceby od\u015bwie\u017cy\u0107 p\u00f3\u0142k\u0119 w salonie albo domow\u0105 piel\u0119gnacj\u0119.<\/p>\n<div class=\"article-menu-box\"><div class=\"article-menu-header\">Z tego artyku\u0142u dowiesz si\u0119:<\/div>\n        <ul class=\"article-menu\"><li>Na czym polega akcja Black Days 2025 na hairstore.pl i kiedy dok\u0142adnie trwa<\/li><li>Jakie prezenty do zakup\u00f3w przygotowali\u015bmy<\/li><li>Jak dzia\u0142aj\u0105 kody rabatowe na wybrane brandy i jak z nich skorzysta\u0107<\/li><li>Czym s\u0105 nasze hot deals i gdzie je znale\u017a\u0107 na stronie podczas trwania akcji<\/li><\/ul><\/div>\n<p>Akcja Black Days na hairstore.pl opiera si\u0119 na <strong>wyj\u0105tkowych niespodziankach<\/strong>: prezentach do zakup\u00f3w, <strong>specjalnych kodach rabatowych<\/strong> na marki oraz <strong data-start=\"749\" data-end=\"762\">hot deals<\/strong> \u2013 mocno obni\u017conych cenach na wybrane produkty tylko na czas trwania akcji.<\/p>\n<p>W\u015br\u00f3d marek w \u015bwietnych cenach na hairstore.pl znajdziesz m.in. <strong data-start=\"867\" data-end=\"1000\"><a href=\"https:\/\/www.hairstore.pl\/matrix-m57.html\">Matrix<\/a>, <a href=\"https:\/\/www.hairstore.pl\/babyliss-pro-m3.html\">Babyliss<\/a>, <a href=\"https:\/\/www.hairstore.pl\/kerastase-m68.html\">K\u00e9rastase<\/a>, <a href=\"https:\/\/www.hairstore.pl\/loreal-professionnel-m14.html\">L\u2019Or\u00e9al Professionnel<\/a>, <a href=\"https:\/\/www.hairstore.pl\/wella-professionals-m49.html\">Wella<\/a>, <a href=\"https:\/\/www.hairstore.pl\/olaplex-m277.html\">Olaplex<\/a>, <a href=\"https:\/\/www.hairstore.pl\/moroccanoil-m301.html\">Moroccanoil<\/a>, <a href=\"https:\/\/www.hairstore.pl\/olivia-garden-m19.html\">Olivia Garden<\/a>, <a href=\"https:\/\/www.hairstore.pl\/goldwell-m8.html\">Goldwell<\/a>, <a href=\"https:\/\/www.hairstore.pl\/yellow-professional-m661.html\">Yellow<\/a>, <a href=\"https:\/\/www.hairstore.pl\/fanola-m247.html\">Fanola<\/a>, <a href=\"https:\/\/www.hairstore.pl\/inebrya-m51.html\">Inebrya<\/a><\/strong> i wiele innych. Je\u015bli szukasz okazji, kt\u00f3rych nie ma w \u017cadnym innym momencie roku \u2013 to jest ten moment.<\/p>\n<div id=\"hsbp-9f0f925b63ad20275d9cf5f1af514a27\" class=\"hsbp\"><\/div>\n<h2 data-start=\"1501\" data-end=\"1591\">Prezenty do zakup\u00f3w + wyj\u0105tkowe rabaty<\/h2>\n<p data-start=\"1593\" data-end=\"2181\">Co czeka Ci\u0119 na Black Days na hairstore.pl? A<strong data-start=\"1638\" data-end=\"1671\">kcje z prezentami do zakup\u00f3w<\/strong>. <a href=\"https:\/\/www.hairstore.pl\/black-friday-najlepsze-okazje-w-super-cenach-r1774.html\">Przez ca\u0142y czas trwania promocji \u2013 od <strong data-start=\"1711\" data-end=\"1733\">24.11 do 1.12.2025<\/strong><\/a> \u2013 przy zakupie produkt\u00f3w wybranych, kluczowych marek mo\u017cesz zgarn\u0105\u0107 <strong data-start=\"1802\" data-end=\"1868\">gratisy idealnie dopasowane do piel\u0119gnacji i stylizacji w\u0142os\u00f3w<\/strong>. W\u015br\u00f3d nich znajdziesz takie brandy jak <strong data-start=\"1909\" data-end=\"1986\"><a href=\"https:\/\/www.hairstore.pl\/matrix-m57.html\">Matrix<\/a>, <a href=\"https:\/\/www.hairstore.pl\/babyliss-pro-m3.html\">Babyliss<\/a>, <a href=\"https:\/\/www.hairstore.pl\/kerastase-m68.html\">K\u00e9rastase<\/a>,<a href=\"https:\/\/www.hairstore.pl\/loreal-professionnel-m14.html\"> L\u2019Or\u00e9al Professionnel<\/a>, <a href=\"https:\/\/www.hairstore.pl\/wella-professionals-m49.html\">Wella<\/a>, <a href=\"https:\/\/www.hairstore.pl\/olaplex-m277.html\">Olaplex<\/a> i inne<\/strong> \u2013 czyli dok\u0142adnie to, po co na co dzie\u0144 si\u0119gaj\u0105 stylistki w najlepszych salonach. Kupujesz to, co i tak kochasz, a w zamian odbierasz prezent, kt\u00f3ry realnie podbija warto\u015b\u0107 Twojego zam\u00f3wienia.<\/p>\n<p data-start=\"2183\" data-end=\"2634\">Dodatkowo, przygotowali\u015bmy specjaln\u0105 akcj\u0119 z mark\u0105 <a href=\"https:\/\/www.hairstore.pl\/moroccanoil-m301.html\"><strong data-start=\"2245\" data-end=\"2260\">Moroccanoil<\/strong> <\/a>w czasie Black Days. Je\u015bli kochasz ich charakterystyczne, olejkowe formu\u0142y lub dopiero chcesz je przetestowa\u0107, to najlepszy moment, by doda\u0107 te produkty do koszyka. P\u00f3ki co nie zdradzamy szczeg\u00f3\u0142\u00f3w, ale b\u0119dzie si\u0119 dzia\u0142o!<\/p>\n<p data-start=\"2183\" data-end=\"2634\"><div id=\"hsbp-a19c2b80282e48af062dcb1e7e96c8e3\" class=\"hsbp\"><\/div><\/p>\n<h2 data-start=\"2641\" data-end=\"2702\">Kody rabatowe: EXTRA zni\u017cki na wybrane marki<\/h2>\n<p data-start=\"2704\" data-end=\"3124\">Black Days to <strong data-start=\"2730\" data-end=\"2757\">akcje z kodem rabatowym<\/strong>. Wybrane marki b\u0119d\u0105 mia\u0142y <strong data-start=\"2794\" data-end=\"2822\">dedykowane kody zni\u017ckowe<\/strong>, dzi\u0119ki kt\u00f3rym na czas trwania akcji kupisz ich produkty z <strong data-start=\"2882\" data-end=\"2899\">EXTRA rabatem<\/strong>, ponad standardowe promocje. W\u015br\u00f3d nich znajd\u0105 si\u0119 m.in. <strong data-start=\"2957\" data-end=\"3016\"><a href=\"https:\/\/www.hairstore.pl\/olivia-garden-m19.html\">Olivia Garden<\/a>, <a href=\"https:\/\/www.hairstore.pl\/goldwell-m8.html\">Goldwell<\/a>, <a href=\"https:\/\/www.hairstore.pl\/yellow-professional-m661.html\">Yellow<\/a>, <a href=\"https:\/\/www.hairstore.pl\/fanola-m247.html\">Fanola<\/a>, <a href=\"https:\/\/www.hairstore.pl\/inebrya-m51.html\">Inebrya<\/a> i inne<\/strong> \u2013 czyli mieszanka marek uwielbianych przez profesjonalist\u00f3w i os\u00f3b, kt\u00f3re \u015bwiadomie dbaj\u0105 o w\u0142osy w domu.<\/p>\n<p data-start=\"3126\" data-end=\"3522\">Jak to dzia\u0142a w praktyce? <a href=\"https:\/\/www.hairstore.pl\/black-friday-najlepsze-okazje-w-super-cenach-r1774.html\">Wchodzisz na hairstore.pl w czasie Black Days,<\/a> dodajesz produkty marek bior\u0105cych udzia\u0142 w akcji do koszyka, a przy podsumowaniu <strong data-start=\"3280\" data-end=\"3332\">wpisujesz kod rabatowy przypisany do danej marki<\/strong>. Cena od razu leci w d\u00f3\u0142, a Ty widzisz, ile w\u0142a\u015bnie zaoszcz\u0119dzi\u0142a\u015b. Kr\u00f3tko m\u00f3wi\u0105c \u2013 warto po prostu <strong data-start=\"3433\" data-end=\"3521\">wpa\u015b\u0107 na stron\u0119, przejrze\u0107 list\u0119 kod\u00f3w i zobaczy\u0107, co najbardziej op\u0142aca si\u0119 zgarn\u0105\u0107<\/strong>.<\/p>\n<h2 data-start=\"3529\" data-end=\"3590\">Hot deals: obni\u017cone ceny na bestsellery<\/h2>\n<p data-start=\"3592\" data-end=\"4028\">Koniecznie musisz sprawdzi\u0107 nasze ukochane <strong data-start=\"3623\" data-end=\"3636\">hot deals<\/strong> \u2013 czyli <strong data-start=\"3645\" data-end=\"3682\">obni\u017cone ceny na wybrane produkty<\/strong>, kt\u00f3re tylko w czasie trwania Black Days b\u0119d\u0105 mia\u0142y <strong data-start=\"3735\" data-end=\"3781\">wyj\u0105tkowo atrakcyjne, wyra\u017anie ni\u017csze ceny<\/strong>. To produkty, kt\u00f3re cz\u0119sto i tak s\u0105 bestsellerami, a na ten tydzie\u0144 dostaj\u0105 dodatkowy, mocny upgrade cenowy. Je\u015bli od dawna polujesz na konkretn\u0105 mask\u0119, suszark\u0119, prostownic\u0119 lub szczotk\u0119, jest spora szansa, \u017ce w\u0142a\u015bnie wpadnie do tej kategorii.<\/p>\n<p data-start=\"4030\" data-end=\"4440\" data-is-last-node=\"\" data-is-only-node=\"\">Te gor\u0105ce okazje b\u0119d\u0105 widoczne na <a href=\"https:\/\/www.hairstore.pl\/black-friday-najlepsze-okazje-w-super-cenach-r1774.html\"><strong data-start=\"4064\" data-end=\"4108\">specjalnym landing page akcji Black Days<\/strong> <\/a>na hairstore.pl. Warto tam zajrze\u0107 na pocz\u0105tku akcji, ale te\u017c wraca\u0107 w jej trakcie. Podsumowuj\u0105c: <strong data-start=\"4263\" data-end=\"4440\" data-is-last-node=\"\">je\u015bli kochasz profesjonalne kosmetyki do w\u0142os\u00f3w, chcesz zrobi\u0107 zapasy do salonu albo po prostu dopie\u015bci\u0107 swoj\u0105 piel\u0119gnacj\u0119 \u2013 Black Days 2025 to Tw\u00f3j tydzie\u0144 na hairstore.pl.<\/strong><\/p>\n<figure id=\"attachment_26336\" aria-describedby=\"caption-attachment-26336\" style=\"width: 520px\" class=\"wp-caption alignnone\"><a href=\"https:\/\/www.hairstore.pl\/black-friday-najlepsze-okazje-w-super-cenach-r1774.html\"><img decoding=\"async\" class=\"wp-image-26336 size-full\" src=\"https:\/\/www.hairstore.pl\/blog\/wp-content\/uploads\/2025\/11\/520x260-2.jpg\" alt=\"Odkryj najlepsze okazje na hairstore.pl!\" width=\"520\" height=\"260\" srcset=\"https:\/\/www.hairstore.pl\/blog\/wp-content\/uploads\/2025\/11\/520x260-2.jpg 520w, https:\/\/www.hairstore.pl\/blog\/wp-content\/uploads\/2025\/11\/520x260-2-300x150.jpg 300w\" sizes=\"(max-width: 520px) 100vw, 520px\" \/><\/a><figcaption id=\"caption-attachment-26336\" class=\"wp-caption-text\"><a href=\"https:\/\/www.hairstore.pl\/black-friday-najlepsze-okazje-w-super-cenach-r1774.html\">Odkryj najlepsze okazje na hairstore.pl!<\/a><\/figcaption><\/figure>\n","protected":false},"excerpt":{"rendered":"<p>Black Days 2025 na hairstore.pl startuj\u0105 ju\u017c 24 listopada i potrwaj\u0105 do 1 grudnia 2025. To w\u0142a\u015bnie wtedy mo\u017cesz z\u0142apa\u0107 najwi\u0119ksze promocje na profesjonalne kosmetyki do w\u0142os\u00f3w, akcesoria fryzjerskie i sprz\u0119t do stylizacji, kt\u00f3re robi\u0105 furor\u0119 w salonach i domowych \u0142azienkach.<\/p>\n","protected":false},"author":18,"featured_media":26351,"comment_status":"open","ping_status":"open","sticky":false,"template":"","format":"standard","meta":{"footnotes":""},"categories":[2],"tags":[12826,12827,12829,12831,12828,12830,12832],"yst_prominent_words":[],"class_list":["post-26327","post","type-post","status-publish","format-standard","has-post-thumbnail","hentry","category-aktualnosci","tag-black-friday","tag-black-friday-promocje","tag-kosmetyki-w-promocji","tag-pielegnacja-wlosow-promocja","tag-promocje-na-black-friday","tag-sprzet-do-wlosow-promocja","tag-viralowe-kosmetyki"],"_links":{"self":[{"href":"https:\/\/www.hairstore.pl\/blog\/wp-json\/wp\/v2\/posts\/26327","targetHints":{"allow":["GET"]}}],"collection":[{"href":"https:\/\/www.hairstore.pl\/blog\/wp-json\/wp\/v2\/posts"}],"about":[{"href":"https:\/\/www.hairstore.pl\/blog\/wp-json\/wp\/v2\/types\/post"}],"author":[{"embeddable":true,"href":"https:\/\/www.hairstore.pl\/blog\/wp-json\/wp\/v2\/users\/18"}],"replies":[{"embeddable":true,"href":"https:\/\/www.hairstore.pl\/blog\/wp-json\/wp\/v2\/comments?post=26327"}],"version-history":[{"count":10,"href":"https:\/\/www.hairstore.pl\/blog\/wp-json\/wp\/v2\/posts\/26327\/revisions"}],"predecessor-version":[{"id":26398,"href":"https:\/\/www.hairstore.pl\/blog\/wp-json\/wp\/v2\/posts\/26327\/revisions\/26398"}],"wp:featuredmedia":[{"embeddable":true,"href":"https:\/\/www.hairstore.pl\/blog\/wp-json\/wp\/v2\/media\/26351"}],"wp:attachment":[{"href":"https:\/\/www.hairstore.pl\/blog\/wp-json\/wp\/v2\/media?parent=26327"}],"wp:term":[{"taxonomy":"category","embeddable":true,"href":"https:\/\/www.hairstore.pl\/blog\/wp-json\/wp\/v2\/categories?post=26327"},{"taxonomy":"post_tag","embeddable":true,"href":"https:\/\/www.hairstore.pl\/blog\/wp-json\/wp\/v2\/tags?post=26327"},{"taxonomy":"yst_prominent_words","embeddable":true,"href":"https:\/\/www.hairstore.pl\/blog\/wp-json\/wp\/v2\/yst_prominent_words?post=26327"}],"curies":[{"name":"wp","href":"https:\/\/api.w.org\/{rel}","templated":true}]}}