{"id":25952,"date":"2025-09-11T09:58:32","date_gmt":"2025-09-11T07:58:32","guid":{"rendered":"https:\/\/www.hairstore.pl\/blog\/?p=25952"},"modified":"2025-09-11T09:58:32","modified_gmt":"2025-09-11T07:58:32","slug":"warkocz-z-apaszka","status":"publish","type":"post","link":"https:\/\/www.hairstore.pl\/blog\/warkocz-z-apaszka\/","title":{"rendered":"Warkocz z apaszk\u0105 to trendowy look na ten sezon"},"content":{"rendered":"<p>Warkocz z apaszk\u0105 to prawdziwy modowy \u201elife hack\u201d \u2013 w prosty spos\u00f3b potrafi odmieni\u0107 nawet najnudniejsz\u0105 stylizacj\u0119. Ta fryzura \u0142\u0105czy ponadczasow\u0105 elegancj\u0119 z funkcjonalno\u015bci\u0105. Warkocz z wplecion\u0105 chust\u0105 sta\u0142 si\u0119 jednym z najwa\u017cniejszych trend\u00f3w nadchodz\u0105cych miesi\u0119cy.<\/p>\n<p><!--more--><br \/>\nJe\u015bli szukasz pomys\u0142u na od\u015bwie\u017cenie swojego looku tej jesieni, scarf-woven braid mo\u017ce okaza\u0107 si\u0119 strza\u0142em w dziesi\u0105tk\u0119!<\/p>\n<div class=\"article-menu-box\"><div class=\"article-menu-header\">Z tego artyku\u0142u dowiesz si\u0119:<\/div>\n        <ul class=\"article-menu\"><li>Czym jest warkocz z apaszk\u0105 (scarf-woven braid) i sk\u0105d wzi\u0119\u0142a si\u0119 jego popularno\u015b\u0107<\/li><li>Dlaczego ta fryzura to hit sezonu jesie\u0144 2025<\/li><li>Jak zaple\u015b\u0107 warkocz z apaszk\u0105<\/li><li>Jakie apaszki (kolory i wzory) s\u0105 najmodniejsze w tym sezonie do takiego uczesania<\/li><\/ul><\/div>\n<h2>Czym jest warkocz z apaszk\u0105 (scarf-woven braid)?<\/h2>\n<p>Warkocz z apaszk\u0105, znany te\u017c na \u015bwiecie jako scarf-woven braid, to po prostu klasyczny warkocz, w kt\u00f3ry wpleciona jest apaszka lub lekka jedwabna chustka. Pomys\u0142 polega na tym, by traktowa\u0107 zwini\u0119t\u0105 apaszk\u0119 jak pasmo w\u0142os\u00f3w i zaple\u015b\u0107 j\u0105 razem z nimi. Cho\u0107 noszenie chust na g\u0142owie to \u017cadna nowo\u015b\u0107 \u2013 ju\u017c dekady temu gwiazdy starego Hollywood uwielbia\u0142y wi\u0105za\u0107 jedwabne szale we w\u0142osach, to w ostatnich miesi\u0105cach trend powr\u00f3ci\u0142 w od\u015bwie\u017conej formie. Scarf-woven braid szturmem podbija ulice modnych stolic, szczeg\u00f3lnie Kopenhagi, gdzie kolorowe apaszki sta\u0142y si\u0119 obowi\u0105zkowym elementem <a href=\"https:\/\/www.hairstore.pl\/stylizacja-wlosow-c202.html\"><strong>stylizacji w\u0142os\u00f3w<\/strong><\/a> wielu it-girls. Co wi\u0119cej, nawet projektanci inspirowali si\u0119 tym uczesaniem \u2013 na tegorocznym Copenhagen Fashion Week mo\u017cna by\u0142o zobaczy\u0107 modelki z elegancko wplecionymi w warkocze jedwabnymi szalikami. Innymi s\u0142owy, warkocz z apaszk\u0105 to trend, obok kt\u00f3rego nie mo\u017cna przej\u015b\u0107 oboj\u0119tnie tej jesieni.<\/p>\n<p>Sprawd\u017a: <a href=\"https:\/\/www.hairstore.pl\/blog\/jak-uczesac-sie-na-wesele-2025\/\">Jak uczesa\u0107 si\u0119 na wesele w sezonie 2025? Przegl\u0105d najmodniejszych fryzur \u015blubnych [ZDJ\u0118CIA]<\/a><\/p>\n<h2>Elegancja, funkcjonalno\u015b\u0107 i 100% stylu na jesie\u0144<\/h2>\n<p>Dlaczego akurat warkocz z apaszk\u0105 zyska\u0142 tak\u0105 popularno\u015b\u0107? Sekret tkwi w po\u0142\u0105czeniu estetyki z praktyczno\u015bci\u0105. Jedwabne chusty od zawsze kojarz\u0105 si\u0119 z luksusem i ponadczasow\u0105 elegancj\u0105 \u2013 dodane do fryzury od razu podnosz\u0105 jej rang\u0119, sprawiaj\u0105c \u017ce nawet zwyk\u0142y warkocz nabiera wyrafinowanego charakteru. Taki detal potrafi ca\u0142kowicie zmieni\u0107 wyd\u017awi\u0119k stylizacji w\u0142os\u00f3w: prosty, lu\u017ano spleciony k\u0142os zamienia si\u0119 w fryzur\u0119 pe\u0142n\u0105 wdzi\u0119ku i boho szyku. Dodatkowo jest to rozwi\u0105zanie niesamowicie praktyczne. Chusta nie tylko zdobi, ale te\u017c pomaga okie\u0142zna\u0107 fryzur\u0119 \u2013 w\u0142osy sprawiaj\u0105 wra\u017cenie ujarzmionych i zadbanych, nawet po ca\u0142ym dniu na wietrze czy s\u0142o\u0144cu. To idealne po\u0142\u0105czenie elegancji i wygody, kt\u00f3re sprawia, \u017ce trend ten b\u0142yskawicznie zyska\u0142 rzesze fanek. Warkocz z apaszk\u0105 pokocha ka\u017cda z nas, kt\u00f3ra chce doda\u0107 swojemu wygl\u0105dowi odrobin\u0119 finezji, nie rezygnuj\u0105c przy tym z komfortu \u2013 nic dziwnego, \u017ce jest uznawany za 100% stylu na jesie\u0144!<\/p>\n<p>https:\/\/www.tiktok.com\/@claudiamaespeed\/video\/7251942930355588378?is_from_webapp=1&#038;sender_device=pc&#038;web_id=7255192335185020442<\/p>\n<h2>Jak zaple\u015b\u0107 warkocz z apaszk\u0105 \u2013 prosty poradnik<\/h2>\n<p>By\u0107 mo\u017ce zastanawiasz si\u0119, czy samodzielne wykonanie takiej fryzury jest trudne. Spokojnie \u2013 zaplata\u0107 warkocz z apaszk\u0105 nauczysz si\u0119 w mgnieniu oka! Oto jak mo\u017cesz to zrobi\u0107 krok po kroku. Po pierwsze, wybierz odpowiedni\u0105 apaszk\u0119: najlepiej lekk\u0105, jedwabn\u0105 lub satynow\u0105 chustk\u0119, niezbyt szerok\u0105 (oko\u0142o 2\u20135 cm po z\u0142o\u017ceniu). Z\u0142\u00f3\u017c j\u0105 w d\u0142ugi pasek i przygotuj sobie gumk\u0119 do w\u0142os\u00f3w. Nast\u0119pnie zwi\u0105\u017c w\u0142osy w niski kucyk i razem z nim zabezpiecz pocz\u0105tek apaszki u nasady <a href=\"https:\/\/www.hairstore.pl\/gumki-do-wlosow-c1234.html\"><strong>gumk\u0105<\/strong> <\/a>\u2013 to zapobiegnie wysuni\u0119ciu si\u0119 chusty podczas plecenia.<\/p>\n<p>Teraz podziel kucyk na trzy pasma, przy czym apaszka powinna tworzy\u0107 cz\u0119\u015b\u0107 dw\u00f3ch z tych pasm (po prostu do\u0142\u00f3\u017c po\u0142\u00f3wki chusty do dw\u00f3ch skrajnych sekcji w\u0142os\u00f3w). Zacznij zaplata\u0107 klasyczny warkocz, przek\u0142adaj\u0105c pasma na przemian jak zwykle. Staraj si\u0119 utrzymywa\u0107 r\u00f3wne napi\u0119cie \u2013 dzi\u0119ki temu splot b\u0119dzie wygl\u0105da\u0142 schludnie i elegancko. Gdy dojdziesz do ko\u0144ca, zwi\u0105\u017c warkocz gumk\u0105. Ko\u0144ce apaszki mo\u017cesz zostawi\u0107 lu\u017ano zwisaj\u0105ce dla efektu swobodnej fantazji albo zawi\u0105za\u0107 w kokardk\u0119 dla dodatkowego uroku. Na koniec warto delikatnie spryska\u0107 fryzur\u0119 <a href=\"https:\/\/www.hairstore.pl\/lakiery-c1334.html\"><strong>lakierem<\/strong><\/a>, aby ca\u0142o\u015b\u0107 si\u0119 dobrze trzyma\u0142a. I gotowe \u2013 w\u0142a\u015bnie stworzy\u0142a\u015b sw\u00f3j pierwszy scarf-woven braid! Teraz mo\u017cesz cieszy\u0107 si\u0119 efektown\u0105 fryzur\u0105, kt\u00f3ra wygl\u0105da jak prosto z wybiegu, a tak naprawd\u0119 zaj\u0119\u0142a tylko kilka minut.<\/p>\n<div id=\"hsbp-eb8556f2ca01d05240d92be45d4a46f1\" class=\"hsbp\"><\/div>\n<h2>Uniwersalna fryzura na co dzie\u0144 i od \u015bwi\u0119ta<\/h2>\n<p>Jedn\u0105 z najwi\u0119kszych zalet warkocza z apaszk\u0105 jest jego uniwersalno\u015b\u0107. T\u0119 fryzur\u0119 mo\u017cesz nosi\u0107 na wiele sposob\u00f3w i dopasowa\u0107 do przer\u00f3\u017cnych okazji \u2013 od codziennych wyj\u015b\u0107, przez romantyczn\u0105 randk\u0119, a\u017c po uroczyste przyj\u0119cia. W klasycznej wersji jedwabna chusta stanowi integraln\u0105 cz\u0119\u015b\u0107 warkocza od samej nasady a\u017c po ko\u0144ce w\u0142os\u00f3w. Taki pe\u0142ny warkocz z apaszk\u0105 \u015bwietnie sprawdzi si\u0119 np. na co dzie\u0144, dodaj\u0105c szyku zwyk\u0142emu swetrowi i d\u017cinsom, ale r\u00f3wnie dobrze uzupe\u0142ni eleganck\u0105 sukienk\u0119 na wieczorne wyj\u015bcie. Je\u015bli masz ochot\u0119 na co\u015b bardziej fantazyjnego, mo\u017cliwo\u015bci jest mn\u00f3stwo. Apaszk\u0119 mo\u017cesz wple\u015b\u0107 tylko w g\u00f3rnej cz\u0119\u015bci fryzury, a reszt\u0119 w\u0142os\u00f3w zostawi\u0107 splecion\u0105 klasycznie \u2013 da to subtelniejszy efekt. Mo\u017cesz te\u017c zwi\u0105za\u0107 ko\u0144ce chusty w kokard\u0119 przy podstawie warkocza, tworz\u0105c uroczy akcent retro. Dwie apaszki w dw\u00f3ch symetrycznych warkoczach (tzw. boxer braids)? Czemu nie \u2013 to odwa\u017cna propozycja idealna na festiwal lub trening, \u0142\u0105cz\u0105ca sportowy styl z modowym pazurem.<\/p>\n<p>Warkocz z apaszk\u0105 pasuje praktycznie wsz\u0119dzie tam, gdzie klasyczny warkocz \u2013 ale daje o wiele bardziej efektowne wyko\u0144czenie. W zale\u017cno\u015bci od wybranej chusty fryzura mo\u017ce nabra\u0107 romantycznego, awangardowego lub nawet formalnego charakteru. Dzi\u0119ki temu jedna prosta technika stylizacji pozwala nam bawi\u0107 si\u0119 wizerunkiem i wyr\u00f3\u017cni\u0107 si\u0119 z t\u0142umu, nie trac\u0105c przy tym elegancji.<\/p>\n<div id=\"hsbp-53e95c9fce700403930fd2e2d7e558a3\" class=\"hsbp\"><\/div>\n<h2>Jak\u0105 apaszk\u0119 wybra\u0107? Najmodniejsze kolory i wzory<\/h2>\n<p>Skoro wiesz ju\u017c, jak zaple\u015b\u0107 sw\u00f3j wymarzony scarf-woven braid, pora dobra\u0107 idealn\u0105 apaszk\u0119. W sezonie lato\/jesie\u0144 2025 kr\u00f3luj\u0105 zar\u00f3wno wyraziste barwy, jak i przykuwaj\u0105ce oko desenie. Projektanci i fashonistki stawiaj\u0105 na g\u0142\u0119bokie, bogate kolory \u2013 szczeg\u00f3lnie odcienie szlachetnych kamieni i jesiennych li\u015bci. Najmodniejsze apaszki to te w tonacjach z\u0142ota, szmaragdowej zieleni, rubinowej czerwieni czy g\u0142\u0119bokiej, atramentowej czerni. Je\u015bli wolisz co\u015b ja\u015bniejszego, w trendach pozostaj\u0105 te\u017c pastelowe b\u0142\u0119kity oraz delikatne kremowe be\u017ce.<\/p>\n<p>Wzory? Tutaj r\u00f3wnie\u017c panuje pe\u0142na dowolno\u015b\u0107, cho\u0107 pewne klasyki wysuwaj\u0105 si\u0119 na prowadzenie. Groszki (polka dots) w stylu retro, romantyczne motywy kwiatowe, geometryczne szlaczki czy ornamenty inspirowane stylem vintage to strza\u0142y w dziesi\u0105tk\u0119 tej jesieni. Taka wzorzysta apaszka sprawi, \u017ce tw\u00f3j warkocz z dodatkiem stanie si\u0119 pe\u0142noprawnym elementem stylizacji, a nie tylko t\u0142em dla ubra\u0144. Pami\u0119taj, \u017ce chusta wpleciona we w\u0142osy przyci\u0105ga uwag\u0119, wi\u0119c \u015bmia\u0142o mo\u017cesz dobra\u0107 jej kolor do akcent\u00f3w w stroju lub wr\u0119cz przeciwnie \u2013 uczyni\u0107 z niej g\u0142\u00f3wny, kontrastowy akcent ca\u0142ego looku.<\/p>\n<p>Na koniec najwa\u017cniejsze: baw si\u0119 tym trendem! Warkocz z apaszk\u0105 to fryzura, kt\u00f3ra ma sprawia\u0107 rado\u015b\u0107 i dodawa\u0107 pewno\u015bci siebie. Niezale\u017cnie od tego, czy wybierzesz stonowan\u0105, jedwabn\u0105 apaszk\u0119 vintage, czy jaskraw\u0105 chustk\u0119 we wzory \u2013 ka\u017cda z nich doda Twoim w\u0142osom niepowtarzalnego uroku. Jesie\u0144 2025 zapowiada si\u0119 naprawd\u0119 stylowo, wi\u0119c nie b\u00f3j si\u0119 eksperymentowa\u0107. By\u0107 mo\u017ce scarf-woven braid stanie si\u0119 i Twoim ulubionym sposobem na dodanie sobie (i swoim stylizacjom) odrobiny koloru oraz elegancji tej jesieni! &#x1f31f;<\/p>\n<figure id=\"attachment_25941\" aria-describedby=\"caption-attachment-25941\" style=\"width: 800px\" class=\"wp-caption alignnone\"><a href=\"https:\/\/www.hairstore.pl\/news\"><img decoding=\"async\" class=\"size-full wp-image-25941\" src=\"https:\/\/www.hairstore.pl\/blog\/wp-content\/uploads\/2025\/08\/Obszar-kompozycji-2-17.jpg\" alt=\"Nowo\u015bci produktowe na Hairstore.pl.\" width=\"800\" height=\"450\" srcset=\"https:\/\/www.hairstore.pl\/blog\/wp-content\/uploads\/2025\/08\/Obszar-kompozycji-2-17.jpg 800w, https:\/\/www.hairstore.pl\/blog\/wp-content\/uploads\/2025\/08\/Obszar-kompozycji-2-17-300x169.jpg 300w, https:\/\/www.hairstore.pl\/blog\/wp-content\/uploads\/2025\/08\/Obszar-kompozycji-2-17-768x432.jpg 768w\" sizes=\"(max-width: 800px) 100vw, 800px\" \/><\/a><figcaption id=\"caption-attachment-25941\" class=\"wp-caption-text\"><a href=\"https:\/\/www.hairstore.pl\/news\">Sprawd\u017a premierowe produkty dost\u0119pne na Hairstore.pl<\/a><\/figcaption><\/figure>\n","protected":false},"excerpt":{"rendered":"<p>Warkocz z apaszk\u0105 to prawdziwy modowy \u201elife hack\u201d \u2013 w prosty spos\u00f3b potrafi odmieni\u0107 nawet najnudniejsz\u0105 stylizacj\u0119. Ta fryzura \u0142\u0105czy ponadczasow\u0105 elegancj\u0119 z funkcjonalno\u015bci\u0105. Warkocz z wplecion\u0105 chust\u0105 sta\u0142 si\u0119 jednym z najwa\u017cniejszych trend\u00f3w nadchodz\u0105cych miesi\u0119cy.<\/p>\n","protected":false},"author":18,"featured_media":25955,"comment_status":"open","ping_status":"open","sticky":false,"template":"","format":"standard","meta":{"footnotes":""},"categories":[2,9421],"tags":[12689,12684,12688,12681,12690,12692,12685,12683,12687,12686,12680,12691,12682,12679],"yst_prominent_words":[6189,6369,801,2175,699,1432,2229,1251,704],"class_list":["post-25952","post","type-post","status-publish","format-standard","has-post-thumbnail","hentry","category-aktualnosci","category-trendy","tag-akcesoria-do-wlosow","tag-apaszka-we-wlosach","tag-copenhagen-fashion-week","tag-fryzury-na-jesien","tag-hair-hack","tag-it-girls","tag-jedwabna-apaszka","tag-jesienne-fryzury","tag-modny-warkocz","tag-satynowa-chusta","tag-scarf-woven-braid","tag-stylizacje-jesienne","tag-trend-2025","tag-warkocz-z-apaszka"],"_links":{"self":[{"href":"https:\/\/www.hairstore.pl\/blog\/wp-json\/wp\/v2\/posts\/25952","targetHints":{"allow":["GET"]}}],"collection":[{"href":"https:\/\/www.hairstore.pl\/blog\/wp-json\/wp\/v2\/posts"}],"about":[{"href":"https:\/\/www.hairstore.pl\/blog\/wp-json\/wp\/v2\/types\/post"}],"author":[{"embeddable":true,"href":"https:\/\/www.hairstore.pl\/blog\/wp-json\/wp\/v2\/users\/18"}],"replies":[{"embeddable":true,"href":"https:\/\/www.hairstore.pl\/blog\/wp-json\/wp\/v2\/comments?post=25952"}],"version-history":[{"count":8,"href":"https:\/\/www.hairstore.pl\/blog\/wp-json\/wp\/v2\/posts\/25952\/revisions"}],"predecessor-version":[{"id":26028,"href":"https:\/\/www.hairstore.pl\/blog\/wp-json\/wp\/v2\/posts\/25952\/revisions\/26028"}],"wp:featuredmedia":[{"embeddable":true,"href":"https:\/\/www.hairstore.pl\/blog\/wp-json\/wp\/v2\/media\/25955"}],"wp:attachment":[{"href":"https:\/\/www.hairstore.pl\/blog\/wp-json\/wp\/v2\/media?parent=25952"}],"wp:term":[{"taxonomy":"category","embeddable":true,"href":"https:\/\/www.hairstore.pl\/blog\/wp-json\/wp\/v2\/categories?post=25952"},{"taxonomy":"post_tag","embeddable":true,"href":"https:\/\/www.hairstore.pl\/blog\/wp-json\/wp\/v2\/tags?post=25952"},{"taxonomy":"yst_prominent_words","embeddable":true,"href":"https:\/\/www.hairstore.pl\/blog\/wp-json\/wp\/v2\/yst_prominent_words?post=25952"}],"curies":[{"name":"wp","href":"https:\/\/api.w.org\/{rel}","templated":true}]}}