{"id":24170,"date":"2024-10-07T08:42:10","date_gmt":"2024-10-07T06:42:10","guid":{"rendered":"https:\/\/www.hairstore.pl\/blog\/?p=24170"},"modified":"2024-10-07T08:42:10","modified_gmt":"2024-10-07T06:42:10","slug":"nowa-maska-w-rodzinie-loreal-absolut-repair-molecular","status":"publish","type":"post","link":"https:\/\/www.hairstore.pl\/blog\/nowa-maska-w-rodzinie-loreal-absolut-repair-molecular\/","title":{"rendered":"Nowa maska w rodzinie L&#8217;Oreal \u2013 Absolut Repair Molecular"},"content":{"rendered":"<p><strong>Ka\u017cda z nas marzy o zdrowych, l\u015bni\u0105cych w\u0142osach, jednak codzienna stylizacja, zanieczyszczenia czy chemiczne zabiegi potrafi\u0105 szybko zniszczy\u0107 ich struktur\u0119. Z pomoc\u0105 przychodzi seria L&#8217;Oreal Absolut Repair Molecular, stworzona z my\u015bl\u0105 o kompleksowej odbudowie w\u0142os\u00f3w na poziomie molekularnym.<\/strong><\/p>\n<p><!--more--><\/p>\n<p>To zaawansowana technologia, kt\u00f3ra wnika g\u0142\u0119boko w struktur\u0119 w\u0142osa, aby naprawi\u0107 szkody i przywr\u00f3ci\u0107 im zdrowy wygl\u0105d. Nowo\u015bci\u0105 w tej serii jest maska wype\u0142niaj\u0105ca struktur\u0119 molekularn\u0105 w\u0142os\u00f3w, kt\u00f3ra oferuje jeszcze bardziej intensywn\u0105 regeneracj\u0119.<\/p>\n<div class=\"article-menu-box\"><div class=\"article-menu-header\">Z tego artyku\u0142u dowiesz si\u0119:<\/div>\n        <ul class=\"article-menu\"><li>Czym wyr\u00f3\u017cnia si\u0119 maska L'Oreal Absolut Repair Molecular?<\/li><li>Czym jest technologia odbudowy molekularnej w\u0142os\u00f3w?<\/li><li>Jak stosowa\u0107 produkt L'Oreal Absolut Repair Molecular?<\/li><\/ul><\/div>\n<h2><strong>Czym jest technologia odbudowy molekularnej w\u0142os\u00f3w?<\/strong><\/h2>\n<p>Odbudowa molekularna to technologia, kt\u00f3ra dzia\u0142a g\u0142\u0119boko, na poziomie samej struktury w\u0142osa. Dzi\u0119ki temu w\u0142osy zyskuj\u0105 nie tylko zdrowy wygl\u0105d, ale tak\u017ce staj\u0105 si\u0119 bardziej elastyczne, mocniejsze i odporniejsze na uszkodzenia. To idealne rozwi\u0105zanie dla os\u00f3b, kt\u00f3rych w\u0142osy s\u0105 os\u0142abione przez codzienne zabiegi, farbowanie czy stylizacj\u0119 na gor\u0105co.<\/p>\n<p>Ju\u017c po jednym u\u017cyciu produkt\u00f3w z serii <a href=\"https:\/\/www.hairstore.pl\/absolut-repair-molecular-c1613.html\">Absolut Repair Molecular<\/a> mo\u017cna zaobserwowa\u0107 znaczn\u0105 popraw\u0119 kondycji w\u0142os\u00f3w. Szampon, serum oraz maska bez sp\u0142ukiwania przyczyniaj\u0105 si\u0119 do odnowienia struktury molekularnej w\u0142os\u00f3w, co zosta\u0142o potwierdzone naukowo.<\/p>\n<p><img decoding=\"async\" class=\"alignnone wp-image-24199 size-full\" src=\"https:\/\/www.hairstore.pl\/blog\/wp-content\/uploads\/2024\/09\/loreal-molecular-specyfiakcja.jpg\" alt=\"loreal absolut repair specyfikacja\" width=\"800\" height=\"450\" srcset=\"https:\/\/www.hairstore.pl\/blog\/wp-content\/uploads\/2024\/09\/loreal-molecular-specyfiakcja.jpg 800w, https:\/\/www.hairstore.pl\/blog\/wp-content\/uploads\/2024\/09\/loreal-molecular-specyfiakcja-300x169.jpg 300w, https:\/\/www.hairstore.pl\/blog\/wp-content\/uploads\/2024\/09\/loreal-molecular-specyfiakcja-768x432.jpg 768w\" sizes=\"(max-width: 800px) 100vw, 800px\" \/><\/p>\n<h2><strong>D\u0142ugotrwa\u0142e efekty stosowania Absolut Repair Molecular<\/strong><\/h2>\n<p>Systematyczne stosowanie produkt\u00f3w z tej gamy, zw\u0142aszcza szamponu, serum i maski, daje d\u0142ugotrwa\u0142e efekty. Kondycja w\u0142os\u00f3w poprawia si\u0119 ju\u017c po 15. u\u017cyciach \u2013 staj\u0105 si\u0119 mocniejsze, \u0142atwiejsze do uk\u0142adania, a ich zdrowy wygl\u0105d utrzymuje si\u0119 przez d\u0142ugi czas. To idealne rozwi\u0105zanie dla os\u00f3b, kt\u00f3re szukaj\u0105 skutecznej i trwa\u0142ej regeneracji.<\/p>\n<div id=\"hsbp-4183845c4e2732d2969b72c096045066\" class=\"hsbp\"><\/div>\n<h2><strong>Nowo\u015b\u0107 \u2013 maska L&#8217;Oreal Absolut Repair Molecular<\/strong><\/h2>\n<p><a href=\"https:\/\/www.hairstore.pl\/loreal-absolut-repair-molecular-maska-wypelniajaca-strukture-molekularna-wlosow-250ml-p54713.html\">Maska<\/a> wype\u0142niaj\u0105ca struktur\u0119 molekularn\u0105 w\u0142os\u00f3w to najnowszy produkt w rodzinie L&#8217;Oreal. To profesjonalna maska do sp\u0142ukiwania, kt\u00f3ra intensywnie dzia\u0142a na w\u0142osy dzi\u0119ki swojej skoncentrowanej formule. Po\u0142\u0105czenie peptyd\u00f3w i aminokwas\u00f3w pozwala na g\u0142\u0119bok\u0105 regeneracj\u0119 w\u0142\u00f3kien w\u0142osa. Efekty widoczne s\u0105 od razu \u2013 w\u0142osy staj\u0105 si\u0119 g\u0142adkie, l\u015bni\u0105ce i bardziej mi\u0119siste.<\/p>\n<p><img decoding=\"async\" class=\"alignnone wp-image-24201 size-full\" src=\"https:\/\/www.hairstore.pl\/blog\/wp-content\/uploads\/2024\/09\/maska-loreal-reapir-molecular.jpg\" alt=\"maska loreal absolut repair\" width=\"800\" height=\"450\" srcset=\"https:\/\/www.hairstore.pl\/blog\/wp-content\/uploads\/2024\/09\/maska-loreal-reapir-molecular.jpg 800w, https:\/\/www.hairstore.pl\/blog\/wp-content\/uploads\/2024\/09\/maska-loreal-reapir-molecular-300x169.jpg 300w, https:\/\/www.hairstore.pl\/blog\/wp-content\/uploads\/2024\/09\/maska-loreal-reapir-molecular-768x432.jpg 768w\" sizes=\"(max-width: 800px) 100vw, 800px\" \/><\/p>\n<h2><strong>Jak stosowa\u0107 produkt L&#8217;Oreal Absolut Repair Molecular? <\/strong><\/h2>\n<p>L&#8217;Oreal Absolut Repair Molecular ma wiele zalet, a w tym:<\/p>\n<ul>\n<li>Wnika g\u0142\u0119boko w struktur\u0119 w\u0142osa, wzmacniaj\u0105c i naprawiaj\u0105c go na poziomie molekularnym.<\/li>\n<li>Chroni w\u0142osy przed szkodliwymi czynnikami zewn\u0119trznymi.<\/li>\n<li>Ogranicza puszenie i wyg\u0142adza w\u0142osy, nadaj\u0105c im zdrowy po\u0142ysk.<\/li>\n<li>Ma lekk\u0105, jedwabist\u0105 konsystencj\u0119, co u\u0142atwia jej aplikacj\u0119.<\/li>\n<\/ul>\n<p><img decoding=\"async\" class=\"alignnone wp-image-24200 size-full\" src=\"https:\/\/www.hairstore.pl\/blog\/wp-content\/uploads\/2024\/09\/loreal-repair-molecular-nuty-zapachowe.jpg\" alt=\"loreal absolut repair nuty zapachowe\" width=\"800\" height=\"450\" srcset=\"https:\/\/www.hairstore.pl\/blog\/wp-content\/uploads\/2024\/09\/loreal-repair-molecular-nuty-zapachowe.jpg 800w, https:\/\/www.hairstore.pl\/blog\/wp-content\/uploads\/2024\/09\/loreal-repair-molecular-nuty-zapachowe-300x169.jpg 300w, https:\/\/www.hairstore.pl\/blog\/wp-content\/uploads\/2024\/09\/loreal-repair-molecular-nuty-zapachowe-768x432.jpg 768w\" sizes=\"(max-width: 800px) 100vw, 800px\" \/><\/p>\n<p>Aby uzyska\u0107 najlepsze rezultaty, mask\u0119 nale\u017cy stosowa\u0107 po umyciu w\u0142os\u00f3w szamponem Absolut Repair Molecular. Po na\u0142o\u017ceniu na wilgotne, osuszone r\u0119cznikiem w\u0142osy, wystarczy pozostawi\u0107 j\u0105 na 1-2 minuty, a nast\u0119pnie dok\u0142adnie sp\u0142uka\u0107.<\/p>\n<p>Dzi\u0119ki tej nowoczesnej formule Twoje w\u0142osy b\u0119d\u0105 zregenerowane i bardziej odporne na przysz\u0142e uszkodzenia.<\/p>\n<p>Ju\u017c dzi\u015b wypr\u00f3buj mask\u0119 z serii L&#8217;Oreal Absolut Repair Molecular i ciesz si\u0119 w\u0142osami pe\u0142nymi blasku!<\/p>\n","protected":false},"excerpt":{"rendered":"<p>Ka\u017cda z nas marzy o zdrowych, l\u015bni\u0105cych w\u0142osach, jednak codzienna stylizacja, zanieczyszczenia czy chemiczne zabiegi potrafi\u0105 szybko zniszczy\u0107 ich struktur\u0119. Z pomoc\u0105 przychodzi seria L&#8217;Oreal Absolut Repair Molecular, stworzona z my\u015bl\u0105 o kompleksowej odbudowie w\u0142os\u00f3w na poziomie molekularnym.<\/p>\n","protected":false},"author":14,"featured_media":24202,"comment_status":"open","ping_status":"open","sticky":false,"template":"","format":"standard","meta":{"footnotes":""},"categories":[2],"tags":[11891,11888,11889,11890],"yst_prominent_words":[],"class_list":["post-24170","post","type-post","status-publish","format-standard","has-post-thumbnail","hentry","category-aktualnosci","tag-kosmetyki-do-wlosow-loreal","tag-loreal-absolut-repair","tag-loreal-absolut-repair-molecuclar","tag-pielegnacja-wlosow-loreal"],"_links":{"self":[{"href":"https:\/\/www.hairstore.pl\/blog\/wp-json\/wp\/v2\/posts\/24170","targetHints":{"allow":["GET"]}}],"collection":[{"href":"https:\/\/www.hairstore.pl\/blog\/wp-json\/wp\/v2\/posts"}],"about":[{"href":"https:\/\/www.hairstore.pl\/blog\/wp-json\/wp\/v2\/types\/post"}],"author":[{"embeddable":true,"href":"https:\/\/www.hairstore.pl\/blog\/wp-json\/wp\/v2\/users\/14"}],"replies":[{"embeddable":true,"href":"https:\/\/www.hairstore.pl\/blog\/wp-json\/wp\/v2\/comments?post=24170"}],"version-history":[{"count":3,"href":"https:\/\/www.hairstore.pl\/blog\/wp-json\/wp\/v2\/posts\/24170\/revisions"}],"predecessor-version":[{"id":24198,"href":"https:\/\/www.hairstore.pl\/blog\/wp-json\/wp\/v2\/posts\/24170\/revisions\/24198"}],"wp:featuredmedia":[{"embeddable":true,"href":"https:\/\/www.hairstore.pl\/blog\/wp-json\/wp\/v2\/media\/24202"}],"wp:attachment":[{"href":"https:\/\/www.hairstore.pl\/blog\/wp-json\/wp\/v2\/media?parent=24170"}],"wp:term":[{"taxonomy":"category","embeddable":true,"href":"https:\/\/www.hairstore.pl\/blog\/wp-json\/wp\/v2\/categories?post=24170"},{"taxonomy":"post_tag","embeddable":true,"href":"https:\/\/www.hairstore.pl\/blog\/wp-json\/wp\/v2\/tags?post=24170"},{"taxonomy":"yst_prominent_words","embeddable":true,"href":"https:\/\/www.hairstore.pl\/blog\/wp-json\/wp\/v2\/yst_prominent_words?post=24170"}],"curies":[{"name":"wp","href":"https:\/\/api.w.org\/{rel}","templated":true}]}}