{"id":24041,"date":"2024-08-26T08:11:40","date_gmt":"2024-08-26T06:11:40","guid":{"rendered":"https:\/\/www.hairstore.pl\/blog\/?p=24041"},"modified":"2024-08-26T08:11:40","modified_gmt":"2024-08-26T06:11:40","slug":"pielegnacja-wlosow-falowanych-z-gama-matrix-a-curl-can-dream","status":"publish","type":"post","link":"https:\/\/www.hairstore.pl\/blog\/pielegnacja-wlosow-falowanych-z-gama-matrix-a-curl-can-dream\/","title":{"rendered":"Piel\u0119gnacja w\u0142os\u00f3w falowanych z gam\u0105 Matrix A Curl Can Dream"},"content":{"rendered":"<p>Profesjonalna marka tworz\u0105ca wysokiej jako\u015bci produkty do w\u0142os\u00f3w, Matrix, niedawno poszerzy\u0142 swoj\u0105 popularn\u0105 gam\u0119 A Curl Can Dream. Seria powsta\u0142a z my\u015bl\u0105 o lokach o r\u00f3\u017cnym stopniu skr\u0119tu, natomiast teraz mo\u017cemy w niej znale\u017a\u0107 tak\u017ce kosmetyki przeznaczone do w\u0142os\u00f3w falowanych.<!--more-->Je\u015bli jeste\u015b posiadaczem lub posiadaczk\u0105 takich w\u0142os\u00f3w, by\u0107 mo\u017ce te produkty spe\u0142ni\u0105 Twoje oczekiwania. A je\u015bli zajmujesz si\u0119 fryzjerstwem \u2013 warto wyj\u015b\u0107 naprzeciw potrzebom Twoich klient\u00f3w i klientek.<\/p>\n<div class=\"article-menu-box\"><div class=\"article-menu-header\">Czytaj, by pozna\u0107 bli\u017cej:<\/div>\n        <ul class=\"article-menu\"><li>misj\u0119 marki Matrix<\/li><li>gam\u0119 A Curl Can Dream<\/li><li>kosmetyki do w\u0142os\u00f3w falowanych od marki Matrix<\/li><\/ul><\/div>\n<h2>Kr\u00f3tko o marce Matrix<\/h2>\n<p>Marka<a href=\"https:\/\/www.hairstore.pl\/matrix-m57.html\"> Matrix<\/a> powsta\u0142a ju\u017c w 1980 roku w Stanach Zjednoczonych za spraw\u0105 do\u015bwiadczonego fryzjera \u2013 Arnie Millera. Jej za\u0142o\u017ceniem by\u0142o opracowanie produkt\u00f3w przeznaczonych dla ka\u017cdego stylisty fryzur, kt\u00f3ry chce si\u0119 rozwija\u0107. My\u015bl\u0105 przewodni\u0105 jest przede wszystkim inkluzywno\u015b\u0107: niezale\u017cnie od pochodzenia czy wieku fryzjerzy na ca\u0142ym \u015bwiecie mog\u0105 osi\u0105ga\u0107 spektakularne sukcesy, a przede wszystkim cieszy\u0107 si\u0119 uznaniem swoich klient\u00f3w.<\/p>\n<p>W\u015br\u00f3d portfolio marki znajdziemy zar\u00f3wno kosmetyki przeznaczone do koloryzacji i piel\u0119gnacji, jak i do stylizacji. Poniewa\u017c s\u0105 to produkty profesjonalne, <strong>s\u0105 szczeg\u00f3lnie polecane salonom fryzjerskim, jednak klienci indywidualni r\u00f3wnie\u017c z powodzeniem mog\u0105 si\u0119 w nie zaopatrzy\u0107<\/strong>, by jak najlepiej dba\u0107 o swoje w\u0142osy w domowym zaciszu.<\/p>\n<p><img decoding=\"async\" class=\"alignnone wp-image-24054 size-full\" src=\"https:\/\/www.hairstore.pl\/blog\/wp-content\/uploads\/2024\/08\/a-curl-can-dream-modelki.jpg\" alt=\"matrix a curl can dream modelki\" width=\"800\" height=\"450\" srcset=\"https:\/\/www.hairstore.pl\/blog\/wp-content\/uploads\/2024\/08\/a-curl-can-dream-modelki.jpg 800w, https:\/\/www.hairstore.pl\/blog\/wp-content\/uploads\/2024\/08\/a-curl-can-dream-modelki-300x169.jpg 300w, https:\/\/www.hairstore.pl\/blog\/wp-content\/uploads\/2024\/08\/a-curl-can-dream-modelki-768x432.jpg 768w\" sizes=\"(max-width: 800px) 100vw, 800px\" \/><\/p>\n<h2>Gama A Curl Can Dream<\/h2>\n<p>Jedn\u0105 z bardziej rozpoznawalnych gam produkt\u00f3w marki Matrix jest <a href=\"https:\/\/www.hairstore.pl\/a-curl-can-dream-c1559.html\">A Curl Can Dream<\/a>, kt\u00f3ra, jak sama nazwa wskazuje, jest dedykowana w\u0142osom kr\u0119conym. Tego rodzaju pasma maj\u0105 wyj\u0105tkowe potrzeby \u2013 wymagaj\u0105 dog\u0142\u0119bnego od\u017cywienia i nawil\u017cenia, a przy tym umiej\u0119tnej stylizacji, aby skr\u0119t by\u0142 spr\u0119\u017cysty i wyrazisty. Warto te\u017c podkre\u015bli\u0107, \u017ce najcz\u0119\u015bciej w\u0142osy kr\u0119cone s\u0105 r\u00f3wnie\u017c wysokoporowate, co znaczy, \u017ce mog\u0105 mie\u0107 naturalnie tendencj\u0119 do elektryzowania si\u0119 i puszenia.<\/p>\n<p><img decoding=\"async\" class=\"alignnone wp-image-24057 size-full\" src=\"https:\/\/www.hairstore.pl\/blog\/wp-content\/uploads\/2024\/08\/matrix-typy-wlosow.jpg\" alt=\"matrix typy w\u0142os\u00f3w\" width=\"800\" height=\"450\" srcset=\"https:\/\/www.hairstore.pl\/blog\/wp-content\/uploads\/2024\/08\/matrix-typy-wlosow.jpg 800w, https:\/\/www.hairstore.pl\/blog\/wp-content\/uploads\/2024\/08\/matrix-typy-wlosow-300x169.jpg 300w, https:\/\/www.hairstore.pl\/blog\/wp-content\/uploads\/2024\/08\/matrix-typy-wlosow-768x432.jpg 768w\" sizes=\"(max-width: 800px) 100vw, 800px\" \/><\/p>\n<p><strong>Kosmetyki A Curl Can Dream pomagaj\u0105 w wydobyciu i utrwaleniu naturalnego skr\u0119tu<\/strong>, a do tego dbaj\u0105 o to, by w\u0142osom nie zabrak\u0142o cennych substancji od\u017cywczych. Priorytetowym sk\u0142adnikiem aktywnym jest mi\u00f3d manuka, kt\u00f3ry jako humektant pozwala utrzyma\u0107 odpowiedni poziom nawil\u017cenia. Dodatkowym plusem, kt\u00f3ry sprawia, \u017ce aplikacja produkt\u00f3w jest przyjemna, to nuty zapachowe: r\u00f3\u017ca, piwonia i bursztyn.<\/p>\n<p>Obecnie gama zosta\u0142a poszerzona o trzy produkty przeznaczone do w\u0142os\u00f3w falowanych, a wi\u0119c takich, kt\u00f3re posiadaj\u0105 lu\u017aniejszy skr\u0119t. G\u0142\u00f3wnym celem jest <strong>podkre\u015blenie naturalnych fal, ochrona przed puszeniem, nawil\u017cenie i wydobycie blasku<\/strong>. Wa\u017cny jest r\u00f3wnie\u017c fakt, \u017ce w\u0142osy falowane zazwyczaj bardziej \u201edogaduj\u0105 si\u0119\u201d z l\u017cejszymi formu\u0142ami ni\u017c w przypadku w\u0142os\u00f3w kr\u0119conych.<\/p>\n<p><img decoding=\"async\" class=\"alignnone wp-image-24055 size-full\" src=\"https:\/\/www.hairstore.pl\/blog\/wp-content\/uploads\/2024\/08\/a-curl-can-dream-wszystkie-produkty.jpg\" alt=\"matrix a curl can dream wszystkie produkty\" width=\"800\" height=\"450\" srcset=\"https:\/\/www.hairstore.pl\/blog\/wp-content\/uploads\/2024\/08\/a-curl-can-dream-wszystkie-produkty.jpg 800w, https:\/\/www.hairstore.pl\/blog\/wp-content\/uploads\/2024\/08\/a-curl-can-dream-wszystkie-produkty-300x169.jpg 300w, https:\/\/www.hairstore.pl\/blog\/wp-content\/uploads\/2024\/08\/a-curl-can-dream-wszystkie-produkty-768x432.jpg 768w\" sizes=\"(max-width: 800px) 100vw, 800px\" \/><\/p>\n<h3>Szampon do w\u0142os\u00f3w falowanych A Curl Can Dream<\/h3>\n<p>To szampon nawil\u017caj\u0105cy wzbogacony o ekstrakt z miodu manuka oraz wod\u0119 r\u00f3\u017can\u0105. Opr\u00f3cz tego, \u017ce oczyszcza w\u0142osy i sk\u00f3r\u0119 g\u0142owy, zapewnia im r\u00f3wnie\u017c niezb\u0119dne nawil\u017cenie. Tym samym ju\u017c na etapie mycia mo\u017cesz zadba\u0107 o to, aby w\u0142osy \u0142atwo si\u0119 uk\u0142ada\u0142y, a do tego by\u0142y l\u015bni\u0105ce i spr\u0119\u017cyste. Zgodnie z testem samooceny przeprowadzonym przez mark\u0119, ju\u017c sam szampon mo\u017ce zapewni\u0107 nawet 48-godzinne podkre\u015blenie fal.<\/p>\n<div id=\"hsbp-8a4f91230129fa30dba68d7be936b0f9\" class=\"hsbp\"><\/div>\n<h3>Od\u017cywka do w\u0142os\u00f3w falowanych A Curl Can Dream<\/h3>\n<p>Nawet je\u015bli Twoje w\u0142osy nie s\u0105 zbyt wymagaj\u0105ce pod k\u0105tem piel\u0119gnacji, po ich umyciu zdecydowanie warto pami\u0119ta\u0107 o od\u017cywce. A poniewa\u017c fale najlepiej wsp\u00f3\u0142graj\u0105 z formu\u0142ami do sp\u0142ukiwania, taka jest w\u0142a\u015bnie od\u017cywka z gamy A Curl Can Dream. Oparta na ekstrakcie z miodu manuka i wodzie r\u00f3\u017canej doskonale nawil\u017ca, a przy tym przyczynia si\u0119 do uzyskania efektu spr\u0119\u017cystych i pe\u0142nych blasku fal.<\/p>\n<p><img decoding=\"async\" class=\"alignnone wp-image-24053 size-full\" src=\"https:\/\/www.hairstore.pl\/blog\/wp-content\/uploads\/2024\/08\/a-curl-can-dream-efekt-przed-i-po.jpg\" alt=\"matrix a curl can dream efekt przed i po\" width=\"800\" height=\"450\" srcset=\"https:\/\/www.hairstore.pl\/blog\/wp-content\/uploads\/2024\/08\/a-curl-can-dream-efekt-przed-i-po.jpg 800w, https:\/\/www.hairstore.pl\/blog\/wp-content\/uploads\/2024\/08\/a-curl-can-dream-efekt-przed-i-po-300x169.jpg 300w, https:\/\/www.hairstore.pl\/blog\/wp-content\/uploads\/2024\/08\/a-curl-can-dream-efekt-przed-i-po-768x432.jpg 768w\" sizes=\"(max-width: 800px) 100vw, 800px\" \/><\/p>\n<h3>Spray do w\u0142os\u00f3w falowanych i kr\u0119conych A Curl Can Dream<\/h3>\n<p>Trzeci\u0105 nowo\u015bci\u0105 w gamie A Curl Can Dream jest Spray Scrunch N\u2019 Go, kt\u00f3ry ma za zadanie podkre\u015bla\u0107 struktur\u0119 zar\u00f3wno w\u0142os\u00f3w falowanych, jak i kr\u0119conych. Produktu mo\u017cna u\u017cywa\u0107 na r\u00f3\u017cne sposoby \u2013 zar\u00f3wno tu\u017c po umyciu, na jeszcze wilgotne w\u0142osy, jak i w ci\u0105gu dnia, aby dodatkowo od\u015bwie\u017cy\u0107 skr\u0119t i nada\u0107 mu nowe \u017cycie. Spray nale\u017cy rozpyli\u0107 na pasma i delikatnie zagnie\u015b\u0107, dzi\u0119ki czemu formu\u0142a dobrze wniknie we w\u0142osy. Poza w\u0142a\u015bciwo\u015bciami nawil\u017caj\u0105cymi kosmetyk zapewnia te\u017c termoochron\u0119 do 230\u00b0C.<\/p>\n","protected":false},"excerpt":{"rendered":"<p>Profesjonalna marka tworz\u0105ca wysokiej jako\u015bci produkty do w\u0142os\u00f3w, Matrix, niedawno poszerzy\u0142 swoj\u0105 popularn\u0105 gam\u0119 A Curl Can Dream. Seria powsta\u0142a z my\u015bl\u0105 o lokach o r\u00f3\u017cnym stopniu skr\u0119tu, natomiast teraz mo\u017cemy w niej znale\u017a\u0107 tak\u017ce kosmetyki przeznaczone do w\u0142os\u00f3w falowanych.<\/p>\n","protected":false},"author":16,"featured_media":24056,"comment_status":"open","ping_status":"open","sticky":false,"template":"","format":"standard","meta":{"footnotes":""},"categories":[2],"tags":[11847,251,11848],"yst_prominent_words":[766,6532,689,1420,1438,704,717],"class_list":["post-24041","post","type-post","status-publish","format-standard","has-post-thumbnail","hentry","category-aktualnosci","tag-kosmetyki-matrix","tag-matrix-2","tag-pielegnacja-matrix"],"_links":{"self":[{"href":"https:\/\/www.hairstore.pl\/blog\/wp-json\/wp\/v2\/posts\/24041","targetHints":{"allow":["GET"]}}],"collection":[{"href":"https:\/\/www.hairstore.pl\/blog\/wp-json\/wp\/v2\/posts"}],"about":[{"href":"https:\/\/www.hairstore.pl\/blog\/wp-json\/wp\/v2\/types\/post"}],"author":[{"embeddable":true,"href":"https:\/\/www.hairstore.pl\/blog\/wp-json\/wp\/v2\/users\/16"}],"replies":[{"embeddable":true,"href":"https:\/\/www.hairstore.pl\/blog\/wp-json\/wp\/v2\/comments?post=24041"}],"version-history":[{"count":4,"href":"https:\/\/www.hairstore.pl\/blog\/wp-json\/wp\/v2\/posts\/24041\/revisions"}],"predecessor-version":[{"id":24052,"href":"https:\/\/www.hairstore.pl\/blog\/wp-json\/wp\/v2\/posts\/24041\/revisions\/24052"}],"wp:featuredmedia":[{"embeddable":true,"href":"https:\/\/www.hairstore.pl\/blog\/wp-json\/wp\/v2\/media\/24056"}],"wp:attachment":[{"href":"https:\/\/www.hairstore.pl\/blog\/wp-json\/wp\/v2\/media?parent=24041"}],"wp:term":[{"taxonomy":"category","embeddable":true,"href":"https:\/\/www.hairstore.pl\/blog\/wp-json\/wp\/v2\/categories?post=24041"},{"taxonomy":"post_tag","embeddable":true,"href":"https:\/\/www.hairstore.pl\/blog\/wp-json\/wp\/v2\/tags?post=24041"},{"taxonomy":"yst_prominent_words","embeddable":true,"href":"https:\/\/www.hairstore.pl\/blog\/wp-json\/wp\/v2\/yst_prominent_words?post=24041"}],"curies":[{"name":"wp","href":"https:\/\/api.w.org\/{rel}","templated":true}]}}