{"id":23746,"date":"2024-07-29T07:28:13","date_gmt":"2024-07-29T05:28:13","guid":{"rendered":"https:\/\/www.hairstore.pl\/blog\/?p=23746"},"modified":"2024-07-29T07:28:13","modified_gmt":"2024-07-29T05:28:13","slug":"przedzialek-na-srodku-kontra-przedzialek-z-boku-czyli-starcie-pokolen","status":"publish","type":"post","link":"https:\/\/www.hairstore.pl\/blog\/przedzialek-na-srodku-kontra-przedzialek-z-boku-czyli-starcie-pokolen\/","title":{"rendered":"Przedzia\u0142ek na \u015brodku kontra przedzia\u0142ek z boku, czyli starcie pokole\u0144"},"content":{"rendered":"<p><strong>Dob\u00f3r odpowiedniej fryzury mo\u017ce mie\u0107 zasadnicze znaczenie dla wygl\u0105du. W ko\u0144cu od u\u0142o\u017cenia w\u0142os\u00f3w zale\u017cy chocia\u017cby atrakcyjny wygl\u0105d twarzy.\u00a0<\/strong><\/p>\n<p><!--more--><\/p>\n<p>Zastanawiasz si\u0119 jak czesa\u0107 w\u0142osy, aby wygl\u0105da\u0107 schludnie, a zarazem nowocze\u015bnie? Lepszym wyborem jest przedzia\u0142ek na \u015brodku, a mo\u017ce z boku g\u0142owy? Sprawd\u017a, co m\u00f3wi\u0105 na ten temat internetowi eksperci!<\/p>\n<div class=\"article-menu-box\"><div class=\"article-menu-header\">Z tego artyku\u0142u dowiesz si\u0119:<\/div>\n        <ul class=\"article-menu\"><li>Komu pasuje przedzia\u0142ek na \u015brodku?<\/li><li>Komu pasuje przedzia\u0142ek na boku? <\/li><li>Kt\u00f3ry rodzaj przedzia\u0142ka warto wybra\u0107?<\/li><\/ul><\/div>\n<p><img decoding=\"async\" class=\"alignnone wp-image-23775 size-full\" src=\"https:\/\/www.hairstore.pl\/blog\/wp-content\/uploads\/2024\/06\/nastolatka-w-rozpuszczonych-wlosach-na-drodze.jpg\" alt=\"nastolatka w d\u0142ugich rozpuszczonych w\u0142osach\" width=\"800\" height=\"450\" srcset=\"https:\/\/www.hairstore.pl\/blog\/wp-content\/uploads\/2024\/06\/nastolatka-w-rozpuszczonych-wlosach-na-drodze.jpg 800w, https:\/\/www.hairstore.pl\/blog\/wp-content\/uploads\/2024\/06\/nastolatka-w-rozpuszczonych-wlosach-na-drodze-300x169.jpg 300w, https:\/\/www.hairstore.pl\/blog\/wp-content\/uploads\/2024\/06\/nastolatka-w-rozpuszczonych-wlosach-na-drodze-768x432.jpg 768w\" sizes=\"(max-width: 800px) 100vw, 800px\" \/><\/p>\n<h2><strong>Przedzia\u0142ek na \u015brodku, a mo\u017ce na boku? To zagadnienie wywo\u0142a\u0142o sp\u00f3r w sieci!<\/strong><\/h2>\n<p>W ostatnim czasie popularne platformy spo\u0142eczno\u015bciowe, takie jak TikTok, sta\u0142y si\u0119 miejscem swoistej wojny pomi\u0119dzy mi\u0142o\u015bnikami wydzielania przedzia\u0142ka po\u015brodku g\u0142owy, naprzeciw kt\u00f3rym stan\u0119\u0142y osoby uwa\u017caj\u0105ce, \u017ce jedynym sensownym rozwi\u0105zaniem jest dzielenie w\u0142os\u00f3w z boku.<\/p>\n<p>Zdaniem m\u0142odszego grona internaut\u00f3w, nazywanych te\u017c Pokoleniem Z, to w\u0142a\u015bnie przedzia\u0142ek na \u015brodku g\u0142owy jest recept\u0105 na odpowiedni\u0105 stylizacj\u0119. Ta teza wyj\u0105tkowo mocno oburza niekt\u00f3rych starszych odbiorc\u00f3w. Zdaniem tej cz\u0119\u015bci u\u017cytkownik\u00f3w TikToka w\u0142osy powinno dzieli\u0107 si\u0119 po boku g\u0142owy.<\/p>\n<p>Zdaniem wielu internetowych ekspert\u00f3w, przedzia\u0142ek na \u015brodku pozwala optycznie wyszczupli\u0107 twarz, nadaj\u0105c jej m\u0142odszego wygl\u0105du. Warto jednak pami\u0119ta\u0107, \u017ce ten spos\u00f3b dzielenia w\u0142os\u00f3w mo\u017ce uwidacznia\u0107 i bardzo podkre\u015bla\u0107 ewentualne oznaki asymetrii w obr\u0119bie twarzy, a tak\u017ce sprawia\u0107 wra\u017cenie, \u017ce w\u0142osy s\u0105 cienkie i nieco przerzedzone.<\/p>\n<div id=\"hsbp-afdfa26723d759901e8976e0f9f29ece\" class=\"hsbp\"><\/div>\n<p>Stosowanie \u015brodkowego przedzia\u0142ka zwykle zaleca si\u0119 osobom, kt\u00f3re posiadaj\u0105 bardziej kr\u0105g\u0142\u0105 buzi\u0119. W takim przypadku d\u0142ugie, <a href=\"https:\/\/www.hairstore.pl\/falownice-i-karbownice-c31.html\">pofalowane w\u0142osy<\/a> mog\u0105 nada\u0107 twarzy efekt wi\u0119kszej poci\u0105g\u0142o\u015bci. Warto jednak zastanowi\u0107 si\u0119, czy faktycznie przedzia\u0142ek na \u015brodku jest jedynym stylowym i nowoczesnym sposobem <a href=\"https:\/\/www.hairstore.pl\/stylizacja-wlosow-c202.html\">u\u0142o\u017cenia<\/a> fryzury? Ot\u00f3\u017c niekoniecznie!<\/p>\n<p><img decoding=\"async\" class=\"alignnone wp-image-23773 size-full\" src=\"https:\/\/www.hairstore.pl\/blog\/wp-content\/uploads\/2024\/06\/kobieta-siedzaca-na-schodach.jpg\" alt=\"kobieta siedz\u0105ca na schodach\" width=\"800\" height=\"450\" srcset=\"https:\/\/www.hairstore.pl\/blog\/wp-content\/uploads\/2024\/06\/kobieta-siedzaca-na-schodach.jpg 800w, https:\/\/www.hairstore.pl\/blog\/wp-content\/uploads\/2024\/06\/kobieta-siedzaca-na-schodach-300x169.jpg 300w, https:\/\/www.hairstore.pl\/blog\/wp-content\/uploads\/2024\/06\/kobieta-siedzaca-na-schodach-768x432.jpg 768w\" sizes=\"(max-width: 800px) 100vw, 800px\" \/><\/p>\n<h2><strong>A mo\u017ce jednak przedzia\u0142ek po boku? Dla kogo przeznaczony jest ten spos\u00f3b dzielenia w\u0142os\u00f3w?<\/strong><\/h2>\n<p>Pomimo i\u017c przedzia\u0142ek z boku g\u0142owy zdaniem cz\u0119\u015bci spo\u0142ecze\u0144stwa jest ca\u0142kowicie niemodny, tak\u017ce to rozwi\u0105zanie ma swoje zalety. Taki spos\u00f3b dzielenia w\u0142os\u00f3w umo\u017cliwia optyczne z\u0142agodzenie rys\u00f3w twarzy, po\u017c\u0105dane szczeg\u00f3lnie przez kobiety, kt\u00f3re charakteryzuj\u0105 si\u0119 bardziej kwadratow\u0105 buzi\u0105, czy te\u017c wyra\u017anie zarysowan\u0105 \u017cuchw\u0105. Ponadto przedzia\u0142ek po boku g\u0142owy sprawia, \u017ce w\u0142osy optycznie wydaj\u0105 si\u0119 zdecydowanie g\u0119stsze i pe\u0142niejsze. Wa\u017cnym aspektem mo\u017ce by\u0107 tak\u017ce fakt, \u017ce ten spos\u00f3b dzielenia w\u0142os\u00f3w, w odr\u00f3\u017cnieniu od \u015brodkowego przedzia\u0142ka, ukrywa ewentualne objawy asymetrii twarzy,\u00a0jak r\u00f3wnie\u017c potencjalnych niedoskona\u0142o\u015bci sk\u00f3rnych, na poz\u00f3r niewidocznych go\u0142ym okiem.<\/p>\n<p><img decoding=\"async\" class=\"alignnone wp-image-23774 size-full\" src=\"https:\/\/www.hairstore.pl\/blog\/wp-content\/uploads\/2024\/06\/kobieta-w-dlugich-rozpuszczonych-wlosach.jpg\" alt=\"m\u0142oda kobieta w d\u0142ugich ciemnych rozpuszczonych w\u0142osach\" width=\"800\" height=\"450\" srcset=\"https:\/\/www.hairstore.pl\/blog\/wp-content\/uploads\/2024\/06\/kobieta-w-dlugich-rozpuszczonych-wlosach.jpg 800w, https:\/\/www.hairstore.pl\/blog\/wp-content\/uploads\/2024\/06\/kobieta-w-dlugich-rozpuszczonych-wlosach-300x169.jpg 300w, https:\/\/www.hairstore.pl\/blog\/wp-content\/uploads\/2024\/06\/kobieta-w-dlugich-rozpuszczonych-wlosach-768x432.jpg 768w\" sizes=\"(max-width: 800px) 100vw, 800px\" \/><\/p>\n<h2><strong>Kt\u00f3ry rodzaj przedzia\u0142ka warto wybra\u0107?<\/strong><\/h2>\n<p>Oczywi\u015bcie mi\u0142o\u015bniczek oraz mi\u0142o\u015bnik\u00f3w zar\u00f3wno \u015brodkowego, jak i bocznego przedzia\u0142ka nie brakuje. Ka\u017cde z tych rozwi\u0105za\u0144 ma swoje zalety, ale tak\u017ce i wady. Wyb\u00f3r odpowiedniej fryzury powinien wi\u0119c by\u0107 uzale\u017cniony od Twoich preferencji.<\/p>\n<p>Je\u017celi lepiej czujesz si\u0119, dziel\u0105c w\u0142osy po boku, nie zwracaj uwagi na opinie, \u017ce ten rodzaj przedzia\u0142ka jest ju\u017c niemodny. Najlepszy efekt osi\u0105gniesz bowiem, dostosowuj\u0105c fryzur\u0119 do kszta\u0142tu oraz symetrii swojej twarzy!<\/p>\n","protected":false},"excerpt":{"rendered":"<p>Dob\u00f3r odpowiedniej fryzury mo\u017ce mie\u0107 zasadnicze znaczenie dla wygl\u0105du. W ko\u0144cu od u\u0142o\u017cenia w\u0142os\u00f3w zale\u017cy chocia\u017cby atrakcyjny wygl\u0105d twarzy.\u00a0<\/p>\n","protected":false},"author":14,"featured_media":23771,"comment_status":"open","ping_status":"open","sticky":false,"template":"","format":"standard","meta":{"footnotes":""},"categories":[11],"tags":[11700,11785],"yst_prominent_words":[1247,784,1408,6266,815,704,717,1900],"class_list":["post-23746","post","type-post","status-publish","format-standard","has-post-thumbnail","hentry","category-porady","tag-fryzury-2024","tag-przedzialek-na-glowie"],"_links":{"self":[{"href":"https:\/\/www.hairstore.pl\/blog\/wp-json\/wp\/v2\/posts\/23746","targetHints":{"allow":["GET"]}}],"collection":[{"href":"https:\/\/www.hairstore.pl\/blog\/wp-json\/wp\/v2\/posts"}],"about":[{"href":"https:\/\/www.hairstore.pl\/blog\/wp-json\/wp\/v2\/types\/post"}],"author":[{"embeddable":true,"href":"https:\/\/www.hairstore.pl\/blog\/wp-json\/wp\/v2\/users\/14"}],"replies":[{"embeddable":true,"href":"https:\/\/www.hairstore.pl\/blog\/wp-json\/wp\/v2\/comments?post=23746"}],"version-history":[{"count":3,"href":"https:\/\/www.hairstore.pl\/blog\/wp-json\/wp\/v2\/posts\/23746\/revisions"}],"predecessor-version":[{"id":23930,"href":"https:\/\/www.hairstore.pl\/blog\/wp-json\/wp\/v2\/posts\/23746\/revisions\/23930"}],"wp:featuredmedia":[{"embeddable":true,"href":"https:\/\/www.hairstore.pl\/blog\/wp-json\/wp\/v2\/media\/23771"}],"wp:attachment":[{"href":"https:\/\/www.hairstore.pl\/blog\/wp-json\/wp\/v2\/media?parent=23746"}],"wp:term":[{"taxonomy":"category","embeddable":true,"href":"https:\/\/www.hairstore.pl\/blog\/wp-json\/wp\/v2\/categories?post=23746"},{"taxonomy":"post_tag","embeddable":true,"href":"https:\/\/www.hairstore.pl\/blog\/wp-json\/wp\/v2\/tags?post=23746"},{"taxonomy":"yst_prominent_words","embeddable":true,"href":"https:\/\/www.hairstore.pl\/blog\/wp-json\/wp\/v2\/yst_prominent_words?post=23746"}],"curies":[{"name":"wp","href":"https:\/\/api.w.org\/{rel}","templated":true}]}}