{"id":23584,"date":"2024-04-29T10:44:45","date_gmt":"2024-04-29T08:44:45","guid":{"rendered":"https:\/\/www.hairstore.pl\/blog\/?p=23584"},"modified":"2024-04-29T10:44:45","modified_gmt":"2024-04-29T08:44:45","slug":"perfumy-na-rozne-pory-roku-co-wybrac-na-kazda-okazje","status":"publish","type":"post","link":"https:\/\/www.hairstore.pl\/blog\/perfumy-na-rozne-pory-roku-co-wybrac-na-kazda-okazje\/","title":{"rendered":"Perfumy na r\u00f3\u017cne pory roku \u2013 co wybra\u0107 na ka\u017cd\u0105 okazj\u0119?"},"content":{"rendered":"<p><strong>Wraz ze zmian\u0105 poru roku czas na to, pomy\u015ble\u0107 o wyborze nowego zapachu. Tylko w ten spos\u00f3b perfumy b\u0119dziesz w stanie dopasowa\u0107 do panuj\u0105cych temperatur za oknem, jak r\u00f3wnie\u017c swojego nastroju.<\/strong><\/p>\n<p><!--more--><\/p>\n<p>Zapachy, kt\u00f3re zostan\u0105 dopasowane do panuj\u0105cej aury b\u0119d\u0105 w stanie pokaza\u0107 swoje najpi\u0119kniejsze oblicze. Pami\u0119taj o tym, aby wybra\u0107 <a href=\"https:\/\/www.hairstore.pl\/perfumy-damskie-c1040.html\">perfumy<\/a>, kt\u00f3re zawsze b\u0119d\u0105 dopasowane do obowi\u0105zuj\u0105cej pory roku.<\/p>\n<div class=\"article-menu-box\"><div class=\"article-menu-header\">Z tego artyku\u0142u dowiesz si\u0119:<\/div>\n        <ul class=\"article-menu\"><li>Jakie perfumy b\u0119d\u0105 dobre na lato?<\/li><li>Jakie perfumy wybra\u0107 na wiosn\u0119? <\/li><li>Jak pachnie jesie\u0144?<\/li><li>Jakie perfumy sprawdz\u0105 si\u0119 zim\u0105?<\/li><\/ul><\/div>\n<h2><strong>Nadchodzi wiosna\u2026<\/strong><\/h2>\n<p>Wiosna to dla wielu os\u00f3b pora roku, kt\u00f3ra zwiastuje narodziny. Po kilku miesi\u0105cach mroz\u00f3w przyroda budzi si\u0119 do \u017cycia. Dooko\u0142a pojawia si\u0119 ogromna ilo\u015b\u0107 kwiat\u00f3w. W zwi\u0105zku z tym postaw na kwiatowe kompozycje zapachowe. Je\u017celi szukasz czego\u015b bardziej atrakcyjnego, wybierz kwiaty pomieszane z nutami owocowymi. W\u015br\u00f3d najbardziej popularnych propozycji wiosennych znajdziesz konwali\u0119 oraz frezj\u0119.<\/p>\n<p><img decoding=\"async\" class=\"alignnone wp-image-23598 size-full\" src=\"https:\/\/www.hairstore.pl\/blog\/wp-content\/uploads\/2024\/04\/perfumy-chanel-chance.jpg\" alt=\"perfumy chanel chance\" width=\"800\" height=\"450\" srcset=\"https:\/\/www.hairstore.pl\/blog\/wp-content\/uploads\/2024\/04\/perfumy-chanel-chance.jpg 800w, https:\/\/www.hairstore.pl\/blog\/wp-content\/uploads\/2024\/04\/perfumy-chanel-chance-300x169.jpg 300w, https:\/\/www.hairstore.pl\/blog\/wp-content\/uploads\/2024\/04\/perfumy-chanel-chance-768x432.jpg 768w\" sizes=\"(max-width: 800px) 100vw, 800px\" \/><\/p>\n<p>Do tego mo\u017cesz r\u00f3wnie\u017c dorzuci\u0107 ja\u015bmin, \u017conkil oraz kr\u00f3low\u0105 po\u015br\u00f3d wszystkich kwiat\u00f3w \u2013 nie\u015bmierteln\u0105 r\u00f3\u017c\u0119. Takie kwiaty mog\u0105 zosta\u0107 pomieszane z grejpfrutem, brzoskwini\u0105 oraz liczi. Je\u017celi lubisz egzotyk\u0119, to \u015bmia\u0142o mo\u017cesz postawi\u0107 na plumeri\u0119.<\/p>\n<h2><strong>Upalne lato i przyjemny odpoczynek<\/strong><\/h2>\n<p>Lato to synonim wakacji i odpoczynku. To tak\u017ce \u015bwie\u017co\u015b\u0107 i energia. Z t\u0105 por\u0105 roku kojarz\u0105 si\u0119 r\u00f3wnie\u017c cytrusy, kt\u00f3re powinny sta\u0107 si\u0119 przewodni\u0105 nut\u0105 w Twoich perfumach. W po\u0142\u0105czeniu z wysokimi temperaturami cytrusy b\u0119d\u0105 w stanie pokaza\u0107 swoje najpi\u0119kniejsze oblicze. To tak\u017ce lilia wodna i orchidea.<\/p>\n<p><img decoding=\"async\" class=\"alignnone wp-image-23601 size-full\" src=\"https:\/\/www.hairstore.pl\/blog\/wp-content\/uploads\/2024\/04\/perfumy-marc-jacobs-decadence.jpg\" alt=\"perfumy marc jacobs decadence\" width=\"800\" height=\"450\" srcset=\"https:\/\/www.hairstore.pl\/blog\/wp-content\/uploads\/2024\/04\/perfumy-marc-jacobs-decadence.jpg 800w, https:\/\/www.hairstore.pl\/blog\/wp-content\/uploads\/2024\/04\/perfumy-marc-jacobs-decadence-300x169.jpg 300w, https:\/\/www.hairstore.pl\/blog\/wp-content\/uploads\/2024\/04\/perfumy-marc-jacobs-decadence-768x432.jpg 768w\" sizes=\"(max-width: 800px) 100vw, 800px\" \/><\/p>\n<p>Znasz kwiat neroli? Jest bardzo delikatny i mo\u017ce sta\u0107 si\u0119 \u015bwietnym towarzyszem w upalne dni. Z latem kojarzy si\u0119 r\u00f3wnie\u017c \u015bwie\u017co\u015b\u0107 i morskie fale, dlatego te\u017c mo\u017cesz postawi\u0107 w\u0142a\u015bnie na takie akordy zapachowe. Nie b\u00f3j si\u0119 u\u017cywa\u0107 takich nut.<\/p>\n<div id=\"hsbp-324242018637af31d1d38fd5a8577ff1\" class=\"hsbp\"><\/div>\n<h2><strong>Kolorowa jesie\u0144<\/strong><\/h2>\n<p>Jesie\u0144 to nie tylko deszcze, ale tak\u017ce kolorowe drzewa. Opadaj\u0105ce li\u015bcie mieni\u0105 si\u0119 br\u0105zami, czerwieni\u0105, \u017c\u00f3\u0142ci\u0105 oraz pomara\u0144czem. To tak\u017ce pora roku, kiedy ma si\u0119 do czynienia ze zbiorami jab\u0142ek i gruszek. W\u0142a\u015bnie na takie akordy zapachowe mo\u017cesz postawi\u0107. Jab\u0142ko dobrze czuje si\u0119 w towarzystwie cynamonu.<\/p>\n<p><img decoding=\"async\" class=\"alignnone wp-image-23599 size-full\" src=\"https:\/\/www.hairstore.pl\/blog\/wp-content\/uploads\/2024\/04\/perfumy-chanel-no-5.jpg\" alt=\"perfumy chanel no 5\" width=\"800\" height=\"450\" srcset=\"https:\/\/www.hairstore.pl\/blog\/wp-content\/uploads\/2024\/04\/perfumy-chanel-no-5.jpg 800w, https:\/\/www.hairstore.pl\/blog\/wp-content\/uploads\/2024\/04\/perfumy-chanel-no-5-300x169.jpg 300w, https:\/\/www.hairstore.pl\/blog\/wp-content\/uploads\/2024\/04\/perfumy-chanel-no-5-768x432.jpg 768w\" sizes=\"(max-width: 800px) 100vw, 800px\" \/><\/p>\n<p>Waniliowe nuty mo\u017cna skomponowa\u0107 z gruszk\u0105, dzi\u0119ki czemu perfum stanie si\u0119 jeszcze bardziej aromatyczny. Je\u017celi nie lubisz takich propozycji, postaw na kadzid\u0142o, mi\u00f3d lub te\u017c bergamotk\u0119 i kaw\u0119, kt\u00f3re zawsze kojarzone s\u0105 z jesieni\u0105.<\/p>\n<h2><strong>Mro\u017ana zima<\/strong><\/h2>\n<p><img decoding=\"async\" class=\"alignnone wp-image-23600 size-full\" src=\"https:\/\/www.hairstore.pl\/blog\/wp-content\/uploads\/2024\/04\/perfumy-giorgio-armani-si.jpg\" alt=\"perfumy giorgio armani si\" width=\"800\" height=\"450\" srcset=\"https:\/\/www.hairstore.pl\/blog\/wp-content\/uploads\/2024\/04\/perfumy-giorgio-armani-si.jpg 800w, https:\/\/www.hairstore.pl\/blog\/wp-content\/uploads\/2024\/04\/perfumy-giorgio-armani-si-300x169.jpg 300w, https:\/\/www.hairstore.pl\/blog\/wp-content\/uploads\/2024\/04\/perfumy-giorgio-armani-si-768x432.jpg 768w\" sizes=\"(max-width: 800px) 100vw, 800px\" \/><\/p>\n<p>Mo\u017ce nie ka\u017cdy lubi ujemne temperatury, ale zima to tak\u017ce przygotowania do radosnego Bo\u017cego Narodzenia. Poszukaj wi\u0119c zapach\u00f3w, kt\u00f3re b\u0119d\u0105 w stanie Ci\u0119 rozgrza\u0107. \u015awietnie sprawdza si\u0119 w tej kwestii drzewo sanda\u0142owca lub sosnowe ig\u0142y. Mo\u017ce przypadn\u0105 Ci do gustu jagody ja\u0142owca lub pikantny i rozgrzewaj\u0105cy imbir? Skoro mowa o \u015bwi\u0119tach, to doskona\u0142\u0105 propozycj\u0105 stan\u0105 si\u0119 r\u00f3wnie\u017c mandarynki, praliny lub te\u017c wiciokrzew.<\/p>\n<p>Kieruj\u0105c si\u0119 tymi wskaz\u00f3wkami, z pewno\u015bci\u0105 b\u0119dziesz m\u00f3g\u0142 wybra\u0107 dla siebie odpowiednie perfumy na ka\u017cd\u0105 por\u0119 roku.<\/p>\n","protected":false},"excerpt":{"rendered":"<p>Wraz ze zmian\u0105 poru roku czas na to, pomy\u015ble\u0107 o wyborze nowego zapachu. Tylko w ten spos\u00f3b perfumy b\u0119dziesz w stanie dopasowa\u0107 do panuj\u0105cych temperatur za oknem, jak r\u00f3wnie\u017c swojego nastroju.<\/p>\n","protected":false},"author":14,"featured_media":23596,"comment_status":"open","ping_status":"open","sticky":false,"template":"","format":"standard","meta":{"footnotes":""},"categories":[11],"tags":[11532,11746],"yst_prominent_words":[6854,4170,3449,8820,3088,3224,3200],"class_list":["post-23584","post","type-post","status-publish","format-standard","has-post-thumbnail","hentry","category-porady","tag-perfumy","tag-perfumy-damskie"],"_links":{"self":[{"href":"https:\/\/www.hairstore.pl\/blog\/wp-json\/wp\/v2\/posts\/23584","targetHints":{"allow":["GET"]}}],"collection":[{"href":"https:\/\/www.hairstore.pl\/blog\/wp-json\/wp\/v2\/posts"}],"about":[{"href":"https:\/\/www.hairstore.pl\/blog\/wp-json\/wp\/v2\/types\/post"}],"author":[{"embeddable":true,"href":"https:\/\/www.hairstore.pl\/blog\/wp-json\/wp\/v2\/users\/14"}],"replies":[{"embeddable":true,"href":"https:\/\/www.hairstore.pl\/blog\/wp-json\/wp\/v2\/comments?post=23584"}],"version-history":[{"count":4,"href":"https:\/\/www.hairstore.pl\/blog\/wp-json\/wp\/v2\/posts\/23584\/revisions"}],"predecessor-version":[{"id":23604,"href":"https:\/\/www.hairstore.pl\/blog\/wp-json\/wp\/v2\/posts\/23584\/revisions\/23604"}],"wp:featuredmedia":[{"embeddable":true,"href":"https:\/\/www.hairstore.pl\/blog\/wp-json\/wp\/v2\/media\/23596"}],"wp:attachment":[{"href":"https:\/\/www.hairstore.pl\/blog\/wp-json\/wp\/v2\/media?parent=23584"}],"wp:term":[{"taxonomy":"category","embeddable":true,"href":"https:\/\/www.hairstore.pl\/blog\/wp-json\/wp\/v2\/categories?post=23584"},{"taxonomy":"post_tag","embeddable":true,"href":"https:\/\/www.hairstore.pl\/blog\/wp-json\/wp\/v2\/tags?post=23584"},{"taxonomy":"yst_prominent_words","embeddable":true,"href":"https:\/\/www.hairstore.pl\/blog\/wp-json\/wp\/v2\/yst_prominent_words?post=23584"}],"curies":[{"name":"wp","href":"https:\/\/api.w.org\/{rel}","templated":true}]}}