{"id":23298,"date":"2024-01-18T14:40:19","date_gmt":"2024-01-18T13:40:19","guid":{"rendered":"https:\/\/www.hairstore.pl\/blog\/?p=23298"},"modified":"2024-01-18T14:43:35","modified_gmt":"2024-01-18T13:43:35","slug":"zimowa-odsiecz-dla-wlosow-z-matrix","status":"publish","type":"post","link":"https:\/\/www.hairstore.pl\/blog\/zimowa-odsiecz-dla-wlosow-z-matrix\/","title":{"rendered":"Zimowa odsiecz dla w\u0142os\u00f3w z Matrix"},"content":{"rendered":"<p>Zima to czas, kiedy nasze w\u0142osy potrzebuj\u0105 szczeg\u00f3lnej troski. Odpowiednia piel\u0119gnacja jest kluczowa, aby utrzyma\u0107 ich zdrowie i pi\u0119kno pomimo trudnych warunk\u00f3w atmosferycznych. Podobnie jak w przypadku upa\u0142u, ekstremalne zimno ma negatywny wp\u0142yw na w\u0142osy. Problemy z jakimi musimy si\u0119 boryka\u0107 to m.in. sucho\u015b\u0107, rozdwojone ko\u0144c\u00f3wki i elektryzowanie.<\/p>\n<p><!--more--><\/p>\n<p><a href=\"https:\/\/www.hairstore.pl\/matrix-m57.html\"> Marka Matrix<\/a> przychodzi jednak z zimow\u0105 odsiecz\u0105! Specjalnie dla Ciebie przygotowali\u015bmy kilka wskaz\u00f3wek, kt\u00f3re pomog\u0105 Ci zadba\u0107 o swoje w\u0142osy w tym trudnym okresie.<\/p>\n<div class=\"article-menu-box\"><div class=\"article-menu-header\">W tym artykule:<\/div>\n        <ul class=\"article-menu\"><li>jak zima wp\u0142ywa na w\u0142osy<\/li><li>jakich kosmetyk\u00f3w do w\u0142os\u00f3w u\u017cywa\u0107 zim\u0105<\/li><li>czy w zim\u0119 warto podci\u0105\u0107 w\u0142osy<\/li><li>czy prostownica do w\u0142os\u00f3w do dobry pomys\u0142 w zim\u0119<\/li><li>jak nawil\u017cy\u0107 i wyg\u0142adzi\u0107 w\u0142osy<\/li><\/ul><\/div>\n<h2>Dbaj o odpowiednie nawil\u017cenie stosuj\u0105c maski i od\u017cywki<\/h2>\n<p>Zimowe warunki atmosferyczne mog\u0105 sprawi\u0107, \u017ce nasze <strong>w\u0142osy staj\u0105 si\u0119 suche i pozbawione wilgoci<\/strong>. Aby temu zapobiec, warto regularnie nawil\u017ca\u0107 w\u0142osy i sk\u00f3r\u0119 g\u0142owy stosuj\u0105c od\u017cywki oraz maski, kt\u00f3re pomog\u0105 nam utrzyma\u0107 odpowiedni poziom nawil\u017cenia w\u0142os\u00f3w. Produkty z gamy <a href=\"https:\/\/www.hairstore.pl\/matrix-food-for-soft-zestaw-intensywnie-nawilzajacy-szampon-odzywka-olejek-p39921.html\">Food For Soft<\/a> zawieraj\u0105 kwas hialuronowy, kt\u00f3ry zapewnia optymalne nawil\u017cenie w\u0142os\u00f3w, jednocze\u015bnie dzia\u0142aj\u0105c regeneruj\u0105co. Zawarty w nich <strong>olejek z awokado<\/strong> uszczelnia pasma, zatrzymuj\u0105c w nich wilgo\u0107 i wyg\u0142adzaj\u0105c je. Zapewnia ochron\u0119 przed niekorzystnym dzia\u0142aniem czynnik\u00f3w zewn\u0119trznych, nie tylko takich jak zanieczyszczenia b\u0119d\u0105ce w powietrzu, ale r\u00f3wnie\u017c przed negatywnym wp\u0142ywem chloru i soli morskiej. B\u0119dzie r\u00f3wnie\u017c pomocny, je\u015bli cz\u0119sto suszysz w\u0142osy lub u\u017cywasz prostownicy czy lok\u00f3wki, poddaj\u0105c je dzia\u0142aniu wysokiej temperatury. <a href=\"https:\/\/www.hairstore.pl\/matrix-food-for-soft-intensywnie-nawilzajacy-olejek-do-wszystkich-rodzajow-suchych-wlosow-50ml-p38471.html\">Olejek z gamy Food For Soft<\/a> mo\u017cna stosowa\u0107 bezpo\u015brednio na w\u0142osy przed suszeniem. Mo\u017cna go r\u00f3wnie\u017c doda\u0107 do od\u017cywki lub maski z serii Food For Soft.<\/p>\n<p>Kolejna gama, kt\u00f3ra b\u0119dzie pomocna w piel\u0119gnacji zim\u0105 jest <a href=\"https:\/\/www.hairstore.pl\/matrix-mega-sleek-zestaw-wygladzajacy-wlosy-szampon-odzywka-p24045.html\">Mega Sleek<\/a>. B\u0119dzie ona idealna <strong>dla w\u0142os\u00f3w z tendencj\u0105 do puszenia si\u0119<\/strong>. Zawarte w niej mas\u0142o shea pomaga w odzyskaniu kontroli nad zbuntowanymi i niesfornymi kosmykami. Pomaga wyg\u0142adzi\u0107 pasma i zapanowa\u0107 nad ich elektryzowaniem si\u0119.<\/p>\n<div id=\"hsbp-5eef8d8a0580f72a52070b787cdefe36\" class=\"hsbp\"><\/div>\n<h2>Zabezpiecz w\u0142osy przed zimnem<\/h2>\n<p>Poza zabiegami piel\u0119gnacyjnymi i doborem odpowiednich kosmetyk\u00f3w do w\u0142os\u00f3w, \u017ceby powstrzyma\u0107 utrat\u0119 wilgoci, warto stosowa\u0107 dodatkow\u0105 <strong>ochron\u0119 w postaci czapek, szali lub innych akcesori\u00f3w<\/strong>, kt\u00f3re b\u0119d\u0105 chroni\u0107 w\u0142osy przed bezpo\u015brednim kontaktem z niekorzystnymi warunkami atmosferycznymi. Niestety mo\u017ce si\u0119 to wi\u0105za\u0107 z efektem przyklepanych w\u0142os\u00f3w. Z pomoc\u0105 przychodzi tutaj <a href=\"https:\/\/www.hairstore.pl\/matrix-high-amplify-zestaw-kosmetykow-na-objetosc-szampon-odzywka-spray-p22461.html\">gama High Amplify<\/a>, w kt\u00f3rej sk\u0142ad wchodz\u0105 szampon, od\u017cywka oraz spray. Formu\u0142a wzbogacona o proteiny nadaje efekt zjawiskowej obj\u0119to\u015bci ju\u017c od nasady pasm i utrwala fryzur\u0119.<\/p>\n<div id=\"hsbp-6d96f04e4d6504c6355fffb91cfe884c\" class=\"hsbp\"><\/div>\n<h2>Unikaj gor\u0105cej wody podczas mycia<\/h2>\n<p>Gor\u0105ca woda mo\u017ce przyczyni\u0107 si\u0119 do os\u0142abienia struktury w\u0142osa i przesuszenia sk\u00f3ry g\u0142owy. Kiedy myjemy w\u0142osy gor\u0105c\u0105 wod\u0105, wysoka temperatura mo\u017ce prowadzi\u0107 do otwarcia \u0142usek w\u0142os\u00f3w, co sprawia, \u017ce s\u0105 bardziej podatne na uszkodzenia i \u0142amliwo\u015b\u0107. Ponadto, gor\u0105ca woda mo\u017ce r\u00f3wnie\u017c przyczyni\u0107 si\u0119 do nadmiernego odparowywania naturalnych olej\u00f3w z w\u0142os\u00f3w i sk\u00f3ry g\u0142owy, co prowadzi do ich przesuszenia. Dlatego zaleca si\u0119 stosowanie ciep\u0142ej wody podczas mycia w\u0142os\u00f3w, aby unikn\u0105\u0107 tych negatywnych skutk\u00f3w. Ciep\u0142a woda jest wystarczaj\u0105ca do skutecznego oczyszczenia w\u0142os\u00f3w, jednocze\u015bnie minimalizuj\u0105c ryzyko uszkodze\u0144 i przesuszenia.<\/p>\n<p><img decoding=\"async\" class=\"alignnone wp-image-23300 size-full\" src=\"https:\/\/www.hairstore.pl\/blog\/wp-content\/uploads\/2024\/01\/zimowa-pielegnacja-wlosow.jpg\" alt=\"kosmetyki do wlos\u00f3w na zim\u0119\" width=\"800\" height=\"450\" srcset=\"https:\/\/www.hairstore.pl\/blog\/wp-content\/uploads\/2024\/01\/zimowa-pielegnacja-wlosow.jpg 800w, https:\/\/www.hairstore.pl\/blog\/wp-content\/uploads\/2024\/01\/zimowa-pielegnacja-wlosow-300x169.jpg 300w, https:\/\/www.hairstore.pl\/blog\/wp-content\/uploads\/2024\/01\/zimowa-pielegnacja-wlosow-768x432.jpg 768w\" sizes=\"(max-width: 800px) 100vw, 800px\" \/><\/p>\n<h2>Regularne przycinanie ko\u0144c\u00f3wek<\/h2>\n<p>Niskie temperatury, suche powietrze i cz\u0119ste noszenie nakry\u0107 g\u0142owy mog\u0105 przyczyni\u0107 si\u0119 do os\u0142abienia struktury w\u0142os\u00f3w i powstawania rozdwajaj\u0105cych si\u0119 ko\u0144c\u00f3wek. Dlatego wa\u017cne jest regularne przycinanie ko\u0144c\u00f3wek w\u0142os\u00f3w, aby utrzyma\u0107 ich zdrowy wygl\u0105d. Usuni\u0119cie rozdwajaj\u0105cych si\u0119 ko\u0144c\u00f3wek nie tylko poprawia estetyk\u0119 w\u0142os\u00f3w, ale r\u00f3wnie\u017c zapobiega dalszym uszkodzeniom, kt\u00f3re mog\u0105 si\u0119 rozprzestrzenia\u0107 po ca\u0142ej d\u0142ugo\u015bci w\u0142os\u00f3w. Regularne <strong>przycinanie ko\u0144c\u00f3wek<\/strong> pozwala zachowa\u0107 w\u0142osy w dobrej kondycji i zapewnia im zdrowy wygl\u0105d.<\/p>\n<div class=\"post-box\"><div class=\"row\"><div class=\"col-md-3 post-box-image\"><a href=\"https:\/\/www.hairstore.pl\/blog\/5-trikow-na-objetosc-wlosow-podczas-suszenia\/\"><img decoding=\"async\" width=\"300\" height=\"169\" src=\"https:\/\/www.hairstore.pl\/blog\/wp-content\/uploads\/2021\/03\/jak-dodac-wlosow-objetosci-podczas-suszenia-300x169.jpg\" class=\"attachment-medium size-medium wp-post-image\" alt=\"jak doda\u0107 w\u0142osom obj\u0119to\u015bci, jak poprawnie suszy\u0107 w\u0142osy, triki na obj\u0119to\u015b\u0107 w\u0142os\u00f3w,\" srcset=\"https:\/\/www.hairstore.pl\/blog\/wp-content\/uploads\/2021\/03\/jak-dodac-wlosow-objetosci-podczas-suszenia-300x169.jpg 300w, https:\/\/www.hairstore.pl\/blog\/wp-content\/uploads\/2021\/03\/jak-dodac-wlosow-objetosci-podczas-suszenia-1024x576.jpg 1024w, https:\/\/www.hairstore.pl\/blog\/wp-content\/uploads\/2021\/03\/jak-dodac-wlosow-objetosci-podczas-suszenia-768x432.jpg 768w, https:\/\/www.hairstore.pl\/blog\/wp-content\/uploads\/2021\/03\/jak-dodac-wlosow-objetosci-podczas-suszenia.jpg 800w\" sizes=\"(max-width: 300px) 100vw, 300px\" \/><\/a><\/div><div class=\"col-md-9 post-box-title\"><div class=\"post-box-title-content\"><h4><a href=\"https:\/\/www.hairstore.pl\/blog\/5-trikow-na-objetosc-wlosow-podczas-suszenia\/\">Jak doda\u0107 w\u0142osom obj\u0119to\u015bci? Pomo\u017ce Ci suszarka<\/a><\/h4><a href=\"https:\/\/www.hairstore.pl\/blog\/5-trikow-na-objetosc-wlosow-podczas-suszenia\/\" class=\"button\">Czytaj dalej<\/a><\/div><\/div><\/div><\/div>\n<h2>Ochrona przed szkodliwym dzia\u0142aniem urz\u0105dze\u0144 termicznych<\/h2>\n<p>Zimowe warunki mog\u0105 powodowa\u0107 dodatkowy stres dla w\u0142os\u00f3w, dlatego wa\u017cne jest <strong>ograniczenie u\u017cywania suszarek, prostownic i lok\u00f3wek.<\/strong> Te narz\u0119dzia do stylizacji ciep\u0142em mog\u0105 przyczyni\u0107 si\u0119 do przesuszenia i uszkodzenia w\u0142os\u00f3w. Je\u015bli jednak konieczne jest ich u\u017cycie, zaleca si\u0119 korzystanie z nich na niskich temperaturach i zabezpieczanie w\u0142os\u00f3w termoochronnymi produktami. Idealnie sprawdzi si\u0119 tutaj <a href=\"https:\/\/www.hairstore.pl\/matrix-total-results-miracle-creator-maska-w-sprayu-20w1-190ml-p18596.html\">wielozadaniowy spray do w\u0142os\u00f3w Total Results Miracle Creator<\/a> zawieraj\u0105cy olej ze s\u0142odkich migda\u0142\u00f3w. Nie tylko piel\u0119gnuje on w\u0142osy, sprawiaj\u0105c, \u017ce <strong>staj\u0105 si\u0119 one mi\u0119kkie, spr\u0119\u017cyste i b\u0142yszcz\u0105ce<\/strong>, ale tak\u017ce chroni je przed wysok\u0105 temperatur\u0105. Dodatkowo, olej kokosowy w tym produkcie pomaga chroni\u0107 w\u0142osy przed uszkodzeniami mechanicznymi i zmniejsza tendencj\u0119 do puszenia si\u0119 w\u0142os\u00f3w. Aby go u\u017cy\u0107, wystarczy spryska\u0107 w\u0142osy po umyciu i przyst\u0105pi\u0107 do suszenia.<\/p>\n<div class=\"post-box\"><div class=\"row\"><div class=\"col-md-3 post-box-image\"><a href=\"https:\/\/www.hairstore.pl\/blog\/bad-hair-days-triki-i-porady\/\"><img decoding=\"async\" width=\"300\" height=\"169\" src=\"https:\/\/www.hairstore.pl\/blog\/wp-content\/uploads\/2023\/03\/rozczochrany-pies-300x169.jpg\" class=\"attachment-medium size-medium wp-post-image\" alt=\"bad hair day, z\u0142y dzie\u0144 w\u0142os\u00f3w\" srcset=\"https:\/\/www.hairstore.pl\/blog\/wp-content\/uploads\/2023\/03\/rozczochrany-pies-300x169.jpg 300w, https:\/\/www.hairstore.pl\/blog\/wp-content\/uploads\/2023\/03\/rozczochrany-pies-768x432.jpg 768w, https:\/\/www.hairstore.pl\/blog\/wp-content\/uploads\/2023\/03\/rozczochrany-pies.jpg 800w\" sizes=\"(max-width: 300px) 100vw, 300px\" \/><\/a><\/div><div class=\"col-md-9 post-box-title\"><div class=\"post-box-title-content\"><h4><a href=\"https:\/\/www.hairstore.pl\/blog\/bad-hair-days-triki-i-porady\/\">Bad hair days \u2013 jak przekona\u0107 niesforne w\u0142osy do wsp\u00f3\u0142pracy?<\/a><\/h4><a href=\"https:\/\/www.hairstore.pl\/blog\/bad-hair-days-triki-i-porady\/\" class=\"button\">Czytaj dalej<\/a><\/div><\/div><\/div><\/div>\n<p>Dla pa\u0144 z kr\u0119conymi w\u0142osami idealnym rozwi\u0105zaniem mo\u017ce by\u0107<a href=\"https:\/\/www.hairstore.pl\/matrix-a-curl-can-dream-nawilzajacy-krem-do-lokow-bez-splukiwania-500ml-p37288.html\"> intensywnie nawil\u017caj\u0105cy krem do w\u0142os\u00f3w falowanych i kr\u0119conych z serii A Curl Can Dream<\/a>. Ten produkt zapewnia optymalne nawil\u017cenie i piel\u0119gnacj\u0119 w\u0142os\u00f3w. Po u\u017cyciu szamponu i maski, nale\u017cy na\u0142o\u017cy\u0107 ten krem na d\u0142ugo\u015bci i ko\u0144ce w\u0142os\u00f3w, nie sp\u0142ukuj\u0105c go. Mo\u017cna go stosowa\u0107 codziennie lub tak cz\u0119sto, jak myte s\u0105 w\u0142osy. Krem ten posiada r\u00f3wnie\u017c w\u0142a\u015bciwo\u015bci termoochronne do temperatury 230\u00b0C, co oznacza, \u017ce chroni w\u0142osy podczas stylizacji ciep\u0142em. Po na\u0142o\u017ceniu kremu, mo\u017cna pozostawi\u0107 w\u0142osy do wysuszenia lub u\u017cy\u0107 dyfuzora.<\/p>\n<h2>Utrzymuj nawil\u017cone otoczenie<\/h2>\n<p>Warto r\u00f3wnie\u017c rozwa\u017cy\u0107 <strong>w\u0142\u0105czenie nawil\u017cacza powietrza w pomieszczeniach<\/strong>, zw\u0142aszcza w ogrzewanych. W zimie, gdy korzystamy z ogrzewania, powietrze w pomieszczeniach mo\u017ce sta\u0107 si\u0119 suche, co mo\u017ce prowadzi\u0107 do przesuszenia zar\u00f3wno sk\u00f3ry, jak i w\u0142os\u00f3w. Nawil\u017cacz powietrza pomo\u017ce utrzyma\u0107 odpowiedni\u0105 wilgotno\u015b\u0107, co przyniesie korzy\u015bci dla kondycji w\u0142os\u00f3w.<\/p>\n<p><img decoding=\"async\" class=\"alignnone wp-image-23301 size-full\" src=\"https:\/\/www.hairstore.pl\/blog\/wp-content\/uploads\/2024\/01\/wygladzanie-wlosow.jpg\" alt=\"piel\u0119gnacja w\u0142os\u00f3w zim\u0105, jak dba\u0107 o w\u0142osy w zim\u0119\" width=\"800\" height=\"450\" srcset=\"https:\/\/www.hairstore.pl\/blog\/wp-content\/uploads\/2024\/01\/wygladzanie-wlosow.jpg 800w, https:\/\/www.hairstore.pl\/blog\/wp-content\/uploads\/2024\/01\/wygladzanie-wlosow-300x169.jpg 300w, https:\/\/www.hairstore.pl\/blog\/wp-content\/uploads\/2024\/01\/wygladzanie-wlosow-768x432.jpg 768w\" sizes=\"(max-width: 800px) 100vw, 800px\" \/><\/p>\n<p>Pami\u0119taj, \u017ce ka\u017cdy rodzaj w\u0142osa mo\u017ce wymaga\u0107 nieco innej piel\u0119gnacji, wi\u0119c dostosuj te porady do swojego typu w\u0142os\u00f3w. <strong>Je\u015bli masz w\u0142osy suche i zniszczone, mo\u017cesz skorzysta\u0107 z dodatkowych nawil\u017caj\u0105cych produkt\u00f3w, takich jak <a href=\"https:\/\/www.hairstore.pl\/maski-matrix\">maski<\/a> lub olejki do w\u0142os\u00f3w.<\/strong> W przypadku w\u0142os\u00f3w t\u0142ustych, zwr\u00f3\u0107 uwag\u0119 na lekkie produkty, kt\u00f3re nie obci\u0105\u017c\u0105 w\u0142os\u00f3w. Osoby o kr\u0119conych w\u0142osach mog\u0105 potrzebowa\u0107 dodatkowej piel\u0119gnacji, takiej jak stosowanie specjalnych produkt\u00f3w do definicji i nawil\u017cania lok\u00f3w.<\/p>\n<p>\u015awiadoma troska o w\u0142osy zim\u0105 pozwoli cieszy\u0107 si\u0119 zdrowymi, l\u015bni\u0105cymi kosmykami przez ca\u0142y sezon zimowy. Pami\u0119taj, \u017ce regularne nawil\u017canie, ochrona przed ekstremalnymi temperaturami i odpowiednie produkty do piel\u0119gnacji mog\u0105 znacz\u0105co poprawi\u0107 kondycj\u0119 Twoich w\u0142os\u00f3w. Nie zapomnij r\u00f3wnie\u017c o zdrowej diecie, bogatej w sk\u0142adniki od\u017cywcze, kt\u00f3re wspieraj\u0105 zdrowie w\u0142os\u00f3w od wewn\u0105trz.<\/p>\n<p>AUTOR WPISU: Dagmara Wasilewska, Edukatorka marki Matrix<\/p>\n","protected":false},"excerpt":{"rendered":"<p>Zima to czas, kiedy nasze w\u0142osy potrzebuj\u0105 szczeg\u00f3lnej troski. Odpowiednia piel\u0119gnacja jest kluczowa, aby utrzyma\u0107 ich zdrowie i pi\u0119kno pomimo trudnych warunk\u00f3w atmosferycznych. Podobnie jak w przypadku upa\u0142u, ekstremalne zimno ma negatywny wp\u0142yw na w\u0142osy. Problemy z jakimi musimy si\u0119 boryka\u0107 to m.in. sucho\u015b\u0107, rozdwojone ko\u0144c\u00f3wki i elektryzowanie.<\/p>\n","protected":false},"author":2,"featured_media":23299,"comment_status":"open","ping_status":"open","sticky":false,"template":"","format":"standard","meta":{"footnotes":""},"categories":[11],"tags":[11363],"yst_prominent_words":[6868,717],"class_list":["post-23298","post","type-post","status-publish","format-standard","has-post-thumbnail","hentry","category-porady","tag-pielegnacja-wlosow"],"_links":{"self":[{"href":"https:\/\/www.hairstore.pl\/blog\/wp-json\/wp\/v2\/posts\/23298","targetHints":{"allow":["GET"]}}],"collection":[{"href":"https:\/\/www.hairstore.pl\/blog\/wp-json\/wp\/v2\/posts"}],"about":[{"href":"https:\/\/www.hairstore.pl\/blog\/wp-json\/wp\/v2\/types\/post"}],"author":[{"embeddable":true,"href":"https:\/\/www.hairstore.pl\/blog\/wp-json\/wp\/v2\/users\/2"}],"replies":[{"embeddable":true,"href":"https:\/\/www.hairstore.pl\/blog\/wp-json\/wp\/v2\/comments?post=23298"}],"version-history":[{"count":4,"href":"https:\/\/www.hairstore.pl\/blog\/wp-json\/wp\/v2\/posts\/23298\/revisions"}],"predecessor-version":[{"id":23305,"href":"https:\/\/www.hairstore.pl\/blog\/wp-json\/wp\/v2\/posts\/23298\/revisions\/23305"}],"wp:featuredmedia":[{"embeddable":true,"href":"https:\/\/www.hairstore.pl\/blog\/wp-json\/wp\/v2\/media\/23299"}],"wp:attachment":[{"href":"https:\/\/www.hairstore.pl\/blog\/wp-json\/wp\/v2\/media?parent=23298"}],"wp:term":[{"taxonomy":"category","embeddable":true,"href":"https:\/\/www.hairstore.pl\/blog\/wp-json\/wp\/v2\/categories?post=23298"},{"taxonomy":"post_tag","embeddable":true,"href":"https:\/\/www.hairstore.pl\/blog\/wp-json\/wp\/v2\/tags?post=23298"},{"taxonomy":"yst_prominent_words","embeddable":true,"href":"https:\/\/www.hairstore.pl\/blog\/wp-json\/wp\/v2\/yst_prominent_words?post=23298"}],"curies":[{"name":"wp","href":"https:\/\/api.w.org\/{rel}","templated":true}]}}