{"id":22910,"date":"2023-09-18T14:46:27","date_gmt":"2023-09-18T12:46:27","guid":{"rendered":"https:\/\/www.hairstore.pl\/blog\/?p=22910"},"modified":"2023-09-18T14:46:27","modified_gmt":"2023-09-18T12:46:27","slug":"kolory-wlosow-na-jesien-2023-sprawdz-aktualne-trendy","status":"publish","type":"post","link":"https:\/\/www.hairstore.pl\/blog\/kolory-wlosow-na-jesien-2023-sprawdz-aktualne-trendy\/","title":{"rendered":"Kolory w\u0142os\u00f3w na jesie\u0144 2023 \u2013 sprawd\u017a aktualne trendy!"},"content":{"rendered":"<p>Farbujesz w\u0142osy i potrzebujesz zmiany? Sprawd\u017a modne kolory w\u0142os\u00f3w! Jesie\u0144 2023 przynosi trendy podobne jak w kuchni \u2013 znajdziesz w\u015br\u00f3d nich czekoladowe odcienie (spoiler alert: kto powiedzia\u0142, \u017ce chodzi o ciemn\u0105 czy mleczn\u0105 czekolad\u0119?), ale tak\u017ce i powiew aromatycznej pumpkin latte.<!--more--><\/p>\n<p>Niezale\u017cnie od panuj\u0105cych trend\u00f3w, pami\u0119taj \u017ce zawsze warto dobiera\u0107 odcienie do swojego typu urody. Sprawd\u017a, jakie s\u0105 modne kolory w\u0142os\u00f3w nadchodz\u0105cej jesieni!<\/p>\n<h2>Jasne pasemka okalaj\u0105ce twarz: face framing<\/h2>\n<p>O trendzie na jasne pasemka wok\u00f3\u0142 twarzy pisali\u015bmy ju\u017c w poprzednich sezonach. Ta moda utrzymuje si\u0119 tak\u017ce jesieni\u0105 \u2013 modne kolory na ch\u0142odniejsze pory roku to niekiedy nawi\u0105zanie do cieplejszych dni, gdy pasma ja\u015bnia\u0142y pod wp\u0142ywem s\u0142o\u0144ca tworz\u0105c naturalne refleksy. Otoczenie twarzy ram\u0105 z ja\u015bniejszych pasm dodaje cerze blasku i zdrowego wygl\u0105du.<\/p>\n<figure id=\"attachment_22346\" aria-describedby=\"caption-attachment-22346\" style=\"width: 800px\" class=\"wp-caption alignnone\"><img decoding=\"async\" class=\"wp-image-22346 size-full\" src=\"https:\/\/www.hairstore.pl\/blog\/wp-content\/uploads\/2023\/03\/face-framing-blond-1.jpg\" alt=\"face framing,\" width=\"800\" height=\"450\" srcset=\"https:\/\/www.hairstore.pl\/blog\/wp-content\/uploads\/2023\/03\/face-framing-blond-1.jpg 800w, https:\/\/www.hairstore.pl\/blog\/wp-content\/uploads\/2023\/03\/face-framing-blond-1-300x169.jpg 300w, https:\/\/www.hairstore.pl\/blog\/wp-content\/uploads\/2023\/03\/face-framing-blond-1-768x432.jpg 768w\" sizes=\"(max-width: 800px) 100vw, 800px\" \/><figcaption id=\"caption-attachment-22346\" class=\"wp-caption-text\">\u0179r\u00f3d\u0142o: southernliving.com, therighthairstyles.com, hadviser.com<\/figcaption><\/figure>\n<h2>Blond w kolorze bia\u0142ej czekolady lub czekoladowy br\u0105z<\/h2>\n<p>W\u0142osy w kolorze ciemnej czekolady to ponadczasowy look, kt\u00f3ry opiera si\u0119 trendom i zawsze b\u0119dzie wygl\u0105da\u0107 \u015bwietnie. Czekolada wcale nie musi by\u0107 jednak br\u0105zowa! <strong>Jesie\u0144 2023 to czas blondu w odcieniu bia\u0142ej czekolady znane r\u00f3wnie\u017c jako Milky Bar Locks.<\/strong> To bardzo jasny odcie\u0144 blondu z lekkim mu\u015bni\u0119ciem z\u0142ota.<\/p>\n<figure id=\"attachment_22953\" aria-describedby=\"caption-attachment-22953\" style=\"width: 800px\" class=\"wp-caption alignnone\"><img decoding=\"async\" class=\"wp-image-22953 size-full\" src=\"https:\/\/www.hairstore.pl\/blog\/wp-content\/uploads\/2023\/09\/milky-bar-hair.jpg\" alt=\"milky bar hair, czekoladowy blond, w\u0142osy jesie\u0144 2023\" width=\"800\" height=\"450\" srcset=\"https:\/\/www.hairstore.pl\/blog\/wp-content\/uploads\/2023\/09\/milky-bar-hair.jpg 800w, https:\/\/www.hairstore.pl\/blog\/wp-content\/uploads\/2023\/09\/milky-bar-hair-300x169.jpg 300w, https:\/\/www.hairstore.pl\/blog\/wp-content\/uploads\/2023\/09\/milky-bar-hair-768x432.jpg 768w\" sizes=\"(max-width: 800px) 100vw, 800px\" \/><figcaption id=\"caption-attachment-22953\" class=\"wp-caption-text\">\u0179r\u00f3d\u0142o: hadviser.com, tumblr.com, momooze.com<\/figcaption><\/figure>\n<h2>Pumpkin Spice \u2013 w\u0142osy o ciep\u0142ej barwie dyniowej latte<\/h2>\n<p>Modne kolory na jesie\u0144 2023 nawi\u0105zuj\u0105 tak\u017ce do napoju, kt\u00f3ry wielu kojarzy si\u0119 z przytulnym nastrojem jesiennego popo\u0142udnia \u2013 chodzi oczywi\u015bcie o <strong>Pumpkin Spice Latte<\/strong>! O powrocie tego trendu pisze Wella jako o po\u0142\u0105czeniu czerwieni i br\u0105zu, daj\u0105cym wielotonow\u0105 odmian\u0119 miedzianego koloru w\u0142os\u00f3w.<\/p>\n<div id=\"hsbp-c39fbfd37ab681d2aa4d28ee6427e284\" class=\"hsbp\"><\/div>\n<p>Wed\u0142ug Loreal z kolei kolor mo\u017ce waha\u0107 si\u0119 od jasnego kasztanowego do g\u0142\u0119bokiej br\u0105zowej kowbojskiej miedzi. My sugerujemy, aby przy wyborze odcienia kierowa\u0107 si\u0119 swoim typem kolorystycznym. Dodatkowo mo\u017cesz po\u0142\u0105czy\u0107 dwa trendy, i miedziane rudo\u015bci prze\u0142ama\u0107 jasnymi pasemkami okalaj\u0105cymi twarz, \u0142\u0105cz\u0105c face framing i koloryzacj\u0119 spice latte!<\/p>\n<figure id=\"attachment_22954\" aria-describedby=\"caption-attachment-22954\" style=\"width: 800px\" class=\"wp-caption alignnone\"><img decoding=\"async\" class=\"wp-image-22954 size-full\" src=\"https:\/\/www.hairstore.pl\/blog\/wp-content\/uploads\/2023\/09\/pumpkin-spice-latte-hair.jpg\" alt=\"pumpkin spice latte hair, rude w\u0142osy\" width=\"800\" height=\"450\" srcset=\"https:\/\/www.hairstore.pl\/blog\/wp-content\/uploads\/2023\/09\/pumpkin-spice-latte-hair.jpg 800w, https:\/\/www.hairstore.pl\/blog\/wp-content\/uploads\/2023\/09\/pumpkin-spice-latte-hair-300x169.jpg 300w, https:\/\/www.hairstore.pl\/blog\/wp-content\/uploads\/2023\/09\/pumpkin-spice-latte-hair-768x432.jpg 768w\" sizes=\"(max-width: 800px) 100vw, 800px\" \/><figcaption id=\"caption-attachment-22954\" class=\"wp-caption-text\">\u0179r\u00f3d\u0142o: bangstyle.com, tumblr.com, tattooedmartha.com<\/figcaption><\/figure>\n<h2>Gemini Hair \u2013 odwa\u017cna koloryzacja w\u0142os\u00f3w<\/h2>\n<p>Gemini Hair to koloryzacja polegaj\u0105ca na wykorzystaniu dw\u00f3ch kontrastuj\u0105cych barw. To mo\u017ce by\u0107 bardzo subtelny efekt i zabawa \u015bwiat\u0142em \u2013 na przyk\u0142ad odcienie pomara\u0144czy i \u017c\u00f3\u0142tego blondu, ale tak\u017ce i szalone r\u00f3\u017cowo-fioletowe pasma czy te\u017c po\u0142\u0105czenie czerni czy zieleni. Jesie\u0144 2023 to dobry czas na eksperymenty!<\/p>\n<div id=\"hsbp-5add7a6c23048a8dc468c076de52f20b\" class=\"hsbp\"><\/div>\n<figure id=\"attachment_22955\" aria-describedby=\"caption-attachment-22955\" style=\"width: 800px\" class=\"wp-caption alignnone\"><img decoding=\"async\" class=\"wp-image-22955 size-full\" src=\"https:\/\/www.hairstore.pl\/blog\/wp-content\/uploads\/2023\/09\/gemini-hair.jpg\" alt=\"gemini hair, modne kolory w\u0142os\u00f3w jesie\u0144 2023\" width=\"800\" height=\"450\" srcset=\"https:\/\/www.hairstore.pl\/blog\/wp-content\/uploads\/2023\/09\/gemini-hair.jpg 800w, https:\/\/www.hairstore.pl\/blog\/wp-content\/uploads\/2023\/09\/gemini-hair-300x169.jpg 300w, https:\/\/www.hairstore.pl\/blog\/wp-content\/uploads\/2023\/09\/gemini-hair-768x432.jpg 768w\" sizes=\"(max-width: 800px) 100vw, 800px\" \/><figcaption id=\"caption-attachment-22955\" class=\"wp-caption-text\">\u0179r\u00f3d\u0142o: fabmood.com, fashionisers.com, glamour.com<\/figcaption><\/figure>\n<h2>Pastelowy r\u00f3\u017c i lodowy b\u0142\u0119kit<\/h2>\n<p>Moda na koloryzacj\u0119 Gemini Hair to nie jedyny szalony trend na jesie\u0144 2023. Styli\u015bci wskazuj\u0105 tak\u017ce na powr\u00f3t b\u0142\u0119kitnych w\u0142os\u00f3w, a tak\u017ce radz\u0105, aby nie unika\u0107 pasteli mimo nadej\u015bcia ch\u0142odniejszych dni.<\/p>\n<figure id=\"attachment_22956\" aria-describedby=\"caption-attachment-22956\" style=\"width: 800px\" class=\"wp-caption alignnone\"><img decoding=\"async\" class=\"wp-image-22956 size-full\" src=\"https:\/\/www.hairstore.pl\/blog\/wp-content\/uploads\/2023\/09\/pastelowe-wlosy.jpg\" alt=\"w\u0142osy lodowy b\u0142\u0119kit, niebieskie wlosy, b\u0142ekitne w\u0142osy, pastelowy r\u00f3\u017c, r\u00f3\u017cowe w\u0142osy, pastelowe w\u0142osy\" width=\"800\" height=\"450\" srcset=\"https:\/\/www.hairstore.pl\/blog\/wp-content\/uploads\/2023\/09\/pastelowe-wlosy.jpg 800w, https:\/\/www.hairstore.pl\/blog\/wp-content\/uploads\/2023\/09\/pastelowe-wlosy-300x169.jpg 300w, https:\/\/www.hairstore.pl\/blog\/wp-content\/uploads\/2023\/09\/pastelowe-wlosy-768x432.jpg 768w\" sizes=\"(max-width: 800px) 100vw, 800px\" \/><figcaption id=\"caption-attachment-22956\" class=\"wp-caption-text\">\u0179r\u00f3d\u0142o: youtube.com, wehearit.com, hadviser.com<\/figcaption><\/figure>\n<h2>Ekskluzywny odcie\u0144 bronde, czyli romans blondu z br\u0105zem<\/h2>\n<p>Chcesz pozby\u0107 si\u0119 odcienia <a href=\"https:\/\/www.hairstore.pl\/blog\/barbie-blond-dla-kogo-galeria\/\">Barbie blonde<\/a>, kt\u00f3ry zosta\u0142 po lecie? Mo\u017ce Twoje naturalnie br\u0105zowe w\u0142osy s\u0105 rozja\u015bnione s\u0142o\u0144cem po urlopie? Je\u015bli tak, odcie\u0144 bronde to \u015bwietna i modna koloryzacja w\u0142os\u00f3w! Jesie\u0144 2023 to jeszcze jeden trend, kt\u00f3ry pokocha\u0142y gwiazdy jak Emily Ratajkowski czy Shakira \u2013 ekskluzywny bronde (Expensive bronde) \u0142\u0105czy w sobie g\u0142\u0119bi\u0119 i wielowymiarowo\u015b\u0107 blondu i ciemniejszy odcie\u0144 w\u0142os\u00f3w. W trendzie mieszcz\u0105 si\u0119 odcienie ciep\u0142ego blondu, br\u0105zu i karmelu.<\/p>\n<figure id=\"attachment_22957\" aria-describedby=\"caption-attachment-22957\" style=\"width: 800px\" class=\"wp-caption alignnone\"><img decoding=\"async\" class=\"wp-image-22957 size-full\" src=\"https:\/\/www.hairstore.pl\/blog\/wp-content\/uploads\/2023\/09\/bronde.jpg\" alt=\"bronde, kolory w\u0142os\u00f3w jesie\u0144 2023\" width=\"800\" height=\"450\" srcset=\"https:\/\/www.hairstore.pl\/blog\/wp-content\/uploads\/2023\/09\/bronde.jpg 800w, https:\/\/www.hairstore.pl\/blog\/wp-content\/uploads\/2023\/09\/bronde-300x169.jpg 300w, https:\/\/www.hairstore.pl\/blog\/wp-content\/uploads\/2023\/09\/bronde-768x432.jpg 768w\" sizes=\"(max-width: 800px) 100vw, 800px\" \/><figcaption id=\"caption-attachment-22957\" class=\"wp-caption-text\">\u0179r\u00f3d\u0142o: wattpad.com, therighthairstyles.com, helocouture.com<\/figcaption><\/figure>\n<div id=\"hsbp-4d19e7d76f5a894d8bbe6228e2f41f5a\" class=\"hsbp\"><\/div>\n","protected":false},"excerpt":{"rendered":"<p>Farbujesz w\u0142osy i potrzebujesz zmiany? Sprawd\u017a modne kolory w\u0142os\u00f3w! Jesie\u0144 2023 przynosi trendy podobne jak w kuchni \u2013 znajdziesz w\u015br\u00f3d nich czekoladowe odcienie (spoiler alert: kto powiedzia\u0142, \u017ce chodzi o ciemn\u0105 czy mleczn\u0105 czekolad\u0119?), ale tak\u017ce i powiew aromatycznej pumpkin latte.<\/p>\n","protected":false},"author":13,"featured_media":22958,"comment_status":"open","ping_status":"open","sticky":false,"template":"","format":"standard","meta":{"footnotes":""},"categories":[9421],"tags":[11368],"yst_prominent_words":[2218,713,3695,3692,789,704,717,737],"class_list":["post-22910","post","type-post","status-publish","format-standard","has-post-thumbnail","hentry","category-trendy","tag-modne-fryzury"],"_links":{"self":[{"href":"https:\/\/www.hairstore.pl\/blog\/wp-json\/wp\/v2\/posts\/22910","targetHints":{"allow":["GET"]}}],"collection":[{"href":"https:\/\/www.hairstore.pl\/blog\/wp-json\/wp\/v2\/posts"}],"about":[{"href":"https:\/\/www.hairstore.pl\/blog\/wp-json\/wp\/v2\/types\/post"}],"author":[{"embeddable":true,"href":"https:\/\/www.hairstore.pl\/blog\/wp-json\/wp\/v2\/users\/13"}],"replies":[{"embeddable":true,"href":"https:\/\/www.hairstore.pl\/blog\/wp-json\/wp\/v2\/comments?post=22910"}],"version-history":[{"count":4,"href":"https:\/\/www.hairstore.pl\/blog\/wp-json\/wp\/v2\/posts\/22910\/revisions"}],"predecessor-version":[{"id":22951,"href":"https:\/\/www.hairstore.pl\/blog\/wp-json\/wp\/v2\/posts\/22910\/revisions\/22951"}],"wp:featuredmedia":[{"embeddable":true,"href":"https:\/\/www.hairstore.pl\/blog\/wp-json\/wp\/v2\/media\/22958"}],"wp:attachment":[{"href":"https:\/\/www.hairstore.pl\/blog\/wp-json\/wp\/v2\/media?parent=22910"}],"wp:term":[{"taxonomy":"category","embeddable":true,"href":"https:\/\/www.hairstore.pl\/blog\/wp-json\/wp\/v2\/categories?post=22910"},{"taxonomy":"post_tag","embeddable":true,"href":"https:\/\/www.hairstore.pl\/blog\/wp-json\/wp\/v2\/tags?post=22910"},{"taxonomy":"yst_prominent_words","embeddable":true,"href":"https:\/\/www.hairstore.pl\/blog\/wp-json\/wp\/v2\/yst_prominent_words?post=22910"}],"curies":[{"name":"wp","href":"https:\/\/api.w.org\/{rel}","templated":true}]}}