{"id":22768,"date":"2023-07-11T09:53:18","date_gmt":"2023-07-11T07:53:18","guid":{"rendered":"https:\/\/www.hairstore.pl\/blog\/?p=22768"},"modified":"2023-07-11T09:53:18","modified_gmt":"2023-07-11T07:53:18","slug":"miodowy-blond-jakie-farby","status":"publish","type":"post","link":"https:\/\/www.hairstore.pl\/blog\/miodowy-blond-jakie-farby\/","title":{"rendered":"Miodowy blond &#8211; sprawd\u017a, jak uzyska\u0107 ten odcie\u0144"},"content":{"rendered":"<p>Miodowy blond to ciep\u0142y, jasny kolor w\u0142os\u00f3w, w kt\u00f3rym mog\u0105 wyst\u0119powa\u0107 r\u00f3wnie\u017c tony \u017c\u00f3\u0142te lub \u017c\u00f3\u0142to-pomara\u0144czowe. To jeden z hit\u00f3w tego lata, obok ma\u015blanego i karmelowego blondu. Sprawd\u017a, czy miodowy kolor w\u0142os\u00f3w Ci pasuje i jakiej farby u\u017cy\u0107, aby uzyska\u0107 ten efekt. <!--more--><\/p>\n<p>\u015aredni blond to jedna z najbardziej naturalnie wygl\u0105daj\u0105cych technik koloryzacji dla blond w\u0142os\u00f3w. Jego miodowe odcienie s\u0105 subtelne i eleganckie. W tym wpisie zdradzamy, jakimi <a href=\"https:\/\/www.hairstore.pl\/farby-do-wlosow-c659.html\">farbami<\/a> go uzyska\u0107.<\/p>\n<div class=\"article-menu-box\"><div class=\"article-menu-header\">W tym artykule:<\/div>\n        <ul class=\"article-menu\"><li>do jakiego typu urody pasuje miodowy kolor w\u0142os\u00f3w<\/li><li>czy na ciemnych w\u0142osach mo\u017cna uzyska\u0107 miodowy blond<\/li><li>w\u0142osy miodowy blond - jak\u0105 farb\u0119 wybra\u0107<\/li><\/ul><\/div>\n<h2>Kolor miodowy blond: komu pasuje?<\/h2>\n<p>Miodowe kolory w\u0142os\u00f3w najlepiej pasuj\u0105 osobom <strong>o ciep\u0142ej karnacji<\/strong>, poniewa\u017c nale\u017cy do palety ciep\u0142ych barw. B\u0119d\u0105 pasowa\u0142y do <strong>pani wiosny i pani jesieni<\/strong>, kt\u00f3rych sk\u00f3ra ma oliwkowy lub be\u017cowy odcie\u0144 z \u017c\u00f3\u0142tymi tonami, o piwnych lub zielonych oczach. Jednak miodowy odcie\u0144 doskonale harmonizuje tak\u017ce z br\u0105zowymi oraz jasnymi, b\u0142\u0119kitnymi oczami!<\/p>\n<p><img decoding=\"async\" class=\"alignnone wp-image-22775 size-full\" src=\"https:\/\/www.hairstore.pl\/blog\/wp-content\/uploads\/2023\/07\/blond-miodowy-inspiracje.jpg\" alt=\"miodowy blond, w\u0142osy blond\" width=\"800\" height=\"450\" srcset=\"https:\/\/www.hairstore.pl\/blog\/wp-content\/uploads\/2023\/07\/blond-miodowy-inspiracje.jpg 800w, https:\/\/www.hairstore.pl\/blog\/wp-content\/uploads\/2023\/07\/blond-miodowy-inspiracje-300x169.jpg 300w, https:\/\/www.hairstore.pl\/blog\/wp-content\/uploads\/2023\/07\/blond-miodowy-inspiracje-768x432.jpg 768w\" sizes=\"(max-width: 800px) 100vw, 800px\" \/><\/p>\n<h2>Kolor miodowy blond \u2013 jak uzyska\u0107 ten odcie\u0144<\/h2>\n<p>Uzyskanie miodowego odcienia w\u0142os\u00f3w, szczeg\u00f3lnie je\u015bli masz jasne w\u0142osy, jest do\u015b\u0107 \u0142atwe. Wystarczy si\u0119gn\u0105\u0107 po farb\u0119 w ciep\u0142ym odcieniu miodowego blondu i post\u0119powa\u0107 zgodnie z instrukcj\u0105 na opakowaniu. Je\u015bli natomiast masz ciemne w\u0142osy, mo\u017ce by\u0107 konieczne <strong>wcze\u015bniejsze rozja\u015bnienie<\/strong>, a dopiero w dalszej kolejno\u015bci nadanie im miodowego odcienia.<\/p>\n<div class=\"post-box\"><div class=\"row\"><div class=\"col-md-3 post-box-image\"><a href=\"https:\/\/www.hairstore.pl\/blog\/jak-rozjasniac-wlosy\/\"><img decoding=\"async\" width=\"300\" height=\"169\" src=\"https:\/\/www.hairstore.pl\/blog\/wp-content\/uploads\/2022\/02\/rozjasnianie-wlosow-300x169.jpg\" class=\"attachment-medium size-medium wp-post-image\" alt=\"rozja\u015bnianie w\u0142os\u00f3w, rozja\u015bniane w\u0142osy\" srcset=\"https:\/\/www.hairstore.pl\/blog\/wp-content\/uploads\/2022\/02\/rozjasnianie-wlosow-300x169.jpg 300w, https:\/\/www.hairstore.pl\/blog\/wp-content\/uploads\/2022\/02\/rozjasnianie-wlosow-768x432.jpg 768w, https:\/\/www.hairstore.pl\/blog\/wp-content\/uploads\/2022\/02\/rozjasnianie-wlosow.jpg 800w\" sizes=\"(max-width: 300px) 100vw, 300px\" \/><\/a><\/div><div class=\"col-md-9 post-box-title\"><div class=\"post-box-title-content\"><h4><a href=\"https:\/\/www.hairstore.pl\/blog\/jak-rozjasniac-wlosy\/\">Rozja\u015bnianie w\u0142os\u00f3w &#8211; wszystko, co musisz wiedzie\u0107<\/a><\/h4><a href=\"https:\/\/www.hairstore.pl\/blog\/jak-rozjasniac-wlosy\/\" class=\"button\">Czytaj dalej<\/a><\/div><\/div><\/div><\/div>\n<p>No dobrze, ale jak wybra\u0107 odpowiedni odcie\u0144 farby do koloryzacji? Dowiesz si\u0119 tego za chwil\u0119!<\/p>\n<div id=\"hsbp-38653651ad716be1a684bef942fbd271\" class=\"hsbp\"><\/div>\n<h2>Miodowy blond \u2013 odcienie i farby do w\u0142os\u00f3w<\/h2>\n<p>W palecie ciep\u0142ych i jasnych kolor\u00f3w znajdziesz r\u00f3\u017cne miodowe blondy. S\u0105 to na przyk\u0142ad:<\/p>\n<ul>\n<li>jasny miodowy blond<\/li>\n<li>ciemny miodowy blond<\/li>\n<li>z\u0142ocisty miodowy blond.<\/li>\n<\/ul>\n<p>Aby uzyska\u0107 kolor, na kt\u00f3rym ci zale\u017cy, szczeg\u00f3lnie je\u015bli masz ciemne naturalne w\u0142osy, mo\u017ce by\u0107 konieczna koloryzacja w kilku etapach. Je\u015bli korzystasz z farby fryzjerskiej, pami\u0119taj te\u017c o zasadach dobierania odcieni. <strong>Numery profesjonalnych farb nios\u0105 konkretne znaczenie \u2013 pierwsza cyfra\/liczba oznacza poziom kolorystyczny<\/strong>.<\/p>\n<div class=\"post-box\"><div class=\"row\"><div class=\"col-md-3 post-box-image\"><a href=\"https:\/\/www.hairstore.pl\/blog\/jak-dobrac-oksydant-do-farby-do-wlosow\/\"><img decoding=\"async\" width=\"300\" height=\"169\" src=\"https:\/\/www.hairstore.pl\/blog\/wp-content\/uploads\/2016\/08\/farbowanie-wlosow-300x169.jpg\" class=\"attachment-medium size-medium wp-post-image\" alt=\"farbowanie w\u0142os\u00f3w\" srcset=\"https:\/\/www.hairstore.pl\/blog\/wp-content\/uploads\/2016\/08\/farbowanie-wlosow-300x169.jpg 300w, https:\/\/www.hairstore.pl\/blog\/wp-content\/uploads\/2016\/08\/farbowanie-wlosow-768x432.jpg 768w, https:\/\/www.hairstore.pl\/blog\/wp-content\/uploads\/2016\/08\/farbowanie-wlosow-1024x576.jpg 1024w, https:\/\/www.hairstore.pl\/blog\/wp-content\/uploads\/2016\/08\/farbowanie-wlosow.jpg 800w\" sizes=\"(max-width: 300px) 100vw, 300px\" \/><\/a><\/div><div class=\"col-md-9 post-box-title\"><div class=\"post-box-title-content\"><h4><a href=\"https:\/\/www.hairstore.pl\/blog\/jak-dobrac-oksydant-do-farby-do-wlosow\/\">Jak dobra\u0107 oksydant do farby do w\u0142os\u00f3w?<\/a><\/h4><a href=\"https:\/\/www.hairstore.pl\/blog\/jak-dobrac-oksydant-do-farby-do-wlosow\/\" class=\"button\">Czytaj dalej<\/a><\/div><\/div><\/div><\/div>\n<p>Naturalne jasne kolory znajdziesz pod numerami zaczynaj\u0105cymi si\u0119 od:<\/p>\n<ul>\n<li>7 \u2013 \u015bredni blond,<\/li>\n<li>8 \u2013 jasny blond,<\/li>\n<li>9 \u2013 bardzo jasny blond,<\/li>\n<li>10 \u2013 ultra jasny blond.<\/li>\n<\/ul>\n<div id=\"hsbp-66f8aa87fa043abb21d9e4c88e2b1c19\" class=\"hsbp\"><\/div>\n<p>Kolejna cyfra oznacza ton kolorystyczny, dodatkowe cyfry mog\u0105 oznacza\u0107 <strong>kolor spektrum\/refleks<\/strong>. Ciep\u0142e refleksy znajdziesz pod numerami:<\/p>\n<ul>\n<li>3 \u2013 z\u0142oty (\u017c\u00f3\u0142ty),<\/li>\n<li>4 \u2013 mied\u017a (pomara\u0144czowy),<\/li>\n<li>5 \u2013 maho\u0144 (czerwony + fioletowy),<\/li>\n<li>6 \u2013 czerwony<\/li>\n<\/ul>\n<p>Jak ju\u017c si\u0119 pewnie domy\u015blasz, interesuj\u0105ca Ci\u0119 farba b\u0119dzie mia\u0142a pierwszy numer oscyluj\u0105cy mi\u0119dzy 7 a 10, a po kropce i przecinku 3, co oznacza z\u0142oty odcie\u0144.<\/p>\n<p><img decoding=\"async\" class=\"alignnone wp-image-22776 size-full\" src=\"https:\/\/www.hairstore.pl\/blog\/wp-content\/uploads\/2023\/07\/miodowy-blond-wlosy.jpg\" alt=\"midowe blondy, w\u0142osy miodowy blond, miodowe w\u0142osy\" width=\"800\" height=\"450\" srcset=\"https:\/\/www.hairstore.pl\/blog\/wp-content\/uploads\/2023\/07\/miodowy-blond-wlosy.jpg 800w, https:\/\/www.hairstore.pl\/blog\/wp-content\/uploads\/2023\/07\/miodowy-blond-wlosy-300x169.jpg 300w, https:\/\/www.hairstore.pl\/blog\/wp-content\/uploads\/2023\/07\/miodowy-blond-wlosy-768x432.jpg 768w\" sizes=\"(max-width: 800px) 100vw, 800px\" \/><\/p>\n<p>Niekt\u00f3rzy producenci stosuj\u0105 jednak w\u0142asne oznaczenia, szczeg\u00f3lnie w przypadku farb drogeryjnych \u2013 dlatego przed rozpocz\u0119ciem procesu koloryzacji wa\u017cne jest, aby zapozna\u0107 si\u0119 z palet\u0105 kolor\u00f3w, co pomo\u017ce unikn\u0105\u0107 ewentualnych pomy\u0142ek przy doborze w\u0142a\u015bciwego odcienia.<\/p>\n<p><img decoding=\"async\" class=\"alignnone wp-image-22777 size-full\" src=\"https:\/\/www.hairstore.pl\/blog\/wp-content\/uploads\/2023\/07\/Projekt-bez-nazwy-55-min-1.jpg\" alt=\"w\u0142osy miodowe, miodowy blond\" width=\"800\" height=\"450\" srcset=\"https:\/\/www.hairstore.pl\/blog\/wp-content\/uploads\/2023\/07\/Projekt-bez-nazwy-55-min-1.jpg 800w, https:\/\/www.hairstore.pl\/blog\/wp-content\/uploads\/2023\/07\/Projekt-bez-nazwy-55-min-1-300x169.jpg 300w, https:\/\/www.hairstore.pl\/blog\/wp-content\/uploads\/2023\/07\/Projekt-bez-nazwy-55-min-1-768x432.jpg 768w\" sizes=\"(max-width: 800px) 100vw, 800px\" \/><\/p>\n<h2>Miodowy blond \u2013 farba do w\u0142os\u00f3w \u2013 nasze bestsellery<\/h2>\n<p>Czujesz, \u017ce miodowy blond mo\u017ce by\u0107 odcieniem dla Ciebie? Je\u015bli chcesz samodzielnie wykona\u0107 koloryzacj\u0119, sprawd\u017a nasze bestsellery:<\/p>\n<ul>\n<li><a href=\"https:\/\/www.hairstore.pl\/matrix-socolor-farba-do-wlosow-z-technologia-pre-bonded-9m-90ml-p43370.html\">Matrix SoColor, farba do w\u0142os\u00f3w z technologi\u0105 Pre-Bonded<\/a><\/li>\n<li><a href=\"https:\/\/www.hairstore.pl\/indola-blonde-expert-highlight-special-blonde-farba-rozjasniajaca-do-5-tonow-10008-60ml-p41693.html\">Indola Blonde Expert Highlight, Special Blonde, farba rozja\u015bniaj\u0105ca do 5 ton\u00f3w<\/a><\/li>\n<li><a href=\"https:\/\/www.hairstore.pl\/alfaparf-evolution-farba-do-wlosow-cala-paleta-leonardo-10342-60ml-p38593.html\">Alfaparf Evolution, farba do w\u0142os\u00f3w, ca\u0142a paleta, Leonardo 10.342<\/a><\/li>\n<li><a href=\"https:\/\/www.hairstore.pl\/indola-pcc-farba-do-wlosow-903-60ml-p36843.html\">Indola PCC, farba do w\u0142os\u00f3w, 9.03<\/a><\/li>\n<\/ul>\n<p>Pami\u0119taj, aby zawsze \u015bci\u015ble stosowa\u0107 si\u0119 do zalece\u0144 producenta. W razie w\u0105tpliwo\u015bci, pierwsz\u0105 koloryzacj\u0119 powierz w r\u0119ce profesjonalnego stylisty.<\/p>\n<div id=\"hsbp-bf32fcc8dab6d53e79c47557338c18fa\" class=\"hsbp\"><\/div>\n","protected":false},"excerpt":{"rendered":"<p>Miodowy blond to ciep\u0142y, jasny kolor w\u0142os\u00f3w, w kt\u00f3rym mog\u0105 wyst\u0119powa\u0107 r\u00f3wnie\u017c tony \u017c\u00f3\u0142te lub \u017c\u00f3\u0142to-pomara\u0144czowe. To jeden z hit\u00f3w tego lata, obok ma\u015blanego i karmelowego blondu. Sprawd\u017a, czy miodowy kolor w\u0142os\u00f3w Ci pasuje i jakiej farby u\u017cy\u0107, aby uzyska\u0107 ten efekt.<\/p>\n","protected":false},"author":13,"featured_media":22774,"comment_status":"open","ping_status":"open","sticky":false,"template":"","format":"standard","meta":{"footnotes":""},"categories":[11],"tags":[44,11368],"yst_prominent_words":[1662,4315,881,722,1048,1669,11210,11208,4260,4136,704],"class_list":["post-22768","post","type-post","status-publish","format-standard","has-post-thumbnail","hentry","category-porady","tag-koloryzacja-wlosow","tag-modne-fryzury"],"_links":{"self":[{"href":"https:\/\/www.hairstore.pl\/blog\/wp-json\/wp\/v2\/posts\/22768","targetHints":{"allow":["GET"]}}],"collection":[{"href":"https:\/\/www.hairstore.pl\/blog\/wp-json\/wp\/v2\/posts"}],"about":[{"href":"https:\/\/www.hairstore.pl\/blog\/wp-json\/wp\/v2\/types\/post"}],"author":[{"embeddable":true,"href":"https:\/\/www.hairstore.pl\/blog\/wp-json\/wp\/v2\/users\/13"}],"replies":[{"embeddable":true,"href":"https:\/\/www.hairstore.pl\/blog\/wp-json\/wp\/v2\/comments?post=22768"}],"version-history":[{"count":4,"href":"https:\/\/www.hairstore.pl\/blog\/wp-json\/wp\/v2\/posts\/22768\/revisions"}],"predecessor-version":[{"id":22779,"href":"https:\/\/www.hairstore.pl\/blog\/wp-json\/wp\/v2\/posts\/22768\/revisions\/22779"}],"wp:featuredmedia":[{"embeddable":true,"href":"https:\/\/www.hairstore.pl\/blog\/wp-json\/wp\/v2\/media\/22774"}],"wp:attachment":[{"href":"https:\/\/www.hairstore.pl\/blog\/wp-json\/wp\/v2\/media?parent=22768"}],"wp:term":[{"taxonomy":"category","embeddable":true,"href":"https:\/\/www.hairstore.pl\/blog\/wp-json\/wp\/v2\/categories?post=22768"},{"taxonomy":"post_tag","embeddable":true,"href":"https:\/\/www.hairstore.pl\/blog\/wp-json\/wp\/v2\/tags?post=22768"},{"taxonomy":"yst_prominent_words","embeddable":true,"href":"https:\/\/www.hairstore.pl\/blog\/wp-json\/wp\/v2\/yst_prominent_words?post=22768"}],"curies":[{"name":"wp","href":"https:\/\/api.w.org\/{rel}","templated":true}]}}