{"id":22702,"date":"2023-06-26T12:00:44","date_gmt":"2023-06-26T10:00:44","guid":{"rendered":"https:\/\/www.hairstore.pl\/blog\/?p=22702"},"modified":"2023-06-26T12:00:44","modified_gmt":"2023-06-26T10:00:44","slug":"typ-urody-zima-test","status":"publish","type":"post","link":"https:\/\/www.hairstore.pl\/blog\/typ-urody-zima-test\/","title":{"rendered":"Jak rozpozna\u0107 sw\u00f3j typ urody \u2013 zima"},"content":{"rendered":"<p>Czy jeste\u015b zimowym typem urody? Dowiesz si\u0119 z tego artyku\u0142u. Odkryj sekrety analizy kolorystycznej i sprawd\u017a, jakie kolory w\u0142os\u00f3w, makija\u017cu i stylizacji b\u0119d\u0105 najbardziej twarzowe. Dzi\u015b podpowiemy, w czym dobrze czuje si\u0119 typ urody zima.<\/p>\n<p><!--more--><\/p>\n<p><strong>Typ urody zima<\/strong> kolory w\u0142os\u00f3w, cery i oczu mo\u017ce mie\u0107 bardzo ciemne (lub je\u015bli chodzi o sk\u00f3r\u0119, szybko opalaj\u0105ce si\u0119). Do tego rodzaju zimy b\u0119dzie zalicza\u0107 si\u0119 latynoski typ urody. Mo\u017ce mie\u0107 jednak tak\u017ce kontrastuj\u0105c\u0105 urod\u0119 (na przyk\u0142ad jasne, wyraziste oczy i ciemne w\u0142osy) &#8211; to drugi typ, kt\u00f3ry tak\u017ce nale\u017cy do zimowej klasyfikacji.<\/p>\n<div class=\"article-menu-box\"><div class=\"article-menu-header\">W tym artykule:<\/div>\n        <ul class=\"article-menu\"><li>jak wygl\u0105da Pani Zima<\/li><li>jak szybko sprawdzi\u0107 sw\u00f3j typ urody<\/li><li>co pasuje do zimnego typu urody<\/li><\/ul><\/div>\n<h2>Jak rozpozna\u0107, czy jestem pani\u0105 zim\u0105<\/h2>\n<p>Czy jeste\u015b pani\u0105 zim\u0105 a je\u015bli tak, to jak\u0105? Oto kilka wskaz\u00f3wek, kt\u00f3re pomog\u0105 ci si\u0119 przekona\u0107!<\/p>\n<ul>\n<li>\n<h5>Kolor \u017cy\u0142ek na nadgarstku: zielonkawy czy niebieski?<\/h5>\n<\/li>\n<\/ul>\n<p>Podczas analizy kolorystycznej pomocne b\u0119dzie sprawdzenie kolor\u00f3w \u017cy\u0142ek. Najlepiej zrobi\u0107 to, patrz\u0105c w naturalnym \u015bwietle na nadgarstek. Niebieskie lub fioletowe \u017cy\u0142ki to ch\u0142odny odcie\u0144 sk\u00f3ry, zielonkawe to ciep\u0142y, a trudny do okre\u015blenia kolor mo\u017ce wskazywa\u0107 na neutralny odcie\u0144. <strong>Zimy to ch\u0142odne typy urody!<\/strong><\/p>\n<ul>\n<li>\n<h5>Srebro czy z\u0142oto &#8211; co jest twarzowe?<\/h5>\n<\/li>\n<\/ul>\n<p>Sprawdzi\u0142a\u015b ju\u017c odcie\u0144 swoich \u017cy\u0142ek? Teraz pomy\u015bl, czy lepiej czujesz si\u0119 w ch\u0142odnym odcieniu srebra, czy te\u017c w ciep\u0142ym z\u0142ocie. <strong>Zimny typ urody lepiej czuje si\u0119 w srebrnej bi\u017cuterii.<\/strong><\/p>\n<ul>\n<li>\n<h5>Typ urody zima: kolory w\u0142os\u00f3w i oczu<\/h5>\n<\/li>\n<\/ul>\n<p>Zima jest typem urody, w kt\u00f3rym dominuj\u0105ce s\u0105 kontrastowe barwy: wyrazisty kolor oczu i w\u0142os\u00f3w, jasna cera (pami\u0119tasz Kr\u00f3lewn\u0119 \u015anie\u017ck\u0119? To klasyczna, wr\u0119cz stereotypowa zima!). Analiza kolorystyczna nie przynosi jednak prostych rozwi\u0105za\u0144 &#8211; typ urody zima dzieli si\u0119 na trzy podtypy pod wzgl\u0119dem temperatury, chromatyczno\u015bci i waloru: ciemna zima, czysta zima oraz jasna (ch\u0142odna) zima.<\/p>\n<p><img decoding=\"async\" class=\"alignnone wp-image-22711 size-full\" src=\"https:\/\/www.hairstore.pl\/blog\/wp-content\/uploads\/2023\/06\/typ-urody-zima.jpg\" alt=\"typ urody zima, zimny typ urody\" width=\"800\" height=\"450\" srcset=\"https:\/\/www.hairstore.pl\/blog\/wp-content\/uploads\/2023\/06\/typ-urody-zima.jpg 800w, https:\/\/www.hairstore.pl\/blog\/wp-content\/uploads\/2023\/06\/typ-urody-zima-300x169.jpg 300w, https:\/\/www.hairstore.pl\/blog\/wp-content\/uploads\/2023\/06\/typ-urody-zima-768x432.jpg 768w\" sizes=\"(max-width: 800px) 100vw, 800px\" \/><\/p>\n<h2>Ciemna zima &#8211; typ urody Kim Kardashian i Salmy Hayek<\/h2>\n<p>Ten typ urody to najg\u0142\u0119bszy z zimowych podtyp\u00f3w, charakteryzuj\u0105cy si\u0119 ciemnymi w\u0142osami (czarnymi lub o br\u0105zowych refleksach). Sk\u00f3ra ciemnej zimy ma odcie\u0144 oliwkowy lub be\u017cowy, oczy natomiast mog\u0105 by\u0107 ciemne: br\u0105zowe a\u017c po czarne. Ten typ urody zima makija\u017c i stylizacje powinien dobiera\u0107 z ciemnej palety. Niekorzystnie b\u0119d\u0105 wygl\u0105da\u0107 wszelkie jaskrawe kolory i pastele.<\/p>\n<p><strong>Kolory dla ciemnej zimy:<\/strong> gorzka czekolada, b\u0142\u0119kit paryski, biel, \u015bwierkowa ziele\u0144, fuksja, \u015bliwka<\/p>\n<div class=\"post-box\"><div class=\"row\"><div class=\"col-md-3 post-box-image\"><a href=\"https:\/\/www.hairstore.pl\/blog\/typ-urody-jesien-test\/\"><img decoding=\"async\" width=\"300\" height=\"169\" src=\"https:\/\/www.hairstore.pl\/blog\/wp-content\/uploads\/2023\/06\/pani-jesien-300x169.jpg\" class=\"attachment-medium size-medium wp-post-image\" alt=\"typ urody jesie\u0144, Pani jesie\u0144,\" srcset=\"https:\/\/www.hairstore.pl\/blog\/wp-content\/uploads\/2023\/06\/pani-jesien-300x169.jpg 300w, https:\/\/www.hairstore.pl\/blog\/wp-content\/uploads\/2023\/06\/pani-jesien-768x432.jpg 768w, https:\/\/www.hairstore.pl\/blog\/wp-content\/uploads\/2023\/06\/pani-jesien.jpg 800w\" sizes=\"(max-width: 300px) 100vw, 300px\" \/><\/a><\/div><div class=\"col-md-9 post-box-title\"><div class=\"post-box-title-content\"><h4><a href=\"https:\/\/www.hairstore.pl\/blog\/typ-urody-jesien-test\/\">Jak rozpozna\u0107 sw\u00f3j typ urody \u2013 jesie\u0144<\/a><\/h4><a href=\"https:\/\/www.hairstore.pl\/blog\/typ-urody-jesien-test\/\" class=\"button\">Czytaj dalej<\/a><\/div><\/div><\/div><\/div>\n<h2>Czysta zima &#8211; typ urody Amal Clooney oraz Katty Perry<\/h2>\n<p>To typ urody, kt\u00f3ry charakteryzuje si\u0119 du\u017cym kontrastem, ch\u0142odnym odcieniem i ciemnymi barwami. To w\u0142a\u015bnie czysta zima mo\u017ce mie\u0107 alabastrow\u0105 cer\u0119, niebieskie oczy i czarne w\u0142osy. Przede wszystkim taka zima jest wyrazista! Wyra\u017ane oczy, wyra\u017ana oprawa oczu, kolor w\u0142os\u00f3w kontrastuje z cer\u0105.<\/p>\n<p>Takiemu typowi urody do twarzy b\u0119dzie w barwach: kobalt, \u015bnie\u017cna biel, rubinowy, oran\u017c, purpura, butelkowa ziele\u0144. Powinien za\u015b unika\u0107 wszelkich zgaszonych barw.<\/p>\n<div class=\"post-box\"><div class=\"row\"><div class=\"col-md-3 post-box-image\"><a href=\"https:\/\/www.hairstore.pl\/blog\/domowe-przepisy-na-odzywki-do-rzes-i-brwi\/\"><img decoding=\"async\" width=\"300\" height=\"169\" src=\"https:\/\/www.hairstore.pl\/blog\/wp-content\/uploads\/2023\/04\/biotyna-na-zdrowe-wlosy-300x169.jpg\" class=\"attachment-medium size-medium wp-post-image\" alt=\"Jak rozpozna\u0107 sw\u00f3j typ urody \u2013 zima\" srcset=\"https:\/\/www.hairstore.pl\/blog\/wp-content\/uploads\/2023\/04\/biotyna-na-zdrowe-wlosy-300x169.jpg 300w, https:\/\/www.hairstore.pl\/blog\/wp-content\/uploads\/2023\/04\/biotyna-na-zdrowe-wlosy-768x432.jpg 768w, https:\/\/www.hairstore.pl\/blog\/wp-content\/uploads\/2023\/04\/biotyna-na-zdrowe-wlosy.jpg 800w\" sizes=\"(max-width: 300px) 100vw, 300px\" \/><\/a><\/div><div class=\"col-md-9 post-box-title\"><div class=\"post-box-title-content\"><h4><a href=\"https:\/\/www.hairstore.pl\/blog\/domowe-przepisy-na-odzywki-do-rzes-i-brwi\/\">Od\u017cywki do brwi i rz\u0119s \u2013 4 proste przepisy na domowe specyfiki<\/a><\/h4><a href=\"https:\/\/www.hairstore.pl\/blog\/domowe-przepisy-na-odzywki-do-rzes-i-brwi\/\" class=\"button\">Czytaj dalej<\/a><\/div><\/div><\/div><\/div>\n<h2>Ch\u0142odna zima &#8211; typ urody Seleny Gomez oraz Megan Fox<\/h2>\n<p>Ch\u0142odna zima charakteryzuje si\u0119 przede wszystkim ch\u0142odnym odcieniem sk\u00f3ry i w\u0142os\u00f3w. Mo\u017ce mie\u0107 ciemne kosmyki, ale nierzadko zdarzaj\u0105 si\u0119 jej tak\u017ce i blond refleksy. Taka uroda jest ciemna, ma niewiele kontrastu i przez to jest do\u015b\u0107 delikatna i bardzo niekorzystnie wygl\u0105da w ciep\u0142ych barwach. Sk\u00f3ra mo\u017ce by\u0107 jasna lub odrobin\u0119 ciemniejsza, podobnie jak oczy &#8211; mo\u017ce si\u0119 zdarzy\u0107, \u017ce pani ch\u0142odna zima b\u0119dzie mia\u0142a niebieskie lub br\u0105zowe oczy.<\/p>\n<p><strong>Korzystne kolory dla ch\u0142odnej zimy to:<\/strong> biel, szmaragd, b\u0142\u0119kit kr\u00f3lewski, fio\u0142kowy. Unikaj \u017c\u00f3\u0142ci, rudych br\u0105z\u00f3w i koloru mlecznej czekolady.<\/p>\n","protected":false},"excerpt":{"rendered":"<p>Czy jeste\u015b zimowym typem urody? Dowiesz si\u0119 z tego artyku\u0142u. Odkryj sekrety analizy kolorystycznej i sprawd\u017a, jakie kolory w\u0142os\u00f3w, makija\u017cu i stylizacji b\u0119d\u0105 najbardziej twarzowe. Dzi\u015b podpowiemy, w czym dobrze czuje si\u0119 typ urody zima.<\/p>\n","protected":false},"author":13,"featured_media":22714,"comment_status":"open","ping_status":"open","sticky":false,"template":"","format":"standard","meta":{"footnotes":""},"categories":[11],"tags":[],"yst_prominent_words":[3692,7006,753],"class_list":["post-22702","post","type-post","status-publish","format-standard","has-post-thumbnail","hentry","category-porady"],"_links":{"self":[{"href":"https:\/\/www.hairstore.pl\/blog\/wp-json\/wp\/v2\/posts\/22702","targetHints":{"allow":["GET"]}}],"collection":[{"href":"https:\/\/www.hairstore.pl\/blog\/wp-json\/wp\/v2\/posts"}],"about":[{"href":"https:\/\/www.hairstore.pl\/blog\/wp-json\/wp\/v2\/types\/post"}],"author":[{"embeddable":true,"href":"https:\/\/www.hairstore.pl\/blog\/wp-json\/wp\/v2\/users\/13"}],"replies":[{"embeddable":true,"href":"https:\/\/www.hairstore.pl\/blog\/wp-json\/wp\/v2\/comments?post=22702"}],"version-history":[{"count":5,"href":"https:\/\/www.hairstore.pl\/blog\/wp-json\/wp\/v2\/posts\/22702\/revisions"}],"predecessor-version":[{"id":22716,"href":"https:\/\/www.hairstore.pl\/blog\/wp-json\/wp\/v2\/posts\/22702\/revisions\/22716"}],"wp:featuredmedia":[{"embeddable":true,"href":"https:\/\/www.hairstore.pl\/blog\/wp-json\/wp\/v2\/media\/22714"}],"wp:attachment":[{"href":"https:\/\/www.hairstore.pl\/blog\/wp-json\/wp\/v2\/media?parent=22702"}],"wp:term":[{"taxonomy":"category","embeddable":true,"href":"https:\/\/www.hairstore.pl\/blog\/wp-json\/wp\/v2\/categories?post=22702"},{"taxonomy":"post_tag","embeddable":true,"href":"https:\/\/www.hairstore.pl\/blog\/wp-json\/wp\/v2\/tags?post=22702"},{"taxonomy":"yst_prominent_words","embeddable":true,"href":"https:\/\/www.hairstore.pl\/blog\/wp-json\/wp\/v2\/yst_prominent_words?post=22702"}],"curies":[{"name":"wp","href":"https:\/\/api.w.org\/{rel}","templated":true}]}}