{"id":22564,"date":"2023-05-16T15:32:14","date_gmt":"2023-05-16T13:32:14","guid":{"rendered":"https:\/\/www.hairstore.pl\/blog\/?p=22564"},"modified":"2023-05-16T15:32:14","modified_gmt":"2023-05-16T13:32:14","slug":"jak-dziala-gencjana-na-wlosy","status":"publish","type":"post","link":"https:\/\/www.hairstore.pl\/blog\/jak-dziala-gencjana-na-wlosy\/","title":{"rendered":"Gencjana na w\u0142osy \u2013 czym jest i jak j\u0105 stosowa\u0107?"},"content":{"rendered":"<p>Gencjana, zwana r\u00f3wnie\u017c fioletem gencjanowym, kojarzy si\u0119 przede wszystkim z dzia\u0142aniem odka\u017caj\u0105cym i oczyszczaj\u0105cym rany. Okazuje si\u0119 jednak, \u017ce mo\u017cna j\u0105 r\u00f3wnie\u017c wykorzysta\u0107 jako kosmetyk do w\u0142os\u00f3w. Je\u015bli chcesz w naturalny spos\u00f3b zmieni\u0107 ich odcie\u0144, wystarczy kropla gencjany dodana do szamponu, od\u017cywki lub wody.<\/p>\n<p><!--more--><\/p>\n<p>Gencjana wodna znana jest nie od dzi\u015b, jednak jej wyj\u0105tkowe w\u0142a\u015bciwo\u015bci nie ko\u0144cz\u0105 si\u0119 na przyspieszaniu gojenia ran. Wraz z rosn\u0105c\u0105 popularno\u015bci\u0105 na naturalne zabiegi piel\u0119gnacyjne, gencjana sta\u0142a si\u0119 ch\u0119tnie stosowanym preparatem na w\u0142osy \u2013 zar\u00f3wno w salonach fryzjerskich, jak i w warunkach domowych. Je\u015bli chcesz lekko odmieni\u0107 kolor w\u0142os\u00f3w, och\u0142odzi\u0107 blond fryzur\u0119, pozby\u0107 si\u0119 nieestetycznych \u017c\u00f3\u0142tych refleks\u00f3w, roztw\u00f3r wodny gencjany sprawdzi si\u0119 idealnie. Mo\u017cesz go doda\u0107 do <a href=\"https:\/\/www.hairstore.pl\/maski-c664.html\">maski<\/a> albo <a href=\"https:\/\/www.hairstore.pl\/odzywki-c200.html\">od\u017cywki<\/a>.<\/p>\n<div class=\"article-menu-box\"><div class=\"article-menu-header\">W tym tek\u015bcie dowiesz si\u0119: <\/div>\n        <ul class=\"article-menu\"><li>jak u\u017cywa\u0107 gencjany do w\u0142os\u00f3w?<\/li><li>czy fiolet gencjanowy niszczy w\u0142osy? \u00a0<\/li><li>ile trzyma si\u0119 gencjana na w\u0142osach?<\/li><\/ul><\/div>\n<h2>Dla blondynek i nie tylko. Gencjana \u2013 cena, stosowanie i inne informacje<\/h2>\n<p>Jak dzia\u0142a <strong>fiolet gencjanowy<\/strong> na w\u0142osy? Przede wszystkim neutralizuje \u017c\u00f3\u0142te odcienie, och\u0142adza kolor, a tak\u017ce znacznie przed\u0142u\u017ca efekt koloryzacji. Je\u015bli jeste\u015b blondynk\u0105 i zale\u017cy Ci na jasnym, ch\u0142odnym odcieniu, gencjana na w\u0142osy sprawdzi si\u0119 idealnie. <strong>Zapewnia taki sam efekt, jak fioletowe szampony i p\u0142ukanki, ale jest w 100% naturalna<\/strong>.<\/p>\n<p>Posiadaczki innych kolor\u00f3w w\u0142os\u00f3w r\u00f3wnie\u017c mog\u0105 poeksperymentowa\u0107 z gencjan\u0105, kt\u00f3ra br\u0105zom i ciemnym w\u0142osom nadaje g\u0142\u0119bi i wyj\u0105tkowego blasku.<\/p>\n<h2>Czym jest gencjana i jak si\u0119 j\u0105 pozyskuje?<\/h2>\n<p>Gencjana to substancja o charakterystycznym fioletowym kolorze, kt\u00f3ra ma w\u0142a\u015bciwo\u015bci bakteriob\u00f3jcze i grzybob\u00f3jcze. Mo\u017cna j\u0105\u00a0pozyska\u0107 w procesie chemicznym z aniliny, kt\u00f3ra jest zwi\u0105zkiem organicznym. Proces ten obejmuje utlenianie aniliny za pomoc\u0105 utleniacza, takiego jak tlenek manganu lub chlorek \u017celaza(III). Reakcja ta prowadzi do powstania fioletowego barwnika, kt\u00f3ry jest nast\u0119pnie oczyszczany i koncentrowany w celu uzyskania czystej gencjany.<\/p>\n<div class=\"post-box\"><div class=\"row\"><div class=\"col-md-3 post-box-image\"><a href=\"https:\/\/www.hairstore.pl\/blog\/wszystko-o-tonerach-do-wlosow\/\"><img decoding=\"async\" width=\"300\" height=\"169\" src=\"https:\/\/www.hairstore.pl\/blog\/wp-content\/uploads\/2022\/02\/tonery-do-wlosow-300x169.jpg\" class=\"attachment-medium size-medium wp-post-image\" alt=\"Gencjana na w\u0142osy \u2013 czym jest i jak j\u0105 stosowa\u0107?\" srcset=\"https:\/\/www.hairstore.pl\/blog\/wp-content\/uploads\/2022\/02\/tonery-do-wlosow-300x169.jpg 300w, https:\/\/www.hairstore.pl\/blog\/wp-content\/uploads\/2022\/02\/tonery-do-wlosow-768x432.jpg 768w, https:\/\/www.hairstore.pl\/blog\/wp-content\/uploads\/2022\/02\/tonery-do-wlosow.jpg 800w\" sizes=\"(max-width: 300px) 100vw, 300px\" \/><\/a><\/div><div class=\"col-md-9 post-box-title\"><div class=\"post-box-title-content\"><h4><a href=\"https:\/\/www.hairstore.pl\/blog\/wszystko-o-tonerach-do-wlosow\/\">Tonery do w\u0142os\u00f3w blond &#8211; wszystko co musisz o nich wiedzie\u0107<\/a><\/h4><a href=\"https:\/\/www.hairstore.pl\/blog\/wszystko-o-tonerach-do-wlosow\/\" class=\"button\">Czytaj dalej<\/a><\/div><\/div><\/div><\/div>\n<h2>Jak u\u017cywa\u0107 gencjany do w\u0142os\u00f3w?<\/h2>\n<p>Przede wszystkim pami\u0119taj, \u017ce gencjana <strong>ma bardzo silne dzia\u0142anie<\/strong> \u2013 ju\u017c kropla lub p\u00f3\u0142 kropli dodane do wody, od\u017cywki lub <a href=\"https:\/\/www.hairstore.pl\/szampony-c14.html\">szamponu<\/a> do w\u0142os\u00f3w w zupe\u0142no\u015bci wystarczy, aby uzyska\u0107 efekt. Cena, jak\u0105 zap\u0142acisz za od\u015bwie\u017cenie koloru, jest znikoma. W ka\u017cdej aptece buteleczk\u0119 gencjany mo\u017cna kupi\u0107 za kilka z\u0142otych. A u\u017cywaj\u0105c jedynie kropelki co kilka tygodni mo\u017cesz mie\u0107 pewno\u015b\u0107, \u017ce wystarczy na kilka lat.<\/p>\n<p><img decoding=\"async\" class=\"alignnone wp-image-18819 size-full\" src=\"https:\/\/www.hairstore.pl\/blog\/wp-content\/uploads\/2021\/10\/jaka-farba-do-chlodnego-blondu.jpg\" alt=\"blondynka, ch\u0142odny blond\" width=\"800\" height=\"450\" srcset=\"https:\/\/www.hairstore.pl\/blog\/wp-content\/uploads\/2021\/10\/jaka-farba-do-chlodnego-blondu.jpg 800w, https:\/\/www.hairstore.pl\/blog\/wp-content\/uploads\/2021\/10\/jaka-farba-do-chlodnego-blondu-300x169.jpg 300w, https:\/\/www.hairstore.pl\/blog\/wp-content\/uploads\/2021\/10\/jaka-farba-do-chlodnego-blondu-768x432.jpg 768w\" sizes=\"(max-width: 800px) 100vw, 800px\" \/><\/p>\n<h2>Ile trzyma si\u0119 gencjana na w\u0142osach?<\/h2>\n<p>Gencjana na wodzie lub wymieszana z piel\u0119gnacyjnymi kosmetykami to \u015bwietny spos\u00f3b na delikatn\u0105 zmian\u0119 koloru w\u0142os\u00f3w bez konieczno\u015bci ich farbowania. Jej <strong>efekt nie jest zbyt trwa\u0142y<\/strong>, jednak to, co w przypadku kosmetyk\u00f3w jest wad\u0105, tutaj zdecydowanie jest zalet\u0105. Mo\u017cesz bowiem eksperymentowa\u0107 z kolorystyk\u0105, stopniem och\u0142odzenia koloru czy wybiciem niechcianych refleks\u00f3w z w\u0142os\u00f3w.<\/p>\n<p>Nawet je\u015bli efekt b\u0119dzie nie do ko\u0144ca oczekiwany, <strong>zmyje si\u0119 ju\u017c po kilku dniach lub tygodniach<\/strong>. Trwa\u0142o\u015b\u0107 gencjany na w\u0142osach zale\u017cy te\u017c od tego, jak cz\u0119sto myjesz w\u0142osy. Codzienne mycie zdecydowanie szybciej wyp\u0142ucze efekt gencjany ni\u017c mycie w\u0142os\u00f3w co kilka dni.<\/p>\n<h2>Czy fiolet gencjanowy niszczy w\u0142osy?<\/h2>\n<p>Je\u015bli zastanawiasz si\u0119, czy gencjana niszczy w\u0142osy, nie masz si\u0119 czego obawia\u0107. Na struktur\u0119 w\u0142osa dzia\u0142a zdecydowanie \u0142agodniej ni\u017c wszelkie kosmetyki koloryzuj\u0105ce dost\u0119pne w drogeriach. Owszem, mo\u017ce si\u0119 zdarzy\u0107, \u017ce po zastosowaniu gencjany w\u0142osy b\u0119d\u0105 nieco przesuszone i sztywne. Wystarczy jednak podczas kolejnego mycia na\u0142o\u017cy\u0107 solidn\u0105 porcj\u0119 od\u017cywki lub maski, aby fryzura odzyska\u0142a blask.<\/p>\n","protected":false},"excerpt":{"rendered":"<p>Gencjana, zwana r\u00f3wnie\u017c fioletem gencjanowym, kojarzy si\u0119 przede wszystkim z dzia\u0142aniem odka\u017caj\u0105cym i oczyszczaj\u0105cym rany. Okazuje si\u0119 jednak, \u017ce mo\u017cna j\u0105 r\u00f3wnie\u017c wykorzysta\u0107 jako kosmetyk do w\u0142os\u00f3w. Je\u015bli chcesz w naturalny spos\u00f3b zmieni\u0107 ich odcie\u0144, wystarczy kropla gencjany dodana do szamponu, od\u017cywki lub wody.<\/p>\n","protected":false},"author":14,"featured_media":22585,"comment_status":"open","ping_status":"open","sticky":false,"template":"","format":"standard","meta":{"footnotes":""},"categories":[11],"tags":[],"yst_prominent_words":[800,949,722,1564,1052,5127,2899,9646,4777,5855,1548,2016,704,717,5000],"class_list":["post-22564","post","type-post","status-publish","format-standard","has-post-thumbnail","hentry","category-porady"],"_links":{"self":[{"href":"https:\/\/www.hairstore.pl\/blog\/wp-json\/wp\/v2\/posts\/22564","targetHints":{"allow":["GET"]}}],"collection":[{"href":"https:\/\/www.hairstore.pl\/blog\/wp-json\/wp\/v2\/posts"}],"about":[{"href":"https:\/\/www.hairstore.pl\/blog\/wp-json\/wp\/v2\/types\/post"}],"author":[{"embeddable":true,"href":"https:\/\/www.hairstore.pl\/blog\/wp-json\/wp\/v2\/users\/14"}],"replies":[{"embeddable":true,"href":"https:\/\/www.hairstore.pl\/blog\/wp-json\/wp\/v2\/comments?post=22564"}],"version-history":[{"count":5,"href":"https:\/\/www.hairstore.pl\/blog\/wp-json\/wp\/v2\/posts\/22564\/revisions"}],"predecessor-version":[{"id":22586,"href":"https:\/\/www.hairstore.pl\/blog\/wp-json\/wp\/v2\/posts\/22564\/revisions\/22586"}],"wp:featuredmedia":[{"embeddable":true,"href":"https:\/\/www.hairstore.pl\/blog\/wp-json\/wp\/v2\/media\/22585"}],"wp:attachment":[{"href":"https:\/\/www.hairstore.pl\/blog\/wp-json\/wp\/v2\/media?parent=22564"}],"wp:term":[{"taxonomy":"category","embeddable":true,"href":"https:\/\/www.hairstore.pl\/blog\/wp-json\/wp\/v2\/categories?post=22564"},{"taxonomy":"post_tag","embeddable":true,"href":"https:\/\/www.hairstore.pl\/blog\/wp-json\/wp\/v2\/tags?post=22564"},{"taxonomy":"yst_prominent_words","embeddable":true,"href":"https:\/\/www.hairstore.pl\/blog\/wp-json\/wp\/v2\/yst_prominent_words?post=22564"}],"curies":[{"name":"wp","href":"https:\/\/api.w.org\/{rel}","templated":true}]}}