{"id":22498,"date":"2023-04-26T14:05:48","date_gmt":"2023-04-26T12:05:48","guid":{"rendered":"https:\/\/www.hairstore.pl\/blog\/?p=22498"},"modified":"2025-09-19T13:39:32","modified_gmt":"2025-09-19T11:39:32","slug":"top-10-farb-do-siwych-wlosow-ranking","status":"publish","type":"post","link":"https:\/\/www.hairstore.pl\/blog\/top-10-farb-do-siwych-wlosow-ranking\/","title":{"rendered":"Top 10 farb do siwych w\u0142os\u00f3w [RANKING]"},"content":{"rendered":"<p>Farbowanie siwych w\u0142os\u00f3w mo\u017ce by\u0107 trudnym zadaniem, poniewa\u017c maj\u0105 tendencj\u0119 do wch\u0142aniania farby w inny spos\u00f3b ni\u017c naturalne w\u0142osy. Jak sobie z tym poradzi\u0107?<\/p>\n<p><!--more--><\/p>\n<p>Warto wybra\u0107 <a href=\"https:\/\/www.hairstore.pl\/farby-do-wlosow-c659.html\">profesjonaln\u0105 farb\u0119 dobrej jako\u015bci<\/a>, kt\u00f3ra b\u0119dzie mia\u0142a odpowiednie sk\u0142adniki i pigmenty, aby zapewni\u0107 Ci r\u00f3wnomierne i trwa\u0142e krycie siwych w\u0142os\u00f3w. Sprawd\u017a ranking najlepszych farb do siwych w\u0142os\u00f3w i znajd\u017a swojego faworyta.<\/p>\n<div class=\"article-menu-box\"><div class=\"article-menu-header\">W tym tek\u015bcie dowiesz si\u0119: <\/div>\n        <ul class=\"article-menu\"><li>jak koloryzowa\u0107 siwe w\u0142osy?<\/li><li>czy farby marketowe s\u0105 gorsze ni\u017c profesjonalne? <\/li><li>jakie s\u0105 najlepsze farby do koloryzacji siwych w\u0142os\u00f3w? <\/li><\/ul><\/div>\n<h2>Farby do siwych w\u0142os\u00f3w \u2013 farby drogeryjne czy profesjonalne? Kt\u00f3re wybra\u0107?<\/h2>\n<p>Farby profesjonalne s\u0105 zazwyczaj lepsze ni\u017c te dost\u0119pne w drogeriach <a href=\"https:\/\/www.hairstore.pl\/blog\/najlepsze-farby-do-wlosow-2025\/\"><strong>(tutaj znajdziesz ranking profesjonalnych farb, po kt\u00f3re klientki najcz\u0119\u015bciej si\u0119gaj\u0105 w 2025 roku)<\/strong><\/a>, poniewa\u017c zawieraj\u0105 wy\u017cszej jako\u015bci sk\u0142adniki, kt\u00f3re pozwalaj\u0105 na uzyskanie bardziej intensywnego i trwa\u0142ego koloru. Dodatkowo wiele farb profesjonalnych jest \u0142atwe w u\u017cyciu, co r\u00f3wnie\u017c pozwala na samodzielne farbowanie w domu &#8211; ca\u0142a sztuka polega na odpowiednim dobraniu mocy oksydantu, jednak w tym mo\u017ce pom\u00f3c ekspedientka.<\/p>\n<div id=\"hsbp-5775e21f1c22110e5b9ca8efbe190327\" class=\"hsbp\"><\/div>\n<div class=\"post-box\"><div class=\"row\"><div class=\"col-md-3 post-box-image\"><a href=\"https:\/\/www.hairstore.pl\/blog\/numery-farb-do-wlosow-co-oznaczaja\/\"><img decoding=\"async\" width=\"300\" height=\"169\" src=\"https:\/\/www.hairstore.pl\/blog\/wp-content\/uploads\/2022\/05\/numery-farb-do-wlosow-300x169.jpg\" class=\"attachment-medium size-medium wp-post-image\" alt=\"Top 10 farb do siwych w\u0142os\u00f3w [RANKING]\" srcset=\"https:\/\/www.hairstore.pl\/blog\/wp-content\/uploads\/2022\/05\/numery-farb-do-wlosow-300x169.jpg 300w, https:\/\/www.hairstore.pl\/blog\/wp-content\/uploads\/2022\/05\/numery-farb-do-wlosow-768x432.jpg 768w, https:\/\/www.hairstore.pl\/blog\/wp-content\/uploads\/2022\/05\/numery-farb-do-wlosow.jpg 800w\" sizes=\"(max-width: 300px) 100vw, 300px\" \/><\/a><\/div><div class=\"col-md-9 post-box-title\"><div class=\"post-box-title-content\"><h4><a href=\"https:\/\/www.hairstore.pl\/blog\/numery-farb-do-wlosow-co-oznaczaja\/\">Kolory profesjonalnych farb do w\u0142os\u00f3w &#8211; wszystko, co musisz o nich wiedzie\u0107<\/a><\/h4><a href=\"https:\/\/www.hairstore.pl\/blog\/numery-farb-do-wlosow-co-oznaczaja\/\" class=\"button\">Czytaj dalej<\/a><\/div><\/div><\/div><\/div>\n<p>Albo nasza ma\u0142a \u015bci\u0105ga.<\/p>\n<ul>\n<li><strong>3%<\/strong>:\u00a0rozja\u015bnia w\u0142osy o 1 ton lub nie zmienia widocznie koloru w\u0142os\u00f3w, mo\u017ce jedynie pog\u0142\u0119bi\u0107 odcie\u0144 lub doda\u0107 inny refleks. St\u0119\u017cenia 3% najcz\u0119\u015bciej u\u017cywa si\u0119 by lekko, nieznacznie rozja\u015bni\u0107 lub przyciemni\u0107 w\u0142osy. Tak\u017ce przy wykonywaniu niekt\u00f3rych baleja\u017cy oraz jako dodatek do rozja\u015bniaczy. Jest to naj\u0142agodniejsze i najmniej inwazyjne dla naszych w\u0142os\u00f3w st\u0119\u017cenie, dlatego najlepiej jest wybiera\u0107 ten oksydant w przypadku gdy nie chcemy zauwa\u017calnie zmieni\u0107 koloru i nie mamy du\u017co siwych w\u0142os\u00f3w.<\/li>\n<li><strong>6%<\/strong>:\u00a0rozja\u015bnia o 1-2 tony, a tak\u017ce najlepiej dzia\u0142a na siwe w\u0142osy. Jest to najcz\u0119\u015bciej u\u017cywany oksydant podczas standardowego farbowania. U\u017cywa si\u0119 go do rozja\u015bniania w\u0142os\u00f3w od 1 do 2 ton\u00f3w, czyli do\u015b\u0107 widocznej zmiany koloru w\u0142os\u00f3w, do r\u00f3wnomiernego przyciemniania w\u0142os\u00f3w o nier\u00f3wnomiernym kolorze, a tak\u017ce do dok\u0142adnego pokrycia siwych w\u0142os\u00f3w.<\/li>\n<li><strong>9%<\/strong>:\u00a0umo\u017cliwia rozja\u015bnienie w\u0142os\u00f3w nawet do 3 ton\u00f3w w farbach tzw. rozja\u015bniaj\u0105cych, np. blondach specjalnych o numerach &lt;10. Stosuje si\u0119 go, by widocznie zmieni\u0107 kolor ciemnych w\u0142os\u00f3w, bez wykonywania uprzednio dekoloryzacji (nale\u017cy jednak pami\u0119ta\u0107, \u017ce efekt mo\u017ce nie by\u0107 zadowalaj\u0105cy) oraz do farbowania w\u0142os\u00f3w z ciemnymi odrostami. Bardzo \u0142adnie wychodz\u0105 z t\u0105 emulsj\u0105 odcienie blond\u00f3w. Trzeba jednak pami\u0119ta\u0107, \u017ce u\u017cycie 9% oksydantu mo\u017ce spowodowa\u0107 pieczenie sk\u00f3ry g\u0142owy, a nawet jej podra\u017cnienia, st\u0105d lepiej nak\u0142ada\u0107 mieszank\u0119 tu\u017c przy sk\u00f3rze, ale nie bezpo\u015brednio na sk\u00f3r\u0119 g\u0142owy.<\/li>\n<li><strong>12%<\/strong>:\u00a0najmocniejszy oksydant stosowany podczas zwyk\u0142ej koloryzacji utleniaj\u0105cej. Najlepiej u\u017cywa\u0107 go bardzo rzadko i tylko w koniecznych przypadkach, pami\u0119taj\u0105c, by bezwzgl\u0119dnie unika\u0107 kontaktu mieszanki ze sk\u00f3r\u0105 g\u0142owy. Oksydant ten bardzo mocno rozja\u015bnia w\u0142osy \u2013 do 5-6 ton\u00f3w, szczeg\u00f3lnie gdy stosuje si\u0119 go z rozja\u015bniaczem w proszku lub pudrze. Najcz\u0119\u015bciej u\u017cywa si\u0119 go do grubych, opornych na rozja\u015bnianie w\u0142os\u00f3w, do ciemnych naturalnych w\u0142os\u00f3w oraz przy dekoloryzacji.<\/li>\n<\/ul>\n<div class=\"post-box\"><div class=\"row\"><div class=\"col-md-3 post-box-image\"><a href=\"https:\/\/www.hairstore.pl\/blog\/jak-dobrac-oksydant-do-farby-do-wlosow\/\"><img decoding=\"async\" width=\"300\" height=\"169\" src=\"https:\/\/www.hairstore.pl\/blog\/wp-content\/uploads\/2016\/08\/farbowanie-wlosow-300x169.jpg\" class=\"attachment-medium size-medium wp-post-image\" alt=\"farbowanie w\u0142os\u00f3w\" srcset=\"https:\/\/www.hairstore.pl\/blog\/wp-content\/uploads\/2016\/08\/farbowanie-wlosow-300x169.jpg 300w, https:\/\/www.hairstore.pl\/blog\/wp-content\/uploads\/2016\/08\/farbowanie-wlosow-768x432.jpg 768w, https:\/\/www.hairstore.pl\/blog\/wp-content\/uploads\/2016\/08\/farbowanie-wlosow-1024x576.jpg 1024w, https:\/\/www.hairstore.pl\/blog\/wp-content\/uploads\/2016\/08\/farbowanie-wlosow.jpg 800w\" sizes=\"(max-width: 300px) 100vw, 300px\" \/><\/a><\/div><div class=\"col-md-9 post-box-title\"><div class=\"post-box-title-content\"><h4><a href=\"https:\/\/www.hairstore.pl\/blog\/jak-dobrac-oksydant-do-farby-do-wlosow\/\">Jak dobra\u0107 oksydant do farby do w\u0142os\u00f3w?<\/a><\/h4><a href=\"https:\/\/www.hairstore.pl\/blog\/jak-dobrac-oksydant-do-farby-do-wlosow\/\" class=\"button\">Czytaj dalej<\/a><\/div><\/div><\/div><\/div>\n<p>Pami\u0119taj te\u017c, \u017ce profesjonalne farby do w\u0142os\u00f3w maj\u0105 wi\u0119kszy wyb\u00f3r odcieni, a poszczeg\u00f3lne kolory mo\u017cna ze sob\u0105 miesza\u0107 dla indywidualnych efekt\u00f3w. S\u0105 te\u017c bardziej g\u0119ste, wi\u0119c \u0142atwiej si\u0119 je nak\u0142ada (nie \u015bciekaj\u0105 z w\u0142os\u00f3w), no i wydajniejsze, a wi\u0119c de facto oszcz\u0119dzasz. S\u0105 te\u017c trwalsze &#8211; dzi\u0119ki zastosowanym, fryzjerskim technologiom, znacznie wolniej wyp\u0142ukuj\u0105 si\u0119 z w\u0142os\u00f3w.<\/p>\n<div class=\"post-box\"><div class=\"row\"><div class=\"col-md-3 post-box-image\"><a href=\"https:\/\/www.hairstore.pl\/blog\/farby-do-bezowego-blondu\/\"><img decoding=\"async\" width=\"300\" height=\"140\" src=\"https:\/\/www.hairstore.pl\/blog\/wp-content\/uploads\/2018\/01\/be\u017cowy-blond-300x140.jpg\" class=\"attachment-medium size-medium wp-post-image\" alt=\"be\u017cowy blond zdj\u0119cia\" srcset=\"https:\/\/www.hairstore.pl\/blog\/wp-content\/uploads\/2018\/01\/be\u017cowy-blond-300x140.jpg 300w, https:\/\/www.hairstore.pl\/blog\/wp-content\/uploads\/2018\/01\/be\u017cowy-blond-768x359.jpg 768w, https:\/\/www.hairstore.pl\/blog\/wp-content\/uploads\/2018\/01\/be\u017cowy-blond-1024x478.jpg 1024w, https:\/\/www.hairstore.pl\/blog\/wp-content\/uploads\/2018\/01\/be\u017cowy-blond-845x395.jpg 845w, https:\/\/www.hairstore.pl\/blog\/wp-content\/uploads\/2018\/01\/be\u017cowy-blond.jpg 800w\" sizes=\"(max-width: 300px) 100vw, 300px\" \/><\/a><\/div><div class=\"col-md-9 post-box-title\"><div class=\"post-box-title-content\"><h4><a href=\"https:\/\/www.hairstore.pl\/blog\/farby-do-bezowego-blondu\/\">Be\u017cowy blond \u2013 tymi farbami uzyskasz wymarzony odcie\u0144<\/a><\/h4><a href=\"https:\/\/www.hairstore.pl\/blog\/farby-do-bezowego-blondu\/\" class=\"button\">Czytaj dalej<\/a><\/div><\/div><\/div><\/div>\n<h2>Top 10 farb do siwych w\u0142os\u00f3w \u2013 ranking<\/h2>\n<p>Przygotowali\u015bmy zestawienie najlepszych farb do w\u0142os\u00f3w siwych. Te produkty \u015bwietnie pokrywaj\u0105 siwe w\u0142osy, zapewniaj\u0105 naturalny i g\u0142\u0119boki efekt, a przy tym maj\u0105 szerok\u0105 gam\u0119 odcieni do wyboru. Preparaty te zapewniaj\u0105 pokrycie siwizny od 70 do nawet 100%!<\/p>\n<p><img decoding=\"async\" class=\"alignnone wp-image-20635 size-full\" src=\"https:\/\/www.hairstore.pl\/blog\/wp-content\/uploads\/2022\/06\/siwe-wlosy.jpg\" alt=\"naturalne siwe w\u0142osy, siwe w\u0142osy naturalne, siwe w\u0142osy, siwizna\" width=\"800\" height=\"450\" srcset=\"https:\/\/www.hairstore.pl\/blog\/wp-content\/uploads\/2022\/06\/siwe-wlosy.jpg 800w, https:\/\/www.hairstore.pl\/blog\/wp-content\/uploads\/2022\/06\/siwe-wlosy-300x169.jpg 300w, https:\/\/www.hairstore.pl\/blog\/wp-content\/uploads\/2022\/06\/siwe-wlosy-768x432.jpg 768w\" sizes=\"(max-width: 800px) 100vw, 800px\" \/><\/p>\n<ol>\n<li><a href=\"https:\/\/www.hairstore.pl\/schwarzkopf-igora-royal-profesjonalna-farba-do-wlosow-60ml-p3025.html\">Schwarzkopf Igora Royal<\/a> \u2013 to profesjonalna farba do w\u0142os\u00f3w o intensywnym kolorze i trwa\u0142o\u015bci, kt\u00f3ra zawiera aminokwasy, gliceryn\u0119 i arginin\u0119 dla piel\u0119gnacji w\u0142os\u00f3w podczas koloryzacji.<\/li>\n<li><a href=\"https:\/\/www.hairstore.pl\/goldwell-topchic-farba-do-wlosow-cala-paleta-60ml-p1127.html\">Goldwell Topchic<\/a> \u2013 to profesjonalna farba, kt\u00f3ra zapewnia intensywny, trwa\u0142y kolor i bogat\u0105 palet\u0119 odcieni. Dzi\u0119ki zastosowaniu technologii ochronnej, opartej na poddanych hydrolizie bia\u0142kach pszenicy i Panthenolu, produkt jest bezpieczny dla w\u0142os\u00f3w.<\/li>\n<li><a href=\"https:\/\/www.hairstore.pl\/indola-pcc-farba-do-wlosow-011-60ml-p14385.html\">Indola Permanent Caring Color<\/a> \u2013 to farba profesjonalna, kt\u00f3ra daje intensywny kolor i pe\u0142ne krycie, dzi\u0119ki technologii Color Pixel.<\/li>\n<li><a href=\"https:\/\/www.hairstore.pl\/loreal-majirel-farba-do-wlosow-cala-paleta-50ml-p1079.html\">L&#8217;Oreal Majirel<\/a> \u2013 to farba profesjonalna, kt\u00f3ra zapewnia trwa\u0142y, intensywny kolor i piel\u0119gnacj\u0119 w\u0142os\u00f3w dzi\u0119ki zawarto\u015bci specjalnego kompleksu Ionene C Incell.<\/li>\n<li><a href=\"https:\/\/www.hairstore.pl\/inebrya-color-farba-do-wlosow-koloryzacja-trwala-1-100ml-p1022.html\">Inebrya Color<\/a> \u2013 to produkt, kt\u00f3ra nadaje w\u0142osom intensywny kolor i jednocze\u015bnie je piel\u0119gnuje, dzi\u0119ki zawarto\u015bci aloesu i siemienia lnianego.<\/li>\n<li><a href=\"https:\/\/www.hairstore.pl\/londa-color-permanent-farba-do-wlosow-65-60ml-p7475.html\">Londa Color Permanent<\/a> \u2013 to preparat, kt\u00f3ry daje trwa\u0142y, intensywny kolor i jednocze\u015bnie piel\u0119gnuje w\u0142osy dzi\u0119ki zawarto\u015bci wosk\u00f3w i lipid\u00f3w.<\/li>\n<li><a href=\"https:\/\/www.hairstore.pl\/alfaparf-evolution-farba-do-wlosow-cala-paleta-1-60ml-p4888.html\">Alfaparf Evolution<\/a> \u2013 to farba profesjonalna w kremie, kt\u00f3ra zapewnia intensywny kolor i piel\u0119gnacj\u0119 w\u0142os\u00f3w dzi\u0119ki technologii CUBE 3D TECH.<\/li>\n<li><a href=\"https:\/\/www.hairstore.pl\/wella-koleston-perfect-me-farba-do-wlosow-000-60ml-p18827.html\">Wella Koleston Perfect ME<\/a> \u2013 to produkt o konsystencji kremu, kt\u00f3ry daje intensywny, trwa\u0142y kolor i jednocze\u015bnie piel\u0119gnuje w\u0142osy, dzi\u0119ki opatentowanej molekule ME+.<\/li>\n<li><a href=\"https:\/\/www.hairstore.pl\/tahe-organic-care-organiczna-farba-do-wlosow-bez-amoniaku-cala-paleta-100ml-p30636.html\">Tahe Organic Care<\/a> \u2013 to organiczna farba profesjonalna bez amoniaku, kt\u00f3ra daje intensywny, trwa\u0142y kolor i jednocze\u015bnie piel\u0119gnuje w\u0142osy dzi\u0119ki zawarto\u015bci naturalnych sk\u0142adnik\u00f3w i olejk\u00f3w ro\u015blinnych.<\/li>\n<li><a href=\"https:\/\/www.hairstore.pl\/wella-color-touch-plus-intensywny-krem-tonujacy-3306-60ml-p1123.html\">Wella Color Touch Plus<\/a> \u2013 to produkt do w\u0142os\u00f3w, kt\u00f3ry zapewnia trwa\u0142y kolor i blask, jednocze\u015bnie piel\u0119gnuj\u0105c i od\u017cywiaj\u0105c w\u0142osy. W\u0142osy pozbawione pigmentu (czyli siwe) zostaj\u0105 pokryte nawet w 70%.<\/li>\n<\/ol>\n<div id=\"hsbp-f5c0c58394859bf7c79f3eaf058dfc34\" class=\"hsbp\"><\/div>\n<p><img decoding=\"async\" class=\"alignnone wp-image-22509 size-full\" src=\"https:\/\/www.hairstore.pl\/blog\/wp-content\/uploads\/2023\/04\/farby-do-wlosow-siwych.jpg\" alt=\"farby do siwych w\u0142os\u00f3w, farbowanie siwych w\u0142os\u00f3w\" width=\"800\" height=\"450\" srcset=\"https:\/\/www.hairstore.pl\/blog\/wp-content\/uploads\/2023\/04\/farby-do-wlosow-siwych.jpg 800w, https:\/\/www.hairstore.pl\/blog\/wp-content\/uploads\/2023\/04\/farby-do-wlosow-siwych-300x169.jpg 300w, https:\/\/www.hairstore.pl\/blog\/wp-content\/uploads\/2023\/04\/farby-do-wlosow-siwych-768x432.jpg 768w\" sizes=\"(max-width: 800px) 100vw, 800px\" \/><\/p>\n<h2>Jak dba\u0107 o farbowane w\u0142osy, \u017ceby kolor si\u0119 nie wyp\u0142ukiwa\u0142?<\/h2>\n<p>Farbowane w\u0142osy potrzebuj\u0105 szczeg\u00f3lnej uwagi, aby kolor nie wyp\u0142ukiwa\u0142 si\u0119 zbyt szybko. Przede wszystkim, pami\u0119taj, aby wybiera\u0107 <a href=\"https:\/\/www.hairstore.pl\/pielegnacja-wlosow_ochrona-koloru\">produkty do piel\u0119gnacji specjalnie przeznaczone dla w\u0142os\u00f3w farbowanych<\/a>, kt\u00f3re pomog\u0105 utrzyma\u0107 kolor. K\u0105p si\u0119 w letniej lub ch\u0142odnej wodzie, aby unikn\u0105\u0107 przyspieszonego wyp\u0142ukiwania koloru.<\/p>\n<div id=\"hsbp-35f4da78090fe9b61405b956e3e95278\" class=\"hsbp\"><\/div>\n<p>Chro\u0144 swoje w\u0142osy przed s\u0142o\u0144cem i innymi czynnikami zewn\u0119trznymi. Dodatkowo odpowiednia dieta bogata w bia\u0142ko, witaminy i minera\u0142y r\u00f3wnie\u017c wp\u0142ynie pozytywnie na kondycj\u0119 w\u0142os\u00f3w. Pami\u0119taj, \u017ce podstaw\u0105 ka\u017cdej piel\u0119gnacji jest dobrze dobrany szampon do w\u0142os\u00f3w (<a href=\"https:\/\/www.hairstore.pl\/blog\/najlepsze-szampony-do-wlosow-ulubiency-2025-ranking-top-8\/\"><strong>tutaj znajdziesz nasz nowiutki ranking<\/strong><\/a>). Uzupe\u0142nieniem <a href=\"https:\/\/www.hairstore.pl\/blog\/top-10-olejki-do-wlosow\"><strong>dzia\u0142ania olejku (odkryj ich ranking z 2025 roku)<\/strong><\/a> b\u0119dzie tak\u017ce maska nawil\u017caj\u0105ca (<a href=\"https:\/\/www.hairstore.pl\/blog\/najlepsze-maski-nawilzajace-do-wlosow-2025-nasze-top-8\/\"><strong>je\u015bli zastanawiasz si\u0119 jak\u0105 wybra\u0107, to tutaj czekaj\u0105 na Ciebie podpowiedzi<\/strong><\/a>). Nie zapomnij r\u00f3wnie\u017c o regularnym peelingu sk\u00f3ry g\u0142owy (<a href=\"https:\/\/www.hairstore.pl\/blog\/peeling-skory-glowy-ktory-wybrac-ranking\/\"><strong>sprawd\u017a polecajki uwielbiane przez dziewczyny z Hairstore.pl.<\/strong><\/a>).<\/p>\n<p>A je\u015bli potrzebujesz inspiracji na ci\u0119cia w\u0142os\u00f3w to koniecznie odkryj <a href=\"https:\/\/www.hairstore.pl\/blog\/fryzury-odmladzajace\/\"><strong>klasyczne fryzury odm\u0142adzaj\u0105ce \u2013 ci\u0119cia, kt\u00f3re odejm\u0105 Ci lat.\u00a0<\/strong><\/a><\/p>\n<p>&nbsp;<\/p>\n<figure id=\"attachment_25390\" aria-describedby=\"caption-attachment-25390\" style=\"width: 585px\" class=\"wp-caption alignnone\"><a href=\"https:\/\/www.hairstore.pl\/kody-rabatowe-r1273.html\"><img decoding=\"async\" class=\" wp-image-25390\" src=\"https:\/\/www.hairstore.pl\/blog\/wp-content\/uploads\/2025\/05\/kody-rabatowe-min.jpg\" alt=\"Kody rabatowe z hairstore.pl\" width=\"585\" height=\"329\" srcset=\"https:\/\/www.hairstore.pl\/blog\/wp-content\/uploads\/2025\/05\/kody-rabatowe-min.jpg 800w, https:\/\/www.hairstore.pl\/blog\/wp-content\/uploads\/2025\/05\/kody-rabatowe-min-300x169.jpg 300w, https:\/\/www.hairstore.pl\/blog\/wp-content\/uploads\/2025\/05\/kody-rabatowe-min-768x432.jpg 768w\" sizes=\"(max-width: 585px) 100vw, 585px\" \/><\/a><figcaption id=\"caption-attachment-25390\" class=\"wp-caption-text\"><a href=\"https:\/\/www.hairstore.pl\/kody-rabatowe-r1273.html\">Odkryj kody rabatowe na Twoje ulubione marki!<\/a><\/figcaption><\/figure>\n","protected":false},"excerpt":{"rendered":"<p>Farbowanie siwych w\u0142os\u00f3w mo\u017ce by\u0107 trudnym zadaniem, poniewa\u017c maj\u0105 tendencj\u0119 do wch\u0142aniania farby w inny spos\u00f3b ni\u017c naturalne w\u0142osy. Jak sobie z tym poradzi\u0107?<\/p>\n","protected":false},"author":14,"featured_media":22510,"comment_status":"open","ping_status":"open","sticky":false,"template":"","format":"standard","meta":{"footnotes":""},"categories":[11],"tags":[341,11637],"yst_prominent_words":[6539,722,883,11060,1570,875,717],"class_list":["post-22498","post","type-post","status-publish","format-standard","has-post-thumbnail","hentry","category-porady","tag-farbowanie","tag-siwe-wlosy"],"_links":{"self":[{"href":"https:\/\/www.hairstore.pl\/blog\/wp-json\/wp\/v2\/posts\/22498","targetHints":{"allow":["GET"]}}],"collection":[{"href":"https:\/\/www.hairstore.pl\/blog\/wp-json\/wp\/v2\/posts"}],"about":[{"href":"https:\/\/www.hairstore.pl\/blog\/wp-json\/wp\/v2\/types\/post"}],"author":[{"embeddable":true,"href":"https:\/\/www.hairstore.pl\/blog\/wp-json\/wp\/v2\/users\/14"}],"replies":[{"embeddable":true,"href":"https:\/\/www.hairstore.pl\/blog\/wp-json\/wp\/v2\/comments?post=22498"}],"version-history":[{"count":7,"href":"https:\/\/www.hairstore.pl\/blog\/wp-json\/wp\/v2\/posts\/22498\/revisions"}],"predecessor-version":[{"id":26135,"href":"https:\/\/www.hairstore.pl\/blog\/wp-json\/wp\/v2\/posts\/22498\/revisions\/26135"}],"wp:featuredmedia":[{"embeddable":true,"href":"https:\/\/www.hairstore.pl\/blog\/wp-json\/wp\/v2\/media\/22510"}],"wp:attachment":[{"href":"https:\/\/www.hairstore.pl\/blog\/wp-json\/wp\/v2\/media?parent=22498"}],"wp:term":[{"taxonomy":"category","embeddable":true,"href":"https:\/\/www.hairstore.pl\/blog\/wp-json\/wp\/v2\/categories?post=22498"},{"taxonomy":"post_tag","embeddable":true,"href":"https:\/\/www.hairstore.pl\/blog\/wp-json\/wp\/v2\/tags?post=22498"},{"taxonomy":"yst_prominent_words","embeddable":true,"href":"https:\/\/www.hairstore.pl\/blog\/wp-json\/wp\/v2\/yst_prominent_words?post=22498"}],"curies":[{"name":"wp","href":"https:\/\/api.w.org\/{rel}","templated":true}]}}