{"id":21943,"date":"2022-12-27T14:06:40","date_gmt":"2022-12-27T13:06:40","guid":{"rendered":"https:\/\/www.hairstore.pl\/blog\/?p=21943"},"modified":"2022-12-27T14:07:24","modified_gmt":"2022-12-27T13:07:24","slug":"alpejski-blond-najmodniejszym-kolorem-zimy-2023","status":"publish","type":"post","link":"https:\/\/www.hairstore.pl\/blog\/alpejski-blond-najmodniejszym-kolorem-zimy-2023\/","title":{"rendered":"Alpejski blond najmodniejszym kolorem w zimie 2023!"},"content":{"rendered":"<p>Kobiety, kt\u00f3re pragn\u0105 zmieni\u0107 w najbli\u017cszym czasie swoj\u0105 fryzur\u0119, powinny zastanowi\u0107 si\u0119 nad wyborem nowego, wyrazistego koloru. Proponujemy zatem popularny trend tzw. alpejski blond, o kt\u00f3rym coraz g\u0142o\u015bniej na ca\u0142ym \u015bwiecie.<\/p>\n<p><!--more--><\/p>\n<p>Przekonaj si\u0119 sama i sprawd\u017a, dlaczego jest on aktualnie na topie? Czy alpejski blond to kolor dla Ciebie?<\/p>\n<h2>Trendy w koloryzacji w\u0142os\u00f3w 2023<\/h2>\n<p>Wraz z od\u015bwie\u017ceniem garderoby warto zmieni\u0107 r\u00f3wnie\u017c nasz\u0105 fryzur\u0119. Trendy w koloryzacji w\u0142os\u00f3w stale si\u0119 zmieniaj\u0105. W\u015br\u00f3d modnych kolor\u00f3w na zim\u0119 2023 swoje miejsce znalaz\u0142 blond w mro\u017anej ods\u0142onie, a dok\u0142adnie <strong>alpejski blond<\/strong>.<\/p>\n<p>Zastanawiasz si\u0119 nad zmian\u0105 koloru w\u0142os\u00f3w? Nie wahaj si\u0119 i ju\u017c dzi\u015b um\u00f3w si\u0119 na koloryzacj\u0119 u fryzjera. Postaw na alpejski blond, kt\u00f3ry w nadchodz\u0105c\u0105 zim\u0119 b\u0119dzie doskona\u0142ym hitem.<\/p>\n<figure id=\"attachment_21945\" aria-describedby=\"caption-attachment-21945\" style=\"width: 800px\" class=\"wp-caption alignnone\"><img decoding=\"async\" class=\"wp-image-21945 size-full\" src=\"https:\/\/www.hairstore.pl\/blog\/wp-content\/uploads\/2022\/12\/alpejski-blond-trendy-2023.jpg\" alt=\"alpejski blond, mro\u017any blond, zimny blond, cool blonde hair\" width=\"800\" height=\"450\" srcset=\"https:\/\/www.hairstore.pl\/blog\/wp-content\/uploads\/2022\/12\/alpejski-blond-trendy-2023.jpg 800w, https:\/\/www.hairstore.pl\/blog\/wp-content\/uploads\/2022\/12\/alpejski-blond-trendy-2023-300x169.jpg 300w, https:\/\/www.hairstore.pl\/blog\/wp-content\/uploads\/2022\/12\/alpejski-blond-trendy-2023-768x432.jpg 768w\" sizes=\"(max-width: 800px) 100vw, 800px\" \/><figcaption id=\"caption-attachment-21945\" class=\"wp-caption-text\">\u0179r\u00f3d\u0142o: hadviser.com, glowsly.com, lovehairstyles.com<\/figcaption><\/figure>\n<h2>Alpejski blond<\/h2>\n<p>Obecnie wiele kobiet wybiera wyraziste odcienie blondu.<\/p>\n<p>Dlaczego?<\/p>\n<div id=\"hsbp-870eebe00f186ae00032331654d1ad13\" class=\"hsbp\"><\/div>\n<p>Przede wszystkim dlatego, \u017ce s\u0105 one efektowne i nale\u017c\u0105 do modnych kolor\u00f3w w\u0142os\u00f3w w zimie 2023. Ciekawym przyk\u0142adem jest wi\u0119c charakterystyczny blond w wersji &#8222;alpejskiej&#8221;. Na pewno kojarzycie lodowate odcienie tego koloru, kt\u00f3re ju\u017c od dawna ciesz\u0105 si\u0119 nies\u0142abn\u0105cym zainteresowaniem. St\u0105d w\u0142a\u015bnie wzi\u0119\u0142a si\u0119 nazwa alpejskiego blondu. <strong>To ch\u0142odny odcie\u0144, pasuj\u0105cy do wszystkich typ\u00f3w sk\u00f3ry, fryzur czy te\u017c d\u0142ugo\u015bci.<\/strong> Obecny na wybiegach czy Instagramie alpejski blond oddaje nam klimat g\u00f3r skandynawskich.<\/p>\n<figure id=\"attachment_21947\" aria-describedby=\"caption-attachment-21947\" style=\"width: 800px\" class=\"wp-caption alignnone\"><img decoding=\"async\" class=\"wp-image-21946 size-full\" src=\"https:\/\/www.hairstore.pl\/blog\/wp-content\/uploads\/2022\/12\/mrozny-blond-wlosy.jpg\" alt=\"alpejski blond, mro\u017any blond, zimny blond, cool blonde hair\" width=\"800\" height=\"450\" srcset=\"https:\/\/www.hairstore.pl\/blog\/wp-content\/uploads\/2022\/12\/mrozny-blond-wlosy.jpg 800w, https:\/\/www.hairstore.pl\/blog\/wp-content\/uploads\/2022\/12\/mrozny-blond-wlosy-300x169.jpg 300w, https:\/\/www.hairstore.pl\/blog\/wp-content\/uploads\/2022\/12\/mrozny-blond-wlosy-768x432.jpg 768w\" sizes=\"(max-width: 800px) 100vw, 800px\" \/><figcaption id=\"caption-attachment-21947\" class=\"wp-caption-text\">\u0179r\u00f3d\u0142o: southernliving.com, latest-hairstyles.com,\u00a0hairbynatalia.com<\/figcaption><\/figure>\n<p>Jednak lodowate odcienie blondu by\u0142y znane nam ju\u017c nieco wcze\u015bniej &#8211; alpejski blond nie jest odkryciem zimy 2023. Nawet sama Marilyn Monroe nosi\u0142a ten modny kolor. Najwi\u0119ksza znana aktorka, producentka filmowa oraz gwiazda lat 50. i 60. XX. <strong>Alpejski blond od lat kr\u00f3luje r\u00f3wnie\u017c na czerwonym dywanie.<\/strong> Nosz\u0105 go znane i lubiane aktorki.<\/p>\n<div class=\"post-box\"><div class=\"row\"><div class=\"col-md-3 post-box-image\"><a href=\"https:\/\/www.hairstore.pl\/blog\/siwe-wlosy-8-faktow\/\"><img decoding=\"async\" width=\"300\" height=\"169\" src=\"https:\/\/www.hairstore.pl\/blog\/wp-content\/uploads\/2020\/06\/siwe-wlosy-pielegnacja-300x169.jpg\" class=\"attachment-medium size-medium wp-post-image\" alt=\"siwe w\u0142osy, piel\u0119gnacja siwych w\u0142os\u00f3w, jak dba\u0107 o siwe w\u0142osy\" srcset=\"https:\/\/www.hairstore.pl\/blog\/wp-content\/uploads\/2020\/06\/siwe-wlosy-pielegnacja-300x169.jpg 300w, https:\/\/www.hairstore.pl\/blog\/wp-content\/uploads\/2020\/06\/siwe-wlosy-pielegnacja-768x432.jpg 768w, https:\/\/www.hairstore.pl\/blog\/wp-content\/uploads\/2020\/06\/siwe-wlosy-pielegnacja-1024x576.jpg 1024w, https:\/\/www.hairstore.pl\/blog\/wp-content\/uploads\/2020\/06\/siwe-wlosy-pielegnacja.jpg 800w\" sizes=\"(max-width: 300px) 100vw, 300px\" \/><\/a><\/div><div class=\"col-md-9 post-box-title\"><div class=\"post-box-title-content\"><h4><a href=\"https:\/\/www.hairstore.pl\/blog\/siwe-wlosy-8-faktow\/\">8 fakt\u00f3w, kt\u00f3re musisz zna\u0107, je\u015bli chcesz zafarbowa\u0107 w\u0142osy na siwo<\/a><\/h4><a href=\"https:\/\/www.hairstore.pl\/blog\/siwe-wlosy-8-faktow\/\" class=\"button\">Czytaj dalej<\/a><\/div><\/div><\/div><\/div>\n<p>No i nie mo\u017cna zapomnie\u0107 o najpopularniejszej chyba w popkulturze kr\u00f3lowej smok\u00f3w, czyli\u00a0 Daenerys Targaryen ze s\u0142ynnej<em> Gry o Tron<\/em>.<\/p>\n<div id=\"hsbp-b8cdfeda438fd575722aac13c5dcd6af\" class=\"hsbp\"><\/div>\n<h2>Nadanie w\u0142osom modnego koloru blond<\/h2>\n<p>Je\u015bli zdecydujesz si\u0119 na alpejski blond maj\u0105c ciemny kolor w\u0142os\u00f3w, musisz uzbroi\u0107 si\u0119 w cierpliwo\u015b\u0107. Nadanie w\u0142osom alpejskiego blondu to proces etapowy, na kt\u00f3ry sk\u0142ada si\u0119 wiele sesji. Aby uzyska\u0107 lepszy efekt, nale\u017cy wcze\u015bniej u\u017cy\u0107 rozja\u015bniacza na ca\u0142ej d\u0142ugo\u015bci w\u0142os\u00f3w.<\/p>\n<div class=\"post-box\"><div class=\"row\"><div class=\"col-md-3 post-box-image\"><a href=\"https:\/\/www.hairstore.pl\/blog\/trendy-koloryzacja-wlosow-jesien-zima-2022-2023\/\"><img decoding=\"async\" width=\"300\" height=\"169\" src=\"https:\/\/www.hairstore.pl\/blog\/wp-content\/uploads\/2022\/09\/kolory-wlosow-jesien-zima-2022-2023-300x169.jpg\" class=\"attachment-medium size-medium wp-post-image\" alt=\"modne kolory w\u0142os\u00f3w jesie\u0144 zima 2022 2023\" srcset=\"https:\/\/www.hairstore.pl\/blog\/wp-content\/uploads\/2022\/09\/kolory-wlosow-jesien-zima-2022-2023-300x169.jpg 300w, https:\/\/www.hairstore.pl\/blog\/wp-content\/uploads\/2022\/09\/kolory-wlosow-jesien-zima-2022-2023-768x432.jpg 768w, https:\/\/www.hairstore.pl\/blog\/wp-content\/uploads\/2022\/09\/kolory-wlosow-jesien-zima-2022-2023.jpg 800w\" sizes=\"(max-width: 300px) 100vw, 300px\" \/><\/a><\/div><div class=\"col-md-9 post-box-title\"><div class=\"post-box-title-content\"><h4><a href=\"https:\/\/www.hairstore.pl\/blog\/trendy-koloryzacja-wlosow-jesien-zima-2022-2023\/\">Te kolory w\u0142os\u00f3w to hit na sezon jesie\u0144-zima 2022\/2023!<\/a><\/h4><a href=\"https:\/\/www.hairstore.pl\/blog\/trendy-koloryzacja-wlosow-jesien-zima-2022-2023\/\" class=\"button\">Czytaj dalej<\/a><\/div><\/div><\/div><\/div>\n<p>Kluczem do otrzymania wyrazistego i charakterystycznego koloru alpejskiego blondu b\u0119dzie przeprowadzenie umiej\u0119tnej koloryzacji w\u0142os\u00f3w. W celu wykonania tej czynno\u015bci zalecamy uda\u0107 si\u0119 do profesjonalnego zak\u0142adu fryzjerskiego. Dzi\u0119ki najlepszym fachowcom w tej bran\u017cy dowiemy si\u0119, czy alpejski blond jest mo\u017cliwy do uzyskania na naszym odcieniu w\u0142os\u00f3w.<\/p>\n<div id=\"hsbp-5a5043cae88a91b500f342500c79eee0\" class=\"hsbp\"><\/div>\n<p>Jak ju\u017c pisali\u015bmy wcze\u015bniej, alpejski blond potrafi odda\u0107 og\u00f3lny efekt lodu. Na pewno znasz bajk\u0119 <em>Kraina Lodu<\/em>. To tutaj wyst\u0119puje ksi\u0119\u017cniczka Elza, posiadaczka modnej fryzury w kolorze alpejskiego blondu. Jego odcie\u0144 \u0142\u0105czy mieszank\u0119 ch\u0142odnych, bia\u0142ych i \u015brednich ton\u00f3w oraz eksponuje subtelny charakter ch\u0142odu.<\/p>\n<div class=\"post-box\"><div class=\"row\"><div class=\"col-md-3 post-box-image\"><a href=\"https:\/\/www.hairstore.pl\/blog\/pearly-golden\/\"><img decoding=\"async\" width=\"300\" height=\"169\" src=\"https:\/\/www.hairstore.pl\/blog\/wp-content\/uploads\/2021\/08\/pearly-golden-trendy-2021-300x169.jpg\" class=\"attachment-medium size-medium wp-post-image\" alt=\"pearly golden baleyage\" srcset=\"https:\/\/www.hairstore.pl\/blog\/wp-content\/uploads\/2021\/08\/pearly-golden-trendy-2021-300x169.jpg 300w, https:\/\/www.hairstore.pl\/blog\/wp-content\/uploads\/2021\/08\/pearly-golden-trendy-2021-1024x576.jpg 1024w, https:\/\/www.hairstore.pl\/blog\/wp-content\/uploads\/2021\/08\/pearly-golden-trendy-2021-768x432.jpg 768w, https:\/\/www.hairstore.pl\/blog\/wp-content\/uploads\/2021\/08\/pearly-golden-trendy-2021.jpg 800w\" sizes=\"(max-width: 300px) 100vw, 300px\" \/><\/a><\/div><div class=\"col-md-9 post-box-title\"><div class=\"post-box-title-content\"><h4><a href=\"https:\/\/www.hairstore.pl\/blog\/pearly-golden\/\">Chcesz od\u015bwie\u017cy\u0107 blond? Postaw na pearly golden!<\/a><\/h4><a href=\"https:\/\/www.hairstore.pl\/blog\/pearly-golden\/\" class=\"button\">Czytaj dalej<\/a><\/div><\/div><\/div><\/div>\n<p>Trendy w koloryzacji w\u0142os\u00f3w 2023 pokazuj\u0105 nam, jak bardzo alpejski blond stanie si\u0119 cenionym i popularnym przyk\u0142adem fryzury. To \u017cywy kolor o wielowymiarowym efekcie.<\/p>\n","protected":false},"excerpt":{"rendered":"<p>Kobiety, kt\u00f3re pragn\u0105 zmieni\u0107 w najbli\u017cszym czasie swoj\u0105 fryzur\u0119, powinny zastanowi\u0107 si\u0119 nad wyborem nowego, wyrazistego koloru. Proponujemy zatem popularny trend tzw. alpejski blond, o kt\u00f3rym coraz g\u0142o\u015bniej na ca\u0142ym \u015bwiecie.<\/p>\n","protected":false},"author":15,"featured_media":21951,"comment_status":"open","ping_status":"open","sticky":false,"template":"","format":"standard","meta":{"footnotes":""},"categories":[9421],"tags":[11368],"yst_prominent_words":[2218,722,1564,1313,704],"class_list":["post-21943","post","type-post","status-publish","format-standard","has-post-thumbnail","hentry","category-trendy","tag-modne-fryzury"],"_links":{"self":[{"href":"https:\/\/www.hairstore.pl\/blog\/wp-json\/wp\/v2\/posts\/21943","targetHints":{"allow":["GET"]}}],"collection":[{"href":"https:\/\/www.hairstore.pl\/blog\/wp-json\/wp\/v2\/posts"}],"about":[{"href":"https:\/\/www.hairstore.pl\/blog\/wp-json\/wp\/v2\/types\/post"}],"author":[{"embeddable":true,"href":"https:\/\/www.hairstore.pl\/blog\/wp-json\/wp\/v2\/users\/15"}],"replies":[{"embeddable":true,"href":"https:\/\/www.hairstore.pl\/blog\/wp-json\/wp\/v2\/comments?post=21943"}],"version-history":[{"count":4,"href":"https:\/\/www.hairstore.pl\/blog\/wp-json\/wp\/v2\/posts\/21943\/revisions"}],"predecessor-version":[{"id":21950,"href":"https:\/\/www.hairstore.pl\/blog\/wp-json\/wp\/v2\/posts\/21943\/revisions\/21950"}],"wp:featuredmedia":[{"embeddable":true,"href":"https:\/\/www.hairstore.pl\/blog\/wp-json\/wp\/v2\/media\/21951"}],"wp:attachment":[{"href":"https:\/\/www.hairstore.pl\/blog\/wp-json\/wp\/v2\/media?parent=21943"}],"wp:term":[{"taxonomy":"category","embeddable":true,"href":"https:\/\/www.hairstore.pl\/blog\/wp-json\/wp\/v2\/categories?post=21943"},{"taxonomy":"post_tag","embeddable":true,"href":"https:\/\/www.hairstore.pl\/blog\/wp-json\/wp\/v2\/tags?post=21943"},{"taxonomy":"yst_prominent_words","embeddable":true,"href":"https:\/\/www.hairstore.pl\/blog\/wp-json\/wp\/v2\/yst_prominent_words?post=21943"}],"curies":[{"name":"wp","href":"https:\/\/api.w.org\/{rel}","templated":true}]}}