{"id":21750,"date":"2022-11-30T12:33:41","date_gmt":"2022-11-30T11:33:41","guid":{"rendered":"https:\/\/www.hairstore.pl\/blog\/?p=21750"},"modified":"2022-11-30T12:33:41","modified_gmt":"2022-11-30T11:33:41","slug":"suszarko-lokowki-do-wlosow-najlepsze-na-prezent","status":"publish","type":"post","link":"https:\/\/www.hairstore.pl\/blog\/suszarko-lokowki-do-wlosow-najlepsze-na-prezent\/","title":{"rendered":"Suszarko-lok\u00f3wki do w\u0142os\u00f3w najlepsze na prezent"},"content":{"rendered":"<p>\u015awi\u0119ta ju\u017c nied\u0142ugo, a Ty jeszcze nie wiesz, co ukry\u0107 w kartoniku z kokard\u0105, kt\u00f3ry znajdzie si\u0119 pod choink\u0105? Je\u015bli szukasz prezentu dla niej, to dobrym wyborem mo\u017ce okaza\u0107 si\u0119 suszarko-lok\u00f3wka. To sprz\u0119t, kt\u00f3ry u\u0142atwia codzienn\u0105 stylizacj\u0119. Suszarko-lok\u00f3wk\u0119 pokochaj\u0105 przede wszystkim osoby o kr\u00f3tszych w\u0142osach, kt\u00f3rym zale\u017cy na wyczarowaniu dodatkowej obj\u0119to\u015bci.<\/p>\n<p><!--more--><\/p>\n<p><a href=\"https:\/\/www.hairstore.pl\/suszarko-lokowki-babyliss-pro\">Suszarko-lok\u00f3wka<\/a> pozwala szybko uzyska\u0107 e<strong>fekt fal na w\u0142osach kr\u00f3tkich<\/strong>. Ten sprz\u0119t stanowi ciekaw\u0105 alternatyw\u0119 dla wa\u0142k\u00f3w &#8211; podobn\u0105 fryzur\u0119 pozwoli stworzy\u0107 szybciej.<\/p>\n<h2>Suszarko-lok\u00f3wka to recepta na \u0142atw\u0105 stylizacj\u0119 w\u0142os\u00f3w<\/h2>\n<p>Dlaczego kobiety ceni\u0105 suszarko-lok\u00f3wki? Bo pozwalaj\u0105 zaoszcz\u0119dzi\u0107 czas i osi\u0105gn\u0105\u0107 \u0142atwo efekt fal czy lok\u00f3w.<\/p>\n<p><strong>Suszarko-lok\u00f3wki do w\u0142os\u00f3w maj\u0105 wiele zalet:<\/strong><\/p>\n<ul>\n<li>to \u015bwietna alternatywa dla tradycyjnych wa\u0142k\u00f3w<\/li>\n<li>oszcz\u0119dzasz czas: jednocze\u015bnie suszysz w\u0142osy i je stylizujesz<\/li>\n<li>polecana jest do w\u0142os\u00f3w kr\u00f3tkich, do ramion<\/li>\n<li>na w\u0142osach d\u0142u\u017cszych pozwoli uzyska\u0107 delikatne pofalowanie i odbije od nasady dla optycznego efektu wi\u0119kszej obj\u0119to\u015bci<\/li>\n<li>u\u017cywanie tego sprz\u0119tu jest \u0142atwe<\/li>\n<\/ul>\n<h2>Najlepsze suszarko-lok\u00f3wki na prezent od BaByliss PRO<\/h2>\n<p>Dla kogo dobrym prezentem b\u0119dzie suszarko-lok\u00f3wka? Ju\u017c podpowiadamy.<\/p>\n<ul>\n<li>dla os\u00f3b z kr\u00f3tkimi w\u0142osami, kt\u00f3rym zale\u017cy na lokach (suszarko-lok\u00f3wka idealnie sprawdzi si\u0119 przy w\u0142osach do ramion)<\/li>\n<li>dla tych, kt\u00f3rzy maj\u0105 cienkie w\u0142osy, b\u0105d\u017a takie z tendencj\u0105 do oklapni\u0119cia (suszarko-lok\u00f3wka odbije kosmyki od nasady i doda im obj\u0119to\u015bci, szczeg\u00f3lnie w duecie z odpowiednimi kosmetykami)<\/li>\n<li>ale te\u017c dla posiadaczek d\u0142u\u017cszych w\u0142os\u00f3w, je\u015bli chc\u0105 je szybko suszy\u0107 i lekko pofalowa\u0107<\/li>\n<\/ul>\n<p>Warto pami\u0119ta\u0107, \u017ceby nie nakr\u0119ca\u0107 d\u0142ugich w\u0142os\u00f3w na suszarko-lok\u00f3wk\u0119, bo grozi to ich popl\u0105taniem. Je\u015bli chcesz wi\u0119c sprawi\u0107 mi\u0142y prezent osobie z pasmami d\u0142u\u017cszymi ni\u017c do ramion, upewnij si\u0119, \u017ce wie, jak u\u017cywa\u0107 poprawnie tego typu sprz\u0119tu.<\/p>\n<div class=\"post-box\"><div class=\"row\"><div class=\"col-md-3 post-box-image\"><a href=\"https:\/\/www.hairstore.pl\/blog\/suszarko-lokowka-pytania-i-odpowiedzi\/\"><img decoding=\"async\" width=\"300\" height=\"169\" src=\"https:\/\/www.hairstore.pl\/blog\/wp-content\/uploads\/2022\/06\/suszarko-lokowki-i-lokowko-szczotki-min-300x169.jpg\" class=\"attachment-medium size-medium wp-post-image\" alt=\"suszarko-lok\u00f3wki i szczotko-lok\u00f3wki\" srcset=\"https:\/\/www.hairstore.pl\/blog\/wp-content\/uploads\/2022\/06\/suszarko-lokowki-i-lokowko-szczotki-min-300x169.jpg 300w, https:\/\/www.hairstore.pl\/blog\/wp-content\/uploads\/2022\/06\/suszarko-lokowki-i-lokowko-szczotki-min-768x432.jpg 768w, https:\/\/www.hairstore.pl\/blog\/wp-content\/uploads\/2022\/06\/suszarko-lokowki-i-lokowko-szczotki-min.jpg 800w\" sizes=\"(max-width: 300px) 100vw, 300px\" \/><\/a><\/div><div class=\"col-md-9 post-box-title\"><div class=\"post-box-title-content\"><h4><a href=\"https:\/\/www.hairstore.pl\/blog\/suszarko-lokowka-pytania-i-odpowiedzi\/\">Okiem eksperta: suszarko-lok\u00f3wki. Odpowiada Iwanna Paprota<\/a><\/h4><a href=\"https:\/\/www.hairstore.pl\/blog\/suszarko-lokowka-pytania-i-odpowiedzi\/\" class=\"button\">Czytaj dalej<\/a><\/div><\/div><\/div><\/div>\n<h3>Typy redakcji<\/h3>\n<p>Przygotowali\u015bmy opis kilku suszarko-lok\u00f3wek od renomowanej <a href=\"https:\/\/www.hairstore.pl\/babyliss-pro-m3.html\">marki BaBylissPRO<\/a>, kt\u00f3re b\u0119d\u0105 idealne na prezent. BaBylissPRO to produkty od lat wybierane przez fryzjer\u00f3w.<\/p>\n<div id=\"hsbp-142d79780dc761cd42f495f2de16b2e2\" class=\"hsbp\"><\/div>\n<h4>BaByliss PRO Air Styler Magic<\/h4>\n<p>Rewelacyjna <a href=\"https:\/\/www.hairstore.pl\/babyliss-pro-air-styler-magic-suszarko-lokowka-18-bab663e-p191.html\">suszarko-lok\u00f3wka Air Styler Magic<\/a> ma \u015brednic\u0119 18 mm. Bardzo dok\u0142adnie modeluje i podkr\u0119ca w\u0142osy dzi\u0119ki ciep\u0142emu przep\u0142ywowi powietrza. Szczotka wyposa\u017cona w chowane z\u0105bki z materia\u0142u odpornego na dzia\u0142anie wysokich temperatur. Ma moc 140W. Stylizacj\u0119 u\u0142atwia obrotowy przew\u00f3d zasilaj\u0105cy o d\u0142ugo\u015bci 1.95 m (co sprawdzi si\u0119 te\u017c w mniejszych pomieszczeniach).<\/p>\n<p><iframe loading=\"lazy\" title=\"YouTube video player\" src=\"https:\/\/www.youtube.com\/embed\/ekPvVd1oZ9c\" width=\"560\" height=\"315\" frameborder=\"0\" allowfullscreen=\"allowfullscreen\"><\/iframe><\/p>\n<h3>Babyliss PRO Air Styler Titanium Tourmaline<\/h3>\n<p><a href=\"https:\/\/www.hairstore.pl\/babyliss-pro-air-styler-titanium-tourmaline-suszarko-lokowka-32mm-bab2676tte-p3197.html\">Ceramiczna suszarko-lok\u00f3wka Air Styler Titanium Tourmaline<\/a>\u00a0 dok\u0142adnie i starannie modeluje i podkr\u0119ca w\u0142osy, a dzi\u0119ki mo\u017cliwo\u015bci regulacji si\u0142y nawiewu i wysoko\u015bci temperatury mo\u017cemy kontrolowa\u0107 efekt modelowania i podkr\u0119cania. Szczeciny szczotki modeluj\u0105cej s\u0105 izolowane i odporne na dzia\u0142anie wysokich temperatur. Korpus szczotki wykonany z ceramiki nie odkszta\u0142ca si\u0119 i nie p\u0119ka.<\/p>\n<p>Ta suszarko-lok\u00f3wka jest dost\u0119pna w kilku wersjach r\u00f3\u017cni\u0105cych si\u0119 \u015brednic\u0105.<\/p>\n<h3>BaByliss PRO Blue Lightning<\/h3>\n<p>Wyposa\u017cona w okr\u0105g\u0142\u0105 szczotk\u0119 o szeroko\u015bci 32mm oraz aluminiowy korpus idealna do modelowania lekkich lok\u00f3w i fal. <a href=\"https:\/\/www.hairstore.pl\/babyliss-pro-suszarko-lokowka-blue-lightning-bab2620e-p97.html\">Model BAB2620E<\/a> posiada dwa zakresy nawiewu i bardzo praktycznie umieszczony prze\u0142\u0105cznik.<\/p>\n<p>Kolor niebieski i prze\u017aroczysta obudowa daj\u0105 tej lok\u00f3wko-suszarce bardzo nowoczesny i atrakcyjny wygl\u0105d.<\/p>\n<h2>Protip: Jak u\u017cywa\u0107 suszarko-lok\u00f3wki?<\/h2>\n<p>Suszarko-lok\u00f3wk\u0119 przyk\u0142adamy u nasady, zakr\u0119camy w\u0142osy na tub\u0119 grzewcz\u0105, chwil\u0119 przytrzymujemy, po czym odkr\u0119camy w\u0142osy, delikatnie wyci\u0105gaj\u0105c urz\u0105dzenie. Tak post\u0119pujemy oczywi\u015bcie przy w\u0142osach kr\u00f3tkich, do ucha. Przy d\u0142u\u017cszych mo\u017cna przytrzyma\u0107 urz\u0105dzenie blisko nasady dla efektu odbicia, a potem przeci\u0105gn\u0105\u0107 nim po d\u0142ugo\u015bci dla dodatkowego wyg\u0142adzenia.<\/p>\n","protected":false},"excerpt":{"rendered":"<p>\u015awi\u0119ta ju\u017c nied\u0142ugo, a Ty jeszcze nie wiesz, co ukry\u0107 w kartoniku z kokard\u0105, kt\u00f3ry znajdzie si\u0119 pod choink\u0105? Je\u015bli szukasz prezentu dla niej, to dobrym wyborem mo\u017ce okaza\u0107 si\u0119 suszarko-lok\u00f3wka. To sprz\u0119t, kt\u00f3ry u\u0142atwia codzienn\u0105 stylizacj\u0119. Suszarko-lok\u00f3wk\u0119 pokochaj\u0105 przede wszystkim osoby o kr\u00f3tszych w\u0142osach, kt\u00f3rym zale\u017cy na wyczarowaniu dodatkowej obj\u0119to\u015bci.<\/p>\n","protected":false},"author":8,"featured_media":21759,"comment_status":"open","ping_status":"open","sticky":false,"template":"","format":"standard","meta":{"footnotes":""},"categories":[2],"tags":[150,11364],"yst_prominent_words":[4205,1230,4200,4198,4204,4201,4194],"class_list":["post-21750","post","type-post","status-publish","format-standard","has-post-thumbnail","hentry","category-aktualnosci","tag-babylisspro","tag-sprzet-do-wlosow"],"_links":{"self":[{"href":"https:\/\/www.hairstore.pl\/blog\/wp-json\/wp\/v2\/posts\/21750","targetHints":{"allow":["GET"]}}],"collection":[{"href":"https:\/\/www.hairstore.pl\/blog\/wp-json\/wp\/v2\/posts"}],"about":[{"href":"https:\/\/www.hairstore.pl\/blog\/wp-json\/wp\/v2\/types\/post"}],"author":[{"embeddable":true,"href":"https:\/\/www.hairstore.pl\/blog\/wp-json\/wp\/v2\/users\/8"}],"replies":[{"embeddable":true,"href":"https:\/\/www.hairstore.pl\/blog\/wp-json\/wp\/v2\/comments?post=21750"}],"version-history":[{"count":5,"href":"https:\/\/www.hairstore.pl\/blog\/wp-json\/wp\/v2\/posts\/21750\/revisions"}],"predecessor-version":[{"id":21760,"href":"https:\/\/www.hairstore.pl\/blog\/wp-json\/wp\/v2\/posts\/21750\/revisions\/21760"}],"wp:featuredmedia":[{"embeddable":true,"href":"https:\/\/www.hairstore.pl\/blog\/wp-json\/wp\/v2\/media\/21759"}],"wp:attachment":[{"href":"https:\/\/www.hairstore.pl\/blog\/wp-json\/wp\/v2\/media?parent=21750"}],"wp:term":[{"taxonomy":"category","embeddable":true,"href":"https:\/\/www.hairstore.pl\/blog\/wp-json\/wp\/v2\/categories?post=21750"},{"taxonomy":"post_tag","embeddable":true,"href":"https:\/\/www.hairstore.pl\/blog\/wp-json\/wp\/v2\/tags?post=21750"},{"taxonomy":"yst_prominent_words","embeddable":true,"href":"https:\/\/www.hairstore.pl\/blog\/wp-json\/wp\/v2\/yst_prominent_words?post=21750"}],"curies":[{"name":"wp","href":"https:\/\/api.w.org\/{rel}","templated":true}]}}