{"id":21677,"date":"2022-11-14T12:13:33","date_gmt":"2022-11-14T11:13:33","guid":{"rendered":"https:\/\/www.hairstore.pl\/blog\/?p=21677"},"modified":"2022-11-14T12:13:42","modified_gmt":"2022-11-14T11:13:42","slug":"wypadanie-wlosow-po-chorobie","status":"publish","type":"post","link":"https:\/\/www.hairstore.pl\/blog\/wypadanie-wlosow-po-chorobie\/","title":{"rendered":"Wypadanie w\u0142os\u00f3w po chorobie \u2013 czy to normalne? Zobacz, jak sobie z tym radzi\u0107"},"content":{"rendered":"<p>Wypadaj\u0105ce w\u0142osy to stresuj\u0105ca przypad\u0142o\u015b\u0107. Kt\u00f3\u017c z nas nie chcia\u0142by w ko\u0144cu cieszy\u0107 si\u0119 bujn\u0105 czupryn\u0105 i l\u015bni\u0105cymi kosmykami? Przyczyn\u0105 problem\u00f3w z w\u0142osami mog\u0105 by\u0107 nie tylko warunki pogodowe oraz niew\u0142a\u015bciwa piel\u0119gnacja, ale tak\u017ce niekt\u00f3re choroby oraz ich skutki uboczne.<\/p>\n<p><!--more--><\/p>\n<p>Wypadanie w\u0142os\u00f3w po infekcji\u202fnie nale\u017cy do rzadko\u015bci. Czy mo\u017cna jako\u015b temu zapobiec?<\/p>\n<div class=\"article-menu-box\"><div class=\"article-menu-header\">Z tego artyku\u0142u dowiesz si\u0119:<\/div>\n        <ul class=\"article-menu\"><li>jak zapobiega\u0107 wypadaniu w\u0142os\u00f3w po infekcjach i chorobach<\/li><li>czym jest i jak dzia\u0142a kuracja trychologiczna<\/li><li>ile czasu trwa kuracja trychologiczna<\/li><\/ul><\/div>\n<h2>Dlaczego po chorobie wypadaj\u0105 w\u0142osy?<\/h2>\n<p>Je\u017celi zastanawiasz si\u0119, dlaczego kondycja Twoich w\u0142os\u00f3w znacz\u0105co si\u0119 os\u0142abi\u0142a, to ca\u0142kiem mo\u017cliwe, \u017ce s\u0105 to <strong>skutki przebytej niedawno infekcji<\/strong>. Takie zjawisko okre\u015blane jest jako \u202ftelogenowe wypadanie w\u0142os\u00f3w.\u202fWarto doda\u0107, \u017ce mo\u017ce ono wyst\u0105pi\u0107 nawet do trzech miesi\u0119cy po chorobie, a jego przyczyna to zar\u00f3wno os\u0142abienie wywo\u0142ane chorob\u0105, jak i skutek uboczny stosowanych lek\u00f3w.<\/p>\n<p><img decoding=\"async\" class=\"alignnone wp-image-18428 size-full\" src=\"https:\/\/www.hairstore.pl\/blog\/wp-content\/uploads\/2021\/09\/wypadanie-wlosow-po-covid.jpg\" alt=\"wypadanie w\u0142os\u00f3w, wypadaj\u0105ce w\u0142osy\" width=\"790\" height=\"444\" srcset=\"https:\/\/www.hairstore.pl\/blog\/wp-content\/uploads\/2021\/09\/wypadanie-wlosow-po-covid.jpg 790w, https:\/\/www.hairstore.pl\/blog\/wp-content\/uploads\/2021\/09\/wypadanie-wlosow-po-covid-300x169.jpg 300w, https:\/\/www.hairstore.pl\/blog\/wp-content\/uploads\/2021\/09\/wypadanie-wlosow-po-covid-1024x576.jpg 1024w, https:\/\/www.hairstore.pl\/blog\/wp-content\/uploads\/2021\/09\/wypadanie-wlosow-po-covid-768x432.jpg 768w\" sizes=\"(max-width: 790px) 100vw, 790px\" \/><\/p>\n<h2>Jak przeciwdzia\u0142a\u0107 wypadaniu w\u0142os\u00f3w po infekcji? Pomo\u017ce trychologia<\/h2>\n<p>Trychologia to dziedzina, dzi\u0119ki kt\u00f3rej osoby borykaj\u0105ce si\u0119 z \u0142ysieniem mog\u0105 odzyska\u0107 pewno\u015b\u0107 siebie. Kiedy wi\u0119c zauwa\u017cysz, \u017ce na szczotce pojawia si\u0119 znacznie wi\u0119cej w\u0142os\u00f3w ni\u017c do tej pory, \u015bmia\u0142o szukaj pomocy.<\/p>\n<p>Kiedy zaobserwujesz, \u017ce w\u0142osy zaczynaj\u0105 wypada\u0107, dobrym rozwi\u0105zaniem b\u0119dzie wizyta u specjalisty.\u202fTrycholog\u202fto kto\u015b, kto pomo\u017ce zbada\u0107 sk\u00f3r\u0119 g\u0142owy i ustali\u0107 przyczyn\u0119 problem\u00f3w. Nale\u017cy jednak reagowa\u0107 szybko, gdy\u017c je\u017celi od choroby up\u0142yn\u0119\u0142o kilka miesi\u0119cy, to w\u00f3wczas w\u0142osy mog\u0105 by\u0107 ju\u017c zbyt s\u0142abe, aby je uratowa\u0107.<\/p>\n<p>Jednym z rozwi\u0105za\u0144 w takiej sytuacji mo\u017ce by\u0107 wi\u0119c pr\u00f3ba pobudzenia ich do ponownego wzrostu. Po kuracji antybiotykami pami\u0119taj wi\u0119c o tym, aby dostarczy\u0107 do swojego organizmu dawk\u0119 <a href=\"https:\/\/www.hairstore.pl\/suplementy-diety-c1530.html\">witamin i minera\u0142\u00f3w<\/a>. Kuracja trychologiczna polega\u0107 b\u0119dzie natomiast na przywr\u00f3ceniu sk\u00f3rze g\u0142owy r\u00f3wnowagi, a dopiero p\u00f3\u017aniej na odbudowie w\u0142os\u00f3w.<\/p>\n<div id=\"hsbp-8133087a6dce8946a43f30663f78c9ba\" class=\"hsbp\"><\/div>\n<h2>Pocovidowe wypadanie w\u0142os\u00f3w \u2013 co musisz o nim wiedzie\u0107?<\/h2>\n<p>Sporo pacjent\u00f3w, kt\u00f3rzy przechodzili Covid-19, poszukuje pomocy w gabinetach trychologicznych. Zazwyczaj kilka miesi\u0119cy po infekcji zauwa\u017caj\u0105 wzmo\u017cone wypadanie w\u0142os\u00f3w. Problem ten dotyczy szczeg\u00f3lnie tych ludzi, kt\u00f3rzy ci\u0119\u017cko przechodzili wirusa.<\/p>\n<figure id=\"attachment_11781\" aria-describedby=\"caption-attachment-11781\" style=\"width: 800px\" class=\"wp-caption alignnone\"><img decoding=\"async\" class=\"wp-image-11781 size-full\" src=\"https:\/\/www.hairstore.pl\/blog\/wp-content\/uploads\/2019\/07\/wypadanie-wlosow-u-kobiet.jpg\" alt=\"\" width=\"800\" height=\"450\" srcset=\"https:\/\/www.hairstore.pl\/blog\/wp-content\/uploads\/2019\/07\/wypadanie-wlosow-u-kobiet.jpg 800w, https:\/\/www.hairstore.pl\/blog\/wp-content\/uploads\/2019\/07\/wypadanie-wlosow-u-kobiet-300x169.jpg 300w, https:\/\/www.hairstore.pl\/blog\/wp-content\/uploads\/2019\/07\/wypadanie-wlosow-u-kobiet-768x432.jpg 768w, https:\/\/www.hairstore.pl\/blog\/wp-content\/uploads\/2019\/07\/wypadanie-wlosow-u-kobiet-1024x576.jpg 1024w\" sizes=\"(max-width: 800px) 100vw, 800px\" \/><figcaption id=\"caption-attachment-11781\" class=\"wp-caption-text\">\u0179r\u00f3d\u0142o: farmaciaperugia.it<\/figcaption><\/figure>\n<p>Gor\u0105czkowanie, stres, odwodnienie czy uboga w warto\u015bci od\u017cywcze dieta z pewno\u015bci\u0105 mog\u0105 zwi\u0119ksza\u0107 prawdopodobie\u0144stwo tej przypad\u0142o\u015bci. Chcesz wiedzie\u0107 wi\u0119cej? Mo\u017cesz r\u00f3wnie\u017c przeczyta\u0107 nasz wywiad z trychologiem o wypadaniu w\u0142os\u00f3w po Covid-19.<\/p>\n<div class=\"post-box\"><div class=\"row\"><div class=\"col-md-3 post-box-image\"><a href=\"https:\/\/www.hairstore.pl\/blog\/pocovidowe-wypadanie-wlosow\/\"><img decoding=\"async\" width=\"300\" height=\"169\" src=\"https:\/\/www.hairstore.pl\/blog\/wp-content\/uploads\/2021\/09\/wypadanie-wlosow-po-covid-300x169.jpg\" class=\"attachment-medium size-medium wp-post-image\" alt=\"wypadanie w\u0142os\u00f3w, wypadaj\u0105ce w\u0142osy\" srcset=\"https:\/\/www.hairstore.pl\/blog\/wp-content\/uploads\/2021\/09\/wypadanie-wlosow-po-covid-300x169.jpg 300w, https:\/\/www.hairstore.pl\/blog\/wp-content\/uploads\/2021\/09\/wypadanie-wlosow-po-covid-1024x576.jpg 1024w, https:\/\/www.hairstore.pl\/blog\/wp-content\/uploads\/2021\/09\/wypadanie-wlosow-po-covid-768x432.jpg 768w, https:\/\/www.hairstore.pl\/blog\/wp-content\/uploads\/2021\/09\/wypadanie-wlosow-po-covid.jpg 790w\" sizes=\"(max-width: 300px) 100vw, 300px\" \/><\/a><\/div><div class=\"col-md-9 post-box-title\"><div class=\"post-box-title-content\"><h4><a href=\"https:\/\/www.hairstore.pl\/blog\/pocovidowe-wypadanie-wlosow\/\">Pytamy trychologa o wypadanie w\u0142os\u00f3w po COVID-19<\/a><\/h4><a href=\"https:\/\/www.hairstore.pl\/blog\/pocovidowe-wypadanie-wlosow\/\" class=\"button\">Czytaj dalej<\/a><\/div><\/div><\/div><\/div>\n<h2>Jak d\u0142ugo po Covid-19 wypadaj\u0105 w\u0142osy?<\/h2>\n<p>Musisz zda\u0107 sobie spraw\u0119, \u017ce powr\u00f3t do zdrowych i l\u015bni\u0105cych w\u0142os\u00f3w nie nast\u0105pi natychmiastowo. <a href=\"https:\/\/www.hairstore.pl\/kuracje-c665.html\">Kuracja trychologiczna<\/a> oraz odpowiednia dieta z pewno\u015bci\u0105 pomog\u0105, jednak aby organizm powr\u00f3ci\u0142 do r\u00f3wnowagi po ci\u0119\u017ckiej infekcji, cz\u0119sto potrzebny jest nawet rok.<\/p>\n<div class=\"post-box\"><div class=\"row\"><div class=\"col-md-3 post-box-image\"><a href=\"https:\/\/www.hairstore.pl\/blog\/co-na-wypadajace-wlosy-po-lecie\/\"><img decoding=\"async\" width=\"300\" height=\"169\" src=\"https:\/\/www.hairstore.pl\/blog\/wp-content\/uploads\/2018\/09\/wlosy-na-szczotce-300x169.jpg\" class=\"attachment-medium size-medium wp-post-image\" alt=\"W\u0142osy na szczotce, wypadanie w\u0142os\u00f3w\" srcset=\"https:\/\/www.hairstore.pl\/blog\/wp-content\/uploads\/2018\/09\/wlosy-na-szczotce-300x169.jpg 300w, https:\/\/www.hairstore.pl\/blog\/wp-content\/uploads\/2018\/09\/wlosy-na-szczotce-768x432.jpg 768w, https:\/\/www.hairstore.pl\/blog\/wp-content\/uploads\/2018\/09\/wlosy-na-szczotce.jpg 800w\" sizes=\"(max-width: 300px) 100vw, 300px\" \/><\/a><\/div><div class=\"col-md-9 post-box-title\"><div class=\"post-box-title-content\"><h4><a href=\"https:\/\/www.hairstore.pl\/blog\/co-na-wypadajace-wlosy-po-lecie\/\">Dlaczego wypadaj\u0105 w\u0142osy, czyli ratunek dla w\u0142os\u00f3w po lecie<\/a><\/h4><a href=\"https:\/\/www.hairstore.pl\/blog\/co-na-wypadajace-wlosy-po-lecie\/\" class=\"button\">Czytaj dalej<\/a><\/div><\/div><\/div><\/div>\n<p>Pami\u0119taj te\u017c o tym, \u017ce okres jesienno-zimowy nie jest dobrym czasem dla zdrowia, a co za tym idzie \u2013 kondycja sk\u00f3ry g\u0142owy r\u00f3wnie\u017c mo\u017ce si\u0119 pogorszy\u0107. Stosowanie odpowiednich suplement\u00f3w, zdrowa dieta, minimalizowanie stresu oraz probiotyki po antybiotykoterapii z pewno\u015bci\u0105 zwi\u0119ksz\u0105 szanse na to, \u017ce jednak wizyta u trychologa nie b\u0119dzie konieczna.<\/p>\n<div id=\"hsbp-13a1b03fa8b532ff9573319f5e325530\" class=\"hsbp\"><\/div>\n","protected":false},"excerpt":{"rendered":"<p>Wypadaj\u0105ce w\u0142osy to stresuj\u0105ca przypad\u0142o\u015b\u0107. Kt\u00f3\u017c z nas nie chcia\u0142by w ko\u0144cu cieszy\u0107 si\u0119 bujn\u0105 czupryn\u0105 i l\u015bni\u0105cymi kosmykami? Przyczyn\u0105 problem\u00f3w z w\u0142osami mog\u0105 by\u0107 nie tylko warunki pogodowe oraz niew\u0142a\u015bciwa piel\u0119gnacja, ale tak\u017ce niekt\u00f3re choroby oraz ich skutki uboczne.<\/p>\n","protected":false},"author":14,"featured_media":21680,"comment_status":"open","ping_status":"open","sticky":false,"template":"","format":"standard","meta":{"footnotes":""},"categories":[11],"tags":[11360],"yst_prominent_words":[6572,1860,1408,953,3444,2331,2315,2314,2318,704,717],"class_list":["post-21677","post","type-post","status-publish","format-standard","has-post-thumbnail","hentry","category-porady","tag-wypadanie-wlosow"],"_links":{"self":[{"href":"https:\/\/www.hairstore.pl\/blog\/wp-json\/wp\/v2\/posts\/21677","targetHints":{"allow":["GET"]}}],"collection":[{"href":"https:\/\/www.hairstore.pl\/blog\/wp-json\/wp\/v2\/posts"}],"about":[{"href":"https:\/\/www.hairstore.pl\/blog\/wp-json\/wp\/v2\/types\/post"}],"author":[{"embeddable":true,"href":"https:\/\/www.hairstore.pl\/blog\/wp-json\/wp\/v2\/users\/14"}],"replies":[{"embeddable":true,"href":"https:\/\/www.hairstore.pl\/blog\/wp-json\/wp\/v2\/comments?post=21677"}],"version-history":[{"count":3,"href":"https:\/\/www.hairstore.pl\/blog\/wp-json\/wp\/v2\/posts\/21677\/revisions"}],"predecessor-version":[{"id":21681,"href":"https:\/\/www.hairstore.pl\/blog\/wp-json\/wp\/v2\/posts\/21677\/revisions\/21681"}],"wp:featuredmedia":[{"embeddable":true,"href":"https:\/\/www.hairstore.pl\/blog\/wp-json\/wp\/v2\/media\/21680"}],"wp:attachment":[{"href":"https:\/\/www.hairstore.pl\/blog\/wp-json\/wp\/v2\/media?parent=21677"}],"wp:term":[{"taxonomy":"category","embeddable":true,"href":"https:\/\/www.hairstore.pl\/blog\/wp-json\/wp\/v2\/categories?post=21677"},{"taxonomy":"post_tag","embeddable":true,"href":"https:\/\/www.hairstore.pl\/blog\/wp-json\/wp\/v2\/tags?post=21677"},{"taxonomy":"yst_prominent_words","embeddable":true,"href":"https:\/\/www.hairstore.pl\/blog\/wp-json\/wp\/v2\/yst_prominent_words?post=21677"}],"curies":[{"name":"wp","href":"https:\/\/api.w.org\/{rel}","templated":true}]}}