{"id":21585,"date":"2022-11-04T11:29:14","date_gmt":"2022-11-04T10:29:14","guid":{"rendered":"https:\/\/www.hairstore.pl\/blog\/?p=21585"},"modified":"2022-11-04T12:02:50","modified_gmt":"2022-11-04T11:02:50","slug":"jak-pozbyc-sie-siwych-wlosow-poradnik-dla-niego","status":"publish","type":"post","link":"https:\/\/www.hairstore.pl\/blog\/jak-pozbyc-sie-siwych-wlosow-poradnik-dla-niego\/","title":{"rendered":"Kilka sprawdzonych sposob\u00f3w na pozbycie si\u0119 siwych w\u0142os\u00f3w u m\u0119\u017cczyzn"},"content":{"rendered":"<p>Pierwsze\u202fsiwe w\u0142osy\u202fwp\u0119dzaj\u0105 wielu m\u0119\u017cczyzn w zak\u0142opotanie. Na szcz\u0119\u015bcie istniej\u0105 sposoby, kt\u00f3re pozwol\u0105 Ci upora\u0107 si\u0119 z tym problemem i cieszy\u0107 si\u0119 g\u0142\u0119bokim i naturalnym kolorem w\u0142os\u00f3w \u2013 tak jak za dawnych lat. Jak pozby\u0107 si\u0119 siwych w\u0142os\u00f3w?<\/p>\n<p><!--more--><\/p>\n<h2 aria-level=\"2\">Spos\u00f3b na siwe w\u0142osy bez farbowania \u2013 p\u0142ukanki zio\u0142owe<span data-ccp-props=\"{&quot;201341983&quot;:0,&quot;335551550&quot;:6,&quot;335551620&quot;:6,&quot;335559738&quot;:40,&quot;335559739&quot;:0,&quot;335559740&quot;:360}\">\u00a0<\/span><\/h2>\n<p><span data-contrast=\"auto\">Je\u017celi boisz si\u0119 drogeryjnych produkt\u00f3w, kt\u00f3re mog\u0105 mie\u0107 trwa\u0142y efekt, w pierwszym kroku mo\u017cesz wypr\u00f3bowa\u0107 domowe sposoby. Warte uwagi s\u0105 zio\u0142owe p\u0142ukanki, kt\u00f3re przygotujesz z produkt\u00f3w dost\u0119pnych w kuchni, mi\u0119dzy innymi z czarnej herbaty, rumianku b\u0105d\u017a rozmarynu. Woreczek czarnej herbaty musisz dobrze zaparzy\u0107 i w gotowym wywarze op\u0142uka\u0107 w\u0142osy.<\/span><span data-ccp-props=\"{&quot;201341983&quot;:0,&quot;335551550&quot;:6,&quot;335551620&quot;:6,&quot;335559738&quot;:120,&quot;335559739&quot;:280,&quot;335559740&quot;:360}\">\u00a0<\/span><\/p>\n<p><span data-contrast=\"auto\">P\u0142ukanki zio\u0142owe warto przygotowa\u0107 z suszonych li\u015bci rozmarynu b\u0105d\u017a rumianku, poniewa\u017c w\u0142a\u015bnie te zio\u0142a maj\u0105 najsilniejsze dzia\u0142anie.\u00a0<\/span><span data-ccp-props=\"{&quot;201341983&quot;:0,&quot;335551550&quot;:6,&quot;335551620&quot;:6,&quot;335559738&quot;:120,&quot;335559739&quot;:280,&quot;335559740&quot;:360}\">\u00a0<\/span><\/p>\n<h2 aria-level=\"2\">Moczenie w\u0142os\u00f3w w kawie sposobem na siwe w\u0142osy<\/h2>\n<p><span data-contrast=\"auto\">Skuteczny mo\u017ce by\u0107 r\u00f3wnie\u017c mocny wywar\u202f z mielonej kawy.\u202fSiwe w\u0142osy u m\u0119\u017cczyzn\u202fpo kilkukrotnym p\u0142ukaniu mog\u0105 sta\u0107 si\u0119 ciemniejsze, jednak jest to niestety kr\u00f3tkotrwa\u0142e zjawisko. Trzeba te\u017c doda\u0107, \u017ce ten spos\u00f3b nie przywr\u00f3ci naturalnego koloru w\u0142osom, a jedynie je przyciemni.\u00a0<\/span><span data-ccp-props=\"{&quot;201341983&quot;:0,&quot;335551550&quot;:6,&quot;335551620&quot;:6,&quot;335559738&quot;:120,&quot;335559739&quot;:280,&quot;335559740&quot;:360}\">\u00a0<\/span><\/p>\n<h2 aria-level=\"2\">Szybkie odsiwiacze dla m\u0119\u017cczyzn \u2013 szampon dla m\u0119\u017cczyzn na siwe w\u0142osy<\/h2>\n<p><span data-contrast=\"auto\">Zdecydowanie lepszy i szybszy efekt od domowych sposob\u00f3w uzyskasz, je\u017celi zdecydujesz si\u0119 na <\/span><a href=\"https:\/\/www.hairstore.pl\/odsiwiacze-dla-mezczyzn-c1200.html\"><span data-contrast=\"auto\">gotowy produkt pochodz\u0105cy od sprawdzonego producenta<\/span><\/a><span data-contrast=\"auto\">. Jednym z takich preparat\u00f3w jest <\/span><a href=\"https:\/\/www.hairstore.pl\/beardburys-szampon-koloryzujacy-3n-ciemny-braz-p21950.html\"><span data-contrast=\"auto\">Beardburys \u2013 szampon koloryzuj\u0105cy 3N w odcieniu ciemny br\u0105z<\/span><\/a><span data-contrast=\"auto\">, kt\u00f3ry zosta\u0142 stworzony z my\u015bl\u0105 o m\u0119\u017cczyznach.\u00a0<\/span><span data-ccp-props=\"{&quot;201341983&quot;:0,&quot;335551550&quot;:6,&quot;335551620&quot;:6,&quot;335559738&quot;:120,&quot;335559739&quot;:280,&quot;335559740&quot;:360}\">\u00a0<\/span><\/p>\n<div id=\"hsbp-8ed567223b5c8820d22144716122d0f7\" class=\"hsbp\"><\/div>\n<p><span data-contrast=\"auto\">Szampon dla m\u0119\u017cczyzn na siwe w\u0142osy mo\u017cna stosowa\u0107 wielokrotnie. Aplikacja jest bardzo prosta a efekt naprawd\u0119 szybki i zadowalaj\u0105cy. Po prawid\u0142owym na\u0142o\u017ceniu b\u0119dziesz cieszy\u0107 si\u0119 naturalnym odcieniem bez siwych w\u0142os\u00f3w nawet przez kilka tygodni.<\/span><span data-ccp-props=\"{&quot;201341983&quot;:0,&quot;335551550&quot;:6,&quot;335551620&quot;:6,&quot;335559738&quot;:120,&quot;335559739&quot;:280,&quot;335559740&quot;:360}\">\u00a0<\/span><\/p>\n<p><img decoding=\"async\" class=\"alignnone wp-image-21604 size-full\" src=\"https:\/\/www.hairstore.pl\/blog\/wp-content\/uploads\/2022\/11\/siwy-mezczyna.jpg\" alt=\"siwe w\u0142osy u m\u0119\u017cczyzny, pierwsze siwe w\u0142osy, siwy m\u0119\u017cczyzna, jak odsiwi\u0107 w\u0142osy, co na siwe w\u0142osy\" width=\"800\" height=\"450\" srcset=\"https:\/\/www.hairstore.pl\/blog\/wp-content\/uploads\/2022\/11\/siwy-mezczyna.jpg 800w, https:\/\/www.hairstore.pl\/blog\/wp-content\/uploads\/2022\/11\/siwy-mezczyna-300x169.jpg 300w, https:\/\/www.hairstore.pl\/blog\/wp-content\/uploads\/2022\/11\/siwy-mezczyna-768x432.jpg 768w\" sizes=\"(max-width: 800px) 100vw, 800px\" \/><\/p>\n<h2>Farba do w\u0142os\u00f3w dla m\u0119\u017cczyzn \u2013 tra\u0142y efekt, naturalny kolor<\/h2>\n<p><span data-contrast=\"auto\">Je\u017celi jeste\u015b bardziej zdeterminowany, mo\u017cesz wypr\u00f3bowa\u0107 trwa\u0142\u0105 farb\u0119 <\/span><a href=\"https:\/\/www.hairstore.pl\/tahe-advanced-barber-farba-dla-mezczyzn-23-dark-brown-60ml-p30624.html\"><span data-contrast=\"auto\">Tahe Advanced Barber 2\/3 Dark Brown<\/span><\/a><span data-contrast=\"auto\">. Farba zosta\u0142a stworzona z my\u015bl\u0105 o dojrza\u0142ych m\u0119\u017cczyznach, kt\u00f3rych problemem s\u0105 siwe w\u0142osy. \u017belowa konsystencja u\u0142atwia aplikacj\u0119 i zapewnia doskona\u0142e krycie. Efekt jest w pe\u0142ni naturalny.\u202fFarba do w\u0142os\u00f3w dla m\u0119\u017cczyzn\u202fzapewni Ci komfort na wiele tygodni bez konieczno\u015bci ponownej aplikacji.<\/span><span data-ccp-props=\"{&quot;201341983&quot;:0,&quot;335551550&quot;:6,&quot;335551620&quot;:6,&quot;335559738&quot;:120,&quot;335559739&quot;:280,&quot;335559740&quot;:360}\">\u00a0<\/span><\/p>\n<p style=\"margin: 0in; font-family: Calibri; font-size: 11.0pt;\"><div class=\"post-box\"><div class=\"row\"><div class=\"col-md-3 post-box-image\"><a href=\"https:\/\/www.hairstore.pl\/blog\/puder-do-wlosow-dla-mezczyzn\/\"><img decoding=\"async\" width=\"300\" height=\"169\" src=\"https:\/\/www.hairstore.pl\/blog\/wp-content\/uploads\/2019\/04\/matowy-puder-do-wlosow-300x169.jpg\" class=\"attachment-medium size-medium wp-post-image\" alt=\"matowy puder do w\u0142os\u00f3w, puder do w\u0142os\u00f3w dla m\u0119\u017cczyzn, m\u0119ska stylizacja, puder dla barber\u00f3w\" srcset=\"https:\/\/www.hairstore.pl\/blog\/wp-content\/uploads\/2019\/04\/matowy-puder-do-wlosow-300x169.jpg 300w, https:\/\/www.hairstore.pl\/blog\/wp-content\/uploads\/2019\/04\/matowy-puder-do-wlosow-768x432.jpg 768w, https:\/\/www.hairstore.pl\/blog\/wp-content\/uploads\/2019\/04\/matowy-puder-do-wlosow-1024x576.jpg 1024w, https:\/\/www.hairstore.pl\/blog\/wp-content\/uploads\/2019\/04\/matowy-puder-do-wlosow.jpg 800w\" sizes=\"(max-width: 300px) 100vw, 300px\" \/><\/a><\/div><div class=\"col-md-9 post-box-title\"><div class=\"post-box-title-content\"><h4><a href=\"https:\/\/www.hairstore.pl\/blog\/puder-do-wlosow-dla-mezczyzn\/\">&#8222;M\u0119ski&#8221; puder do w\u0142os\u00f3w? Sprawd\u017a, dlaczego musisz go mie\u0107!<\/a><\/h4><a href=\"https:\/\/www.hairstore.pl\/blog\/puder-do-wlosow-dla-mezczyzn\/\" class=\"button\">Czytaj dalej<\/a><\/div><\/div><\/div><\/div><\/p>\n<h2 aria-level=\"2\">\u017bele i pianki koloryzuj\u0105ce zapewni\u0105 jednolite krycie\u00a0<span data-ccp-props=\"{&quot;201341983&quot;:0,&quot;335551550&quot;:6,&quot;335551620&quot;:6,&quot;335559738&quot;:40,&quot;335559739&quot;:0,&quot;335559740&quot;:360}\">\u00a0<\/span><\/h2>\n<p><span data-contrast=\"auto\">Je\u015bli zastanawiasz si\u0119 nad tym, jak pozby\u0107 si\u0119 siwych w\u0142os\u00f3w, z pewno\u015bci\u0105 powiniene\u015b bra\u0107 pod uwag\u0119 takie produkty jak pianka oraz \u017cel. Lekka formu\u0142a i g\u0119sta konsystencja u\u0142atwiaj\u0105 samodzielnie nak\u0142adanie i umo\u017cliwiaj\u0105 dok\u0142adne i jednolite krycie.<\/span><span data-ccp-props=\"{&quot;201341983&quot;:0,&quot;335551550&quot;:6,&quot;335551620&quot;:6,&quot;335559738&quot;:120,&quot;335559739&quot;:280,&quot;335559740&quot;:360}\">\u00a0<\/span><\/p>\n<div id=\"hsbp-d629a64692b6d632ff6a1463f20d47ff\" class=\"hsbp\"><\/div>\n<p><span data-contrast=\"auto\">Je\u017celi Twoim problemem s\u0105 siwe w\u0142oski na bakach, brodzie b\u0105d\u017a w\u0105sach, Twoj\u0105 uwag\u0119 powinien przyci\u0105gn\u0105\u0107 <\/span><a href=\"https:\/\/www.hairstore.pl\/just-for-men-zel-koloryzujacy-do-brody-wasow-bakow-m-55-czarny-p32496.html\"><span data-contrast=\"auto\">\u017cel koloryzuj\u0105cy <\/span><span data-contrast=\"auto\">Just For Men<\/span><\/a><span data-contrast=\"auto\">. Produkt dost\u0119pny jest w bogatej gamie kolor\u00f3w, dzi\u0119ki czemu z \u0142atwo\u015bci\u0105 dostosujesz odpowiedni odcie\u0144, najbardziej zbli\u017cony do naturalnego odcienia Twoich w\u0142os\u00f3w.<\/span><span data-ccp-props=\"{&quot;201341983&quot;:0,&quot;335551550&quot;:6,&quot;335551620&quot;:6,&quot;335559738&quot;:120,&quot;335559739&quot;:280,&quot;335559740&quot;:360}\">\u00a0<\/span><\/p>\n<p style=\"margin: 0in; font-family: Calibri; font-size: 11.0pt;\"><div class=\"post-box\"><div class=\"row\"><div class=\"col-md-3 post-box-image\"><a href=\"https:\/\/www.hairstore.pl\/blog\/meskie-fryzury-a-ksztalt-twarzy\/\"><img decoding=\"async\" width=\"300\" height=\"169\" src=\"https:\/\/www.hairstore.pl\/blog\/wp-content\/uploads\/2022\/08\/Header_1-300x169.jpg\" class=\"attachment-medium size-medium wp-post-image\" alt=\"jaki masz kszta\u0142t twarzy, jaka fryzura m\u0119ska, dob\u00f3r fryzury m\u0119skiej do kszta\u0142tu twarzy\" srcset=\"https:\/\/www.hairstore.pl\/blog\/wp-content\/uploads\/2022\/08\/Header_1-300x169.jpg 300w, https:\/\/www.hairstore.pl\/blog\/wp-content\/uploads\/2022\/08\/Header_1-768x432.jpg 768w, https:\/\/www.hairstore.pl\/blog\/wp-content\/uploads\/2022\/08\/Header_1.jpg 800w\" sizes=\"(max-width: 300px) 100vw, 300px\" \/><\/a><\/div><div class=\"col-md-9 post-box-title\"><div class=\"post-box-title-content\"><h4><a href=\"https:\/\/www.hairstore.pl\/blog\/meskie-fryzury-a-ksztalt-twarzy\/\">Najlepsza m\u0119ska fryzura dopasowana do kszta\u0142tu Twojej twarzy<\/a><\/h4><a href=\"https:\/\/www.hairstore.pl\/blog\/meskie-fryzury-a-ksztalt-twarzy\/\" class=\"button\">Czytaj dalej<\/a><\/div><\/div><\/div><\/div><\/p>\n<h2 aria-level=\"2\">Spos\u00f3b na siwe w\u0142osy bez farbowania \u2013 zestawy tuszuj\u0105ce siwizn\u0119 dla m\u0119\u017cczyzn\u00a0<span data-ccp-props=\"{&quot;201341983&quot;:0,&quot;335551550&quot;:6,&quot;335551620&quot;:6,&quot;335559738&quot;:40,&quot;335559739&quot;:0,&quot;335559740&quot;:360}\">\u00a0<\/span><\/h2>\n<p><span data-contrast=\"auto\">Siwe w\u0142osy u m\u0119\u017cczyzn? To ju\u017c nie problem. Dzi\u015b wielu Pan\u00f3w dba o sw\u00f3j wygl\u0105d. Producenci kosmetyk\u00f3w wyszli naprzeciw ich oczekiwaniom i stworzyli lini\u0119 produkt\u00f3w do trwa\u0142ej i p\u00f3\u0142trwa\u0142ej koloryzacji siwych w\u0142os\u00f3w. Dzi\u0119ki temu w kilka chwil mo\u017cesz pozby\u0107 si\u0119 dr\u0119cz\u0105cego problemu i skutecznie odj\u0105\u0107 sobie lat, wyr\u00f3wnuj\u0105c koloryt w\u0142os\u00f3w. Takim produktem jest na przyk\u0142ad <\/span><a href=\"https:\/\/www.hairstore.pl\/goldwell-men-reshade-zestaw-do-tuszowania-siwizny-dla-mezczyzn-odsiwiacz-p2271.html\"><span data-contrast=\"auto\">zestaw do tuszowania siwizny Goldwell Men ReShade<\/span><\/a><span data-contrast=\"auto\">.<\/span><span data-ccp-props=\"{&quot;201341983&quot;:0,&quot;335551550&quot;:6,&quot;335551620&quot;:6,&quot;335559738&quot;:120,&quot;335559739&quot;:280,&quot;335559740&quot;:360}\">\u00a0<\/span><\/p>\n","protected":false},"excerpt":{"rendered":"<p>Pierwsze\u202fsiwe w\u0142osy\u202fwp\u0119dzaj\u0105 wielu m\u0119\u017cczyzn w zak\u0142opotanie. Na szcz\u0119\u015bcie istniej\u0105 sposoby, kt\u00f3re pozwol\u0105 Ci upora\u0107 si\u0119 z tym problemem i cieszy\u0107 si\u0119 g\u0142\u0119bokim i naturalnym kolorem w\u0142os\u00f3w \u2013 tak jak za dawnych lat. Jak pozby\u0107 si\u0119 siwych w\u0142os\u00f3w?<\/p>\n","protected":false},"author":14,"featured_media":21605,"comment_status":"open","ping_status":"open","sticky":false,"template":"","format":"standard","meta":{"footnotes":""},"categories":[11350],"tags":[11637],"yst_prominent_words":[4315,2504,3886,1570,875,704,3893,717],"class_list":["post-21585","post","type-post","status-publish","format-standard","has-post-thumbnail","hentry","category-meska-strefa","tag-siwe-wlosy"],"_links":{"self":[{"href":"https:\/\/www.hairstore.pl\/blog\/wp-json\/wp\/v2\/posts\/21585","targetHints":{"allow":["GET"]}}],"collection":[{"href":"https:\/\/www.hairstore.pl\/blog\/wp-json\/wp\/v2\/posts"}],"about":[{"href":"https:\/\/www.hairstore.pl\/blog\/wp-json\/wp\/v2\/types\/post"}],"author":[{"embeddable":true,"href":"https:\/\/www.hairstore.pl\/blog\/wp-json\/wp\/v2\/users\/14"}],"replies":[{"embeddable":true,"href":"https:\/\/www.hairstore.pl\/blog\/wp-json\/wp\/v2\/comments?post=21585"}],"version-history":[{"count":4,"href":"https:\/\/www.hairstore.pl\/blog\/wp-json\/wp\/v2\/posts\/21585\/revisions"}],"predecessor-version":[{"id":21617,"href":"https:\/\/www.hairstore.pl\/blog\/wp-json\/wp\/v2\/posts\/21585\/revisions\/21617"}],"wp:featuredmedia":[{"embeddable":true,"href":"https:\/\/www.hairstore.pl\/blog\/wp-json\/wp\/v2\/media\/21605"}],"wp:attachment":[{"href":"https:\/\/www.hairstore.pl\/blog\/wp-json\/wp\/v2\/media?parent=21585"}],"wp:term":[{"taxonomy":"category","embeddable":true,"href":"https:\/\/www.hairstore.pl\/blog\/wp-json\/wp\/v2\/categories?post=21585"},{"taxonomy":"post_tag","embeddable":true,"href":"https:\/\/www.hairstore.pl\/blog\/wp-json\/wp\/v2\/tags?post=21585"},{"taxonomy":"yst_prominent_words","embeddable":true,"href":"https:\/\/www.hairstore.pl\/blog\/wp-json\/wp\/v2\/yst_prominent_words?post=21585"}],"curies":[{"name":"wp","href":"https:\/\/api.w.org\/{rel}","templated":true}]}}