{"id":21554,"date":"2022-10-20T14:07:48","date_gmt":"2022-10-20T12:07:48","guid":{"rendered":"https:\/\/www.hairstore.pl\/blog\/?p=21554"},"modified":"2022-10-20T14:07:48","modified_gmt":"2022-10-20T12:07:48","slug":"jaki-fluid-pod-makijaz-na-jesien","status":"publish","type":"post","link":"https:\/\/www.hairstore.pl\/blog\/jaki-fluid-pod-makijaz-na-jesien\/","title":{"rendered":"Fluidy do twarzy na jesie\u0144 &#8211; wybierz odpowiedni dla siebie"},"content":{"rendered":"<p>Ich wyj\u0105tkowe receptury mog\u0105 poprawi\u0107 wygl\u0105d cery, zadzia\u0142a\u0107 odm\u0142adzaj\u0105co, piel\u0119gnuj\u0105co czy te\u017c skorygowa\u0107 niedoskona\u0142o\u015bci. Jesieni\u0105 czas na ich zmian\u0119 i dostosowanie do potrzeb sk\u00f3ry w tym trudnym okresie. Mowa o fluidach do twarzy.<\/p>\n<p><!--more--><\/p>\n<p><a href=\"https:\/\/www.bodyland.pl\/index.php?podkat=75&amp;group=&amp;do_search_2=true&amp;landing=&amp;price_from=&amp;price_to=&amp;att2[179][180]=on&amp;time=1666266503319\">Podk\u0142ady w formie fluidu<\/a> to must-have dla niejednej kobiety. Wiele z nich nie tylko koryguje niedoskona\u0142o\u015bci, wyr\u00f3wnuje koloryt cery czy wyg\u0142adza, ale r\u00f3wnie\u017c dzia\u0142a jak piel\u0119gnuj\u0105cy krem. Warto wybra\u0107 odpowiedni fluid dla siebie i cieszy\u0107 si\u0119 z efekt\u00f3w. Podczas wyboru nale\u017cy wzi\u0105\u0107 pod uwag\u0119 dwie kwestie &#8211; typ karnacji oraz rodzaj cery i jej specjalne potrzeby.<\/p>\n<div class=\"article-menu-box\"><div class=\"article-menu-header\">W tym artykule:<\/div>\n        <ul class=\"article-menu\"><li>a\u017c 3 sposoby na okre\u015blenie typu karnacji<\/li><li>tony fluid\u00f3w odpowiednie dla cery zimnej i cery ciep\u0142ej<\/li><li>jak dobra\u0107 rodzaj fluidu do potrzeb sk\u00f3ry<\/li><\/ul><\/div>\n<h2>Dobierz odcie\u0144 fluidu do typu karnacji<\/h2>\n<p>Ilo\u015b\u0107 mo\u017cliwych odcieni fluid\u00f3w do twarzy jest ogromna, a niemal co sezon producenci proponuj\u0105 nowe tony. Jak si\u0119 w tym nie pogubi\u0107? Ot\u00f3\u017c kolor podk\u0142adu nale\u017cy dobiera\u0107 do typu karnacji &#8211; dzi\u0119ki temu unikniesz efektu maski czy te\u017c znacznego &#8222;odci\u0119cia&#8221;, co wygl\u0105da niezbyt estetycznie i bardzo nienaturalnie.<\/p>\n<ul>\n<li>Dla <strong>ch\u0142odnej cery<\/strong> odpowiednie b\u0119d\u0105 fluidy o odcieniach: porcelanowy, r\u00f3\u017cowy, r\u00f3\u017cowobe\u017cowy, r\u00f3\u017cowobrzoskwinowy.<\/li>\n<li>Dla <strong>ciep\u0142ej cery<\/strong> odpowiednie b\u0119d\u0105 fluidy o odcieniach: be\u017cowy, brzoskwiniowy, oliwkowy, z\u0142ocistobr\u0105zowy.<\/li>\n<\/ul>\n<p><img decoding=\"async\" class=\"alignnone wp-image-21559 size-full\" src=\"https:\/\/www.hairstore.pl\/blog\/wp-content\/uploads\/2022\/10\/dobierz-fluid-do-typu-cery.jpg\" alt=\"fluidy na jesie\u0144, podk\u0142ady na jesie\u0144, jak dobra\u0107 podk\u0142ad do typu cery\" width=\"800\" height=\"450\" srcset=\"https:\/\/www.hairstore.pl\/blog\/wp-content\/uploads\/2022\/10\/dobierz-fluid-do-typu-cery.jpg 800w, https:\/\/www.hairstore.pl\/blog\/wp-content\/uploads\/2022\/10\/dobierz-fluid-do-typu-cery-300x169.jpg 300w, https:\/\/www.hairstore.pl\/blog\/wp-content\/uploads\/2022\/10\/dobierz-fluid-do-typu-cery-768x432.jpg 768w\" sizes=\"(max-width: 800px) 100vw, 800px\" \/><\/p>\n<h2>Jak ustali\u0107 typ karnacji?<\/h2>\n<p>Nie jest to zadanie trudne, tylko trzeba wiedzie\u0107, jak do niego podej\u015b\u0107. M\u00f3wi\u0105c najpro\u015bciej, ch\u0142odny typ karnacji to cera porcelanowa, za\u015b w przypadku ciep\u0142ego typu karnacji cera posiada \u017c\u00f3\u0142tawe zabarwienie.<\/p>\n<p>Oczywi\u015bcie mo\u017cna t\u0119 kwesti\u0119 okre\u015bli\u0107 bardziej precyzyjnie.<\/p>\n<ul>\n<li><strong>Spos\u00f3b na s\u0142o\u0144ce:<\/strong> zastan\u00f3w si\u0119, jak szybko si\u0119 opalasz i co dzieje si\u0119 z Twoj\u0105 sk\u00f3r\u0105 po k\u0105pieli s\u0142onecznej. Osoby o ch\u0142odnej karnacji d\u0142ugo si\u0119 opalaj\u0105, zazwyczaj na r\u00f3\u017cowo albo czerwono, s\u0105 te\u017c podatne na poparzenia s\u0142oneczne. Z kolei osoby o ciep\u0142ej karnacji opalaj\u0105 si\u0119 do\u015b\u0107 szybko, na z\u0142otobr\u0105zowo albo oliwkowo.<\/li>\n<li><strong>Spos\u00f3b na \u017cy\u0142y:<\/strong> wymaga okre\u015blenia, jaki kolor maj\u0105 Twoje \u017cy\u0142y. Zerknij na nadgarstek, nawet teraz. Czy \u017cy\u0142y wydaj\u0105 si\u0119 zielonkawe? Masz ciep\u0142y typ karnacji. A mo\u017ce s\u0105 niebieskie (ew. fioletowe)? To oznacza, \u017ce jeste\u015b ch\u0142odnym typem urody.<\/li>\n<li><strong>Spos\u00f3b na kartk\u0119:<\/strong> uwielbiany przez blogerki i pokazywany na niejednym tutorialu na YouTube. Polega na tym, aby przy\u0142o\u017cy\u0107 do oczyszczonej i niepomalowanej twarzy bia\u0142\u0105 kartk\u0119 papieru. Test nale\u017cy wykona\u0107 koniecznie przy naturalnym \u015bwietle. Je\u015bli w por\u00f3wnaniu z kartk\u0105 cera wydaje si\u0119 r\u00f3\u017cowa &#8211; masz ch\u0142odn\u0105 karnacj\u0119. Je\u017celi cera jest \u017c\u00f3\u0142ta &#8211; \u015bwiadczy to o ciep\u0142ym typie urody.<\/li>\n<\/ul>\n<p style=\"margin: 0in; font-family: Calibri; font-size: 11.0pt;\"><div class=\"post-box\"><div class=\"row\"><div class=\"col-md-3 post-box-image\"><a href=\"https:\/\/www.hairstore.pl\/blog\/chlodny-braz-jaka-farba\/\"><img decoding=\"async\" width=\"300\" height=\"169\" src=\"https:\/\/www.hairstore.pl\/blog\/wp-content\/uploads\/2022\/06\/wlosy-chlodny-braz-300x169.jpg\" class=\"attachment-medium size-medium wp-post-image\" alt=\"w\u0142osy ch\u0142odny br\u0105z, kolor w\u0142os\u00f3w ch\u0142odny br\u0105z\" srcset=\"https:\/\/www.hairstore.pl\/blog\/wp-content\/uploads\/2022\/06\/wlosy-chlodny-braz-300x169.jpg 300w, https:\/\/www.hairstore.pl\/blog\/wp-content\/uploads\/2022\/06\/wlosy-chlodny-braz-768x432.jpg 768w, https:\/\/www.hairstore.pl\/blog\/wp-content\/uploads\/2022\/06\/wlosy-chlodny-braz.jpg 800w\" sizes=\"(max-width: 300px) 100vw, 300px\" \/><\/a><\/div><div class=\"col-md-9 post-box-title\"><div class=\"post-box-title-content\"><h4><a href=\"https:\/\/www.hairstore.pl\/blog\/chlodny-braz-jaka-farba\/\">Ch\u0142odny br\u0105z &#8211; jak uzyska\u0107 taki kolor na w\u0142osach?<\/a><\/h4><a href=\"https:\/\/www.hairstore.pl\/blog\/chlodny-braz-jaka-farba\/\" class=\"button\">Czytaj dalej<\/a><\/div><\/div><\/div><\/div><\/p>\n<h2>Jakie fluidy na jesie\u0144 dla suchej cery?<\/h2>\n<p>Skoro wiesz ju\u017c, po jakie odcienie powinna\u015b si\u0119ga\u0107 przy zakupie podk\u0142ad\u00f3w do twarzy, czas ustali\u0107, jakich sk\u0142adnik\u00f3w powinna\u015b szuka\u0107, uwzgl\u0119dniaj\u0105c potrzeby cery.<\/p>\n<p>W przypadku suchej cery \u015bwietnie sprawdz\u0105 si\u0119 fluidy zawieraj\u0105ce: <strong>prowitamin\u0119 B5, ceramidy, kwas hialuronowy<\/strong>. Ceramidy uszczelni\u0105 nask\u00f3rek i zapobiegn\u0105 odwodnieniu, za\u015b kwas hialuronowy zapewni pot\u0119\u017cn\u0105 dawk\u0119 nawil\u017cenia.<\/p>\n<p style=\"margin: 0in; font-family: Calibri; font-size: 11.0pt;\"><div id=\"hsbp-668d1a4f93ebe186a0861a86cad85433\" class=\"hsbp\"><\/div><\/p>\n<p><img decoding=\"async\" class=\"alignnone wp-image-21560 size-full\" src=\"https:\/\/www.hairstore.pl\/blog\/wp-content\/uploads\/2022\/10\/fluidy-do-twarzy.jpg\" alt=\"fluidy na jesie\u0144, podk\u0142ady na jesie\u0144, jak dobra\u0107 podk\u0142ad do typu cery\" width=\"800\" height=\"450\" srcset=\"https:\/\/www.hairstore.pl\/blog\/wp-content\/uploads\/2022\/10\/fluidy-do-twarzy.jpg 800w, https:\/\/www.hairstore.pl\/blog\/wp-content\/uploads\/2022\/10\/fluidy-do-twarzy-300x169.jpg 300w, https:\/\/www.hairstore.pl\/blog\/wp-content\/uploads\/2022\/10\/fluidy-do-twarzy-768x432.jpg 768w\" sizes=\"(max-width: 800px) 100vw, 800px\" \/><\/p>\n<h2>Idealne fluidy dla cery t\u0142ustej<\/h2>\n<p>Je\u015bli Twoim problemem jest b\u0142yszcz\u0105ca si\u0119 buzia, si\u0119gnij po produkty o w\u0142a\u015bciwo\u015bciach matuj\u0105cych. Powinny one zawiera\u0107 na przyk\u0142ad <strong>tlenek cynku<\/strong>, kt\u00f3ry dzia\u0142a \u015bci\u0105gaj\u0105co, tonuj\u0105co i pozostawia cer\u0119 na d\u0142ugo matow\u0105.<\/p>\n<p style=\"margin: 0in; font-family: Calibri; font-size: 11.0pt;\"><div id=\"hsbp-656cbb5072e467bab67248d3223a7910\" class=\"hsbp\"><\/div><\/p>\n<p>Podobnie zadzia\u0142a <strong>skrobia, np. kukurydziana albo z tapoki<\/strong>. Skrobia, znana Ci mo\u017ce z receptury <a href=\"https:\/\/www.hairstore.pl\/szampony_suchy-szampon\">suchych szampon\u00f3w do w\u0142os\u00f3w<\/a>, doskonale absorbuje nadmiar sebum, dzi\u0119ki czemu sk\u00f3ra staje si\u0119 matowa i przestaje si\u0119 \u015bwieci\u0107.<\/p>\n<p style=\"margin: 0in; font-family: Calibri; font-size: 11.0pt;\"><div class=\"post-box\"><div class=\"row\"><div class=\"col-md-3 post-box-image\"><a href=\"https:\/\/www.hairstore.pl\/blog\/jak-nosic-beret\/\"><img decoding=\"async\" width=\"300\" height=\"169\" src=\"https:\/\/www.hairstore.pl\/blog\/wp-content\/uploads\/2020\/10\/beret-dodatek-na-jesien-300x169.jpg\" class=\"attachment-medium size-medium wp-post-image\" alt=\"beret na jesie\u0144, jak nosi\u0107 beret, fryzury do beretu, komu pasuje beret\" srcset=\"https:\/\/www.hairstore.pl\/blog\/wp-content\/uploads\/2020\/10\/beret-dodatek-na-jesien-300x169.jpg 300w, https:\/\/www.hairstore.pl\/blog\/wp-content\/uploads\/2020\/10\/beret-dodatek-na-jesien-1024x576.jpg 1024w, https:\/\/www.hairstore.pl\/blog\/wp-content\/uploads\/2020\/10\/beret-dodatek-na-jesien-768x432.jpg 768w, https:\/\/www.hairstore.pl\/blog\/wp-content\/uploads\/2020\/10\/beret-dodatek-na-jesien.jpg 800w\" sizes=\"(max-width: 300px) 100vw, 300px\" \/><\/a><\/div><div class=\"col-md-9 post-box-title\"><div class=\"post-box-title-content\"><h4><a href=\"https:\/\/www.hairstore.pl\/blog\/jak-nosic-beret\/\">TREND ALERT: Beret to idealny dodatek na jesie\u0144<\/a><\/h4><a href=\"https:\/\/www.hairstore.pl\/blog\/jak-nosic-beret\/\" class=\"button\">Czytaj dalej<\/a><\/div><\/div><\/div><\/div><\/p>\n<h2>Fluidy na jesie\u0144 dla cery poszarza\u0142ej<\/h2>\n<p>Twoja cera jest ziemista, szara, pozbawiona witalno\u015bci? Si\u0119gnij po<strong> fluidy z witamin\u0105 C<\/strong> albo <strong>po\u0142yskuj\u0105cymi drobinkami<\/strong>. To najszybszy i naj\u0142atwiejszy spos\u00f3b na roz\u015bwietlenie cery, tej ziemistej, poszarza\u0142ej czy dojrza\u0142ej.<\/p>\n<p style=\"margin: 0in; font-family: Calibri; font-size: 11.0pt;\"><div id=\"hsbp-5af6b743dfe253f1de8bddbaf40df508\" class=\"hsbp\"><\/div><\/p>\n<ul>\n<li>Witamina C zapewnia promienny wygl\u0105d, redukuje zm\u0119czony koloryt, a dodatkowo dzia\u0142a antyoksydacyjnie i piel\u0119gnuj\u0105co.<\/li>\n<li>B\u0142yszcz\u0105ce drobinki nadaj\u0105 sk\u00f3rze subtelnego blasku, odbijaj\u0105 \u015bwiat\u0142o i optycznie roz\u015bwietlaj\u0105 cer\u0119. Poza tym cudownie podkre\u015blaj\u0105 powakacyjn\u0105 opalenizn\u0119. Cera wygl\u0105da na wypocz\u0119t\u0105, m\u0142od\u0105 i zdrow\u0105.<\/li>\n<\/ul>\n<h2>Jaki fluid dla cery dojrza\u0142ej?<\/h2>\n<p>W przypadku os\u00f3b z dojrza\u0142\u0105 cer\u0105, w sk\u0142adzie kosmetyk\u00f3w do makija\u017cu nale\u017cy szuka\u0107 <strong>kolagenu, silikon\u00f3w, polimer\u00f3w, spilantolu<\/strong> (tzw. ro\u015blinny botoks). Te sk\u0142adniki dzia\u0142aj\u0105 liftinguj\u0105co, uj\u0119drniaj\u0105, poprawiaj\u0105 napi\u0119cie i owal. A do tego dzia\u0142aj\u0105 przeciwzmarszczkowo i wzmacniaj\u0105co, dzi\u0119ki czemu uda Ci si\u0119 po\u0142\u0105czy\u0107 codzienny makija\u017c z kompleksow\u0105 piel\u0119gnacj\u0105 anti-aging.<\/p>\n<p style=\"margin: 0in; font-family: Calibri; font-size: 11.0pt;\"><div id=\"hsbp-4a86005fcfea6b9720aedec4c7d9a227\" class=\"hsbp\"><\/div><\/p>\n<h2>A mo\u017ce krem BB?<\/h2>\n<p>Innym rozwi\u0105zaniem, wartym przemy\u015blenia, jest zast\u0105pienie na co dzie\u0144 fluidu <a href=\"https:\/\/www.bodyland.pl\/kremy-bb-c1054.html\">kremem BB<\/a>. Krem BB to kosmetyk, kt\u00f3ry dzia\u0142a jak zwyk\u0142y krem (piel\u0119gnuje, nawil\u017ca, regeneruje), ale dodatkowo dzi\u0119ki zawarto\u015bci pigment\u00f3w wyr\u00f3wnuje koloryt sk\u00f3ry, matuje albo roz\u015bwietla.<\/p>\n<p><strong>Kremy BB<\/strong> cz\u0119sto dopasowuj\u0105 si\u0119 do koloru sk\u00f3ry &#8211; maj\u0105 te\u017c znacznie mniej odcieni ni\u017c fluidy. Zapewniaj\u0105 mniejsze krycie, nie ukryj\u0105 wszystkich niedoskona\u0142o\u015bci, ale s\u0105 bardziej uniwersalne, l\u017cejsze dla cery i maj\u0105 wi\u0119cej w\u0142a\u015bciwo\u015bci piel\u0119gnuj\u0105cych.<\/p>\n<div id=\"hsbp-6b5b617693b68ef9da1f3112dc0eaf40\" class=\"hsbp\"><\/div>\n","protected":false},"excerpt":{"rendered":"<p>Ich wyj\u0105tkowe receptury mog\u0105 poprawi\u0107 wygl\u0105d cery, zadzia\u0142a\u0107 odm\u0142adzaj\u0105co, piel\u0119gnuj\u0105co czy te\u017c skorygowa\u0107 niedoskona\u0142o\u015bci. Jesieni\u0105 czas na ich zmian\u0119 i dostosowanie do potrzeb sk\u00f3ry w tym trudnym okresie. Mowa o fluidach do twarzy.<\/p>\n","protected":false},"author":8,"featured_media":21562,"comment_status":"open","ping_status":"open","sticky":false,"template":"","format":"standard","meta":{"footnotes":""},"categories":[11],"tags":[],"yst_prominent_words":[5353,5352,5605,5218,10683],"class_list":["post-21554","post","type-post","status-publish","format-standard","has-post-thumbnail","hentry","category-porady"],"_links":{"self":[{"href":"https:\/\/www.hairstore.pl\/blog\/wp-json\/wp\/v2\/posts\/21554","targetHints":{"allow":["GET"]}}],"collection":[{"href":"https:\/\/www.hairstore.pl\/blog\/wp-json\/wp\/v2\/posts"}],"about":[{"href":"https:\/\/www.hairstore.pl\/blog\/wp-json\/wp\/v2\/types\/post"}],"author":[{"embeddable":true,"href":"https:\/\/www.hairstore.pl\/blog\/wp-json\/wp\/v2\/users\/8"}],"replies":[{"embeddable":true,"href":"https:\/\/www.hairstore.pl\/blog\/wp-json\/wp\/v2\/comments?post=21554"}],"version-history":[{"count":7,"href":"https:\/\/www.hairstore.pl\/blog\/wp-json\/wp\/v2\/posts\/21554\/revisions"}],"predecessor-version":[{"id":21564,"href":"https:\/\/www.hairstore.pl\/blog\/wp-json\/wp\/v2\/posts\/21554\/revisions\/21564"}],"wp:featuredmedia":[{"embeddable":true,"href":"https:\/\/www.hairstore.pl\/blog\/wp-json\/wp\/v2\/media\/21562"}],"wp:attachment":[{"href":"https:\/\/www.hairstore.pl\/blog\/wp-json\/wp\/v2\/media?parent=21554"}],"wp:term":[{"taxonomy":"category","embeddable":true,"href":"https:\/\/www.hairstore.pl\/blog\/wp-json\/wp\/v2\/categories?post=21554"},{"taxonomy":"post_tag","embeddable":true,"href":"https:\/\/www.hairstore.pl\/blog\/wp-json\/wp\/v2\/tags?post=21554"},{"taxonomy":"yst_prominent_words","embeddable":true,"href":"https:\/\/www.hairstore.pl\/blog\/wp-json\/wp\/v2\/yst_prominent_words?post=21554"}],"curies":[{"name":"wp","href":"https:\/\/api.w.org\/{rel}","templated":true}]}}