{"id":20811,"date":"2022-07-18T14:29:41","date_gmt":"2022-07-18T12:29:41","guid":{"rendered":"https:\/\/www.hairstore.pl\/blog\/?p=20811"},"modified":"2022-07-18T14:29:41","modified_gmt":"2022-07-18T12:29:41","slug":"sposoby-na-objetosc-wlosow-dla-mezczyzn","status":"publish","type":"post","link":"https:\/\/www.hairstore.pl\/blog\/sposoby-na-objetosc-wlosow-dla-mezczyzn\/","title":{"rendered":"Jak doda\u0107 w\u0142osom obj\u0119to\u015bci? M\u0119skie triki, kt\u00f3re musisz zna\u0107"},"content":{"rendered":"<p>Przerzedzone w\u0142osy sp\u0119dzaj\u0105 sen z powiek niejednego m\u0119\u017cczyzny. Co zrobi\u0107, kiedy fryzura wyra\u017anie traci swoj\u0105 obj\u0119to\u015b\u0107?<!--more--><\/p>\n<p>Czy Twoje w\u0142osy s\u0105 cienkie i delikatne? Pozbawione obj\u0119to\u015bci, puszysto\u015bci i wymagaj\u0105ce tekstury? Je\u015bli tak, ten post jest w\u0142a\u015bnie dla Ciebie. Przedstawiamy w nim sprawdzone sposoby na <strong>dodanie w\u0142osom obj\u0119to\u015bci<\/strong>.<\/p>\n<div class=\"article-menu-box\"><div class=\"article-menu-header\">W tym artykule:<\/div>\n        <ul class=\"article-menu\"><li>jak zag\u0119\u015bci\u0107 rzadkie w\u0142osy<\/li><li>jakie produkty dodadz\u0105 obj\u0119to\u015bci fryzurze<\/li><li>m\u0119skie triki na bujn\u0105 czupryn\u0119<\/li><li>jak poprawnie suszy\u0107 w\u0142osy<\/li><\/ul><\/div>\n<h2>Odpowiednie ci\u0119cie<\/h2>\n<p>Chc\u0105c optycznie zag\u0119\u015bci\u0107 w\u0142osy, odpowiednie strzy\u017cenie to po\u0142owa sukcesu. Wiedza przek\u0142ada si\u0119 na technik\u0119 ci\u0119cia. \u015awiadomi styli\u015bci (a zw\u0142aszcza barberzy) potrafi\u0105 dok\u0142adnie zaplanowa\u0107 strzy\u017cenie m\u0119skie. Bior\u0105 pod uwag\u0119 kszta\u0142t g\u0142owy oraz to, w jaki spos\u00f3b uwidoczni\u0107 atrybuty czy ukry\u0107 mankamenty (kt\u00f3re w przypadku w\u0142os\u00f3w kr\u00f3tkich i p\u00f3\u0142d\u0142ugich nie trudno dostrzec). Je\u015bli wi\u0119c od lat korzystasz z us\u0142ug jednego salonu tylko ze wzgl\u0119du na nisk\u0105 cen\u0119, warto pokusi\u0107 si\u0119 o zmian\u0119 miejsca.<\/p>\n<h2>\u015awiadoma piel\u0119gnacja<\/h2>\n<p><a href=\"https:\/\/www.hairstore.pl\/szampony-dla-mezczyzn-c1197.html\">Szampon do w\u0142os\u00f3w<\/a> powinien nie tylko my\u0107 porost i sk\u00f3r\u0119 g\u0142owy, ale r\u00f3wnie\u017c zapewnia\u0107 w\u0142a\u015bciw\u0105 piel\u0119gnacj\u0119. Nale\u017cy pami\u0119ta\u0107, \u017ce cienkie i rzadkie w\u0142osy s\u0105 z natury delikatne. Do ich oczyszczania warto wybra\u0107 kosmetyk, kt\u00f3ry dodatkowo wzmocni je i nie naruszy ich kruchej struktury. Godnym uwagi jest bez w\u0105tpienia <a href=\"https:\/\/www.hairstore.pl\/redken-brews-szampon-dla-mezczyzn-do-wlosow-przerzedzajacych-sie-i-cienkich-300ml-p23735.html\">szampon dla m\u0119\u017cczyzn do w\u0142os\u00f3w przerzedzaj\u0105cych si\u0119 i cienkich Redken Brews<\/a>. Zestaw piel\u0119gnacyjny warto uzupe\u0142ni\u0107 o od\u017cywk\u0119 oraz inne preparaty do piel\u0119gnacji i stylizacji w\u0142os\u00f3w, ale o tym za chwil\u0119.<\/p>\n<p style=\"margin: 0in; font-family: Calibri; font-size: 11.0pt;\"><div id=\"hsbp-c82425b98aa9652332cbcbbab9934871\" class=\"hsbp\"><\/div><\/p>\n<h2>Pianka do w\u0142os\u00f3w<\/h2>\n<p>Jednym z najcz\u0119\u015bciej wybieranych produkt\u00f3w nadaj\u0105cych obj\u0119to\u015b\u0107 jest <a href=\"https:\/\/www.hairstore.pl\/pianki-c1335.html\">pianka do w\u0142os\u00f3w<\/a>. Pozwala uzyska\u0107 doskona\u0142e efekty stylizacyjne. W zale\u017cno\u015bci od kosmetyku mo\u017ce posiada\u0107 w\u0142a\u015bciwo\u015bci termoochronne, chroni\u0107 przed promieniowaniem UV, puszeniem czy pl\u0105taniem pasm. Dokonuj\u0105c zakupu, warto zwr\u00f3ci\u0107 uwag\u0119 na moc utrwalenia oraz sk\u0142ad kosmetyku. Du\u017c\u0105 popularno\u015bci\u0105 cieszy si\u0119\u00a0<a href=\"https:\/\/www.hairstore.pl\/biosilk-volumizing-pianka-dodajaca-objetosci-360g-p4613.html\">pianka dodaj\u0105ca obj\u0119to\u015b\u0107 Biosilk Volumizing<\/a>.<span class=\"Apple-converted-space\">\u00a0<\/span><\/p>\n<div id=\"hsbp-d4b3a917014c7af7883943b5b595c44f\" class=\"hsbp\"><\/div>\n<p>Sprawd\u017a: <a href=\"https:\/\/www.hairstore.pl\/blog\/najlepsze-szampony-do-wlosow-dla-mezczyzn-top-11\/\">Najlepsze szampony dla m\u0119\u017cczyzn &#8211; Ranking 2022<\/a><\/p>\n<h2>Suszarka &#8211; prosty trik fenowy<\/h2>\n<p>Sprawdzony i skuteczny mo\u017ce si\u0119 okaza\u0107 <strong>spos\u00f3b suszenia w\u0142os\u00f3w g\u0142ow\u0105 w d\u00f3\u0142<\/strong>. Cho\u0107 nie w ka\u017cdym przypadku zapewni on trwa\u0142\u0105 obj\u0119to\u015b\u0107, to z pewno\u015bci\u0105 doskonale odbije w\u0142osy u nasady. Pozwoli to przygotowa\u0107 porost do dalszej stylizacji. <strong>Na koniec warto u\u017cy\u0107 funkcji zimnego powietrza, kt\u00f3ra pozwala domkn\u0105\u0107 \u0142usk\u0119 w\u0142osa.<\/strong> Dzi\u0119ki temu pasma zyskuj\u0105 obj\u0119to\u015b\u0107 oraz zachowuj\u0105 \u015bwie\u017co\u015b\u0107 na d\u0142u\u017cej. Decyduj\u0105c si\u0119 na spos\u00f3b suszenia z g\u0142ow\u0105 w d\u00f3\u0142 nale\u017cy pami\u0119ta\u0107, \u017ceby nawiew nie by\u0142 skierowany \u201epod w\u0142os\u201d.<\/p>\n<div id=\"hsbp-ec68d756d20fe81a32d80e7d594a91b0\" class=\"hsbp\"><\/div>\n<h2>Modelowanie nie tylko dla profesjonalist\u00f3w<\/h2>\n<p>Je\u015bli by\u0142e\u015b w salonie barberskim, doskonale wiesz, \u017ce modelowanie w\u0142os\u00f3w to nie tylko na\u0142o\u017cenie produktu do stylizacji. Niekt\u00f3re fryzury wymagaj\u0105 odpowiedniego przygotowania.<\/p>\n<p><img decoding=\"async\" class=\"aligncenter size-full wp-image-20828\" src=\"https:\/\/www.hairstore.pl\/blog\/wp-content\/uploads\/2022\/07\/czym-stylizowac-meskie-wlosy.jpg\" alt=\"czym stylizowa\u0107 m\u0119skie w\u0142osy, stylizacja m\u0119skich w\u0142os\u00f3w\" width=\"800\" height=\"450\" srcset=\"https:\/\/www.hairstore.pl\/blog\/wp-content\/uploads\/2022\/07\/czym-stylizowac-meskie-wlosy.jpg 800w, https:\/\/www.hairstore.pl\/blog\/wp-content\/uploads\/2022\/07\/czym-stylizowac-meskie-wlosy-300x169.jpg 300w, https:\/\/www.hairstore.pl\/blog\/wp-content\/uploads\/2022\/07\/czym-stylizowac-meskie-wlosy-768x432.jpg 768w\" sizes=\"(max-width: 800px) 100vw, 800px\" \/><\/p>\n<p>Chc\u0105c odbi\u0107 pasma u nasady oraz nada\u0107 im odpowiedni kierunek wystarczy <strong>suszarka i okr\u0105g\u0142a szczotka<\/strong>. Ustawiaj\u0105c strumie\u0144 ciep\u0142ego powietrza, w\u0142osy nawijane s\u0105 od ko\u0144c\u00f3wek oraz p\u0142ynnym ruchem wyci\u0105gane na szczotce. Osoby o wyj\u0105tkowo rzadkich w\u0142osach powinny rozwa\u017cy\u0107 modele, kt\u00f3re opr\u00f3cz nadania kszta\u0142tu fryzurze b\u0119d\u0105 tak\u017ce wp\u0142ywa\u0107 na ich kondycj\u0119.<\/p>\n<div id=\"hsbp-8cdd8181dc9e2bcf0ff6402f3301578b\" class=\"hsbp\"><\/div>\n<p>W przypadku w\u0142os\u00f3w z tendencj\u0105 do wypadania \u015bwietnie sprawdz\u0105 si\u0119 szczotki z naturalnego w\u0142osia, np. <a href=\"https:\/\/www.hairstore.pl\/olivia-garden-bamboo-touch-szczotka-do-modelowania-z-wlosia-z-dzika-15mm-p31115.html\">szczotka do modelowania z w\u0142osia z dzika Olivia Garden Bamboo Touch 15mm<\/a> lub <a href=\"https:\/\/www.hairstore.pl\/olivia-garden-ecohair-combo-szczotka-okragla-18mm-p17540.html\">szczotka okr\u0105g\u0142a Olivia Garden Ecohair Combo 18mm<\/a>.<\/p>\n<h2>Puder do w\u0142os\u00f3w &#8211; kr\u00f3l obj\u0119to\u015bci<\/h2>\n<p><a href=\"https:\/\/www.hairstore.pl\/pudry-c1338.html\">Puder do w\u0142os\u00f3w<\/a> to nowoczesny i wielozadaniowy kosmetyk, kt\u00f3ry zyskuje coraz wi\u0119ksz\u0105 popularno\u015b\u0107 zar\u00f3wno w\u015br\u00f3d kobiet, jak i m\u0119\u017cczyzn. S\u0142u\u017cy do wszechstronnej stylizacji fryzury. Posiada lekk\u0105 formu\u0142\u0119, charakteryzuje si\u0119 sypk\u0105 konsystencj\u0105 przypominaj\u0105c\u0105 proszek (talk). Zapewnia doskona\u0142\u0105 przyczepno\u015b\u0107 do w\u0142os\u00f3w.<\/p>\n<div id=\"hsbp-453e4cde3fd8ab91037356a252c29ad9\" class=\"hsbp\"><\/div>\n<p>Mikrocz\u0105steczki (lub mikrow\u0142\u00f3kna) oblepiaj\u0105 wybrane pasma. Doskonale sprawdza si\u0119 w przypadku w\u0142os\u00f3w cienkich i delikatnych, pozbawionych obj\u0119to\u015bci oraz wymagaj\u0105cych tekstury. Ciekaw\u0105 propozycj\u0105 jest bez w\u0105tpienia <a href=\"https:\/\/www.hairstore.pl\/schwarzkopf-osis-dust-it-matujacy-puder-do-stylizacji-10g-p2618.html\">matuj\u0105cy puder do stylizacji Schwarzkopf OSIS+ Dust It<\/a>.<\/p>\n<p>Sprawd\u017a: <a href=\"https:\/\/www.hairstore.pl\/blog\/puder-do-wlosow-dla-mezczyzn\/\">M\u0119ski puder do w\u0142os\u00f3w? Sprawd\u017a, jak go u\u017cywa\u0107!<\/a><\/p>\n<h2>Lakier i spray dodaj\u0105cy obj\u0119to\u015bci<\/h2>\n<p>Lakier do w\u0142os\u00f3w i spray dodaj\u0105cy obj\u0119to\u015bci to dwa najpopularniejsze produkty wspomagaj\u0105ce wizualne zag\u0119szczenie fryzury. W zale\u017cno\u015bci od oczekiwa\u0144 pod wzgl\u0119dem efekt\u00f3w, warto pomy\u015ble\u0107 o aplikacji wspomnianych kosmetyk\u00f3w trzymaj\u0105c <strong>g\u0142ow\u0119 skierowan\u0105 do do\u0142u<\/strong>. Warto kierowa\u0107 si\u0119 jedn\u0105, prost\u0105 zasad\u0105 &#8211; mniej znaczy wi\u0119cej. Nies\u0142abn\u0105c\u0105 popularno\u015bci\u0105 ciesz\u0105 si\u0119 <a href=\"https:\/\/www.hairstore.pl\/redken-brews-mocny-lakier-do-wlosow-o-meskim-zapachu-200ml-p21677.html\">mocny lakier do w\u0142os\u00f3w o m\u0119skim zapachu Redken Brews<\/a>, a tak\u017ce <a href=\"https:\/\/www.hairstore.pl\/redken-brews-spray-thickening-spray-do-wlosow-przerzedzajacych-sie-i-cienkich-100ml-p23730.html\">spray do w\u0142os\u00f3w przerzedzaj\u0105cych si\u0119 i cienkich Redken Brews Spray Thickening<\/a>.<\/p>\n<p><img decoding=\"async\" class=\"aligncenter size-full wp-image-20829\" src=\"https:\/\/www.hairstore.pl\/blog\/wp-content\/uploads\/2022\/07\/stylizacja-meskich-wlosow.jpg\" alt=\"stylizacja m\u0119skich w\u0142os\u00f3w, czym stylizowa\u0107 m\u0119skie w\u0142osy\" width=\"800\" height=\"450\" srcset=\"https:\/\/www.hairstore.pl\/blog\/wp-content\/uploads\/2022\/07\/stylizacja-meskich-wlosow.jpg 800w, https:\/\/www.hairstore.pl\/blog\/wp-content\/uploads\/2022\/07\/stylizacja-meskich-wlosow-300x169.jpg 300w, https:\/\/www.hairstore.pl\/blog\/wp-content\/uploads\/2022\/07\/stylizacja-meskich-wlosow-768x432.jpg 768w\" sizes=\"(max-width: 800px) 100vw, 800px\" \/><\/p>\n<h2>Suchy szampon &#8211; bohater, o kt\u00f3rym warto pami\u0119ta\u0107<\/h2>\n<p>Rzadkie i delikatne w\u0142osy do\u015b\u0107 szybko si\u0119 przet\u0142uszczaj\u0105. W\u00f3wczas fryzury wyj\u0105tkowo wyra\u017anie trac\u0105 swoj\u0105 obj\u0119to\u015b\u0107. Wymusza to codzienne mycie i uk\u0142adanie w\u0142os\u00f3w. Jest na to rozwi\u0105zanie &#8211; <strong>dobry suchy szampon<\/strong>. Kosmetyk pozwala odroczy\u0107 w czasie mycie w\u0142os\u00f3w. Proszek wch\u0142ania wilgo\u0107 oraz nadmiar sebum tu\u017c u nasady. Dodaje obj\u0119to\u015bci cienkim i rzadkim w\u0142osom. \u015awietnym rozwi\u0105zaniem mo\u017ce si\u0119 okaza\u0107 <a href=\"https:\/\/www.hairstore.pl\/seb-man-the-joker-teksturyzujacy-suchy-szampon-w-sprayu-180ml-p30746.html\">teksturyzuj\u0105cy suchy szampon w sprayu SEB MAN The Joker<\/a>.<\/p>\n<div id=\"hsbp-a2c1e392dcdd99064afab6e508de1add\" class=\"hsbp\"><\/div>\n","protected":false},"excerpt":{"rendered":"<p>Przerzedzone w\u0142osy sp\u0119dzaj\u0105 sen z powiek niejednego m\u0119\u017cczyzny. Co zrobi\u0107, kiedy fryzura wyra\u017anie traci swoj\u0105 obj\u0119to\u015b\u0107?<\/p>\n","protected":false},"author":11,"featured_media":20827,"comment_status":"open","ping_status":"open","sticky":false,"template":"","format":"standard","meta":{"footnotes":""},"categories":[11350],"tags":[641],"yst_prominent_words":[823,2347,1979,1474,3921,8713,3945,704,717],"class_list":["post-20811","post","type-post","status-publish","format-standard","has-post-thumbnail","hentry","category-meska-strefa","tag-meska-stylizacja"],"_links":{"self":[{"href":"https:\/\/www.hairstore.pl\/blog\/wp-json\/wp\/v2\/posts\/20811","targetHints":{"allow":["GET"]}}],"collection":[{"href":"https:\/\/www.hairstore.pl\/blog\/wp-json\/wp\/v2\/posts"}],"about":[{"href":"https:\/\/www.hairstore.pl\/blog\/wp-json\/wp\/v2\/types\/post"}],"author":[{"embeddable":true,"href":"https:\/\/www.hairstore.pl\/blog\/wp-json\/wp\/v2\/users\/11"}],"replies":[{"embeddable":true,"href":"https:\/\/www.hairstore.pl\/blog\/wp-json\/wp\/v2\/comments?post=20811"}],"version-history":[{"count":8,"href":"https:\/\/www.hairstore.pl\/blog\/wp-json\/wp\/v2\/posts\/20811\/revisions"}],"predecessor-version":[{"id":20824,"href":"https:\/\/www.hairstore.pl\/blog\/wp-json\/wp\/v2\/posts\/20811\/revisions\/20824"}],"wp:featuredmedia":[{"embeddable":true,"href":"https:\/\/www.hairstore.pl\/blog\/wp-json\/wp\/v2\/media\/20827"}],"wp:attachment":[{"href":"https:\/\/www.hairstore.pl\/blog\/wp-json\/wp\/v2\/media?parent=20811"}],"wp:term":[{"taxonomy":"category","embeddable":true,"href":"https:\/\/www.hairstore.pl\/blog\/wp-json\/wp\/v2\/categories?post=20811"},{"taxonomy":"post_tag","embeddable":true,"href":"https:\/\/www.hairstore.pl\/blog\/wp-json\/wp\/v2\/tags?post=20811"},{"taxonomy":"yst_prominent_words","embeddable":true,"href":"https:\/\/www.hairstore.pl\/blog\/wp-json\/wp\/v2\/yst_prominent_words?post=20811"}],"curies":[{"name":"wp","href":"https:\/\/api.w.org\/{rel}","templated":true}]}}