{"id":20775,"date":"2022-07-12T14:06:21","date_gmt":"2022-07-12T12:06:21","guid":{"rendered":"https:\/\/www.hairstore.pl\/blog\/?p=20775"},"modified":"2022-07-13T13:13:04","modified_gmt":"2022-07-13T11:13:04","slug":"kiedy-trzeba-podciac-koncowki-wlosow","status":"publish","type":"post","link":"https:\/\/www.hairstore.pl\/blog\/kiedy-trzeba-podciac-koncowki-wlosow\/","title":{"rendered":"Pi\u0119\u0107 oznak, \u017ce powinna\u015b natychmiast podci\u0105\u0107 w\u0142osy \u2013 sprawd\u017a, czy dotycz\u0105 Ciebie!"},"content":{"rendered":"<p>Kiedy podci\u0105\u0107 w\u0142osy? Sprawd\u017a, jakie symptomy m\u00f3wi\u0105 o tym, \u017ce specjalistyczna piel\u0119gnacja nie wystarcza i niezb\u0119dne jest zdecydowane ci\u0119cie. Oto pi\u0119\u0107 oznak, \u017ce podcinanie ko\u0144c\u00f3wek jest konieczne. <!--more--><\/p>\n<p>Na rynku dost\u0119pnych jest mn\u00f3stwo <a href=\"https:\/\/www.hairstore.pl\/pielegnacja-premium-c1575.html\">kosmetyk\u00f3w do piel\u0119gnacji w\u0142os\u00f3w<\/a>, tak\u017ce do tych suchych i zniszczonych farbowaniem, prostowaniem czy innymi zabiegami. Cho\u0107 preparaty te potrafi\u0105 zdzia\u0142a\u0107 cuda i nada\u0107 suchym i zniszczonym w\u0142osom mi\u0119kko\u015b\u0107, blask i elastyczno\u015b\u0107 w\u0142a\u015bciw\u0105 dla w\u0142os\u00f3w zdrowych, w niekt\u00f3rych wypadkach nie maj\u0105 one szans trwale zregenerowa\u0107 pasm. Wtedy konieczne jest <strong>szybkie ci\u0119cie<\/strong>.<\/p>\n<div class=\"article-menu-box\"><div class=\"article-menu-header\">Z tego artyku\u0142u dowiesz si\u0119:<\/div>\n        <ul class=\"article-menu\"><li>jakie s\u0105 oznaki, \u017ce w\u0142osy s\u0105 zniszczone<\/li><li>dlaczego warto podcina\u0107 w\u0142osy<\/li><li>co mo\u017ce oznacza\u0107, \u017ce kolor w\u0142os\u00f3w szybko si\u0119 wyp\u0142ukuje<\/li><li>dlaczego czasami konieczne jest podci\u0119cie ko\u0144c\u00f3wek w\u0142os\u00f3w<\/li><\/ul><\/div>\n<h2>1. Zapuszczasz w\u0142osy? Ten zabieg mo\u017ce znacznie przyspieszy\u0107 proces\u2026<\/h2>\n<p>Wielu w\u0142osomaniaczkom zapuszczaj\u0105cym w\u0142osy trudno pogodzi\u0107 si\u0119 z faktem, \u017ce podcinanie ko\u0144c\u00f3wek jest niekiedy po prostu konieczne. Paradoksalnie, <strong>zniszczone w\u0142osy po obci\u0119ciu rozdwojonych ko\u0144c\u00f3w b\u0119d\u0105 mniej \u0142amliwe i nie b\u0119d\u0105 si\u0119 wykrusza\u0107<\/strong>, a zapuszczanie b\u0119dzie przynosi\u0107 o wiele bardziej zauwa\u017calne efekty. Zaleca si\u0119, aby pasma podcina\u0107 <strong>co 3-4 miesi\u0105ce<\/strong>, jednak mo\u017cesz to robi\u0107 o wiele rzadziej lub o wiele cz\u0119\u015bciej \u2013 wszystko zale\u017cy od indywidualnych uwarunkowa\u0144.<\/p>\n<p>A zatem, kiedy podci\u0105\u0107 w\u0142osy?<\/p>\n<p>Zr\u00f3b to szczeg\u00f3lnie, gdy pasma s\u0105 bardzo suche i masz wra\u017cenie, \u017ce krusz\u0105 si\u0119 czy \u0142ami\u0105 na d\u0142ugo\u015bci.<\/p>\n<p>Mamy dla Ciebie <span class=\"ebook-download-header-text-bold\">darmowego e-booka<\/span>. Wystarczy jedno klikni\u0119cie.<\/p>\n<div class=\"ebook-download-box\">\n<div class=\"ebook-download-header\">\n<div class=\"ebook-cover\">\n<p><img decoding=\"async\" src=\"https:\/\/www.hairstore.pl\/blog\/wp-content\/uploads\/2021\/10\/zapuszczanie-wlosow-hairstore.jpg\" \/><\/p>\n<div><span class=\"ebook-pages\">21<\/span><span class=\"ebook-pages-txt\">stron<\/span><\/div>\n<\/div>\n<\/div>\n<div class=\"ebook-download-title\">Jak szybko zapu\u015bci\u0107 w\u0142osy?<\/div>\n<div class=\"ebook-download-cta\"><a href=\"https:\/\/www.hairstore.pl\/blog\/wp-content\/uploads\/2021\/10\/EBOOK-zapuszczanie-wlosow.pdf\" target=\"_blank\" rel=\"noopener noreferrer\">Pobierz za darmo<\/a><\/div>\n<\/div>\n<h2>2. Jak skutecznie zapuszcza\u0107 w\u0142osy? Tego musisz unika\u0107!<\/h2>\n<p>Zdrowe i mocne w\u0142osy najszybciej rosn\u0105, a niekt\u00f3rych zniszcze\u0144 nie da si\u0119 zregenerowa\u0107 nawet <a href=\"https:\/\/www.hairstore.pl\/blog\/olejowanie-wlosow-pytania-i-odpowiedzi\/\">olejowaniem<\/a> czy specjaln\u0105 piel\u0119gnacj\u0105 do suchych i zniszczonych w\u0142os\u00f3w. Szczeg\u00f3lnie, je\u015bli twoje pasma rozdwajaj\u0105 si\u0119 na ko\u0144cach, mo\u017cesz zapomnie\u0107 o szybkim poro\u015bcie w\u0142os\u00f3w. Dlatego gdy masz <strong>rozdwojone ko\u0144c\u00f3wki<\/strong>, jest to znak, \u017ce najwy\u017cszy czas na fryzjerskie pogotowie i zdecydowane ci\u0119cie.<\/p>\n<p style=\"margin: 0in; font-family: Calibri; font-size: 11.0pt;\"><div id=\"hsbp-cb0320aac5aa271c30f8000064d30e4e\" class=\"hsbp\"><\/div><\/p>\n<h2>3. Zauwa\u017casz ten problem po farbowaniu? Pomo\u017ce podci\u0119cie w\u0142os\u00f3w<\/h2>\n<p>Po koloryzacji twoje w\u0142osy szybko staj\u0105 si\u0119 matowe, a kolor wyp\u0142ukuje si\u0119 o wiele wcze\u015bniej ni\u017c deklaruje producent farby? Mo\u017ce to oznacza\u0107, \u017ce <strong>uszkodzone \u0142uski w\u0142osa nie zatrzymuj\u0105 barwnika<\/strong>. Aby temu zaradzi\u0107, farbuj w\u0142osy tylko na odrostach i koniecznie podetnij zniszczone ko\u0144c\u00f3wki.<\/p>\n<div id=\"hsbp-4759b0d6cc8331dcbdbb702ba573e462\" class=\"hsbp\"><\/div>\n<p><img decoding=\"async\" class=\"aligncenter size-full wp-image-20788\" src=\"https:\/\/www.hairstore.pl\/blog\/wp-content\/uploads\/2022\/07\/serum-na-koncowki-wlosow.jpg\" alt=\"serum na ko\u0144c\u00f3wki w\u0142os\u00f3w, fluid na ko\u0144c\u00f3wki w\u0142os\u00f3w\" width=\"800\" height=\"450\" srcset=\"https:\/\/www.hairstore.pl\/blog\/wp-content\/uploads\/2022\/07\/serum-na-koncowki-wlosow.jpg 800w, https:\/\/www.hairstore.pl\/blog\/wp-content\/uploads\/2022\/07\/serum-na-koncowki-wlosow-300x169.jpg 300w, https:\/\/www.hairstore.pl\/blog\/wp-content\/uploads\/2022\/07\/serum-na-koncowki-wlosow-768x432.jpg 768w\" sizes=\"(max-width: 800px) 100vw, 800px\" \/><\/p>\n<h2>4. Masz ten problem? Czas na podcinanie w\u0142os\u00f3w<\/h2>\n<p>Po rozczesywaniu w\u0142os\u00f3w widzisz na <a href=\"https:\/\/www.hairstore.pl\/szczotki-do-wlosow-c68.html\">szczotce<\/a> du\u017co kr\u00f3tkich w\u0142osk\u00f3w? Masz wra\u017cenie, \u017ce w\u0142osy, kt\u00f3re wypadaj\u0105, s\u0105 o wiele kr\u00f3tsze ni\u017c pozosta\u0142e? To oznacza, \u017ce <strong>w\u0142osy si\u0119 \u0142ami\u0105 i warto je podci\u0105\u0107<\/strong>. Pami\u0119taj te\u017c, \u017ce \u0142amliwo\u015b\u0107 w\u0142os\u00f3w mo\u017ce by\u0107 spowodowana nie tylko zniszczeniem przez warunki atmosferyczne czy zabiegi, ale tak\u017ce przez problemy ze zdrowiem.<\/p>\n<p style=\"margin: 0in; font-family: Calibri; font-size: 11.0pt;\"><div id=\"hsbp-e7ab6e306ca0075f7542e253a64da6fa\" class=\"hsbp\"><\/div><\/p>\n<p><img decoding=\"async\" class=\"aligncenter size-full wp-image-20789\" src=\"https:\/\/www.hairstore.pl\/blog\/wp-content\/uploads\/2022\/07\/zniszczone-wlosy.jpg\" alt=\"zniszczone w\u0142osy, os\u0142abione w\u0142osy\" width=\"800\" height=\"450\" srcset=\"https:\/\/www.hairstore.pl\/blog\/wp-content\/uploads\/2022\/07\/zniszczone-wlosy.jpg 800w, https:\/\/www.hairstore.pl\/blog\/wp-content\/uploads\/2022\/07\/zniszczone-wlosy-300x169.jpg 300w, https:\/\/www.hairstore.pl\/blog\/wp-content\/uploads\/2022\/07\/zniszczone-wlosy-768x432.jpg 768w\" sizes=\"(max-width: 800px) 100vw, 800px\" \/><\/p>\n<h2>5. Kiedy podci\u0105\u0107 w\u0142osy? Ta oznaka mo\u017ce ci\u0119 zaskoczy\u0107\u2026<\/h2>\n<p>Po czym rozpozna\u0107, kiedy obci\u0105\u0107 w\u0142osy? Nie zawsze symptomem musi by\u0107 zniszczenie pasm czy rozdwojenie ko\u0144c\u00f3wek. Oznak\u0105, \u017ce warto uda\u0107 si\u0119 do fryzjera i skr\u00f3ci\u0107 fryzur\u0119 jest tak\u017ce <strong>utrata obj\u0119to\u015bci<\/strong>. Je\u015bli niezale\u017cnie od tego, czy myjesz w\u0142osy <a href=\"https:\/\/www.hairstore.pl\/szampony_nadanie-objetosci\">szamponem nadaj\u0105cym obj\u0119to\u015b\u0107<\/a> i czy prawid\u0142owo suszysz w\u0142osy, te ju\u017c po chwili staj\u0105 si\u0119 oklapni\u0119te i zaczynaj\u0105 przylega\u0107 do g\u0142owy to znak, \u017ce sta\u0142y si\u0119 zbyt ci\u0119\u017ckie. Cieniowanie i skr\u00f3cenie sprawi, \u017ce fryzura zn\u00f3w nabierze lekko\u015bci, a w\u0142osy zaczn\u0105 si\u0119 lepiej uk\u0142ada\u0107.<\/p>\n<p style=\"margin: 0in; font-family: Calibri; font-size: 11.0pt;\"><div id=\"hsbp-580397594c49f61182ed031252b2c971\" class=\"hsbp\"><\/div><\/p>\n","protected":false},"excerpt":{"rendered":"<p>Kiedy podci\u0105\u0107 w\u0142osy? Sprawd\u017a, jakie symptomy m\u00f3wi\u0105 o tym, \u017ce specjalistyczna piel\u0119gnacja nie wystarcza i niezb\u0119dne jest zdecydowane ci\u0119cie. Oto pi\u0119\u0107 oznak, \u017ce podcinanie ko\u0144c\u00f3wek jest konieczne.<\/p>\n","protected":false},"author":13,"featured_media":20798,"comment_status":"open","ping_status":"open","sticky":false,"template":"","format":"standard","meta":{"footnotes":""},"categories":[11],"tags":[11363],"yst_prominent_words":[2109,4370,1533,1536,9697,2294,6735,1204,704,2051,2756],"class_list":["post-20775","post","type-post","status-publish","format-standard","has-post-thumbnail","hentry","category-porady","tag-pielegnacja-wlosow"],"_links":{"self":[{"href":"https:\/\/www.hairstore.pl\/blog\/wp-json\/wp\/v2\/posts\/20775","targetHints":{"allow":["GET"]}}],"collection":[{"href":"https:\/\/www.hairstore.pl\/blog\/wp-json\/wp\/v2\/posts"}],"about":[{"href":"https:\/\/www.hairstore.pl\/blog\/wp-json\/wp\/v2\/types\/post"}],"author":[{"embeddable":true,"href":"https:\/\/www.hairstore.pl\/blog\/wp-json\/wp\/v2\/users\/13"}],"replies":[{"embeddable":true,"href":"https:\/\/www.hairstore.pl\/blog\/wp-json\/wp\/v2\/comments?post=20775"}],"version-history":[{"count":7,"href":"https:\/\/www.hairstore.pl\/blog\/wp-json\/wp\/v2\/posts\/20775\/revisions"}],"predecessor-version":[{"id":20785,"href":"https:\/\/www.hairstore.pl\/blog\/wp-json\/wp\/v2\/posts\/20775\/revisions\/20785"}],"wp:featuredmedia":[{"embeddable":true,"href":"https:\/\/www.hairstore.pl\/blog\/wp-json\/wp\/v2\/media\/20798"}],"wp:attachment":[{"href":"https:\/\/www.hairstore.pl\/blog\/wp-json\/wp\/v2\/media?parent=20775"}],"wp:term":[{"taxonomy":"category","embeddable":true,"href":"https:\/\/www.hairstore.pl\/blog\/wp-json\/wp\/v2\/categories?post=20775"},{"taxonomy":"post_tag","embeddable":true,"href":"https:\/\/www.hairstore.pl\/blog\/wp-json\/wp\/v2\/tags?post=20775"},{"taxonomy":"yst_prominent_words","embeddable":true,"href":"https:\/\/www.hairstore.pl\/blog\/wp-json\/wp\/v2\/yst_prominent_words?post=20775"}],"curies":[{"name":"wp","href":"https:\/\/api.w.org\/{rel}","templated":true}]}}