{"id":20359,"date":"2022-05-06T14:55:35","date_gmt":"2022-05-06T12:55:35","guid":{"rendered":"https:\/\/www.hairstore.pl\/blog\/?p=20359"},"modified":"2022-05-06T14:55:35","modified_gmt":"2022-05-06T12:55:35","slug":"fryzury-na-wesele-2022","status":"publish","type":"post","link":"https:\/\/www.hairstore.pl\/blog\/fryzury-na-wesele-2022\/","title":{"rendered":"Fryzury na wesele 2022 &#8211; a\u017c 24 zdj\u0119cia!"},"content":{"rendered":"<p>Sezon \u015blubny ju\u017c w pe\u0142ni. Czas na przegl\u0105d trend\u00f3w we fryzurach \u015blubnych. Przedstawiamy najmodniejsze fryzury na wesele 2022.<\/p>\n<p><!--more--><\/p>\n<p>Wesele to niezwykle wa\u017cny dzie\u0144 w \u017cyciu ka\u017cdej kobiety. I ka\u017cda Panna M\u0142oda chce wygl\u0105da\u0107 zjawiskowo. Trendy co roku si\u0119 zmieniaj\u0105, dlatego przygotowali\u015bmy przegl\u0105d fryzur na \u015blub na sezon 2022. Poni\u017cej znajdziesz a\u017c cztery propozycje najmodniejszych fryzur na wesele.<\/p>\n<h2>Fryzury na wesele 2022 &#8211; Przedzia\u0142ek na \u015brodku<\/h2>\n<p>Pierwsza propozycja to proste albo lekko falowane w\u0142osy z przedzia\u0142kiem na \u015brodku. Ta fryzura \u015bwietnie wpisuje si\u0119 w naturalny look, kt\u00f3ry jest jednym z najmocniejszych trend\u00f3w weselnych na 2022 rok.<\/p>\n<figure id=\"attachment_20360\" aria-describedby=\"caption-attachment-20360\" style=\"width: 800px\" class=\"wp-caption aligncenter\"><img decoding=\"async\" class=\"size-full wp-image-20360\" src=\"https:\/\/www.hairstore.pl\/blog\/wp-content\/uploads\/2022\/05\/slub-2022-fryzury.jpg\" alt=\"fryzury na wesele, fryzury na \u015blub, fryzury z przedzia\u0142kiem\" width=\"800\" height=\"450\" srcset=\"https:\/\/www.hairstore.pl\/blog\/wp-content\/uploads\/2022\/05\/slub-2022-fryzury.jpg 800w, https:\/\/www.hairstore.pl\/blog\/wp-content\/uploads\/2022\/05\/slub-2022-fryzury-300x169.jpg 300w, https:\/\/www.hairstore.pl\/blog\/wp-content\/uploads\/2022\/05\/slub-2022-fryzury-768x432.jpg 768w\" sizes=\"(max-width: 800px) 100vw, 800px\" \/><figcaption id=\"caption-attachment-20360\" class=\"wp-caption-text\">\u0179r\u00f3d\u0142o: fryzur.com, cosmopolitan.com, itakeyouwedding.com<\/figcaption><\/figure>\n<p>W\u0142osy mog\u0105 by\u0107 proste, pofalowane albo zakr\u0119cone &#8211; wszystko zale\u017cy od stylizacji. Taka fryzura b\u0119dzie si\u0119 najlepiej komponowa\u0107 z sukienkami minimalistycznymi. \u017beby doda\u0107 nieco szyku, mo\u017cesz wpi\u0105\u0107 we w\u0142osy spinki, postawi\u0107 na bardziej wystawny welon albo dodatkowo nab\u0142yszczy\u0107 w\u0142osy. Bierzesz \u015blub w stylu rustykalnym? Wple\u0107 we w\u0142osy kwiaty.<\/p>\n<p>Sprawd\u017a: <a href=\"https:\/\/www.hairstore.pl\/blog\/slub-w-lato-a-fryzura\/\">\u015alub latem &#8211; co musisz wiedzie\u0107?<\/a><\/p>\n<figure id=\"attachment_20361\" aria-describedby=\"caption-attachment-20361\" style=\"width: 800px\" class=\"wp-caption aligncenter\"><img decoding=\"async\" class=\"size-full wp-image-20361\" src=\"https:\/\/www.hairstore.pl\/blog\/wp-content\/uploads\/2022\/05\/wesele-2022.jpg\" alt=\"fryzury na wesele, fryzury na \u015blub, fryzury z przedzia\u0142kiem\" width=\"800\" height=\"450\" srcset=\"https:\/\/www.hairstore.pl\/blog\/wp-content\/uploads\/2022\/05\/wesele-2022.jpg 800w, https:\/\/www.hairstore.pl\/blog\/wp-content\/uploads\/2022\/05\/wesele-2022-300x169.jpg 300w, https:\/\/www.hairstore.pl\/blog\/wp-content\/uploads\/2022\/05\/wesele-2022-768x432.jpg 768w\" sizes=\"(max-width: 800px) 100vw, 800px\" \/><figcaption id=\"caption-attachment-20361\" class=\"wp-caption-text\">\u0179r\u00f3d\u0142o: prettydesigns.com, harbersbazaar.com, styleoli.com<\/figcaption><\/figure>\n<div id=\"hsbp-bc0cffa6562cf219a8eb93d9887e8e38\" class=\"hsbp\"><\/div>\n<h2>Fryzury na wesele 2022 &#8211; Niski kucyk<\/h2>\n<p>Niski kucyk to bardzo elegancka propozycja fryzury na wesele. Kucyk b\u0119dzie pasowa\u0107 do sukienek prostych, w stylu greckim. To dobre rozwi\u0105zanie szczeg\u00f3lnie dla os\u00f3b z d\u0142ugimi w\u0142osami, r\u00f3wnie\u017c cienkimi. W\u0142osy mo\u017cna bowiem unie\u015b\u0107 u nasady, a kucyk dodatkowo natapirowa\u0107 dla osi\u0105gni\u0119cia efektu dodatkowej obj\u0119to\u015bci.<\/p>\n<figure id=\"attachment_20362\" aria-describedby=\"caption-attachment-20362\" style=\"width: 800px\" class=\"wp-caption aligncenter\"><img decoding=\"async\" class=\"size-full wp-image-20362\" src=\"https:\/\/www.hairstore.pl\/blog\/wp-content\/uploads\/2022\/05\/fryzura-na-slub-niski-kucyk.jpg\" alt=\"niski kucyk, fryzury na wesele 2022\" width=\"800\" height=\"450\" srcset=\"https:\/\/www.hairstore.pl\/blog\/wp-content\/uploads\/2022\/05\/fryzura-na-slub-niski-kucyk.jpg 800w, https:\/\/www.hairstore.pl\/blog\/wp-content\/uploads\/2022\/05\/fryzura-na-slub-niski-kucyk-300x169.jpg 300w, https:\/\/www.hairstore.pl\/blog\/wp-content\/uploads\/2022\/05\/fryzura-na-slub-niski-kucyk-768x432.jpg 768w\" sizes=\"(max-width: 800px) 100vw, 800px\" \/><figcaption id=\"caption-attachment-20362\" class=\"wp-caption-text\">\u0179r\u00f3d\u0142o: pin.it, itakeyou.co.uk, mariefrance.fr<\/figcaption><\/figure>\n<p>Inn\u0105 opcj\u0105 jest idealnie g\u0142adki kucyk &#8211; tutaj \u015bwietnie sprawdzi si\u0119 r\u00f3wnie\u017c dodatkowe nab\u0142yszczenie. Ale to nie wszystkie mo\u017cliwo\u015bci! W\u0142osy mog\u0105 by\u0107 idealnie proste albo pofalowane &#8211; np. w stylu Hollywood. Jeden kucyk i tyle stylizacji!<\/p>\n<div id=\"hsbp-076b146d1fb82af131e89c6176ce029b\" class=\"hsbp\"><\/div>\n<p>Sprawd\u017a: <a href=\"https:\/\/www.hairstore.pl\/blog\/czy-warto-robic-fryzure-probna\/\">Czy warto robi\u0107 fryzury pr\u00f3bne przed weselem?<\/a><\/p>\n<figure id=\"attachment_20363\" aria-describedby=\"caption-attachment-20363\" style=\"width: 800px\" class=\"wp-caption aligncenter\"><img decoding=\"async\" class=\"size-full wp-image-20363\" src=\"https:\/\/www.hairstore.pl\/blog\/wp-content\/uploads\/2022\/05\/niski-kucyk-propozycja-na-slub.jpg\" alt=\"niski kucyk, fryzury na wesele 2022\" width=\"800\" height=\"450\" srcset=\"https:\/\/www.hairstore.pl\/blog\/wp-content\/uploads\/2022\/05\/niski-kucyk-propozycja-na-slub.jpg 800w, https:\/\/www.hairstore.pl\/blog\/wp-content\/uploads\/2022\/05\/niski-kucyk-propozycja-na-slub-300x169.jpg 300w, https:\/\/www.hairstore.pl\/blog\/wp-content\/uploads\/2022\/05\/niski-kucyk-propozycja-na-slub-768x432.jpg 768w\" sizes=\"(max-width: 800px) 100vw, 800px\" \/><figcaption id=\"caption-attachment-20363\" class=\"wp-caption-text\">\u0179r\u00f3d\u0142o: mujerde10.com, lovehairstyles.com, culturacolectiva.com<\/figcaption><\/figure>\n<h2>Fryzury na \u015blub 2022 &#8211; Kok francuski<\/h2>\n<p>Dla os\u00f3b, kt\u00f3re ceni\u0105 sobie przede wszystkim elegancj\u0119 i tradycj\u0119 polecamy kok francuski. Ta fryzura na wesele komponuje si\u0119 doskonale z bardziej wystawnymi sukniami \u015blubnymi, np. typu bombka czy typu ksi\u0119\u017cniczka. Aby u\u0142o\u017cy\u0107 tak w\u0142osy, trzeba mie\u0107 wpraw\u0119, jednak dobry fryzjer z pewno\u015bci\u0105 sobie z tym zadaniem poradzi.<\/p>\n<figure id=\"attachment_20364\" aria-describedby=\"caption-attachment-20364\" style=\"width: 800px\" class=\"wp-caption aligncenter\"><img decoding=\"async\" class=\"size-full wp-image-20364\" src=\"https:\/\/www.hairstore.pl\/blog\/wp-content\/uploads\/2022\/05\/fryzury-na-wesele-kok-francuski.jpg\" alt=\"kok francuski, fryzury na \u015blub 2022\" width=\"800\" height=\"450\" srcset=\"https:\/\/www.hairstore.pl\/blog\/wp-content\/uploads\/2022\/05\/fryzury-na-wesele-kok-francuski.jpg 800w, https:\/\/www.hairstore.pl\/blog\/wp-content\/uploads\/2022\/05\/fryzury-na-wesele-kok-francuski-300x169.jpg 300w, https:\/\/www.hairstore.pl\/blog\/wp-content\/uploads\/2022\/05\/fryzury-na-wesele-kok-francuski-768x432.jpg 768w\" sizes=\"(max-width: 800px) 100vw, 800px\" \/><figcaption id=\"caption-attachment-20364\" class=\"wp-caption-text\">\u0179r\u00f3d\u0142o: noivaansiosa.com.br, lapisdenoiva.com, fabmood.com<\/figcaption><\/figure>\n<p>W przypadku koka francuskiego kluczow\u0105 kwesti\u0105 jest utrwalenie fryzury. Tak kunsztowne upi\u0119cie musi utrzyma\u0107 si\u0119 ca\u0142\u0105 zabaw\u0119 weseln\u0105. Przydatne b\u0119d\u0105 wsuwki czy lakiery do w\u0142os\u00f3w. Dodatkowo mo\u017cna si\u0119gn\u0105c po specjalne wype\u0142niacze kok\u00f3w i doskona\u0142y efekt uzyska\u0107 nawet w przypadku w\u0142os\u00f3w cienkich.<\/p>\n<p>Kok francuski pi\u0119knie podkre\u015bla szyj\u0119. \u015amia\u0142o mo\u017cesz wi\u0119c si\u0119gn\u0105\u0107 po szykown\u0105 bi\u017cuteri\u0119 albo wybra\u0107 sukni\u0119 z wi\u0119kszym dekoltem b\u0105d\u017a ods\u0142oni\u0119tymi ramionami.<\/p>\n<p>Sprawd\u017a: <a href=\"https:\/\/www.hairstore.pl\/blog\/czy-myc-wlosy-przed-fryzjerem-slubnym\/\">Jak przygotowa\u0107 w\u0142osy przed \u015blubem?<\/a><\/p>\n<h2>Fryzury na \u015blub 2022 &#8211; Styl boho<\/h2>\n<p>Co\u015b zupe\u0142nie odmiennego! Styl boho, nonszalancki, romantyczny, bliski naturze, jest w tym roku niezwykle popularny. Ca\u0142e wesela organizuje si\u0119 w stylu boho &#8211; to z pewno\u015bci\u0105 odmienne podej\u015bcie ni\u017c bal i wystawna suknia.<\/p>\n<div id=\"hsbp-a60dfaf4165c671035f6a1347916ff43\" class=\"hsbp\"><\/div>\n<p>Do sukienki boho pasuj\u0105 te\u017c charakterystyczne fryzury &#8211; lekko zmierzwione w\u0142osy, pi\u00f3ra i kwiaty we w\u0142osach, warkocze, koraliki, przepaski. Ca\u0142o\u015b\u0107 niby czesana wiatrem, chocia\u017c bardzo cz\u0119sto misternie uk\u0142adana. Upi\u0119cia typu messy hair i romantyczne fale.<\/p>\n<figure id=\"attachment_20365\" aria-describedby=\"caption-attachment-20365\" style=\"width: 800px\" class=\"wp-caption aligncenter\"><img decoding=\"async\" class=\"size-full wp-image-20365\" src=\"https:\/\/www.hairstore.pl\/blog\/wp-content\/uploads\/2022\/05\/boho-fryzury-dla-panny-mlodej.jpg\" alt=\"styl boho, fryzury boho, fryzury na wesele 2022, \u015blub boho\" width=\"800\" height=\"450\" srcset=\"https:\/\/www.hairstore.pl\/blog\/wp-content\/uploads\/2022\/05\/boho-fryzury-dla-panny-mlodej.jpg 800w, https:\/\/www.hairstore.pl\/blog\/wp-content\/uploads\/2022\/05\/boho-fryzury-dla-panny-mlodej-300x169.jpg 300w, https:\/\/www.hairstore.pl\/blog\/wp-content\/uploads\/2022\/05\/boho-fryzury-dla-panny-mlodej-768x432.jpg 768w\" sizes=\"(max-width: 800px) 100vw, 800px\" \/><figcaption id=\"caption-attachment-20365\" class=\"wp-caption-text\">\u0179r\u00f3d\u0142o: brides.com, hitched.co.uk, weddingideasmag.com<\/figcaption><\/figure>\n<figure id=\"attachment_20366\" aria-describedby=\"caption-attachment-20366\" style=\"width: 800px\" class=\"wp-caption aligncenter\"><img decoding=\"async\" class=\"size-full wp-image-20366\" src=\"https:\/\/www.hairstore.pl\/blog\/wp-content\/uploads\/2022\/05\/fryzury-boho-na-wesele.jpg\" alt=\"styl boho, fryzury boho, fryzury na wesele 2022, \u015blub boho\" width=\"800\" height=\"450\" srcset=\"https:\/\/www.hairstore.pl\/blog\/wp-content\/uploads\/2022\/05\/fryzury-boho-na-wesele.jpg 800w, https:\/\/www.hairstore.pl\/blog\/wp-content\/uploads\/2022\/05\/fryzury-boho-na-wesele-300x169.jpg 300w, https:\/\/www.hairstore.pl\/blog\/wp-content\/uploads\/2022\/05\/fryzury-boho-na-wesele-768x432.jpg 768w\" sizes=\"(max-width: 800px) 100vw, 800px\" \/><figcaption id=\"caption-attachment-20366\" class=\"wp-caption-text\">\u0179r\u00f3d\u0142o: missysue.com, nicalifeproject.com, inspired-beauty.com<\/figcaption><\/figure>\n<p>Do fryzur boho pasuj\u0105 wianki, spinki, wsuwki, kwiaty czy opaski. Niekoniecznie natomiast z tym stylem komponowa\u0107 si\u0119 b\u0119dzie welon.<\/p>\n<figure id=\"attachment_20367\" aria-describedby=\"caption-attachment-20367\" style=\"width: 800px\" class=\"wp-caption aligncenter\"><img decoding=\"async\" class=\"size-full wp-image-20367\" src=\"https:\/\/www.hairstore.pl\/blog\/wp-content\/uploads\/2022\/05\/wesele-fryzury-boho.jpg\" alt=\"styl boho, fryzury boho, fryzury na wesele 2022, \u015blub boho\" width=\"800\" height=\"450\" srcset=\"https:\/\/www.hairstore.pl\/blog\/wp-content\/uploads\/2022\/05\/wesele-fryzury-boho.jpg 800w, https:\/\/www.hairstore.pl\/blog\/wp-content\/uploads\/2022\/05\/wesele-fryzury-boho-300x169.jpg 300w, https:\/\/www.hairstore.pl\/blog\/wp-content\/uploads\/2022\/05\/wesele-fryzury-boho-768x432.jpg 768w\" sizes=\"(max-width: 800px) 100vw, 800px\" \/><figcaption id=\"caption-attachment-20367\" class=\"wp-caption-text\">\u0179r\u00f3d\u0142o: brides.com, hitched.co.uk, touchofrose-sd.com<\/figcaption><\/figure>\n<p>Bierzesz \u015blub w tym roku? Masz ju\u017c wybran\u0105 fryzur\u0119 \u015blubn\u0105? A mo\u017ce dopiero szukasz inspiracji? Koniecznie daj zna\u0107, kt\u00f3ry ze styli z tego artyku\u0142u podoba Ci si\u0119 najbardziej: przedzia\u0142ek na \u015brodku, francuski kok, styl boho czy elegancki kucyk?<\/p>\n<div id=\"hsbp-e3d9a5961328d1bdec77004a4d52e4fa\" class=\"hsbp\"><\/div>\n","protected":false},"excerpt":{"rendered":"<p>Sezon \u015blubny ju\u017c w pe\u0142ni. Czas na przegl\u0105d trend\u00f3w we fryzurach \u015blubnych. Przedstawiamy najmodniejsze fryzury na wesele 2022.<\/p>\n","protected":false},"author":8,"featured_media":20375,"comment_status":"open","ping_status":"open","sticky":false,"template":"","format":"standard","meta":{"footnotes":""},"categories":[2],"tags":[11379],"yst_prominent_words":[784,5224,2074,8238,3664,5223,717,737],"class_list":["post-20359","post","type-post","status-publish","format-standard","has-post-thumbnail","hentry","category-aktualnosci","tag-slub-na-glowie"],"_links":{"self":[{"href":"https:\/\/www.hairstore.pl\/blog\/wp-json\/wp\/v2\/posts\/20359","targetHints":{"allow":["GET"]}}],"collection":[{"href":"https:\/\/www.hairstore.pl\/blog\/wp-json\/wp\/v2\/posts"}],"about":[{"href":"https:\/\/www.hairstore.pl\/blog\/wp-json\/wp\/v2\/types\/post"}],"author":[{"embeddable":true,"href":"https:\/\/www.hairstore.pl\/blog\/wp-json\/wp\/v2\/users\/8"}],"replies":[{"embeddable":true,"href":"https:\/\/www.hairstore.pl\/blog\/wp-json\/wp\/v2\/comments?post=20359"}],"version-history":[{"count":7,"href":"https:\/\/www.hairstore.pl\/blog\/wp-json\/wp\/v2\/posts\/20359\/revisions"}],"predecessor-version":[{"id":20376,"href":"https:\/\/www.hairstore.pl\/blog\/wp-json\/wp\/v2\/posts\/20359\/revisions\/20376"}],"wp:featuredmedia":[{"embeddable":true,"href":"https:\/\/www.hairstore.pl\/blog\/wp-json\/wp\/v2\/media\/20375"}],"wp:attachment":[{"href":"https:\/\/www.hairstore.pl\/blog\/wp-json\/wp\/v2\/media?parent=20359"}],"wp:term":[{"taxonomy":"category","embeddable":true,"href":"https:\/\/www.hairstore.pl\/blog\/wp-json\/wp\/v2\/categories?post=20359"},{"taxonomy":"post_tag","embeddable":true,"href":"https:\/\/www.hairstore.pl\/blog\/wp-json\/wp\/v2\/tags?post=20359"},{"taxonomy":"yst_prominent_words","embeddable":true,"href":"https:\/\/www.hairstore.pl\/blog\/wp-json\/wp\/v2\/yst_prominent_words?post=20359"}],"curies":[{"name":"wp","href":"https:\/\/api.w.org\/{rel}","templated":true}]}}