{"id":19896,"date":"2022-03-10T09:05:09","date_gmt":"2022-03-10T08:05:09","guid":{"rendered":"https:\/\/www.hairstore.pl\/blog\/?p=19896"},"modified":"2022-03-10T14:31:38","modified_gmt":"2022-03-10T13:31:38","slug":"prebiotyki-a-skora-glowy","status":"publish","type":"post","link":"https:\/\/www.hairstore.pl\/blog\/prebiotyki-a-skora-glowy\/","title":{"rendered":"Czy wiesz, jakie znaczenie maj\u0105 prebiotyki w piel\u0119gnacji sk\u00f3ry g\u0142owy?"},"content":{"rendered":"<p>Cz\u0119sto w codziennej piel\u0119gnacji w\u0142os\u00f3w skupiamy si\u0119 w\u0142a\u015bnie&#8230; na w\u0142osach. Zapominamy przy tym o sk\u00f3rze g\u0142owy. Tymczasem to w\u0142a\u015bnie ona powinna znale\u017a\u0107 si\u0119 w centrum zainteresowania.<\/p>\n<p><!--more--><\/p>\n<p>Czy wiesz, czym s\u0105 prebiotyki? I jakie znaczenie maj\u0105 dla r\u00f3wnowagi sk\u00f3ry g\u0142owy? Czy wiesz, jak w\u0142a\u015bciwie dba\u0107 o sk\u00f3r\u0119 g\u0142owy? Czego unika\u0107, jakie kosmetyki stosowa\u0107? W tym wpisie skupimy si\u0119 w\u0142a\u015bnie na sk\u00f3rze g\u0142owy, kt\u00f3ra jest niezwykle wa\u017cna, a niestety cz\u0119sto pomijana w piel\u0119gnacji.<\/p>\n<div class=\"article-menu-box\"><div class=\"article-menu-header\">W tym artykule:<\/div>\n        <ul class=\"article-menu\"><li>jaka jest specyfika sk\u00f3ry g\u0142owy<\/li><li>jakie znaczenie maj\u0105 prebiotyki w piel\u0119gnacji sk\u00f3ry g\u0142owy<\/li><li>jak dzia\u0142aj\u0105 prebiotyki zawarte w kosmetykach Sendo<\/li><li>dlaczego warto wypr\u00f3bowa\u0107 kosmetyki do w\u0142os\u00f3w Sendo<\/li><\/ul><\/div>\n<h2>Dlaczego sk\u00f3ra g\u0142owy wymaga specjalnego traktowania?<\/h2>\n<p>Sk\u00f3ra g\u0142owy to ok. 3% powierzchni ca\u0142ego cia\u0142a &#8211; ciekawe, prawda? Tak jak sk\u00f3ra na innych cz\u0119\u015bciach cia\u0142a, ta na g\u0142owie sk\u0142ada si\u0119 z nask\u00f3rka, sk\u00f3ry w\u0142a\u015bciwej oraz tkanki podsk\u00f3rnej. Trzeba jednak zdawa\u0107 sobie spraw\u0119, \u017ce <strong>sk\u00f3ra g\u0142owy r\u00f3\u017cni si\u0119 od tej na przyk\u0142ad na d\u0142oniach czy nogach.<\/strong><\/p>\n<p><strong>Warto wiedzie\u0107:<\/strong><\/p>\n<ul>\n<li>Fakt, \u017ce sk\u00f3ra g\u0142owy posiada g\u0119sto rozmieszczone mieszki w\u0142osowe, to nie jedyna r\u00f3\u017cnica.<\/li>\n<li>Sk\u00f3ra na g\u0142owie bowiem produkuje znacznie wi\u0119cej sebum ni\u017c\u00a0 na innych obszarach. Dzieje si\u0119 tak, poniewa\u017c na sk\u00f3rze g\u0142owy znajduje si\u0119 mn\u00f3stwo gruczo\u0142\u00f3w \u0142ojowych.<\/li>\n<li>Kolejn\u0105 r\u00f3\u017cnic\u0105 jest unerwienie &#8211; sk\u00f3ra g\u0142owy jest bardzo mocno unerwiona.<\/li>\n<li>Na sk\u00f3rze g\u0142owy \u017cyj\u0105 grzyby i bakterie &#8211; wiele z nich jest dobrych, tworz\u0105 one specyficzny dla tego obszaru <strong>mikrobiom<\/strong>.<\/li>\n<li>W sk\u00f3rze g\u0142owy znajdziemy dwa razy wi\u0119cej wody ni\u017c w sk\u00f3rze w innych miejscach cia\u0142a.<\/li>\n<li>Odnowa kom\u00f3rkowa na sk\u00f3rze g\u0142owy zachodzi cz\u0119sto szybciej ni\u017c na innych obszarach. \u017bywotno\u015b\u0107 kom\u00f3rek to ok. 26-28 dni, a w przypadku sk\u00f3ry g\u0142owy to ok. 10 dni.<\/li>\n<\/ul>\n<p>To w\u0142a\u015bnie z tych powod\u00f3w nale\u017cy traktowa\u0107 sk\u00f3r\u0119 g\u0142owy niezwykle delikatnie, a zarazem \u015bwiadomie j\u0105 piel\u0119gnowa\u0107. Odpowiednio dobrany szampon, maski, peeling, codzienne rytua\u0142y &#8211; warto nauczy\u0107 si\u0119 dba\u0107 o sk\u00f3r\u0119 g\u0142owy. W d\u0142u\u017cszej perspektywie dzi\u0119ki temu r\u00f3wnie\u017c w\u0142osy b\u0119d\u0105 mocniejsze i pi\u0119kniejsze.<\/p>\n<p>Warto podkre\u015bli\u0107, \u017ce <strong>nie ma zdrowych w\u0142os\u00f3w bez zdrowej sk\u00f3ry g\u0142owy<\/strong>. Nawet najlepsze kuracje do w\u0142os\u00f3w nie zadzia\u0142aj\u0105 (nie przynios\u0105 d\u0142ugotrwa\u0142ych efekt\u00f3w), je\u015bli sk\u00f3ra g\u0142owy b\u0119dzie chora\/zaniedbana.<\/p>\n<p><img decoding=\"async\" class=\"aligncenter size-full wp-image-19900\" src=\"https:\/\/www.hairstore.pl\/blog\/wp-content\/uploads\/2022\/03\/skora-glowy.jpg\" alt=\"\" width=\"800\" height=\"450\" srcset=\"https:\/\/www.hairstore.pl\/blog\/wp-content\/uploads\/2022\/03\/skora-glowy.jpg 800w, https:\/\/www.hairstore.pl\/blog\/wp-content\/uploads\/2022\/03\/skora-glowy-300x169.jpg 300w, https:\/\/www.hairstore.pl\/blog\/wp-content\/uploads\/2022\/03\/skora-glowy-768x432.jpg 768w\" sizes=\"(max-width: 800px) 100vw, 800px\" \/><\/p>\n<h2>Czym s\u0105 prebiotyki?<\/h2>\n<p>W piel\u0119gnacji sk\u00f3ry g\u0142owy doskonale sprawdzaj\u0105 si\u0119 prebiotyki. Czym s\u0105?<\/p>\n<p><strong>Prebiotyki to substancje, kt\u00f3re wspieraj\u0105 tworzenie korzystnej dla organizmu ekoflory i hamuj\u0105ce rozw\u00f3j niepo\u017c\u0105danych bakterii.<\/strong><\/p>\n<p>W praktyce oznacza to wi\u0119c, \u017ce prebiotyki wspieraj\u0105 mechanizmy obronne sk\u00f3ry oraz \u0142agodz\u0105 podra\u017cnienia. A m\u00f3wi\u0105c jeszcze inaczej, <strong>prebiotyki zawarte w kosmetykach do w\u0142os\u00f3w dbaj\u0105 o r\u00f3wnowag\u0119 mikroflory bakteryjnej sk\u00f3ry g\u0142owy<\/strong>.<\/p>\n<p>Dzi\u0119ki temu mo\u017cna :<\/p>\n<ul>\n<li>zapobiec nadmiernemu wydzielaniu sebum<\/li>\n<li>przywr\u00f3ci\u0107 komfort sk\u00f3rze g\u0142owy<\/li>\n<li>zapobiec stanom zapalnym<\/li>\n<li>zmniejszy\u0107 wypadanie w\u0142os\u00f3w<\/li>\n<\/ul>\n<h2>Jakie znaczenie maj\u0105 prebiotyki w piel\u0119gnacji sk\u00f3ry g\u0142owy i w\u0142os\u00f3w?<\/h2>\n<p>Prebiotyki s\u0105 naturalnym po\u017cywieniem dla bakterii znajduj\u0105cych si\u0119 na sk\u00f3rze. Wspieraj\u0105 rozw\u00f3j oraz stymuluj\u0105 namna\u017canie \u201cdobrej\u201d <strong>mikroflory<\/strong>. To jednak nie wszystko.<\/p>\n<p>Prebiotyki <strong>wzmacniaj\u0105 naturalny uk\u0142ad odporno\u015bciowy sk\u00f3ry<\/strong> i ograniczaj\u0105 powstawanie szkodliwych mikroorganizm\u00f3w prowadz\u0105cych do rozwoju r\u00f3\u017cnych chor\u00f3b np. \u0142upie\u017cu. Dzi\u0119ki temu pomagaj\u0105 <strong>zachowa\u0107 r\u00f3wnowag\u0119 sk\u00f3ry g\u0142owy<\/strong> i staj\u0105 si\u0119 istotne w zwalczaniu wielu dolegliwo\u015bci.<\/p>\n<p>Prebiotyki obecne w kosmetykach do w\u0142os\u00f3w wspieraj\u0105 prawid\u0142owe dzia\u0142anie funkcji ochronnych sk\u00f3ry. W efekcie <strong>w\u0142osy s\u0105 elastyczne oraz l\u015bni\u0105ce<\/strong>, a sk\u00f3ra g\u0142owy wzmocniona i zdrowa.<\/p>\n<h2>Mikroflora to Twoja tarcza ochronna &#8211; dbaj o ni\u0105<\/h2>\n<p>Wiesz ju\u017c, \u017ce sk\u00f3ra g\u0142owy jest bardzo specyficzna i trzeba umiej\u0119tnie o ni\u0105 dba\u0107. Przede wszystkim nale\u017cy wspiera\u0107 mikroflor\u0119 bakteryjn\u0105 i nie podra\u017cnia\u0107 mechanicznie sk\u00f3ry g\u0142owy.<\/p>\n<p>O mikroflor\u0119 sk\u00f3ry g\u0142owy dbaj\u0105 <a href=\"https:\/\/www.hairstore.pl\/sendo-m391.html\">naturalne kosmetyki Sendo<\/a>. Marka wychodzi z za\u0142o\u017cenia, \u017ce sk\u00f3ra jest zr\u00f3wnowa\u017conym, a zarazem zr\u00f3\u017cnicowanym ekosystemem, zasiedlonym przez po\u017cyteczne bakterie.<\/p>\n<p><img decoding=\"async\" class=\"aligncenter size-full wp-image-19901\" src=\"https:\/\/www.hairstore.pl\/blog\/wp-content\/uploads\/2022\/03\/kosmetyki-naturalne-sendo.jpg\" alt=\"naturalne kosmetyki do w\u0142os\u00f3w Sendo\" width=\"800\" height=\"450\" srcset=\"https:\/\/www.hairstore.pl\/blog\/wp-content\/uploads\/2022\/03\/kosmetyki-naturalne-sendo.jpg 800w, https:\/\/www.hairstore.pl\/blog\/wp-content\/uploads\/2022\/03\/kosmetyki-naturalne-sendo-300x169.jpg 300w, https:\/\/www.hairstore.pl\/blog\/wp-content\/uploads\/2022\/03\/kosmetyki-naturalne-sendo-768x432.jpg 768w\" sizes=\"(max-width: 800px) 100vw, 800px\" \/><\/p>\n<p>Cz\u0119sto ta r\u00f3wnowaga jednak zostaje zachwiana. Przyczyniaj\u0105 si\u0119 do tego:<\/p>\n<ul>\n<li>styl \u017cycia<\/li>\n<li>stres i niezdrowy styl \u017cycia<\/li>\n<li>niew\u0142a\u015bciwa piel\u0119gnacja<\/li>\n<\/ul>\n<p>Produkty zawarte w liniach Gentle Use, Soothing, Specific Treatment i All Care zawieraj\u0105 <strong>prebiotyczne sk\u0142adniki funkcjonalne<\/strong>, kt\u00f3re pomagaj\u0105 przywr\u00f3ci\u0107 r\u00f3wnowag\u0119 mikroflory bakteryjnej sk\u00f3ry w naturalny spos\u00f3b.<\/p>\n<div id=\"hsbp-ece768e846a07a908a61ee024163e357\" class=\"hsbp\"><\/div>\n<h2>Prebiotyki w kosmetykach Sendo<\/h2>\n<p>Innowacyjne sk\u0142adniki prebiotyczne znajduj\u0105 si\u0119 w wybranych liniach piel\u0119gnacyjnych Sendo. Mowa o liniach: przeciw wypadaniu (Densyfying) , przeciw\u0142upie\u017cowe (Scalp Relief), do przet\u0142uszczaj\u0105cej si\u0119 sk\u00f3ry g\u0142owy (Scalp Restore), wra\u017cliwej sk\u00f3ry g\u0142owy (Soothing), do codziennej piel\u0119gnacji (Gentle Use).<\/p>\n<h3>Prebiotyczny wyci\u0105g z wingoron<\/h3>\n<p>Sk\u0142adnik ten znajdziesz w serii Gentle Use. Wyci\u0105g ten jest bogaty w sk\u0142adniki od\u017cywcze (sole mineralne, aminokwasy, naturalne sacharydy, polifenole, kwasy organiczne). Zadaniem tego sk\u0142adnika prebiotycznego jest ochrona mikroflory sk\u00f3ry oraz odbudowa w\u0142os\u00f3w. Pasma odzyskuj\u0105 spr\u0119\u017cysto\u015b\u0107 i zdrowie.<\/p>\n<h3>Prebiotyczny fitokompleks z imbiru, kadzid\u0142a i winogron<\/h3>\n<p>Jest on obecny w liniach: Soothing, Densifying, Scalp Relief oraz Scalp Restore. Odbudowuje on uszkodzon\u0105 sk\u00f3r\u0119 g\u0142owy i przywraca r\u00f3wnowag\u0119 mikroflory bakteryjnej. Prebiotyczny fitokompleks zawarty w kosmetykach Sendo ponadto zmniejsza zaczerwienienia i pomaga utrzyma\u0107 optymalne warunki fizjologiczne na sk\u00f3rze.<\/p>\n<h2>Dla zdrowych w\u0142os\u00f3w i sk\u00f3ry &#8211; kosmetyki Sendo z prebiotykami<\/h2>\n<p>Poni\u017cej znajdziesz opis serii kosmetyk\u00f3w do piel\u0119gnacji w\u0142os\u00f3w Sendo, kt\u00f3re zawieraj\u0105 sk\u0142adniki prebiotyczne.<\/p>\n<h3>Gentle Use \u2013 do codziennej piel\u0119gnacji<\/h3>\n<p>Kosmetyki Sendo Gentle Use s\u0105 niezwykle \u0142agodne, dlatego nadaj\u0105 si\u0119 do codziennego stosowania. Piel\u0119gnuj\u0105 bez obci\u0105\u017cania. W sk\u0142adzie: biotechnologiczny wyci\u0105g z pomidor\u00f3w, prebiotyczny wyci\u0105g z winoro\u015bli, wyci\u0105g z organicznej zielonej herbaty. Linia sk\u0142ada si\u0119 z szamponu oraz od\u017cywki.<\/p>\n<h3>Soothing \u2013 linia \u0142agodz\u0105ca<\/h3>\n<p>Kosmetyki z tej serii<strong> przywracaj\u0105 komfort podra\u017cnionej sk\u00f3rze g\u0142owy<\/strong>, zmniejszaj\u0105 zaczerwienienia. B\u0119d\u0105 te\u017c odpowiednie do codziennej piel\u0119gnacji wra\u017cliwej sk\u00f3ry g\u0142owy. Linia zawiera delikatny szampon oraz \u0142agodz\u0105cy \u017cel do wra\u017cliwej sk\u00f3ry g\u0142owy bez sp\u0142ukiwania o kremowej konsystencji.<\/p>\n<h3>Densifying \u2013 dla mocniejszych w\u0142os\u00f3w<\/h3>\n<p>Kosmetyki z linii Sendo Densifying wzmacniaj\u0105 w\u0142osy, dzia\u0142aj\u0105 od\u017cywczo i poprawiaj\u0105 ich grubo\u015b\u0107. Kosmyki odzyskuj\u0105 witalno\u015b\u0107, s\u0105 mocniejsze. Specjalnie opracowana receptura szamponu i kuracji w ampu\u0142kach <strong>hamuje nadmierne wypadanie w\u0142os\u00f3w<\/strong>.<\/p>\n<p>Kosmetyki Sendo Densifying obok biotechnologicznego wyci\u0105gu pomidor\u00f3w i prebiotycznego fitokompleksu zawieraj\u0105 wyci\u0105gi z tarczycy oraz kie\u0142k\u00f3w pszenicy i organicznej mi\u0119ty.<\/p>\n<h3>Scalp Relief \u2013 na problemy z \u0142upie\u017cem<\/h3>\n<p>Kosmetyki z tej linii dzia\u0142aj\u0105 <strong>oczyszczaj\u0105co i przeciw\u0142upie\u017cowo<\/strong>. Rutyna piel\u0119gnacyjna sk\u0142ada si\u0119 z oczyszczaj\u0105cego szamponu przeciw\u0142upie\u017cowego oraz intensywnej kuracji przeciw\u0142upie\u017cowej w ampu\u0142kach.<\/p>\n<p>Poza biotechnologicznym wyci\u0105giem z pomidor\u00f3w i prebiotycznym fitokompleksem (winogrona, imbir, kadzid\u0142o), kosmetyki Sendo Scalp Relief zawieraj\u0105 wyci\u0105gi z g\u0142o\u017cyny pospolitej i organicznego \u0142opianu.<\/p>\n<h3>Scalp Restore \u2013 dla przywr\u00f3cenia r\u00f3wnowagi<\/h3>\n<p>Dzi\u0119ki tym kosmetykom udaje si\u0119<strong> ograniczy\u0107 nadmierne wydzielanie sebum<\/strong>. W\u0142osy s\u0105 lekkie, \u015bwie\u017ce, oczyszczone. Linia sk\u0142ada si\u0119 z szamponu i kuracji reguluj\u0105cych wydzielanie sebum. W sk\u0142adzie biotechnologiczny wyci\u0105g z pomidor\u00f3w, prebiotyczny fitokompleks oraz wyci\u0105gi z brunatnic, zielonych mikroalg i organicznej pokrzywy<\/p>\n<h2>Kosmetyki Sendo i sekret biotechnologii<\/h2>\n<p>Sekretem skuteczno\u015bci kosmetyk\u00f3w Sendo jest po\u0142\u0105czenie naturalnych sk\u0142adnik\u00f3w, prebiotyk\u00f3w, nowoczesnych formu\u0142 i biotechnologii. Jak mo\u017cna przeczyta\u0107 w manife\u015bcie marki:<\/p>\n<blockquote><p>Marka Sendo korzysta z biotechnologii \u2013 wydobywamy ca\u0142y potencja\u0142 ukryty w metabolicznych i biologicznych zdolno\u015bciach ro\u015blin, tak aby ka\u017cdy m\u00f3g\u0142 czerpa\u0107 z nich korzy\u015bci. W przeciwie\u0144stwie do in\u017cynierii genetycznej, nasze podej\u015bcie w pe\u0142ni respektuje zar\u00f3wno te organizmy, jak i ca\u0142y ekosystem. Nasze sk\u0142adniki aktywne pozyskujemy z natury w spos\u00f3b niepowoduj\u0105cy szk\u00f3d. Dzi\u0119ki tym sk\u0142adnikom nasze produkty s\u0105 tak samo skuteczne, jak kosmetyki najlepszych profesjonalnych marek.<\/p><\/blockquote>\n<h3>Biotechnologiczny wyci\u0105g z pomidor\u00f3w<\/h3>\n<p>Jednym z g\u0142\u00f3wnych sk\u0142adnik\u00f3w kosmetyk\u00f3w do w\u0142os\u00f3w Sendo (<a href=\"https:\/\/www.hairstore.pl\/szampony-sendo\">szampon\u00f3w<\/a>, <a href=\"https:\/\/www.hairstore.pl\/odzywki-sendo\">od\u017cywek<\/a> czy <a href=\"https:\/\/www.hairstore.pl\/maski-sendo\">masek<\/a>) jest <strong>biotechnologiczny wyci\u0105g z pomidor\u00f3w<\/strong>. Pozyskuje si\u0119 go ze sk\u00f3rek tych owoc\u00f3w. Wyci\u0105g z pomidor\u00f3w jest bogaty w <strong>likopen<\/strong>.<\/p>\n<div id=\"hsbp-30c01d58a135c0cff3836ef199093a31\" class=\"hsbp\"><\/div>\n<p>Sk\u0142adnik ten wspiera prawid\u0142owe funkcjonowanie sk\u00f3ry g\u0142owy i w\u0142os\u00f3w. Chroni przed stresem spowodowanym zanieczyszczeniami. Ma w\u0142a\u015bciwo\u015bci przeciwutleniaj\u0105ce.<\/p>\n<p><img decoding=\"async\" class=\"aligncenter size-full wp-image-19902\" src=\"https:\/\/www.hairstore.pl\/blog\/wp-content\/uploads\/2022\/03\/naturalne-kosmetyki-do-wlosow-sendo.jpg\" alt=\"naturalne kosmetyki do w\u0142os\u00f3w Sendo\" width=\"800\" height=\"450\" srcset=\"https:\/\/www.hairstore.pl\/blog\/wp-content\/uploads\/2022\/03\/naturalne-kosmetyki-do-wlosow-sendo.jpg 800w, https:\/\/www.hairstore.pl\/blog\/wp-content\/uploads\/2022\/03\/naturalne-kosmetyki-do-wlosow-sendo-300x169.jpg 300w, https:\/\/www.hairstore.pl\/blog\/wp-content\/uploads\/2022\/03\/naturalne-kosmetyki-do-wlosow-sendo-768x432.jpg 768w\" sizes=\"(max-width: 800px) 100vw, 800px\" \/><\/p>\n<h3>Co warto wiedzie\u0107 o kosmetykach Sendo?<\/h3>\n<p>Marka Sendo to naturalne, w\u0142oskie kosmetyki oparte na wyci\u0105gach ro\u015blinnych. Portfolio marki to kilka linii, m.in. do w\u0142os\u00f3w wypadaj\u0105cych, suchych, zniszczonych, farbowanych.<\/p>\n<p><strong>Naturalne kosmetyki do w\u0142os\u00f3w Sendo:<\/strong><\/p>\n<ul>\n<li>zawieraj\u0105 biotechnologiczne sk\u0142adniki<\/li>\n<li>s\u0105 produkowane we W\u0142oszech<\/li>\n<li>posiadaj\u0105 certyfikat PETA (nie s\u0105 testowane na zwierz\u0119tach)<\/li>\n<li>s\u0105 bogate w naturalne substancje<\/li>\n<li>s\u0105 testowane na obecno\u015b\u0107 niklu (co gwarantuje, \u017ce nie wywo\u0142uj\u0105 alergii)<\/li>\n<li>sprawdz\u0105 si\u0119 zar\u00f3wno w codziennej piel\u0119gnacji, jak i w rozwi\u0105zywaniu konkretnych problem\u00f3w<\/li>\n<li>maj\u0105 neutralny \u015blad w\u0119glowy<\/li>\n<li>to marka stworzona przez producenta znanych w Polsce kosmetyk\u00f3w profesjonalnych INSIGHT<\/li>\n<\/ul>\n<p>Warto podkre\u015bli\u0107, \u017ce dzi\u0119ki zawarto\u015bci prebiotyk\u00f3w, kosmetyki Sendo skutecznie dbaj\u0105 zar\u00f3wno o w\u0142osy, jak i sk\u00f3r\u0119 g\u0142owy. Dzia\u0142aj\u0105 kompleksowo.<\/p>\n<div id=\"hsbp-4f9906a68d6855163dc1a623f739bd89\" class=\"hsbp\"><\/div>\n<p>A z pewno\u015bci\u0105 pami\u0119tasz, \u017ce zdrowa sk\u00f3ra g\u0142owy to zdrowe w\u0142osy.<\/p>\n<h2>Znaczenie prebiotyk\u00f3w w piel\u0119gnacji sk\u00f3ry g\u0142owy. Podsumowanie<\/h2>\n<p>\u015awiadoma piel\u0119gnacja i w\u0142osing to nie tylko dbanie o w\u0142osy, ale r\u00f3wnie\u017c &#8211; a mo\u017ce przede wszystkim &#8211; o sk\u00f3r\u0119 g\u0142owy. W zadaniu tym pomagaj\u0105 prebiotyki, kt\u00f3re mo\u017cna znale\u017a\u0107 w wybranych kosmetykach, np. <strong>Sendo<\/strong>.<\/p>\n<p><strong>Zadbaj o swoj\u0105 sk\u00f3r\u0119 g\u0142owy:<\/strong><\/p>\n<ul>\n<li>Odkryj moc prebiotyk\u00f3w w codziennej piel\u0119gnacji.<\/li>\n<li>Zadbaj o sk\u00f3r\u0119 g\u0142owy pod prysznicem i podczas szczotkowania.<\/li>\n<li>Dobieraj kosmetyki nie tylko do potrzeb w\u0142os\u00f3w, ale r\u00f3wnie\u017c sk\u00f3ry g\u0142owy.<\/li>\n<li>Stosuj regularnie peeling sk\u00f3ry g\u0142owy.<\/li>\n<li>Naucz si\u0119 masa\u017cu sk\u00f3ry g\u0142owy.<\/li>\n<\/ul>\n<h3>Kilka dobrych nawyk\u00f3w dla zdrowej sk\u00f3ry g\u0142owy<\/h3>\n<p>Dbanie o sk\u00f3r\u0119 g\u0142owy nie musi by\u0107 skomplikowane. Wystarczy na pocz\u0105tek zmieni\u0107 kilka przyzwyczaje\u0144, \u017ceby poprawi\u0107 komfort sk\u00f3ry g\u0142owy.<\/p>\n<ul>\n<li>Wybieraj \u015bwiadomie kosmetyki. Je\u015bli masz wra\u017cliw\u0105\/problematyczn\u0105 sk\u00f3r\u0119 g\u0142owy, si\u0119gaj po dedykowane zestawy kosmetyk\u00f3w.<\/li>\n<li>Regularnie wykonuj peeling sk\u00f3ry g\u0142owy \u2013 przynajmniej raz w miesi\u0105cu. Dobierz typ peelingu do rodzaju sk\u00f3ry g\u0142owy.<\/li>\n<li>Po umyciu nie pocieraj zar\u00f3wno w\u0142os\u00f3w, jak i sk\u00f3ry g\u0142owy r\u0119cznikiem. W\u0142osy odciskaj z nadmiaru wody.<\/li>\n<li>Zamie\u0144 r\u0119cznik frotte na bawe\u0142niany (sprawdzi si\u0119 r\u00f3wnie\u017c bawe\u0142niana koszulka, kt\u00f3rej ju\u017c nie nosisz albo specjalny turban do w\u0142os\u00f3w).<\/li>\n<li>Nie no\u015b d\u0142ugo turban\u00f3w na g\u0142owie, je\u015bli to nie jest konieczne. Taki turban dzia\u0142a jak sauna i mo\u017ce przyczyni\u0107 si\u0119 np. do nadmiernej produkcji \u0142oju.<\/li>\n<li>Zawsze podczas mycia w\u0142os\u00f3w wykonuj delikatny masa\u017c.<\/li>\n<li>Dok\u0142adnie sp\u0142ukuj kosmetyki z w\u0142os\u00f3w i sk\u00f3ry g\u0142owy (jak od\u017cywka i szampon). Niby to oczywiste, ale cz\u0119sto pod mikrokamer\u0105 okazuje si\u0119, \u017ce \u017ale p\u0142uczemy w\u0142osy.<\/li>\n<li>Do mycia w\u0142os\u00f3w nie u\u017cywaj gor\u0105cej wody.<\/li>\n<li><a href=\"https:\/\/www.hairstore.pl\/blog\/noemi-drescher-jak-wybrac-szampon\/\">Szampon dobieraj do potrzeb sk\u00f3ry g\u0142owy<\/a>. Od\u017cywki i maski niech skupi\u0105 si\u0119 na potrzebach w\u0142os\u00f3w.<\/li>\n<li>Nie podra\u017cniaj mechanicznie sk\u00f3ry g\u0142owy. Uwa\u017caj na ostre bolce w szczotkach czy na ostre wsuwki i spinki.<\/li>\n<\/ul>\n","protected":false},"excerpt":{"rendered":"<p>Cz\u0119sto w codziennej piel\u0119gnacji w\u0142os\u00f3w skupiamy si\u0119 w\u0142a\u015bnie&#8230; na w\u0142osach. Zapominamy przy tym o sk\u00f3rze g\u0142owy. Tymczasem to w\u0142a\u015bnie ona powinna znale\u017a\u0107 si\u0119 w centrum zainteresowania.<\/p>\n","protected":false},"author":8,"featured_media":19899,"comment_status":"open","ping_status":"open","sticky":false,"template":"","format":"standard","meta":{"footnotes":""},"categories":[11],"tags":[11576,11362],"yst_prominent_words":[6390,6164,11196,2306,2015,1000,1623,6169,4468,704],"class_list":["post-19896","post","type-post","status-publish","format-standard","has-post-thumbnail","hentry","category-porady","tag-sendo","tag-skora-glowy"],"_links":{"self":[{"href":"https:\/\/www.hairstore.pl\/blog\/wp-json\/wp\/v2\/posts\/19896","targetHints":{"allow":["GET"]}}],"collection":[{"href":"https:\/\/www.hairstore.pl\/blog\/wp-json\/wp\/v2\/posts"}],"about":[{"href":"https:\/\/www.hairstore.pl\/blog\/wp-json\/wp\/v2\/types\/post"}],"author":[{"embeddable":true,"href":"https:\/\/www.hairstore.pl\/blog\/wp-json\/wp\/v2\/users\/8"}],"replies":[{"embeddable":true,"href":"https:\/\/www.hairstore.pl\/blog\/wp-json\/wp\/v2\/comments?post=19896"}],"version-history":[{"count":10,"href":"https:\/\/www.hairstore.pl\/blog\/wp-json\/wp\/v2\/posts\/19896\/revisions"}],"predecessor-version":[{"id":19956,"href":"https:\/\/www.hairstore.pl\/blog\/wp-json\/wp\/v2\/posts\/19896\/revisions\/19956"}],"wp:featuredmedia":[{"embeddable":true,"href":"https:\/\/www.hairstore.pl\/blog\/wp-json\/wp\/v2\/media\/19899"}],"wp:attachment":[{"href":"https:\/\/www.hairstore.pl\/blog\/wp-json\/wp\/v2\/media?parent=19896"}],"wp:term":[{"taxonomy":"category","embeddable":true,"href":"https:\/\/www.hairstore.pl\/blog\/wp-json\/wp\/v2\/categories?post=19896"},{"taxonomy":"post_tag","embeddable":true,"href":"https:\/\/www.hairstore.pl\/blog\/wp-json\/wp\/v2\/tags?post=19896"},{"taxonomy":"yst_prominent_words","embeddable":true,"href":"https:\/\/www.hairstore.pl\/blog\/wp-json\/wp\/v2\/yst_prominent_words?post=19896"}],"curies":[{"name":"wp","href":"https:\/\/api.w.org\/{rel}","templated":true}]}}