{"id":19601,"date":"2022-01-10T15:28:51","date_gmt":"2022-01-10T14:28:51","guid":{"rendered":"https:\/\/www.hairstore.pl\/blog\/?p=19601"},"modified":"2022-01-10T15:28:51","modified_gmt":"2022-01-10T14:28:51","slug":"jak-nosic-klamre-do-wlosow","status":"publish","type":"post","link":"https:\/\/www.hairstore.pl\/blog\/jak-nosic-klamre-do-wlosow\/","title":{"rendered":"Jak upi\u0105\u0107 w\u0142osy klamr\u0105? Powr\u00f3t tego akcesorium nas zaskoczy\u0142!"},"content":{"rendered":"<p>Chyba ka\u017cdy chocia\u017c raz w \u017cyciu mia\u0142 w r\u0119ku klamr\u0119 do w\u0142os\u00f3w. To niepozorne akcesorium w latach 90. XX wieku by\u0142o hitem. Teraz powraca i staje si\u0119 jednym z popularniejszych dodatk\u00f3w do w\u0142os\u00f3w, szczeg\u00f3lnie tych d\u0142u\u017cszych. Je\u015bli masz klamr\u0119 w domu, naucz si\u0119 ni\u0105 upina\u0107 w\u0142osy. A je\u015bli nie masz &#8211; szybko odwied\u017a najbli\u017cszy sklep, a potem sprawd\u017a, jak upi\u0105\u0107 klamr\u0105 w\u0142osy.<\/p>\n<p><!--more--><\/p>\n<p><strong>Klamra do w\u0142os\u00f3w to must-have tego roku.<\/strong> Wi\u0119c je\u015bli jeszcze nie masz tego akcesorium, koniecznie pomyszkuj w \u0142azience starszej siostry, mamy albo ciotki &#8211; lub kup w\u0142asn\u0105 klamr\u0119. Wyb\u00f3r modeli jest szeroki &#8211; mo\u017cna zanurzy\u0107 si\u0119 w \u015bwiat klamr r\u00f3\u017cnej wielko\u015bci, o pi\u0119knych kolorach albo z ciekawymi printami, jak kto woli. Tak zwana <strong>francuska klamra do w\u0142os\u00f3w<\/strong> to rodzaj spinki, o kt\u00f3rym w najbli\u017cszym czasie b\u0119dziesz s\u0142ysze\u0107 coraz cz\u0119\u015bciej.<\/p>\n<div class=\"article-menu-box\"><div class=\"article-menu-header\">W tym artykule:<\/div>\n        <ul class=\"article-menu\"><li>czym jest francuska klamra do w\u0142os\u00f3w<\/li><li>czy klamry mog\u0105 zast\u0105pi\u0107 gumki do w\u0142os\u00f3w<\/li><li>jak upi\u0105\u0107 w\u0142osy za pomoc\u0105 klamry<\/li><\/ul><\/div>\n<h2>Francuska klamra do w\u0142os\u00f3w &#8211; o co tyle szumu?<\/h2>\n<p>To by\u0142 hit lat 90. XX wieku. \u015amiem twierdzi\u0107, \u017ce francuska klamra do w\u0142os\u00f3w by\u0142a obecna w ka\u017cdym domu, gdzie mieszka\u0142a kobieta b\u0105d\u017a dziewczyna. Spinki klamry do w\u0142os\u00f3w mo\u017cna by\u0142o kupi\u0107 wsz\u0119dzie &#8211; na bazarkach, w kioskach, w supersamach. Oczywi\u015bcie stacjonarnie, bo to nie by\u0142y jeszcze czasy zakup\u00f3w online.<\/p>\n<p>Klamry nosili wszyscy. By\u0142y \u0142atwo dost\u0119pne i wygodne. Z ich pomoc\u0105 mo\u017cna by\u0142o szybko upi\u0105\u0107 w\u0142osy &#8211; i ju\u017c nic nie lata\u0142o wok\u00f3\u0142 twarzy.<\/p>\n<p>Czym wi\u0119ksza, tym lepsza &#8211; bo klamra musia\u0142a by\u0107 widoczna! Na pocz\u0105tku kr\u00f3lowa\u0142y te zwyczajne, jednokolorowe, z plastiku. Pami\u0119tam, \u017ce moja siostra mia\u0142a ich kilka. W r\u00f3\u017cnych odcieniach &#8211; najbardziej lubi\u0142a br\u0105zowe. A\u017c pewnego dnia przynios\u0142a tak\u0105 luksusow\u0105, pokryt\u0105 jakby zamszem.<\/p>\n<p>Klamry nosi\u0142a te\u017c mama &#8211; nie po to, \u017ceby wygl\u0105da\u0107 modnie, ale po to, \u017ceby by\u0142o wygodnie. Wiecznie w biegu, wiecznie co\u015b robi\u0142a &#8211; gotowa\u0142a, sprz\u0105ta\u0142a, cerowa\u0142a. Nie cierpia\u0142a, jak w\u0142osy lecia\u0142y jej na twarz. Klamra by\u0142a idealnym rozwi\u0105zaniem.<\/p>\n<p>Ja si\u0119 nimi bawi\u0142am. Udawa\u0142am, \u017ce to raki. Albo fantazyjne stwory z dalekiej krainy. Ewentualnie stonogi.<\/p>\n<p>Klamry do w\u0142os\u00f3w. Hit lat 90. Dla jednych wyznacznik bycia modnym, dla innym wygodna spinka. I chocia\u017c cz\u0119sto p\u0119ka\u0142y albo odpada\u0142y im z\u0105bki, to by\u0142y uwielbiane.<\/p>\n<p>A teraz wracaj\u0105 do \u0142ask.<\/p>\n<p><img decoding=\"async\" class=\"aligncenter size-full wp-image-19603\" src=\"https:\/\/www.hairstore.pl\/blog\/wp-content\/uploads\/2022\/01\/jak-nosic-klamre-do-wlosow.jpg\" alt=\"klamra do w\u0142os\u00f3w, spinki klamry do w\u0142os\u00f3w, francuska klamra do w\u0142os\u00f3w\" width=\"800\" height=\"450\" srcset=\"https:\/\/www.hairstore.pl\/blog\/wp-content\/uploads\/2022\/01\/jak-nosic-klamre-do-wlosow.jpg 800w, https:\/\/www.hairstore.pl\/blog\/wp-content\/uploads\/2022\/01\/jak-nosic-klamre-do-wlosow-300x169.jpg 300w, https:\/\/www.hairstore.pl\/blog\/wp-content\/uploads\/2022\/01\/jak-nosic-klamre-do-wlosow-768x432.jpg 768w\" sizes=\"(max-width: 800px) 100vw, 800px\" \/><\/p>\n<h2>Alternatywa dla gumek do w\u0142os\u00f3w<\/h2>\n<p>Klamra s\u0142u\u017cy do upi\u0119cia w\u0142os\u00f3w i mo\u017ce stanowi\u0107 alternatyw\u0119 dla <a href=\"https:\/\/www.hairstore.pl\/gumki-do-wlosow-c1234.html\">gumki do w\u0142os\u00f3w<\/a>. Klamra jest ciekawym dodatkiem &#8211; szczeg\u00f3lnie je\u015bli posiada dodatkowe zdobienia. Ten rodzaj spinki jest \u0142atwy w obs\u0142udze, co jest kolejnym atutem. Ju\u017c w kilka sekund mo\u017cna stworzy\u0107 ciekaw\u0105 fryzur\u0119 i p\u0119dzi\u0107 na miasto.<\/p>\n<p>Niekt\u00f3rzy uwa\u017caj\u0105, \u017ce klamry s\u0105 nawet lepsze ni\u017c gumki. I jest w tym sporo racji:<\/p>\n<ul>\n<li>zbyt mocno zawi\u0105zane gumki \u0142ami\u0105 w\u0142osy, a ponadto powoduj\u0105 nieprzyjemne uczucie &#8222;ci\u0105gni\u0119cia&#8221; (znasz to uczucie bol\u0105cej g\u0142owy w miejscu zwi\u0105zana w\u0142os\u00f3w w kitk\u0119?)<\/li>\n<li>klamra nie odkszta\u0142ca w\u0142os\u00f3w, wi\u0119c po rozpuszczeniu b\u0119d\u0105 si\u0119 prezentowa\u0107 nienagannie<\/li>\n<\/ul>\n<h2>Jak upi\u0105\u0107 w\u0142osy klamr\u0105?<\/h2>\n<p>To nic trudnego. Wa\u017cne s\u0105 dwie kwestie:<\/p>\n<ul>\n<li>klamra powinna utrzyma\u0107 wszystkie w\u0142osy i nie spada\u0107 w ci\u0105gu dnia<\/li>\n<li>z\u0105bki nie mog\u0105 drapa\u0107 (podra\u017cnia\u0107) sk\u00f3ry g\u0142owy (najlepiej, \u017ceby by\u0142y zaokr\u0105glone, a nie ostre)<\/li>\n<\/ul>\n<p>Przechodzimy wi\u0119c od s\u0142\u00f3w do czyn\u00f3w. Przygotowa\u0142am na was kilka protip\u00f3w:<\/p>\n<ul>\n<li>Zroluj w\u0142osy i po prostu z\u0142ap je klamr\u0105.<\/li>\n<li>Marzy Ci si\u0119 bardziej romantyczny look? Nie \u0142ap w klamr\u0119 wszystkich w\u0142os\u00f3w, tylko pozostaw lu\u017ane kosmyki przy twarzy i po bokach.<\/li>\n<li>Postaraj si\u0119 z\u0142apa\u0107 wszystkie w\u0142osy spink\u0105, a ko\u0144c\u00f3wki pozostaw na g\u00f3rze, \u017ceby wystawa\u0142y (powstanie taki jakby &#8222;pi\u00f3ropusz&#8221;).<\/li>\n<li>Mniejsz\u0105 klamr\u0105 mo\u017cesz spi\u0105\u0107 tylko parti\u0119 w\u0142os\u00f3w na czubku g\u0142owy, a reszt\u0119 pu\u015bci\u0107 wolno.<\/li>\n<\/ul>\n<p>Sprawd\u017a: <a href=\"https:\/\/www.hairstore.pl\/blog\/niski-kok-szybka-fryzura\/\">Niski kok, czyli spos\u00f3b na bad hair day.<\/a><\/p>\n<p>Klamra jest zatem idealnym akcesorium do robienia prostych fryzur na d\u0142ugie w\u0142osy. Taka elegancka klamra do w\u0142os\u00f3w mo\u017ce by\u0107 nawet dodatkiem do bardziej oficjalnego stroju. Z kolei wiosn\u0105 czy latem pozwoli spi\u0105\u0107 w\u0142osy wy\u017cej &#8211; dzi\u0119ki temu b\u0119dzie ch\u0142odniej, a w\u0142osy nie b\u0119d\u0105 lepi\u0107 si\u0119 do karku.<\/p>\n<p>Sprawd\u017a: <a href=\"https:\/\/www.hairstore.pl\/blog\/frotka-do-wlosow-trendy-2019\/\">Jak nosi\u0107 frotki do w\u0142os\u00f3w?<\/a><\/p>\n<h2>Zainspiruj si\u0119!<\/h2>\n<p>Masz ju\u017c swoj\u0105 spink\u0119 klamr\u0119? Nie? Je\u015bli dotychczasowe wywody Ci\u0119 nie przekona\u0142y, \u017ce to must-have tego roku, mam dla Ciebie pewien dodatek. Poszpera\u0142am i <strong>zebra\u0142am kilka inspiracji, jak nosi\u0107 klamr\u0119 do w\u0142os\u00f3w.<\/strong> Jeszcze wi\u0119cej sposob\u00f3w na noszenie klamry znajdziesz na Tiktoku czy Instagramie.<\/p>\n<p><strong>Inspiruj si\u0119, wypr\u00f3buj nowe pomys\u0142y i wygl\u0105daj modnie!<\/strong><\/p>\n<figure id=\"attachment_19604\" aria-describedby=\"caption-attachment-19604\" style=\"width: 800px\" class=\"wp-caption aligncenter\"><img decoding=\"async\" class=\"wp-image-19604 size-full\" src=\"https:\/\/www.hairstore.pl\/blog\/wp-content\/uploads\/2022\/01\/klamra-do-wlosow.jpg\" alt=\"klamra do w\u0142os\u00f3w, spinki klamry do w\u0142os\u00f3w, francuska klamra do w\u0142os\u00f3w\" width=\"800\" height=\"450\" srcset=\"https:\/\/www.hairstore.pl\/blog\/wp-content\/uploads\/2022\/01\/klamra-do-wlosow.jpg 800w, https:\/\/www.hairstore.pl\/blog\/wp-content\/uploads\/2022\/01\/klamra-do-wlosow-300x169.jpg 300w, https:\/\/www.hairstore.pl\/blog\/wp-content\/uploads\/2022\/01\/klamra-do-wlosow-768x432.jpg 768w\" sizes=\"(max-width: 800px) 100vw, 800px\" \/><figcaption id=\"caption-attachment-19604\" class=\"wp-caption-text\">\u0179r\u00f3d\u0142o: wattpad.com, glamourmagazine.co.uk, kobieta.pl<\/figcaption><\/figure>\n<figure id=\"attachment_19605\" aria-describedby=\"caption-attachment-19605\" style=\"width: 800px\" class=\"wp-caption aligncenter\"><img decoding=\"async\" class=\"wp-image-19605 size-full\" src=\"https:\/\/www.hairstore.pl\/blog\/wp-content\/uploads\/2022\/01\/klamry-do-wlosow.jpg\" alt=\"klamra do w\u0142os\u00f3w, spinki klamry do w\u0142os\u00f3w, francuska klamra do w\u0142os\u00f3w\" width=\"800\" height=\"450\" srcset=\"https:\/\/www.hairstore.pl\/blog\/wp-content\/uploads\/2022\/01\/klamry-do-wlosow.jpg 800w, https:\/\/www.hairstore.pl\/blog\/wp-content\/uploads\/2022\/01\/klamry-do-wlosow-300x169.jpg 300w, https:\/\/www.hairstore.pl\/blog\/wp-content\/uploads\/2022\/01\/klamry-do-wlosow-768x432.jpg 768w\" sizes=\"(max-width: 800px) 100vw, 800px\" \/><figcaption id=\"caption-attachment-19605\" class=\"wp-caption-text\">\u0179r\u00f3d\u0142o: momooze.com, m.asos.com<\/figcaption><\/figure>\n<p>A tutaj jeszcze wi\u0119cej inspiracji.<\/p>\n<figure id=\"attachment_19606\" aria-describedby=\"caption-attachment-19606\" style=\"width: 800px\" class=\"wp-caption aligncenter\"><img decoding=\"async\" class=\"wp-image-19606 size-full\" src=\"https:\/\/www.hairstore.pl\/blog\/wp-content\/uploads\/2022\/01\/duze-spinki-do-wlosow.jpg\" alt=\"klamra do w\u0142os\u00f3w, spinki klamry do w\u0142os\u00f3w, francuska klamra do w\u0142os\u00f3w\" width=\"800\" height=\"450\" srcset=\"https:\/\/www.hairstore.pl\/blog\/wp-content\/uploads\/2022\/01\/duze-spinki-do-wlosow.jpg 800w, https:\/\/www.hairstore.pl\/blog\/wp-content\/uploads\/2022\/01\/duze-spinki-do-wlosow-300x169.jpg 300w, https:\/\/www.hairstore.pl\/blog\/wp-content\/uploads\/2022\/01\/duze-spinki-do-wlosow-768x432.jpg 768w\" sizes=\"(max-width: 800px) 100vw, 800px\" \/><figcaption id=\"caption-attachment-19606\" class=\"wp-caption-text\">\u0179r\u00f3d\u0142o: tumblr.com, domodi.pl, zaful.com<\/figcaption><\/figure>\n<p>Dajcie zna\u0107, co s\u0105dzicie o powrocie klamr spinek do w\u0142os\u00f3w i czy macie ju\u017c sw\u00f3j egzemplarz.<\/p>\n","protected":false},"excerpt":{"rendered":"<p>Chyba ka\u017cdy chocia\u017c raz w \u017cyciu mia\u0142 w r\u0119ku klamr\u0119 do w\u0142os\u00f3w. To niepozorne akcesorium w latach 90. XX wieku by\u0142o hitem. Teraz powraca i staje si\u0119 jednym z popularniejszych dodatk\u00f3w do w\u0142os\u00f3w, szczeg\u00f3lnie tych d\u0142u\u017cszych. Je\u015bli masz klamr\u0119 w domu, naucz si\u0119 ni\u0105 upina\u0107 w\u0142osy. A je\u015bli nie masz &#8211; szybko odwied\u017a najbli\u017cszy sklep, [&hellip;]<\/p>\n","protected":false},"author":8,"featured_media":19602,"comment_status":"open","ping_status":"open","sticky":false,"template":"","format":"standard","meta":{"footnotes":""},"categories":[9421],"tags":[],"yst_prominent_words":[3080,5078,3160,704,717,8081],"class_list":["post-19601","post","type-post","status-publish","format-standard","has-post-thumbnail","hentry","category-trendy"],"_links":{"self":[{"href":"https:\/\/www.hairstore.pl\/blog\/wp-json\/wp\/v2\/posts\/19601","targetHints":{"allow":["GET"]}}],"collection":[{"href":"https:\/\/www.hairstore.pl\/blog\/wp-json\/wp\/v2\/posts"}],"about":[{"href":"https:\/\/www.hairstore.pl\/blog\/wp-json\/wp\/v2\/types\/post"}],"author":[{"embeddable":true,"href":"https:\/\/www.hairstore.pl\/blog\/wp-json\/wp\/v2\/users\/8"}],"replies":[{"embeddable":true,"href":"https:\/\/www.hairstore.pl\/blog\/wp-json\/wp\/v2\/comments?post=19601"}],"version-history":[{"count":3,"href":"https:\/\/www.hairstore.pl\/blog\/wp-json\/wp\/v2\/posts\/19601\/revisions"}],"predecessor-version":[{"id":19609,"href":"https:\/\/www.hairstore.pl\/blog\/wp-json\/wp\/v2\/posts\/19601\/revisions\/19609"}],"wp:featuredmedia":[{"embeddable":true,"href":"https:\/\/www.hairstore.pl\/blog\/wp-json\/wp\/v2\/media\/19602"}],"wp:attachment":[{"href":"https:\/\/www.hairstore.pl\/blog\/wp-json\/wp\/v2\/media?parent=19601"}],"wp:term":[{"taxonomy":"category","embeddable":true,"href":"https:\/\/www.hairstore.pl\/blog\/wp-json\/wp\/v2\/categories?post=19601"},{"taxonomy":"post_tag","embeddable":true,"href":"https:\/\/www.hairstore.pl\/blog\/wp-json\/wp\/v2\/tags?post=19601"},{"taxonomy":"yst_prominent_words","embeddable":true,"href":"https:\/\/www.hairstore.pl\/blog\/wp-json\/wp\/v2\/yst_prominent_words?post=19601"}],"curies":[{"name":"wp","href":"https:\/\/api.w.org\/{rel}","templated":true}]}}