{"id":19542,"date":"2021-12-21T12:07:24","date_gmt":"2021-12-21T11:07:24","guid":{"rendered":"https:\/\/www.hairstore.pl\/blog\/?p=19542"},"modified":"2021-12-21T12:07:24","modified_gmt":"2021-12-21T11:07:24","slug":"swedzaca-skora-glowy-przyczyny","status":"publish","type":"post","link":"https:\/\/www.hairstore.pl\/blog\/swedzaca-skora-glowy-przyczyny\/","title":{"rendered":"Sw\u0119dz\u0105ca sk\u00f3ra g\u0142owy &#8211; jak temu zaradzi\u0107"},"content":{"rendered":"<p>Czy kiedykolwiek zdarzy\u0142o Ci si\u0119 z\u0142apa\u0107 na tym, jak cz\u0119sto drapiesz si\u0119 po g\u0142owie? Chocia\u017c sw\u0119dzenie sk\u00f3ry to zjawisko do\u015b\u0107 powszechne, to nie warto go lekcewa\u017cy\u0107.<!--more--><\/p>\n<p>Rozpoznaj\u0105c przyczyn\u0119 mo\u017cna \u015bmia\u0142o zmierzy\u0107 si\u0119 z problemem sw\u0119dz\u0105cej sk\u00f3ry g\u0142owy. W dzisiejszym artykule dowiesz si\u0119, co wywo\u0142uje \u015bwi\u0105d, a tak\u017ce jak jemu zaradzi\u0107.<\/p>\n<div class=\"article-menu-box\"><div class=\"article-menu-header\">W tym artykule:<\/div>\n        <ul class=\"article-menu\"><li>jakie s\u0105 problemy i choroby sk\u00f3rne wywo\u0142uj\u0105ce \u015bwi\u0105d<\/li><li>jakie s\u0105 sposoby zwalczania uporczywego sw\u0119dzenia sk\u00f3ry g\u0142owy<\/li><li>domowy spos\u00f3b na sw\u0119dz\u0105c\u0105 sk\u00f3r\u0119 g\u0142owy DIY<\/li><\/ul><\/div>\n<h2>\u0141upie\u017c<\/h2>\n<p><strong>Sw\u0119dzenie sk\u00f3ry g\u0142owy spowodowane \u0142upie\u017cem jest stosunkowo proste do rozpoznania.<\/strong> Poza \u015bwi\u0105dem charakteryzuje si\u0119 tak\u017ce \u0142uszczeniem nask\u00f3rka. W przypadku \u0142upie\u017cu suchego s\u0105 to drobno sypi\u0105ce si\u0119 p\u0142atki. Je\u015bli poza poza nadmiernym z\u0142uszczaniem wyst\u0119puje tak\u017ce \u0142ojotok i \u017c\u00f3\u0142tawa lepka \u0142uska, to mamy do czynienia z \u0142upie\u017cem t\u0142ustym. Trzecim rodzajem jest \u0142upie\u017c pstry, kt\u00f3remu towarzysz\u0105 bia\u0142e, be\u017cowe lub r\u00f3\u017cowe plamy na obszarach sk\u00f3ry dotkni\u0119tych chorob\u0105.<\/p>\n<p>Sprawd\u017a: <a href=\"https:\/\/www.hairstore.pl\/blog\/lojotok-skory-glowy-pytania-i-odpowiedzi\/\">Pytamy eksperta o \u0142ojotok sk\u00f3ry g\u0142owy.<\/a><\/p>\n<div id=\"hsbp-585a369ce5130b827c9241562768d05f\" class=\"hsbp\"><\/div>\n<h2>Grzybica<\/h2>\n<p>Istnieje wiele odmian grzyb\u00f3w, a ka\u017cdy ich rodzaj wywo\u0142uje inn\u0105 posta\u0107 choroby.<strong> Przy grzybicy sk\u00f3ry g\u0142owy mo\u017cna zaobserwowa\u0107 zaczerwienienie oraz dokuczliwy \u015bwi\u0105d wy\u0142\u0105cznie miejscowo (zwykle z ty\u0142u g\u0142owy lub na jej czubku).<\/strong> Nale\u017cy pami\u0119ta\u0107, \u017ce zaka\u017cenia grzybicze s\u0105 wyj\u0105tkowo \u0142atwo zara\u017aliwe. Choroba rozprzestrzenia si\u0119 poprzez kontakt bezpo\u015bredni lub przez przedmioty codziennego u\u017cytku, np. szczotki czy grzebienie.<\/p>\n<div id=\"hsbp-362a5b3fc8b9a9f90533b9680df2cf4b\" class=\"hsbp\"><\/div>\n<p><img decoding=\"async\" class=\"aligncenter size-full wp-image-19578\" src=\"https:\/\/www.hairstore.pl\/blog\/wp-content\/uploads\/2021\/12\/swiad-skory-glowy.jpg\" alt=\"sw\u0119dz\u0105ca sk\u00f3ra g\u0142owy, sw\u0119dzenie sk\u00f3ry g\u0142owy, przyczyny sw\u0119dzenia sk\u00f3ry g\u0142owy\" width=\"800\" height=\"450\" srcset=\"https:\/\/www.hairstore.pl\/blog\/wp-content\/uploads\/2021\/12\/swiad-skory-glowy.jpg 800w, https:\/\/www.hairstore.pl\/blog\/wp-content\/uploads\/2021\/12\/swiad-skory-glowy-300x169.jpg 300w, https:\/\/www.hairstore.pl\/blog\/wp-content\/uploads\/2021\/12\/swiad-skory-glowy-768x432.jpg 768w\" sizes=\"(max-width: 800px) 100vw, 800px\" \/><\/p>\n<h2>Pozosta\u0142e choroby sk\u00f3ry g\u0142owy<\/h2>\n<p>\u0141upie\u017c i grzybica to nie jedyne przyczyny uporczywego sw\u0119dzenia g\u0142owy. Do najcz\u0119\u015bciej spotykanych mo\u017cna zaliczy\u0107 tak\u017ce: <strong>zapalenie mieszk\u00f3w w\u0142osowych, \u0142ojotokowe zapalenie sk\u00f3ry czy wszawic\u0119<\/strong>. Przy zapaleniu mieszk\u00f3w w\u0142osowych sw\u0119dzeniu g\u0142owy towarzyszy tak\u017ce pieczenie oraz pojawiaj\u0105 si\u0119 ma\u0142e \u017c\u00f3\u0142te krostki przebite w\u0142osem. Wypadanie w\u0142os\u00f3w, silne pieczenie i zaczerwienienie sk\u00f3ry mo\u017ce sygnalizowa\u0107 \u0142ojotokowe zapalenie sk\u00f3ry, kt\u00f3re charakteryzuje si\u0119 nadmiernym wydzielaniem sebum. Wszawica to jedna z najbardziej uci\u0105\u017cliwych chor\u00f3b sk\u00f3ry g\u0142owy. Wszy rozmna\u017caj\u0105 si\u0119 niezwykle szybko. Wywo\u0142uj\u0105 silne uporczywe sw\u0119dzenie oraz konieczno\u015b\u0107 drapania, a to sprzyja wt\u00f3rnym zaka\u017ceniom ropnym.<\/p>\n<p>Sprawd\u017a: <a href=\"https:\/\/www.hairstore.pl\/blog\/sposoby-na-wypadaje-wlosy-z-insight\/\">Dlaczego w\u0142osy wypadaj\u0105?<\/a><\/p>\n<h2>Inne przyczyny sw\u0119dzenia sk\u00f3ry g\u0142owy<\/h2>\n<p>Sw\u0119dzenie g\u0142owy nie musi by\u0107 r\u00f3wnoznaczne z problemem sk\u00f3rnym. Przyczyn\u0105 mog\u0105 si\u0119 okaza\u0107 <strong>choroby uk\u0142adowe i zaburzenia hormonalne<\/strong>, np. cukrzyca czy niedoczynno\u015b\u0107 tarczycy. Czasem sw\u0119dzenie sk\u00f3ry g\u0142owy mo\u017ce by\u0107 te\u017c powik\u0142aniem po przebyciu niekt\u00f3rych chor\u00f3b zaka\u017anych, takich jak: ospa wietrzna czy p\u00f3\u0142pasiec. Nale\u017cy pami\u0119ta\u0107, \u017ce \u015bwi\u0105d mo\u017ce mie\u0107 <strong>pod\u0142o\u017ce psychologiczne.<\/strong> Wyst\u0119puje tak\u017ce u os\u00f3b cierpi\u0105cych na nerwic\u0119.<\/p>\n<p><img decoding=\"async\" class=\"aligncenter size-full wp-image-19577\" src=\"https:\/\/www.hairstore.pl\/blog\/wp-content\/uploads\/2021\/12\/swedzaca-skora-glowy.jpg\" alt=\"sw\u0119dz\u0105ca sk\u00f3ra g\u0142owy, sw\u0119dzenie sk\u00f3ry g\u0142owy, przyczyny sw\u0119dzenia sk\u00f3ry g\u0142owy\" width=\"800\" height=\"450\" srcset=\"https:\/\/www.hairstore.pl\/blog\/wp-content\/uploads\/2021\/12\/swedzaca-skora-glowy.jpg 800w, https:\/\/www.hairstore.pl\/blog\/wp-content\/uploads\/2021\/12\/swedzaca-skora-glowy-300x169.jpg 300w, https:\/\/www.hairstore.pl\/blog\/wp-content\/uploads\/2021\/12\/swedzaca-skora-glowy-768x432.jpg 768w\" sizes=\"(max-width: 800px) 100vw, 800px\" \/><\/p>\n<h2>Nieodpowiednia piel\u0119gnacja<\/h2>\n<p>Bardzo cz\u0119sto powodem uporczywego sw\u0119dzenia sk\u00f3ry g\u0142owy jest nieodpowiednia piel\u0119gnacja. <strong>Niedok\u0142adne sp\u0142ukiwanie szamponu czy z\u0142y dob\u00f3r kosmetyk\u00f3w mo\u017ce powodowa\u0107 \u015bwi\u0105d.<\/strong> Wiele szampon\u00f3w zawiera silne detergenty, kt\u00f3re podra\u017cniaj\u0105 sk\u00f3r\u0119 g\u0142owy. \u0141agodne receptury zawarte w <a href=\"https:\/\/www.hairstore.pl\/szampony_komfort-skory-glowy\">szamponach do wra\u017cliwej sk\u00f3ry g\u0142owy<\/a> mog\u0105 si\u0119 okaza\u0107 niezwykle pomocne w walce z uporczywym \u015bwi\u0105dem.<\/p>\n<div id=\"hsbp-ebc6414e4f07ff34bee975f4587070b2\" class=\"hsbp\"><\/div>\n<h2>Najcz\u0119stsze alergeny w kosmetykach<\/h2>\n<p>Cz\u0119ste \u017ar\u00f3d\u0142o reakcji alergicznych stanowi\u0105 <strong>substancje zapachowe<\/strong>. Osoby posiadaj\u0105ce sk\u00f3r\u0119 wra\u017cliw\u0105 lub ze sk\u0142onno\u015bci\u0105 do alergii powinny wybiera\u0107 kosmetyki bezzapachowe. Do popularnych alergen\u00f3w nale\u017c\u0105 tak\u017ce <strong>barwniki<\/strong>, zw\u0142aszcza te zawarte w produktach przeznaczonych do farbowania w\u0142os\u00f3w. Kolejn\u0105 grup\u0119 stanowi\u0105 <strong>konserwanty<\/strong>. Substancje te zabezpieczaj\u0105 kosmetyk przed rozwojem niepo\u017c\u0105danych mikroorganizm\u00f3w. Do konserwant\u00f3w, kt\u00f3re najcz\u0119\u015bciej wywo\u0142uj\u0105 reakcj\u0119 alergiczn\u0105 nale\u017c\u0105 <strong>formaldehyd<\/strong> oraz jego pochodne. Du\u017ca nadwra\u017cliwo\u015b\u0107 alergiczna pojawia si\u0119 r\u00f3wnie\u017c w przypadku sk\u0142adnik\u00f3w ro\u015blinnych takich jak: <strong>nagietek, rumianek, wosk pszczeli, lanolina czy kalafonia<\/strong>.<\/p>\n<p>Sprawd\u017a: <a href=\"https:\/\/www.hairstore.pl\/blog\/kosmetyki-z-alkoholem-czy-sa-zle\/\">Czy alkohol w kosmetykach szkodzi?<\/a><\/p>\n<div id=\"hsbp-2b921fa7e720b33ce82826a654d21795\" class=\"hsbp\"><\/div>\n<h2>Sposoby na sw\u0119dz\u0105c\u0105 sk\u00f3r\u0119 g\u0142owy<\/h2>\n<p>Kluczow\u0105 rol\u0119 odgrywa rozpoznanie pod\u0142o\u017ca problemu. <strong>Bywa, \u017ce wystarczy zmiana szamponu, by poprawi\u0107 stan sk\u00f3ry g\u0142owy oraz pozby\u0107 si\u0119 uczucia sw\u0119dzenia.<\/strong> Zar\u00f3wno w przypadku nadmiernego przet\u0142uszczania sk\u00f3ry g\u0142owy, jak i \u0142upie\u017cu warto postawi\u0107 na profesjonalne kosmetyki posiadaj\u0105ce dobrze zbilansowane sk\u0142ady.<\/p>\n<p>Prostym sposobem rozwi\u0105zania problemu sw\u0119dz\u0105cej sk\u00f3ry g\u0142owy jest <strong>przygotowanie mieszanki z wody i sody oczyszczonej<\/strong>. Chc\u0105c uzyska\u0107 jak najlepsze rezultaty, nale\u017cy wetrze\u0107 wcze\u015bniej nieco oliwy z oliwek. Nast\u0119pnie wystarczy na\u0142o\u017cy\u0107 mieszank\u0119 na g\u0142ow\u0119 i pozostawi\u0107. Po up\u0142ywie ok. 10-15 min dok\u0142adnie sp\u0142uka\u0107. Je\u015bli podejrzewasz, \u017ce \u015bwi\u0105d sk\u00f3ry g\u0142owy mo\u017ce mie\u0107 pod\u0142o\u017ce chorobowe, koniecznie skonsultuj si\u0119 z lekarzem.<\/p>\n","protected":false},"excerpt":{"rendered":"<p>Czy kiedykolwiek zdarzy\u0142o Ci si\u0119 z\u0142apa\u0107 na tym, jak cz\u0119sto drapiesz si\u0119 po g\u0142owie? Chocia\u017c sw\u0119dzenie sk\u00f3ry to zjawisko do\u015b\u0107 powszechne, to nie warto go lekcewa\u017cy\u0107.<\/p>\n","protected":false},"author":11,"featured_media":19579,"comment_status":"open","ping_status":"open","sticky":false,"template":"","format":"standard","meta":{"footnotes":""},"categories":[11],"tags":[11362],"yst_prominent_words":[7710,2015,1623,11345],"class_list":["post-19542","post","type-post","status-publish","format-standard","has-post-thumbnail","hentry","category-porady","tag-skora-glowy"],"_links":{"self":[{"href":"https:\/\/www.hairstore.pl\/blog\/wp-json\/wp\/v2\/posts\/19542","targetHints":{"allow":["GET"]}}],"collection":[{"href":"https:\/\/www.hairstore.pl\/blog\/wp-json\/wp\/v2\/posts"}],"about":[{"href":"https:\/\/www.hairstore.pl\/blog\/wp-json\/wp\/v2\/types\/post"}],"author":[{"embeddable":true,"href":"https:\/\/www.hairstore.pl\/blog\/wp-json\/wp\/v2\/users\/11"}],"replies":[{"embeddable":true,"href":"https:\/\/www.hairstore.pl\/blog\/wp-json\/wp\/v2\/comments?post=19542"}],"version-history":[{"count":11,"href":"https:\/\/www.hairstore.pl\/blog\/wp-json\/wp\/v2\/posts\/19542\/revisions"}],"predecessor-version":[{"id":19582,"href":"https:\/\/www.hairstore.pl\/blog\/wp-json\/wp\/v2\/posts\/19542\/revisions\/19582"}],"wp:featuredmedia":[{"embeddable":true,"href":"https:\/\/www.hairstore.pl\/blog\/wp-json\/wp\/v2\/media\/19579"}],"wp:attachment":[{"href":"https:\/\/www.hairstore.pl\/blog\/wp-json\/wp\/v2\/media?parent=19542"}],"wp:term":[{"taxonomy":"category","embeddable":true,"href":"https:\/\/www.hairstore.pl\/blog\/wp-json\/wp\/v2\/categories?post=19542"},{"taxonomy":"post_tag","embeddable":true,"href":"https:\/\/www.hairstore.pl\/blog\/wp-json\/wp\/v2\/tags?post=19542"},{"taxonomy":"yst_prominent_words","embeddable":true,"href":"https:\/\/www.hairstore.pl\/blog\/wp-json\/wp\/v2\/yst_prominent_words?post=19542"}],"curies":[{"name":"wp","href":"https:\/\/api.w.org\/{rel}","templated":true}]}}