{"id":19358,"date":"2021-12-03T11:03:42","date_gmt":"2021-12-03T10:03:42","guid":{"rendered":"https:\/\/www.hairstore.pl\/blog\/?p=19358"},"modified":"2021-12-03T11:03:42","modified_gmt":"2021-12-03T10:03:42","slug":"5-fryzur-na-swieta-do-zrobienia-w-10-minut","status":"publish","type":"post","link":"https:\/\/www.hairstore.pl\/blog\/5-fryzur-na-swieta-do-zrobienia-w-10-minut\/","title":{"rendered":"5 ol\u015bniewaj\u0105cych fryzur na \u015bwi\u0119ta, kt\u00f3re wykonasz w 10 minut"},"content":{"rendered":"<p>Chcesz wygl\u0105da\u0107 ol\u015bniewaj\u0105co na \u015bwi\u0119ta? Skorzystaj z naszych propozycji prostych fryzur, kt\u00f3re wygl\u0105daj\u0105 elegancko i niezwykle efektownie.<\/p>\n<p><!--more--><\/p>\n<p>Nie musisz sp\u0119dza\u0107 ca\u0142ego dnia przed lustrem, \u017ceby ol\u015bniewa\u0107 wygl\u0105dem. Modn\u0105 i efektown\u0105 fryzur\u0119 wykonasz nawet w 10 minut! Nie wierzysz? Sprawd\u017a nasze propozycje.<\/p>\n<h2>Pierwsza fryzura na \u015bwi\u0119ta: Ko\u0144ski ogon na g\u0142adko<\/h2>\n<p>Kitki nigdy nie wyjd\u0105 z mody. S\u0105 jak ma\u0142a czarna &#8211; zawsze na czasie, zawsze pasuj\u0105 do sytuacji. Na \u015bwi\u0105teczn\u0105 kolacj\u0119 proponujemy eleganck\u0105 wersj\u0119 ko\u0144skiego ogona &#8211; na g\u0142adko i b\u0142yszcz\u0105co. W\u0142osy mo\u017cesz zwi\u0105za\u0107 ni\u017cej lub wysoko &#8211; jak wolisz. Pami\u0119taj o wyg\u0142adzeniu i nab\u0142yszczeniu w\u0142os\u00f3w.<\/p>\n<ul>\n<li>Przygotuj w\u0142osy ju\u017c podczas k\u0105pieli. Si\u0119gnij po <a href=\"https:\/\/www.hairstore.pl\/odzywki_wygladzanie\">od\u017cywk\u0119 wyg\u0142adzaj\u0105c\u0105<\/a> myj\u0105c pasma wieczorem.<\/li>\n<li>Pasma mo\u017cesz dodatkowo przeprostowa\u0107 prostownic\u0105 &#8211; niekt\u00f3re spraye termoochronne maj\u0105 w\u0142a\u015bciwo\u015bci wyg\u0142adzaj\u0105ce.<\/li>\n<li>Rozczesz dok\u0142adnie w\u0142osy i na\u0142\u00f3\u017c fluid wyg\u0142adzaj\u0105cy. Zwi\u0105\u017c kosmyki.<\/li>\n<li>Fryzur\u0119 wyko\u0144cz sprayem nab\u0142yszczaj\u0105cym.<\/li>\n<\/ul>\n<p>Je\u015bli w\u0142osy umyjesz dzie\u0144 wcze\u015bniej, elegancki ko\u0144ski ogon wykonasz w kilka minut &#8211; z pewno\u015bci\u0105 zmie\u015bcisz si\u0119 w dziesi\u0119ciu! Mo\u017cesz doda\u0107 spinki czy ozdoby, jednak w wersji minimalistycznej taki elegancki ko\u0144ski ogon wygl\u0105da niezwykle efektownie.<\/p>\n<div id=\"hsbp-89158e0190d9416dddc4bf1e4b9afb48\" class=\"hsbp\"><\/div>\n<p>G\u0142adki ko\u0144ski ogon najlepiej prezentuje si\u0119 na w\u0142osach, kt\u00f3re nie s\u0105 mocno pocieniowane.<\/p>\n<figure id=\"attachment_19359\" aria-describedby=\"caption-attachment-19359\" style=\"width: 800px\" class=\"wp-caption aligncenter\"><img decoding=\"async\" class=\"size-full wp-image-19359\" src=\"https:\/\/www.hairstore.pl\/blog\/wp-content\/uploads\/2021\/12\/gladki-kucyk.jpg\" alt=\"ko\u0144ski ogon, g\u0142adki ko\u0144ski ogon, elegancka kitka\" width=\"800\" height=\"450\" srcset=\"https:\/\/www.hairstore.pl\/blog\/wp-content\/uploads\/2021\/12\/gladki-kucyk.jpg 800w, https:\/\/www.hairstore.pl\/blog\/wp-content\/uploads\/2021\/12\/gladki-kucyk-300x169.jpg 300w, https:\/\/www.hairstore.pl\/blog\/wp-content\/uploads\/2021\/12\/gladki-kucyk-768x432.jpg 768w\" sizes=\"(max-width: 800px) 100vw, 800px\" \/><figcaption id=\"caption-attachment-19359\" class=\"wp-caption-text\">\u0179r\u00f3d\u0142o: haircutinspiration.com, self.com, totalbeauty.com<\/figcaption><\/figure>\n<figure id=\"attachment_19369\" aria-describedby=\"caption-attachment-19369\" style=\"width: 800px\" class=\"wp-caption aligncenter\"><img decoding=\"async\" class=\"size-full wp-image-19369\" src=\"https:\/\/www.hairstore.pl\/blog\/wp-content\/uploads\/2021\/12\/elegancki-kucyk.jpg\" alt=\"elegancki kucyk, elegancki ko\u0144ski ogon\" width=\"800\" height=\"450\" srcset=\"https:\/\/www.hairstore.pl\/blog\/wp-content\/uploads\/2021\/12\/elegancki-kucyk.jpg 800w, https:\/\/www.hairstore.pl\/blog\/wp-content\/uploads\/2021\/12\/elegancki-kucyk-300x169.jpg 300w, https:\/\/www.hairstore.pl\/blog\/wp-content\/uploads\/2021\/12\/elegancki-kucyk-768x432.jpg 768w\" sizes=\"(max-width: 800px) 100vw, 800px\" \/><figcaption id=\"caption-attachment-19369\" class=\"wp-caption-text\">\u0179r\u00f3d\u0142o: allure.com, hadviser.com, stayglam.com<\/figcaption><\/figure>\n<p>Masz nieco wi\u0119cej czasu na przygotowania? <a href=\"https:\/\/www.hairstore.pl\/blog\/kucyki-glamour\/\">Propozycj\u0105 dla Ciebie jest kucyk glamour z szykownymi dodatkami.<\/a><\/p>\n<figure id=\"attachment_13147\" aria-describedby=\"caption-attachment-13147\" style=\"width: 800px\" class=\"wp-caption aligncenter\"><img decoding=\"async\" class=\"size-full wp-image-13147\" src=\"https:\/\/www.hairstore.pl\/blog\/wp-content\/uploads\/2019\/12\/fryzury-glamour.jpg\" alt=\"fryzury glamour, damskie fryzury, fryzury na bal\" width=\"800\" height=\"450\" srcset=\"https:\/\/www.hairstore.pl\/blog\/wp-content\/uploads\/2019\/12\/fryzury-glamour.jpg 800w, https:\/\/www.hairstore.pl\/blog\/wp-content\/uploads\/2019\/12\/fryzury-glamour-300x169.jpg 300w, https:\/\/www.hairstore.pl\/blog\/wp-content\/uploads\/2019\/12\/fryzury-glamour-768x432.jpg 768w, https:\/\/www.hairstore.pl\/blog\/wp-content\/uploads\/2019\/12\/fryzury-glamour-1024x576.jpg 1024w\" sizes=\"(max-width: 800px) 100vw, 800px\" \/><figcaption id=\"caption-attachment-13147\" class=\"wp-caption-text\">\u0179r\u00f3d\u0142o: annatour1.com, thefashionspot.com, totalskinandbodycare.info<\/figcaption><\/figure>\n<figure id=\"attachment_13148\" aria-describedby=\"caption-attachment-13148\" style=\"width: 800px\" class=\"wp-caption aligncenter\"><img decoding=\"async\" class=\"size-full wp-image-13148\" src=\"https:\/\/www.hairstore.pl\/blog\/wp-content\/uploads\/2019\/12\/kitki-pomysly-na-fryzury.jpg\" alt=\"\u0142a\u0144cuszki we w\u0142osach, pomys\u0142y na damskie fryzury, rockowe fryzury\" width=\"800\" height=\"450\" srcset=\"https:\/\/www.hairstore.pl\/blog\/wp-content\/uploads\/2019\/12\/kitki-pomysly-na-fryzury.jpg 800w, https:\/\/www.hairstore.pl\/blog\/wp-content\/uploads\/2019\/12\/kitki-pomysly-na-fryzury-300x169.jpg 300w, https:\/\/www.hairstore.pl\/blog\/wp-content\/uploads\/2019\/12\/kitki-pomysly-na-fryzury-768x432.jpg 768w, https:\/\/www.hairstore.pl\/blog\/wp-content\/uploads\/2019\/12\/kitki-pomysly-na-fryzury-1024x576.jpg 1024w\" sizes=\"(max-width: 800px) 100vw, 800px\" \/><figcaption id=\"caption-attachment-13148\" class=\"wp-caption-text\">\u0179r\u00f3d\u0142o: glamour.com, fashionisers.com, noticiastu.com<\/figcaption><\/figure>\n<h2>Druga fryzura: Wst\u0105\u017cki i kokardy<\/h2>\n<p>Do fryzur na \u015bwi\u0119ta idealnie pasuj\u0105 dodatki takie jak <strong>wst\u0105\u017cki, tasiemki i kokardy<\/strong>. Taki prosty dodatek mo\u017ce odmieni\u0107 ca\u0142e uczesanie. Zaple\u0107 albo zwi\u0105\u017c w\u0142osy i skorzystaj ze spinek, gumek albo zwyk\u0142ych tasiemek. Mo\u017cesz te\u017c rozpu\u015bci\u0107 w\u0142osy i wpi\u0105\u0107 w nie ciekaw\u0105 spink\u0119 w kszta\u0142cie kokardy.<\/p>\n<p>T\u0119 fryzur\u0119 wykonasz nawet w dwie minuty! Pami\u0119taj, \u017ceby nie dobiera\u0107 do takiego looku zbyt wielu akcesori\u00f3w i bi\u017cuterii. Im wi\u0119ksza kokarda na g\u0142owie, tym mniej na szyi czy na uszach.<\/p>\n<figure id=\"attachment_19361\" aria-describedby=\"caption-attachment-19361\" style=\"width: 800px\" class=\"wp-caption aligncenter\"><img decoding=\"async\" class=\"size-full wp-image-19361\" src=\"https:\/\/www.hairstore.pl\/blog\/wp-content\/uploads\/2021\/12\/kokardy-we-wlosach.jpg\" alt=\"kokardy we w\u0142osach\" width=\"800\" height=\"450\" srcset=\"https:\/\/www.hairstore.pl\/blog\/wp-content\/uploads\/2021\/12\/kokardy-we-wlosach.jpg 800w, https:\/\/www.hairstore.pl\/blog\/wp-content\/uploads\/2021\/12\/kokardy-we-wlosach-300x169.jpg 300w, https:\/\/www.hairstore.pl\/blog\/wp-content\/uploads\/2021\/12\/kokardy-we-wlosach-768x432.jpg 768w\" sizes=\"(max-width: 800px) 100vw, 800px\" \/><figcaption id=\"caption-attachment-19361\" class=\"wp-caption-text\">\u0179r\u00f3d\u0142o: allthingshair.com, etsy.com, summerwind41490.blogspot.com<\/figcaption><\/figure>\n<figure id=\"attachment_19362\" aria-describedby=\"caption-attachment-19362\" style=\"width: 800px\" class=\"wp-caption aligncenter\"><img decoding=\"async\" class=\"wp-image-19362 size-full\" src=\"https:\/\/www.hairstore.pl\/blog\/wp-content\/uploads\/2021\/12\/wlosy-z-kokarda.jpg\" alt=\"kokardy we w\u0142osach, wst\u0105\u017cki we w\u0142osach\" width=\"800\" height=\"450\" srcset=\"https:\/\/www.hairstore.pl\/blog\/wp-content\/uploads\/2021\/12\/wlosy-z-kokarda.jpg 800w, https:\/\/www.hairstore.pl\/blog\/wp-content\/uploads\/2021\/12\/wlosy-z-kokarda-300x169.jpg 300w, https:\/\/www.hairstore.pl\/blog\/wp-content\/uploads\/2021\/12\/wlosy-z-kokarda-768x432.jpg 768w\" sizes=\"(max-width: 800px) 100vw, 800px\" \/><figcaption id=\"caption-attachment-19362\" class=\"wp-caption-text\">\u0179r\u00f3d\u0142o: swankywedding.com, sohostyle.com, poorlittleitgirl.com<\/figcaption><\/figure>\n<p>Szukasz jeszcze czego\u015b innego? <a href=\"https:\/\/www.hairstore.pl\/blog\/fryzury-na-swieta-bozego-narodzenia-2018\/\">Sprawd\u017a ciekawe pomys\u0142y na fryzury na Bo\u017ce Narodzenie.<\/a><\/p>\n<h2>Trzecia fryzura: Per\u0142owe dodatki<\/h2>\n<p>Od kilku lat modne s\u0105 <strong>per\u0142owe dodatki do w\u0142os\u00f3w<\/strong>. O ile trudno raczej je dopasowa\u0107 do casualowego stroju, o tyle do eleganckiego kostiumu pasuj\u0105 ju\u017c idealnie. Per\u0142owe dodatki do w\u0142os\u00f3w to chocia\u017cby opaski (niezwykle modne!) czy spinki.<\/p>\n<p>Najszybciej oczywi\u015bcie podkr\u0119cisz styl rozpuszczaj\u0105c w\u0142osy i dodaj\u0105c opask\u0119 z per\u0142ami. \u0141atwym sposobem jest wpi\u0119cie spinki we w\u0142osy. To w zasadzie wyj\u015bcie dla ka\u017cdego, niezale\u017cnie od d\u0142ugo\u015bci w\u0142os\u00f3w. Je\u015bli chcesz mie\u0107 nieco pofalowane w\u0142osy, do spania zaple\u0107 warkocz, a rano spryskaj pasma sprayem z sol\u0105 morsk\u0105.<\/p>\n<div id=\"hsbp-83f99b20b57dee8d48e609648e71d579\" class=\"hsbp\"><\/div>\n<figure id=\"attachment_13087\" aria-describedby=\"caption-attachment-13087\" style=\"width: 800px\" class=\"wp-caption aligncenter\"><img decoding=\"async\" class=\"size-full wp-image-13087\" src=\"https:\/\/www.hairstore.pl\/blog\/wp-content\/uploads\/2019\/11\/pearl-headband.jpg\" alt=\"pearl headband, per\u0142owa opaska\" width=\"800\" height=\"450\" srcset=\"https:\/\/www.hairstore.pl\/blog\/wp-content\/uploads\/2019\/11\/pearl-headband.jpg 800w, https:\/\/www.hairstore.pl\/blog\/wp-content\/uploads\/2019\/11\/pearl-headband-300x169.jpg 300w, https:\/\/www.hairstore.pl\/blog\/wp-content\/uploads\/2019\/11\/pearl-headband-768x432.jpg 768w, https:\/\/www.hairstore.pl\/blog\/wp-content\/uploads\/2019\/11\/pearl-headband-1024x576.jpg 1024w\" sizes=\"(max-width: 800px) 100vw, 800px\" \/><figcaption id=\"caption-attachment-13087\" class=\"wp-caption-text\">\u0179r\u00f3d\u0142o: kerenwolf.com, etsy.com<\/figcaption><\/figure>\n<figure id=\"attachment_13086\" aria-describedby=\"caption-attachment-13086\" style=\"width: 800px\" class=\"wp-caption aligncenter\"><img decoding=\"async\" class=\"wp-image-13086 size-full\" src=\"https:\/\/www.hairstore.pl\/blog\/wp-content\/uploads\/2019\/11\/perly-na-wlosach.jpg\" alt=\"spinki z per\u0142ami, per\u0142owe spinki, per\u0142y we w\u0142osach\" width=\"800\" height=\"450\" srcset=\"https:\/\/www.hairstore.pl\/blog\/wp-content\/uploads\/2019\/11\/perly-na-wlosach.jpg 800w, https:\/\/www.hairstore.pl\/blog\/wp-content\/uploads\/2019\/11\/perly-na-wlosach-300x169.jpg 300w, https:\/\/www.hairstore.pl\/blog\/wp-content\/uploads\/2019\/11\/perly-na-wlosach-768x432.jpg 768w, https:\/\/www.hairstore.pl\/blog\/wp-content\/uploads\/2019\/11\/perly-na-wlosach-1024x576.jpg 1024w\" sizes=\"(max-width: 800px) 100vw, 800px\" \/><figcaption id=\"caption-attachment-13086\" class=\"wp-caption-text\">\u0179r\u00f3d\u0142o: \u0179r\u00f3d\u0142o: byrdie.co.uk, crazyforus.com, myslady.com<\/figcaption><\/figure>\n<p>Masz wi\u0119cej czasu? Szukasz czego\u015b z efektem wow? Sprawd\u017a nasze propozycje poni\u017cej.<\/p>\n<figure id=\"attachment_13088\" aria-describedby=\"caption-attachment-13088\" style=\"width: 800px\" class=\"wp-caption aligncenter\"><img decoding=\"async\" class=\"size-full wp-image-13088\" src=\"https:\/\/www.hairstore.pl\/blog\/wp-content\/uploads\/2019\/11\/perly-we-wlosach.jpg\" alt=\"fryzury z per\u0142ami, fryzury na sylwestra 2019\/2020\" width=\"800\" height=\"450\" srcset=\"https:\/\/www.hairstore.pl\/blog\/wp-content\/uploads\/2019\/11\/perly-we-wlosach.jpg 800w, https:\/\/www.hairstore.pl\/blog\/wp-content\/uploads\/2019\/11\/perly-we-wlosach-300x169.jpg 300w, https:\/\/www.hairstore.pl\/blog\/wp-content\/uploads\/2019\/11\/perly-we-wlosach-768x432.jpg 768w, https:\/\/www.hairstore.pl\/blog\/wp-content\/uploads\/2019\/11\/perly-we-wlosach-1024x576.jpg 1024w\" sizes=\"(max-width: 800px) 100vw, 800px\" \/><figcaption id=\"caption-attachment-13088\" class=\"wp-caption-text\">\u0179r\u00f3d\u0142o: refinery29.com, diaror.com, fashionactivation.com<\/figcaption><\/figure>\n<h2>Fryzura czwarta: Fale na w\u0142osach<\/h2>\n<p>Falowane w\u0142osy zawsze wygl\u0105daj\u0105 szykownie. Jest kilka sposob\u00f3w na osi\u0105gni\u0119cie takiego efektu. \u00a0Pierwszym, co przychodzi na my\u015bl, jest oczywi\u015bcie u\u017cycie <a href=\"https:\/\/www.hairstore.pl\/lokowki-c21.html\">lok\u00f3wki<\/a> albo prostownicy. Okazuje si\u0119 jednak, \u017ce nie zawsze konieczne jest u\u017cycie sprz\u0119tu. Romantyczne fale na w\u0142osach mo\u017cna wyczarowa\u0107 w kilka minut, stosuj\u0105c nasze triki.<\/p>\n<div id=\"hsbp-2184f09cc3f0f4cf8ba278724b15223e\" class=\"hsbp\"><\/div>\n<p>Sprawd\u017a: <a href=\"https:\/\/www.hairstore.pl\/blog\/jak-zrobic-loki-na-wlosach\/\">Wszystkie sposoby na kr\u0119cenie w\u0142os\u00f3w.<\/a><\/p>\n<p><strong>Nasze patenty:<\/strong><\/p>\n<ul>\n<li><strong>Spos\u00f3b \u201ena warkocz\u201d<\/strong> to jeden z najprostszych i powszechnie znanych. Po prostu zaple\u0107 przed snem warkocz, a rano rozpu\u015b\u0107 w\u0142osy i delikatnie roztrzep palcami. Ca\u0142o\u015b\u0107 utrwal lakierem do w\u0142os\u00f3w.<\/li>\n<li>Kolejny spos\u00f3b na loki bez u\u017cycia temperatury polega na wykorzystaniu i za\u0142o\u017ceniu na g\u0142ow\u0119 cienkiej <strong>materia\u0142owej opaski<\/strong>. Nast\u0119pnie bierzemy pasemko po pasemku i przeplatamy je przez opask\u0119, wzmacniaj\u0105c ka\u017cdy taki przysz\u0142y lok wsuwk\u0105. Rano wyjmujemy wsuwki, zdejmujemy opask\u0119 i \u201ecementujemy\u201d fryzur\u0119 <a href=\"https:\/\/www.hairstore.pl\/utrwalenie-c674.html\">lakierem do w\u0142os\u00f3w<\/a>.<\/li>\n<li>Mo\u017cesz wykorzysta\u0107 r\u00f3wnie\u017c <strong>papiloty<\/strong>.<\/li>\n<li>Fale na ju\u017c? Suche albo lekko wilgotne w\u0142osy spryskaj <strong>sprayem teksturyzuj\u0105cym z sol\u0105 morsk\u0105<\/strong> i zagnie\u0107. Na kilkana\u015bcie minut zwi\u0105\u017c w\u0142osy w niedba\u0142y koczek. Rozpu\u015b\u0107 w\u0142osy i ca\u0142o\u015b\u0107 utrwal lakierem.<\/li>\n<\/ul>\n<div id=\"hsbp-8dbe16cd7999a40e255560364c3edd73\" class=\"hsbp\"><\/div>\n<div id=\"hsbp-2d7f95cf3c433dffa0a0a821ee650996\" class=\"hsbp\"><\/div>\n<p><img decoding=\"async\" class=\"aligncenter size-full wp-image-19363\" src=\"https:\/\/www.hairstore.pl\/blog\/wp-content\/uploads\/2021\/12\/falowane-wlosy.jpg\" alt=\"fale na w\u0142osach, falowane w\u0142osy\" width=\"800\" height=\"450\" srcset=\"https:\/\/www.hairstore.pl\/blog\/wp-content\/uploads\/2021\/12\/falowane-wlosy.jpg 800w, https:\/\/www.hairstore.pl\/blog\/wp-content\/uploads\/2021\/12\/falowane-wlosy-300x169.jpg 300w, https:\/\/www.hairstore.pl\/blog\/wp-content\/uploads\/2021\/12\/falowane-wlosy-768x432.jpg 768w\" sizes=\"(max-width: 800px) 100vw, 800px\" \/><\/p>\n<p>Je\u017celi wolisz dzia\u0142a\u0107 tradycyjnie i u\u017cy\u0107 lok\u00f3wki, polecamy t\u0119 sto\u017ckow\u0105. Dzi\u0119ki temu, \u017ce grza\u0142ka zw\u0119\u017ca si\u0119, wyczarujesz za pomoc\u0105 urz\u0105dzenia romantyczne fale, a nie spr\u0119\u017cynki.<\/p>\n<p>Sprawd\u017a: <a href=\"https:\/\/www.hairstore.pl\/blog\/loki-lokowka-stozkowa-instrukcja\/\">Jak u\u017cywa\u0107 lok\u00f3wki sto\u017ckowej?<\/a><\/p>\n<p>Zale\u017cy Ci na dodaniu twista do ca\u0142ej stylizacji? Pomaluj usta mocn\u0105, czerwon\u0105 szmink\u0105.<\/p>\n<figure id=\"attachment_17710\" aria-describedby=\"caption-attachment-17710\" style=\"width: 800px\" class=\"wp-caption aligncenter\"><img decoding=\"async\" class=\"wp-image-17710 size-full\" src=\"https:\/\/www.hairstore.pl\/blog\/wp-content\/uploads\/2021\/06\/fale-fryzury-na-lato.jpg\" alt=\"mermaid waves, syrenie fale\" width=\"800\" height=\"450\" srcset=\"https:\/\/www.hairstore.pl\/blog\/wp-content\/uploads\/2021\/06\/fale-fryzury-na-lato.jpg 800w, https:\/\/www.hairstore.pl\/blog\/wp-content\/uploads\/2021\/06\/fale-fryzury-na-lato-300x169.jpg 300w, https:\/\/www.hairstore.pl\/blog\/wp-content\/uploads\/2021\/06\/fale-fryzury-na-lato-1024x576.jpg 1024w, https:\/\/www.hairstore.pl\/blog\/wp-content\/uploads\/2021\/06\/fale-fryzury-na-lato-768x432.jpg 768w\" sizes=\"(max-width: 800px) 100vw, 800px\" \/><figcaption id=\"caption-attachment-17710\" class=\"wp-caption-text\">\u0179r\u00f3d\u0142o: liketk.it, etsy.com, thefashionspot.com<\/figcaption><\/figure>\n<h3>A mo\u017ce dodamy w\u0142osom nieco obj\u0119to\u015bci?<\/h3>\n<p>Za pomoc\u0105 <a href=\"https:\/\/www.hairstore.pl\/lokowki_stozkowa\">lok\u00f3wki sto\u017ckowej<\/a> mo\u017cesz te\u017c sprawi\u0107, \u017ce w\u0142os\u00f3w b\u0119dzie si\u0119 wydawa\u0142o wi\u0119cej. Takie delikatne fale odbite od nasady stworzysz szybciej ni\u017c w 10 minut. Post\u0119puj tylko zgodnie z naszymi instrukcjami.<\/p>\n<p><strong>To tylko 5 krok\u00f3w:<\/strong><\/p>\n<ul>\n<li>Zacznij od zrobienia kitki na czubku g\u0142owy.<\/li>\n<li>Nast\u0119pnie wydziel do\u015b\u0107 grube pasmo i nawi\u0144 je na lok\u00f3wk\u0119 sto\u017ckow\u0105. Przytrzymaj kilka sekund. Zakr\u0119\u0107 tak ca\u0142\u0105 kitk\u0119.<\/li>\n<li>Gdy sko\u0144czysz kr\u0119cenie, \u015bci\u0105gnij gumk\u0119 i rozpu\u015b\u0107 w\u0142osy. Roztrzep je delikatnie palcami i u\u0142\u00f3\u017c wedle uznania.<\/li>\n<li>Je\u017celi istnieje taka potrzeba, wykonaj subtelne poprawki.<\/li>\n<li>Mo\u017cesz te\u017c utrwali\u0107 efekt odpowiednimi kosmetykami.<\/li>\n<\/ul>\n<p>Co zyskasz? W\u0142osy b\u0119d\u0105 pofalowane mniej wi\u0119cej od po\u0142owy i b\u0119dzie si\u0119 wydawa\u0142o, \u017ce jest ich po prostu wi\u0119cej.<\/p>\n<div id=\"hsbp-52b6d6afa688272e53cac4e973c9e24a\" class=\"hsbp\"><\/div>\n<h2>Fryzura pi\u0105ta: Lu\u017ane upi\u0119cia<\/h2>\n<p>Upi\u0119cia uchodz\u0105 na fryzury eleganckie, od\u015bwi\u0119tne i&#8230; trudne do wykonania. Wbrew pozorom jednak mo\u017cna wykona\u0107 pi\u0119kne upi\u0119cia nawet w 10 minut.<\/p>\n<p><strong>Przepis na upi\u0119cie pe\u0142ne obj\u0119to\u015bci:<\/strong><\/p>\n<ol>\n<li>Natapiruj w\u0142osy.<\/li>\n<li>Zaczesz w\u0142osy do ty\u0142u, tworz\u0105c charakterystyczny &#8222;irokez&#8221;.<\/li>\n<li>\u00a0Utrwal lakierem.<\/li>\n<li>\u00a0Zwi\u0105\u017c z ty\u0142u w\u0142osy gumk\u0105 i zakr\u0119\u0107 tzw. messy bun, z przodu podepnij wsuwkami.<\/li>\n<li>Utrwal lakierem.<\/li>\n<li>Z przodu wyjmij kosmyki ko\u0142o ucha, \u017ceby ca\u0142o\u015bci doda\u0107 nonszalancji.<\/li>\n<\/ol>\n<p><img decoding=\"async\" class=\"aligncenter size-full wp-image-19364\" src=\"https:\/\/www.hairstore.pl\/blog\/wp-content\/uploads\/2021\/12\/kok-fryzura.jpg\" alt=\"kok, upi\u0119te w\u0142osy\" width=\"800\" height=\"450\" srcset=\"https:\/\/www.hairstore.pl\/blog\/wp-content\/uploads\/2021\/12\/kok-fryzura.jpg 800w, https:\/\/www.hairstore.pl\/blog\/wp-content\/uploads\/2021\/12\/kok-fryzura-300x169.jpg 300w, https:\/\/www.hairstore.pl\/blog\/wp-content\/uploads\/2021\/12\/kok-fryzura-768x432.jpg 768w\" sizes=\"(max-width: 800px) 100vw, 800px\" \/><\/p>\n<p><img decoding=\"async\" class=\"aligncenter size-full wp-image-19365\" src=\"https:\/\/www.hairstore.pl\/blog\/wp-content\/uploads\/2021\/12\/top-knot.jpg\" alt=\"kok, upi\u0119te w\u0142osy\" width=\"800\" height=\"450\" srcset=\"https:\/\/www.hairstore.pl\/blog\/wp-content\/uploads\/2021\/12\/top-knot.jpg 800w, https:\/\/www.hairstore.pl\/blog\/wp-content\/uploads\/2021\/12\/top-knot-300x169.jpg 300w, https:\/\/www.hairstore.pl\/blog\/wp-content\/uploads\/2021\/12\/top-knot-768x432.jpg 768w\" sizes=\"(max-width: 800px) 100vw, 800px\" \/><\/p>\n<div id=\"hsbp-f5a83c3e638c104244f25d0a6fb78bfd\" class=\"hsbp\"><\/div>\n<p>Sprawd\u017a: <a href=\"https:\/\/www.hairstore.pl\/blog\/tapirowane-wlosy-z-tangle-tezer\/\">Jak poprawnie tapirowa\u0107 w\u0142osy?<\/a><\/p>\n<p><img decoding=\"async\" class=\"aligncenter size-full wp-image-11186\" src=\"https:\/\/www.hairstore.pl\/blog\/wp-content\/uploads\/2019\/05\/jak-tapirowac-wlosy.jpg\" alt=\"jak tapirowa\u0107 w\u0142osy, tapirowanie w\u0142os\u00f3w jak, tapirowanie w\u0142os\u00f3w krok po kroku\" width=\"800\" height=\"1353\" srcset=\"https:\/\/www.hairstore.pl\/blog\/wp-content\/uploads\/2019\/05\/jak-tapirowac-wlosy.jpg 800w, https:\/\/www.hairstore.pl\/blog\/wp-content\/uploads\/2019\/05\/jak-tapirowac-wlosy-177x300.jpg 177w, https:\/\/www.hairstore.pl\/blog\/wp-content\/uploads\/2019\/05\/jak-tapirowac-wlosy-768x1299.jpg 768w, https:\/\/www.hairstore.pl\/blog\/wp-content\/uploads\/2019\/05\/jak-tapirowac-wlosy-606x1024.jpg 606w\" sizes=\"(max-width: 800px) 100vw, 800px\" \/><\/p>\n<p><strong>Jak zrobi\u0107 upi\u0119cie typu kok?<\/strong><\/p>\n<ol>\n<li>Zwi\u0105\u017c kucyk do\u015b\u0107 wysoko.<\/li>\n<li>\u00a0Podepnij wsuwkami zwini\u0119te kosmyki, pozw\u00f3l sobie na niechlujno\u015b\u0107.<\/li>\n<li>Zwini\u0119te kosmyki otocz pasmem w\u0142os\u00f3w, jakby gumk\u0105.<\/li>\n<li>\u00a0Przypnij \u0142adn\u0105 spink\u0119. Ca\u0142o\u015b\u0107 utrwal lakierem.<\/li>\n<\/ol>\n<p>Koki to fryzury minimalistyczne. \u015awietnie komponuj\u0105 si\u0119 z mocniejszym makija\u017cem, np. grubsz\u0105 kresk\u0105 czy smoky eyes.<\/p>\n<p><img decoding=\"async\" class=\"aligncenter size-full wp-image-19366\" src=\"https:\/\/www.hairstore.pl\/blog\/wp-content\/uploads\/2021\/12\/messy-bun.jpg\" alt=\"top knot, messy bun\" width=\"800\" height=\"450\" srcset=\"https:\/\/www.hairstore.pl\/blog\/wp-content\/uploads\/2021\/12\/messy-bun.jpg 800w, https:\/\/www.hairstore.pl\/blog\/wp-content\/uploads\/2021\/12\/messy-bun-300x169.jpg 300w, https:\/\/www.hairstore.pl\/blog\/wp-content\/uploads\/2021\/12\/messy-bun-768x432.jpg 768w\" sizes=\"(max-width: 800px) 100vw, 800px\" \/><\/p>\n<p><strong>Jak zrobi\u0107 efektowne upi\u0119cie z g\u0119stych w\u0142os\u00f3w:<\/strong><\/p>\n<ol>\n<li>\u00a0Z wierzchniej warstwy w\u0142os\u00f3w wydziel od 3 do 5 grubszych pasm. Reszta w\u0142os\u00f3w zostaje luzem.<\/li>\n<li>\u00a0Zwi\u0105\u017c wydzielone pasma w lu\u017ane kucyki, u\u017cyj przezroczystych gumek.<\/li>\n<li>\u00a0Ka\u017cdy kucyk przeple\u0107 przez sam jego \u015brodek.<\/li>\n<li>\u00a0Delikatnie palcami polu\u017anij zakr\u0119cone pasma.<\/li>\n<li>\u00a0Kucyki wepnij wsuwkami tu\u017c nad karkiem. Dodaj ozdobn\u0105 spink\u0119 na \u015brodku.<\/li>\n<\/ol>\n<p>Te upi\u0119cia s\u0105 naprawd\u0119 proste do wykonania i nie wymagaj\u0105 wcze\u015bniejszego przygotowania w\u0142os\u00f3w. Pami\u0119taj o spryskaniu w\u0142os\u00f3w lakierem, \u017ceby efekt d\u0142u\u017cej si\u0119 utrzyma\u0142.<\/p>\n<div id=\"hsbp-3d4266e8a4d9fa0acfe547a460e3de42\" class=\"hsbp\"><\/div>\n","protected":false},"excerpt":{"rendered":"<p>Chcesz wygl\u0105da\u0107 ol\u015bniewaj\u0105co na \u015bwi\u0119ta? Skorzystaj z naszych propozycji prostych fryzur, kt\u00f3re wygl\u0105daj\u0105 elegancko i niezwykle efektownie.<\/p>\n","protected":false},"author":8,"featured_media":19368,"comment_status":"open","ping_status":"open","sticky":false,"template":"","format":"standard","meta":{"footnotes":""},"categories":[11],"tags":[11377],"yst_prominent_words":[4649,8488,10198,9716,2386,704,717,737,7687],"class_list":["post-19358","post","type-post","status-publish","format-standard","has-post-thumbnail","hentry","category-porady","tag-swieta"],"_links":{"self":[{"href":"https:\/\/www.hairstore.pl\/blog\/wp-json\/wp\/v2\/posts\/19358","targetHints":{"allow":["GET"]}}],"collection":[{"href":"https:\/\/www.hairstore.pl\/blog\/wp-json\/wp\/v2\/posts"}],"about":[{"href":"https:\/\/www.hairstore.pl\/blog\/wp-json\/wp\/v2\/types\/post"}],"author":[{"embeddable":true,"href":"https:\/\/www.hairstore.pl\/blog\/wp-json\/wp\/v2\/users\/8"}],"replies":[{"embeddable":true,"href":"https:\/\/www.hairstore.pl\/blog\/wp-json\/wp\/v2\/comments?post=19358"}],"version-history":[{"count":4,"href":"https:\/\/www.hairstore.pl\/blog\/wp-json\/wp\/v2\/posts\/19358\/revisions"}],"predecessor-version":[{"id":19372,"href":"https:\/\/www.hairstore.pl\/blog\/wp-json\/wp\/v2\/posts\/19358\/revisions\/19372"}],"wp:featuredmedia":[{"embeddable":true,"href":"https:\/\/www.hairstore.pl\/blog\/wp-json\/wp\/v2\/media\/19368"}],"wp:attachment":[{"href":"https:\/\/www.hairstore.pl\/blog\/wp-json\/wp\/v2\/media?parent=19358"}],"wp:term":[{"taxonomy":"category","embeddable":true,"href":"https:\/\/www.hairstore.pl\/blog\/wp-json\/wp\/v2\/categories?post=19358"},{"taxonomy":"post_tag","embeddable":true,"href":"https:\/\/www.hairstore.pl\/blog\/wp-json\/wp\/v2\/tags?post=19358"},{"taxonomy":"yst_prominent_words","embeddable":true,"href":"https:\/\/www.hairstore.pl\/blog\/wp-json\/wp\/v2\/yst_prominent_words?post=19358"}],"curies":[{"name":"wp","href":"https:\/\/api.w.org\/{rel}","templated":true}]}}