{"id":18542,"date":"2021-10-20T10:37:54","date_gmt":"2021-10-20T08:37:54","guid":{"rendered":"https:\/\/www.hairstore.pl\/blog\/?p=18542"},"modified":"2026-03-25T10:08:23","modified_gmt":"2026-03-25T09:08:23","slug":"prostowanie-wlosow-pytania-i-odpowiedzi","status":"publish","type":"post","link":"https:\/\/www.hairstore.pl\/blog\/prostowanie-wlosow-pytania-i-odpowiedzi\/","title":{"rendered":"Okiem eksperta: prostowanie w\u0142os\u00f3w. Odpowiada Iwanna Paprota"},"content":{"rendered":"<p>Prostowanie w\u0142os\u00f3w to czynno\u015b\u0107, kt\u00f3r\u0105 wykonuje wiele kobiet. I mimo \u017ce robimy to bardzo cz\u0119sto, pope\u0142niamy w tej materii r\u00f3\u017cne b\u0142\u0119dy. W\u0142a\u015bnie dlatego tym razem do naszego cyklu eksperckiego zaprosili\u015bmy Iwann\u0119 Paprot\u0119, kt\u00f3ra opowie o poprawnym prostowaniu w\u0142os\u00f3w prostownic\u0105.<\/p>\n<p><!--more--><\/p>\n<p>Prostowanie w\u0142os\u00f3w nie jest trudne, jednak nale\u017cy pami\u0119ta\u0107 o kilku kwestiach, aby z jednej strony nie os\u0142abi\u0107 w\u0142os\u00f3w, a z drugiej osi\u0105gn\u0105c zamierzone efekty. O poprawnym prostowaniu w\u0142os\u00f3w opowiada edukator marki BaBylissPRO, Iwanna Paprota.<\/p>\n<div class=\"article-menu-box\"><div class=\"article-menu-header\">Z wywiadu dowiesz si\u0119 mi\u0119dzy innymi:<\/div>\n        <ul class=\"article-menu\"><li>Jak dobra\u0107 prostownic\u0119 do swojego rodzaju w\u0142os\u00f3w <\/li><li>Jak poprawnie prostowa\u0107 w\u0142osy <\/li><li>Czy mo\u017cna u\u017cywa\u0107 prostownicy na w\u0142osach mokrych <\/li><li>Jak doda\u0107 w\u0142osom obj\u0119to\u015bci za pomoc\u0105 prostownicy <\/li><\/ul><\/div>\n<blockquote>\n<h2>Jak dobra\u0107 prostownic\u0119 do swojego typu w\u0142os\u00f3w? Na co zwr\u00f3ci\u0107 uwag\u0119, czym si\u0119 kierowa\u0107?<\/h2>\n<\/blockquote>\n<p>To pytanie zawiera w sobie wiele zagadnie\u0144, postaram si\u0119 wi\u0119c wskaza\u0107 najwa\u017cniejsze kwestie \u2013 a dok\u0142adniej z pewno\u015bci\u0105 om\u00f3wimy je w dalszej cz\u0119\u015bci rozmowy.<\/p>\n<p>Przede wszystkim nale\u017cy zwr\u00f3ci\u0107 uwag\u0119 na <strong>rodzaj w\u0142os\u00f3w<\/strong> i co za tym idzie temperatur\u0119, z jak\u0105 powinny by\u0107 prostowane. To dlatego dobrym wyborem jest prostownica, kt\u00f3ra tak\u0105 regulacj\u0119 umo\u017cliwia. Tak wi\u0119c temperatur\u0119 dostosowujemy do rodzaju w\u0142os\u00f3w.<\/p>\n<p>Kolejn\u0105 kwesti\u0105 jest efekt, <strong>jaki chcemy uzyska\u0107<\/strong>. Warto odpowiedzie\u0107 sobie na pytanie, czy zamierzamy tylko prostowa\u0107 w\u0142osy, czy mo\u017ce b\u0119dziemy chcia\u0142y r\u00f3wnie\u017c tworzy\u0107 fale. Je\u017celi prostownica ma nam s\u0142u\u017cy\u0107 r\u00f3wnie\u017c do kr\u0119cenia w\u0142os\u00f3w, nale\u017cy wybra\u0107 model z zaokr\u0105glon\u0105 obudow\u0105 (op\u0142ywowym kszta\u0142tem) i w\u0105skimi p\u0142ytkami.<\/p>\n<p>Do kr\u0119cenia lok\u00f3w nie sprawdzi si\u0119 te\u017c prostownica o bardzo szerokich p\u0142ytkach, np. 38 mm. Taka prostownica \u015bwietnie wyprostuje d\u0142ugie w\u0142osy i pozwoli na szybkie prostowanie (bo mo\u017cemy jednorazowo prostowa\u0107 szerokie pasma), jednak nie sprawdzi si\u0119 przy kr\u0119ceniu.<\/p>\n<blockquote>\n<h2>Regulacja temperatury &#8211; czy ma znaczenie? Jak ustawia\u0107 w\u0142a\u015bciwie temperatur\u0119 prostownicy?<\/h2>\n<\/blockquote>\n<p>Oczywi\u015bcie, jest to bardzo istotne. Wa\u017cne, \u017ceby temperatur\u0119 urz\u0105dzenia dostosowa\u0107 do typu w\u0142os\u00f3w.<\/p>\n<p>Mam kilka wskaz\u00f3wek:<\/p>\n<ul>\n<li>Dla w\u0142os\u00f3w delikatnych i rozja\u015bnianych (tzw. uwra\u017cliwionych) stosujemy temperatur\u0119 ni\u017csz\u0105, do 160 stopni Celsjusza.<\/li>\n<li>W\u0142osy normalne lub farbowane mo\u017cna prostowa\u0107 z zakresem temperatury od 160 do 180 stopni Celsjusza.<\/li>\n<li>W\u0142osy oporne, grube i trudne do prostowania mo\u017cna stylizowa\u0107 temperatur\u0105 powy\u017cej 180 stopni Celsjusza.<\/li>\n<\/ul>\n<p>Dobrze jest jednak zacz\u0105\u0107 prostowanie od ni\u017cszej temperatury i sprawdzi\u0107 na pa\u015bmie w\u0142osa, jak nasze kosmyki si\u0119 zachowuj\u0105. Mo\u017ce si\u0119 bowiem zdarzy\u0107, \u017ce nie ma konieczno\u015bci stosowania wy\u017cszych temperatur nawet przy w\u0142osach grubych. Nie rekomenduj\u0119 ustawiania urz\u0105dzenia od razu na najwy\u017csz\u0105 temperatur\u0119 &#8211; zr\u00f3bmy najpierw test, poznajmy swoje w\u0142osy.<\/p>\n<p><img decoding=\"async\" class=\"aligncenter size-full wp-image-18547\" src=\"https:\/\/www.hairstore.pl\/blog\/wp-content\/uploads\/2021\/10\/jak-dobrac-temperature-prostownicy.jpg\" alt=\"jak ustawi\u0107 temperatur\u0119 prostownicy\" width=\"1200\" height=\"675\" srcset=\"https:\/\/www.hairstore.pl\/blog\/wp-content\/uploads\/2021\/10\/jak-dobrac-temperature-prostownicy.jpg 790w, https:\/\/www.hairstore.pl\/blog\/wp-content\/uploads\/2021\/10\/jak-dobrac-temperature-prostownicy-300x169.jpg 300w, https:\/\/www.hairstore.pl\/blog\/wp-content\/uploads\/2021\/10\/jak-dobrac-temperature-prostownicy-1024x576.jpg 1024w, https:\/\/www.hairstore.pl\/blog\/wp-content\/uploads\/2021\/10\/jak-dobrac-temperature-prostownicy-768x432.jpg 768w\" sizes=\"(max-width: 1200px) 100vw, 1200px\" \/><\/p>\n<blockquote>\n<h2>Czy termoochrona ma znaczenie?<\/h2>\n<\/blockquote>\n<p>Tak, to niezwykle wa\u017cna kwestia. W zasadzie <strong>nie powinno si\u0119 stosowa\u0107 prostownicy do w\u0142os\u00f3w bez uprzedniej aplikacji na w\u0142osy produktu termoochronnego<\/strong>. Taki kosmetyk ma za zadanie chroni\u0107 \u0142usk\u0119 w\u0142osa i keratyn\u0119, kt\u00f3ra jest zawarta we w\u0142osie.<\/p>\n<p>Prostowanie, czyli oddzia\u0142ywanie na w\u0142os wysok\u0105 temperatur\u0105, mo\u017ce doprowadzi\u0107 do ucieczki wilgoci z w\u0142osa, co nie jest po\u017c\u0105dane. W\u0142a\u015bnie dlatego nie powinno si\u0119 zapomina\u0107 o termoochronie. W\u0142osy zniszczone wysok\u0105 temperatur\u0105 staj\u0105 si\u0119 przesuszone, \u0142amliwe, nie uk\u0142adaj\u0105 si\u0119.<\/p>\n<p>Przy prostowaniu w\u0142os\u00f3w \u015bwietnie sprawdzaj\u0105 si\u0119 wszelkie kosmetyki do termoochrony w formie spray\u00f3w. Warto wybiera\u0107 kosmetyki, kt\u00f3re mo\u017cna zaaplikowa\u0107 na w\u0142osy bezpo\u015brednio przed samym prostowaniem na suche w\u0142osy.<\/p>\n<p>Z kolei przed suszeniem w\u0142os\u00f3w \u015bwietnie sprawdz\u0105 si\u0119 kremy czy fluidy \u2013 kosmetyki stosowane na wilgotne w\u0142osy.<\/p>\n<p>Warto pami\u0119ta\u0107 te\u017c o elementarnej sprawie jeszcze pod prysznicem. Zasadniczo przed prostowaniem powinno si\u0119 w\u0142osy umy\u0107 i zastosowa\u0107 dobr\u0105 od\u017cywk\u0119 nawil\u017caj\u0105c\u0105.<\/p>\n<blockquote>\n<h2>Porozmawiajmy o rodzajach p\u0142ytek w prostownicach. Na co zwr\u00f3ci\u0107 uwag\u0119?<\/h2>\n<\/blockquote>\n<p>Wa\u017cne, \u017ceby prostownica posiada\u0142a p\u0142ytki ceramiczne albo zawieraj\u0105ce <strong>elementy ceramiczne<\/strong> (turmalin, naturalne minera\u0142y). Dzi\u0119ki temu ciep\u0142o jest rozprowadzane r\u00f3wnomiernie na ca\u0142ej powierzchni p\u0142ytki, a to gwarantuje \u015bwietne efekty stylizacji. W\u0142osy nie b\u0119d\u0105 odkszta\u0142cone, tylko idealnie wyg\u0142adzone i wyprostowane. Ponadto w\u0142osy nie b\u0119d\u0105 przegrzewane, a to wa\u017cne dla ich zdrowia i bezpiecze\u0144stwa.<\/p>\n<p>P\u0142ytki z elementami ceramicznymi ponadto utrzymuj\u0105 temperatur\u0119 podczas prostowania, co jest istotne. Znowu warto wskaza\u0107 na dobre efekty stylizacji i bezpiecze\u0144stwo w\u0142os\u00f3w.<\/p>\n<p>Dobrym rozwi\u0105zaniem jest <strong>galwanizacja<\/strong> &#8211; t\u0119 technik\u0119 stosujemy w <a href=\"https:\/\/www.hairstore.pl\/babyliss-pro-m3.html\">prostownicach BaBylissPRO<\/a>. Galwanizacja zwi\u0119ksza wytrzyma\u0142o\u015b\u0107 p\u0142ytek na uszkodzenia mechaniczne i odporno\u015b\u0107 na \u015brodki chemiczne.<\/p>\n<p>Dodatkow\u0105 kwesti\u0105 jest <strong>jonizacja<\/strong>. Naturalne minera\u0142y (jak ceramika czy turmalin) posiadaj\u0105 w\u0142a\u015bciwo\u015bci jonizuj\u0105ce, ale prawdziwy efekt dzia\u0142ania jonizacji uzyskamy je\u015bli b\u0119dziemy u\u017cywa\u0107 prostownicy z wbudowanym generatorem jon\u00f3w ujemnych. Takie prostownice s\u0105 zdecydowanie bardziej przyjazne dla w\u0142os\u00f3w.<\/p>\n<blockquote>\n<h2>Czy mo\u017cna u\u017cywa\u0107 prostownicy na mokrych w\u0142osach?<\/h2>\n<\/blockquote>\n<p>Bezwzgl\u0119dnie nie wolno u\u017cywa\u0107 prostownicy na w\u0142osach mokrych &#8211; wyj\u0105tkiem jest urz\u0105dzenie do stosowania na wilgotnych pasmach, ale o nim za chwil\u0119.<\/p>\n<p>W\u0142os mokry to w\u0142os rozpulchniony, nieszczelny i bardziej podatny na uszkodzenia. Ponadto, stosuj\u0105c prostownic\u0119 na mokre w\u0142osy sprawiamy, \u017ce woda znajduj\u0105ca si\u0119 na \u0142usce w\u0142osa &#8211; m\u00f3wi\u0105c najpro\u015bciej &#8211; zaczyna si\u0119 gotowa\u0107. Trzeba zda\u0107 sobie spraw\u0119, \u017ce p\u0142ytki prostownicy maj\u0105 temperatur\u0119 powy\u017cej 100 stopni Celsjusza.<\/p>\n<p><strong>Efekt jest taki, jakby\u015bmy polewali w\u0142osy wrz\u0105tkiem, co oczywi\u015bcie prowadzi do zniszczenia budulca w\u0142osa, czyli tak istotnej keratyny.<\/strong><\/p>\n<p>S\u0105 na rynku <strong>prostownice do w\u0142os\u00f3w wilgotnych<\/strong>, jednak\u017ce nale\u017cy podkre\u015bli\u0107, \u017ce nie s\u0142u\u017c\u0105 one do stylizacji w\u0142os\u00f3w mokrych, ociekaj\u0105cych wod\u0105. Przede prostowaniem nale\u017cy w\u0142osy odcisn\u0105\u0107 w r\u0119cznik i wysuszy\u0107 suszark\u0105. <strong>Wilgotny w\u0142os to w\u0142os niedosuszony, a nie mokry.<\/strong><\/p>\n<p>Trzeba podkre\u015bli\u0107 jeszcze raz, \u017ce wilgotne (lekko niedosuszone) w\u0142osy mo\u017cna prostowa\u0107 tylko specjaln\u0105 prostownic\u0105, kt\u00f3ra jest wyposa\u017cona w kanaliki odprowadzaj\u0105ce wod\u0119 z w\u0142os\u00f3w.<\/p>\n<blockquote>\n<h2>Jakie jest za\u0142o\u017cenie prostownic do w\u0142os\u00f3w wilgotnych? Czy chodzi tu tylko o \u201czaoszcz\u0119dzenie\u201d czasu\u201d?<\/h2>\n<\/blockquote>\n<p>Lekko niedosuszony w\u0142os podczas suszenia nie oddaje \u201cswojej wilgoci\u201d tylko w\u0142a\u015bnie wod\u0119, kt\u00f3ra w nim zosta\u0142a. <strong>Stosowanie prostownicy do wilgotnych w\u0142os\u00f3w jest przyjazne dla pasm, bo przeciwdzia\u0142a odparowywaniu naturalnej wilgoci z w\u0142os\u00f3w.<\/strong><\/p>\n<p>Ponadto w przypadku opornych w\u0142os\u00f3w prostowanie ich, gdy s\u0105 lekko wilgotne, jest \u0142atwiejsze. <strong>W\u0142osy s\u0105 wtedy bardziej podatne na prostowanie<\/strong>.<\/p>\n<p>Oczywi\u015bcie r\u00f3wnie\u017c w przypadku prostownicy do wilgotnych w\u0142os\u00f3w nale\u017cy stosowa\u0107 kosmetyki termoochronne.<\/p>\n<blockquote>\n<h2>Jakiej szeroko\u015bci pasma w\u0142os\u00f3w wydzieli\u0107 do prostowania?<\/h2>\n<\/blockquote>\n<p>Najlepiej podzieli\u0107 w\u0142osy na trzy cz\u0119\u015bci &#8211; ty\u0142 i dwie sekcje boczne (zrobi\u0107 przedzia\u0142ek). W\u0142osy spinamy klamerkami albo gumkami i zaczynamy prostowanie.<\/p>\n<p>Szeroko\u015b\u0107 pasma nale\u017cy dostosowa\u0107 do d\u0142ugo\u015bci p\u0142ytki. W\u0142osy musz\u0105 \u201czmie\u015bci\u0107 si\u0119\u201d w p\u0142ytkach. Innymi s\u0142owami, w\u0142os\u00f3w zawsze musi by\u0107 mniej ni\u017c d\u0142ugo\u015b\u0107 p\u0142ytki. Chodzi o to, \u017ceby w\u0142osy nie ucieka\u0142y na boki. Pasmo powinno by\u0107 o 1 centymetr w\u0119\u017csze ni\u017c d\u0142ugo\u015b\u0107 p\u0142ytki.<\/p>\n<p>Je\u017celi chodzi o grubo\u015b\u0107 pasma w\u0142os\u00f3w, warto dostosowa\u0107 je do rodzaju w\u0142os\u00f3w. W przypadku w\u0142os\u00f3w cienkich maksymalna grubo\u015b\u0107 pasma do prostowania to 1 centymetr. Przy w\u0142osach grubszych musimy wzi\u0105\u0107 znacznie cie\u0144sze pasmo, aby mie\u0107 pewno\u015b\u0107, \u017ce zostanie ono odpowiednio przeprostowane.<\/p>\n<blockquote>\n<h2>Od czego zacz\u0105\u0107 prostowanie &#8211; od przodu, ty\u0142u, spodu, wierzchu?<\/h2>\n<\/blockquote>\n<p>Zaczynamy od ty\u0142u, od w\u0142os\u00f3w pod spodem, przy karku. Podobnie post\u0119pujemy z sekcjami bocznymi \u2013 zaczynamy prostowanie w\u0142os\u00f3w od do\u0142u i zmierzamy ku wierzchnim warstwom.<\/p>\n<p>Na sam koniec prostujemy w\u0142osy przy nasadzie i przy twarzy (prz\u00f3d).<\/p>\n<p><img decoding=\"async\" class=\"aligncenter size-full wp-image-18548\" src=\"https:\/\/www.hairstore.pl\/blog\/wp-content\/uploads\/2021\/10\/jak-poprawnie-prostowac-wlosy.jpg\" alt=\"jak poprawnie prostowa\u0107 w\u0142osy, prostowanie w\u0142os\u00f3w krok po kroku\" width=\"1200\" height=\"675\" srcset=\"https:\/\/www.hairstore.pl\/blog\/wp-content\/uploads\/2021\/10\/jak-poprawnie-prostowac-wlosy.jpg 790w, https:\/\/www.hairstore.pl\/blog\/wp-content\/uploads\/2021\/10\/jak-poprawnie-prostowac-wlosy-300x169.jpg 300w, https:\/\/www.hairstore.pl\/blog\/wp-content\/uploads\/2021\/10\/jak-poprawnie-prostowac-wlosy-1024x576.jpg 1024w, https:\/\/www.hairstore.pl\/blog\/wp-content\/uploads\/2021\/10\/jak-poprawnie-prostowac-wlosy-768x432.jpg 768w\" sizes=\"(max-width: 1200px) 100vw, 1200px\" \/><\/p>\n<blockquote>\n<h2>Ile cm od nasady \u0142apa\u0107 w\u0142osy w prostownic\u0119?<\/h2>\n<\/blockquote>\n<p><strong>W\u0142osy powinni\u015bmy prostowa\u0107 mo\u017cliwie najbli\u017cej nasady, ale nie mo\u017cna dotyka\u0107 p\u0142ytkami sk\u00f3ry g\u0142owy.<\/strong> Tutaj warto sprawdzi\u0107, czy obudowa prostownicy si\u0119 nagrzewa &#8211; je\u015bli tak, trzeba bardzo uwa\u017ca\u0107, aby nie dotkn\u0105\u0107 ni\u0105 sk\u00f3ry g\u0142owy.<\/p>\n<p>Warto jednak prostowa\u0107 w\u0142osy blisko nasady. Dzi\u0119ki temu w\u0142osy nie b\u0119d\u0105 oklapni\u0119te, nie b\u0119dzie te\u017c efektu odkszta\u0142cenia w\u0142os\u00f3w. Ponadto przy pomocy prostownicy mo\u017cna doda\u0107 w\u0142osom obj\u0119to\u015bci.<\/p>\n<blockquote>\n<h2>To ciekawe, mo\u017cemy co\u015b wi\u0119cej na ten temat opowiedzie\u0107?<\/h2>\n<\/blockquote>\n<p>Oczywi\u015bcie, bo warto zda\u0107 sobie spraw\u0119, \u017ce prostownica to wbrew pozorom urz\u0105dzenie wielofunkcyjne. Je\u017celi z\u0142apiemy w\u0142osy odpowiednio blisko nasady, mo\u017cemy im doda\u0107 obj\u0119to\u015bci. Stosuje si\u0119 tutaj technik\u0119 obracania prostownicy.<\/p>\n<p><strong>\u0141apiemy pasmo przy nasadzie i obracamy prostownic\u0119 delikatnie, o \u00bc do g\u00f3ry.<\/strong> Dzi\u0119ki temu podnosimy w\u0142osy u nasady, a to z kolei sprawia, \u017ce wydaje si\u0119 ich wi\u0119cej. To \u015bwietny i niezwykle prosty trik dla nadania obj\u0119to\u015bci w\u0142osom bez tapirowania.<\/p>\n<blockquote>\n<h2>Czesa\u0107 lub stylizowa\u0107 w\u0142osy przed prostowaniem?<\/h2>\n<\/blockquote>\n<p>Tak jak m\u00f3wi\u0142am wcze\u015bniej, zaczynamy od umycia w\u0142os\u00f3w i zastosowania dobrej od\u017cywki nawil\u017caj\u0105cej. Z zasady prostujemy w\u0142osy czyste, kt\u00f3re nie maj\u0105 na sobie nadbudowanych \u015brodk\u00f3w do stylizacji, jak chocia\u017cby u\u017cyty poprzedniego dnia lakier czy serum.<\/p>\n<p>Nie ma potrzeby specjalnego wyg\u0142adzania w\u0142os\u00f3w, ich modelowania czy wyci\u0105gania na szczotce. Natomiast podczas suszenia nale\u017cy nada\u0107 pasmom odpowiedni kierunek, \u017ceby by\u0142y bardziej podatne na prostowanie \u2013 czyli w\u0142a\u015bciwie skierowa\u0107 strumie\u0144 powietrza. W\u0142a\u015bciwie oznacza w tym przypadku do do\u0142u.<\/p>\n<p>Ciekawym rozwi\u0105zaniem s\u0105 prostownice z wbudowanym grzebieniem, kt\u00f3ry rozk\u0142ada kosmyki na p\u0142ytce i u\u0142atwia samo suni\u0119cie po w\u0142osach. Taki grzebyczek w razie potrzeby mo\u017cna na\u0142o\u017cy\u0107 na urz\u0105dzenie albo \u015bci\u0105gn\u0105\u0107.<\/p>\n<p>Przed samym prostowaniem zatem w\u0142osy suszymy, rozczesujemy i dzielimy na sekcje. W\u0142osy powinny by\u0107 dok\u0142adnie rozczesane, \u017ceby podczas samego prostowania nie dochodzi\u0142o do powstawania tzw. zagniece\u0144, za\u0142ama\u0144.<\/p>\n<p>\u017beby by\u0142o \u0142atwiej, mo\u017cemy si\u0119gn\u0105\u0107 podczas prostowania po grzebie\u0144. Nale\u017cy wybra\u0107 akcesorium odporne na wysok\u0105 temperatur\u0119 (np. grzebie\u0144 karbonowy). Grzebie\u0144 umieszczamy przed prostownic\u0105 i najpierw rozczesujemy pasmo (przy okazji je \u201cnaci\u0105gaj\u0105c\u201d i r\u00f3wnomiernie rozprowadzaj\u0105c w\u0142osy na p\u0142ytce), a potem suniemy prostownic\u0105.<\/p>\n<blockquote>\n<h2>W jakim tempie sun\u0105\u0107 prostownic\u0105 po w\u0142osach?<\/h2>\n<\/blockquote>\n<p>Cz\u0119stym b\u0142\u0119dem jest wydzielanie za grubych pasm i ich kilkukrotne prostowanie. To nie jest potrzebne. Nale\u017cy zacz\u0105\u0107 od wydzielenia pasma o odpowiedniej grubo\u015bci i szeroko\u015bci. Je\u015bli to zrobimy dobrze, to ka\u017cde pasmo wystarczy tylko raz przeprostowa\u0107. To o wiele lepsze dla naszych w\u0142os\u00f3w.<\/p>\n<p><strong>Poprawna jest technika powolnego i jednokrotnego prostowania ka\u017cdego pasma w\u0142os\u00f3w.<\/strong> Po w\u0142osach suniemy p\u0142ynnie i powoli, nie zatrzymujemy si\u0119 i nie przetrzymujemy w\u0142os\u00f3w. Robimy to p\u0142ynnie, co warto jeszcze raz podkre\u015bli\u0107. Chodzi o to, aby nie nara\u017ca\u0107 niepotrzebnie w\u0142os\u00f3w na negatywny wp\u0142yw wysokiej temperatury.<\/p>\n<p>To te\u017c doskona\u0142y test na to, czy dobieramy odpowiednie pasma. Je\u017celi wystarczy raz przesun\u0105\u0107 prostownic\u0105 po w\u0142osach dla osi\u0105gni\u0119cia po\u017c\u0105danego efektu to znaczy, \u017ce pasmo w\u0142os\u00f3w zosta\u0142o wydzielone dobrze. Je\u015bli jednak w\u0142osy nie s\u0105 odpowiednio wyprostowane, warto zastanowi\u0107 si\u0119, czy pasmo nie jest zbyt grube.<\/p>\n<p><em>Rozmow\u0119 przeprowadzi\u0142a Ma\u0142gorzata Orlewicz-\u0141a\u017aniowska.<\/em><\/p>\n","protected":false},"excerpt":{"rendered":"<p>Prostowanie w\u0142os\u00f3w to czynno\u015b\u0107, kt\u00f3r\u0105 wykonuje wiele kobiet. I mimo \u017ce robimy to bardzo cz\u0119sto, pope\u0142niamy w tej materii r\u00f3\u017cne b\u0142\u0119dy. W\u0142a\u015bnie dlatego tym razem do naszego cyklu eksperckiego zaprosili\u015bmy Iwann\u0119 Paprot\u0119, kt\u00f3ra opowie o poprawnym prostowaniu w\u0142os\u00f3w prostownic\u0105.<\/p>\n","protected":false},"author":8,"featured_media":18546,"comment_status":"open","ping_status":"open","sticky":false,"template":"","format":"standard","meta":{"footnotes":""},"categories":[11396],"tags":[150,11386,3],"yst_prominent_words":[8855,3798,3874,3846,3203,4688,1853,8847,7475,704,717,1034],"class_list":["post-18542","post","type-post","status-publish","format-standard","has-post-thumbnail","hentry","category-okiem-eksperta","tag-babylisspro","tag-eksperci","tag-stylizacja-wlosow"],"_links":{"self":[{"href":"https:\/\/www.hairstore.pl\/blog\/wp-json\/wp\/v2\/posts\/18542","targetHints":{"allow":["GET"]}}],"collection":[{"href":"https:\/\/www.hairstore.pl\/blog\/wp-json\/wp\/v2\/posts"}],"about":[{"href":"https:\/\/www.hairstore.pl\/blog\/wp-json\/wp\/v2\/types\/post"}],"author":[{"embeddable":true,"href":"https:\/\/www.hairstore.pl\/blog\/wp-json\/wp\/v2\/users\/8"}],"replies":[{"embeddable":true,"href":"https:\/\/www.hairstore.pl\/blog\/wp-json\/wp\/v2\/comments?post=18542"}],"version-history":[{"count":6,"href":"https:\/\/www.hairstore.pl\/blog\/wp-json\/wp\/v2\/posts\/18542\/revisions"}],"predecessor-version":[{"id":27062,"href":"https:\/\/www.hairstore.pl\/blog\/wp-json\/wp\/v2\/posts\/18542\/revisions\/27062"}],"wp:featuredmedia":[{"embeddable":true,"href":"https:\/\/www.hairstore.pl\/blog\/wp-json\/wp\/v2\/media\/18546"}],"wp:attachment":[{"href":"https:\/\/www.hairstore.pl\/blog\/wp-json\/wp\/v2\/media?parent=18542"}],"wp:term":[{"taxonomy":"category","embeddable":true,"href":"https:\/\/www.hairstore.pl\/blog\/wp-json\/wp\/v2\/categories?post=18542"},{"taxonomy":"post_tag","embeddable":true,"href":"https:\/\/www.hairstore.pl\/blog\/wp-json\/wp\/v2\/tags?post=18542"},{"taxonomy":"yst_prominent_words","embeddable":true,"href":"https:\/\/www.hairstore.pl\/blog\/wp-json\/wp\/v2\/yst_prominent_words?post=18542"}],"curies":[{"name":"wp","href":"https:\/\/api.w.org\/{rel}","templated":true}]}}