{"id":18381,"date":"2021-09-23T10:03:47","date_gmt":"2021-09-23T08:03:47","guid":{"rendered":"https:\/\/www.hairstore.pl\/blog\/?p=18381"},"modified":"2021-09-23T10:05:14","modified_gmt":"2021-09-23T08:05:14","slug":"top-10-masek-do-wlosow-koloryzowanych","status":"publish","type":"post","link":"https:\/\/www.hairstore.pl\/blog\/top-10-masek-do-wlosow-koloryzowanych\/","title":{"rendered":"Ranking masek do w\u0142os\u00f3w farbowanych \u2013 TOP 10"},"content":{"rendered":"<p>Farbujesz w\u0142osy? Zastanawiasz si\u0119 zapewne, co zrobi\u0107, aby na d\u0142u\u017cej zachowa\u0107 ich intensywny odcie\u0144 i blask. Mamy dla Ciebie dobr\u0105 wiadomo\u015b\u0107 \u2013 odkryli\u015bmy sekret pi\u0119knego i trwa\u0142ego koloru po farbowaniu. To maski do w\u0142os\u00f3w koloryzowanych!<\/p>\n<p><!--more--><a href=\"https:\/\/www.hairstore.pl\/maski_ochrona-koloru\">Najlepsze maski do w\u0142os\u00f3w farbowanych<\/a> maj\u0105 potwierdzon\u0105 skuteczno\u015b\u0107 w ochronie odcienia, ale tak\u017ce i w\u0142a\u015bciwo\u015bci piel\u0119gnacyjne i ochronne. Przetestowali\u015bmy wszystkie bestsellery i stworzyli\u015bmy dla ciebie ranking masek do w\u0142os\u00f3w farbowanych.<\/p>\n<p><strong>Oto top 10 masek do w\u0142os\u00f3w farbowanych:<\/strong><\/p>\n<ol>\n<li><a href=\"https:\/\/www.hairstore.pl\/loreal-vitamino-color-maska-do-wlosow-farbowanych-500ml-p21522.html\">Loreal Vitamino Color maska do w\u0142os\u00f3w farbowanych<\/a><\/li>\n<li><a href=\"https:\/\/www.hairstore.pl\/alter-ego-color-care-kuracja-maska-do-wlosow-farbowanych-300ml-p23197.html\">Alter Ego Color Care, kuracja \u2013 maska do w\u0142os\u00f3w farbowanych<\/a><\/li>\n<li><a href=\"https:\/\/www.hairstore.pl\/montibello-treat-naturtech-maska-do-wlosow-farbowanych-color-protect-200-ml-p27845.html\">Montibello Treat Naturtech, maska do w\u0142os\u00f3w farbowanych Color Protect<\/a><\/li>\n<li><a href=\"https:\/\/www.hairstore.pl\/fanola-nourishing-maska-10w1-200ml-p16147.html\">Fanola Nourishing, maska 10w1<\/a><\/li>\n<li><a href=\"https:\/\/www.hairstore.pl\/kerastase-reflection-chromatique-maska-do-wlosow-cienkich-200ml-p14798.html\">Kerastase Reflection Chromatique, maska do w\u0142os\u00f3w cienkich oraz Kerastase Reflection Chromatique, maska do w\u0142os\u00f3w grubych<\/a><\/li>\n<li><a href=\"https:\/\/www.hairstore.pl\/schwarzkopf-bc-oil-miracle-brazilnut-maska-do-wlosow-farbowanych-150ml-p12961.html\">Schwarzkopf BC Oil Miracle Brazilnut, maska do w\u0142os\u00f3w farbowanych<\/a><\/li>\n<li><a href=\"https:\/\/www.hairstore.pl\/insight-colored-hair-maska-do-wlosow-farbowanych-500ml-p14399.html\">InSight Colored Hair, maska do w\u0142os\u00f3w farbowanych<\/a><\/li>\n<li><a href=\"https:\/\/www.hairstore.pl\/wella-sp-color-save-maska-do-wlosow-farbowanych-200ml-p3456.html\">Wella SP Color Save, maska do w\u0142os\u00f3w farbowanych<\/a><\/li>\n<li><a href=\"https:\/\/www.hairstore.pl\/alfaparf-il-salone-memorable-maska-do-wlosow-farbowanych-500ml-p11006.html\">Alfaparf Il Salone Memorable, maska do w\u0142os\u00f3w farbowanych<\/a><\/li>\n<li><a href=\"https:\/\/www.hairstore.pl\/loreal-metal-detox-maska-po-koloryzacji-oraz-dekoloryzacji-z-glikoamina-250ml-p27505.html\">Loreal Metal Detox, maska po koloryzacji oraz dekoloryzacji z glikoamin\u0105<\/a><\/li>\n<\/ol>\n<p>Dowiedz si\u0119 wi\u0119cej o naszych ulubie\u0144cach.<\/p>\n<h2>Si\u0142a resweratrolu od Loreal<\/h2>\n<p>Loreal Vitamino Color to maska do farbowanych w\u0142os\u00f3w pozwalaj\u0105ca na d\u0142u\u017cej zachowa\u0107 blask i odcie\u0144 po koloryzacji. Jej sekretem jest sk\u0142ad oparty na resweratrolu, antyoksydancie przyspieszaj\u0105cym regeneracj\u0119 w\u0142os\u00f3w. Maska chroni odcie\u0144 przez nawet 8 tygodni!<\/p>\n<div id=\"hsbp-a43de6e77a4340bf79811ceb58c736b0\" class=\"hsbp\"><\/div>\n<h2>Kremowa formu\u0142a Alter Ego Color Care<\/h2>\n<p>Receptura maski do w\u0142os\u00f3w farbowanych oparta jest o antyoksydacyjne jagody acai, wyci\u0105g z liczi i olejek arganowy. Specjalistyczna technologia pozwala tworzy\u0107 barier\u0119 dla szkodliwych czynnik\u00f3w zewn\u0119trznych i skutecznie chroni kolor.<\/p>\n<div id=\"hsbp-a34e3e9f6a968654fdd64369aa9e056a\" class=\"hsbp\"><\/div>\n<h2>Dieta dla w\u0142os\u00f3w od Montibello Treat Naturtech<\/h2>\n<p>Sk\u0142ad tej maski do w\u0142os\u00f3w koloryzowanych opiera si\u0119 o od\u017cywcze w\u0119glowodany i mediatory zapewniaj\u0105ce odporno\u015b\u0107 na mycie, promieniowanie UV i uszkodzenia termiczne. Kuracja poprawia kolor i faktur\u0119 w\u0142os\u00f3w ju\u017c przy pierwszym u\u017cyciu.<\/p>\n<div id=\"hsbp-8cdfef797c6e3f52e60dbbd034b6bc35\" class=\"hsbp\"><\/div>\n<h2>Od\u017cywcza moc lnu, czyli maska Fanola Nourishing<\/h2>\n<p>Kosmetyk swoj\u0105 skuteczno\u015b\u0107 opiera na sile sk\u0142adnik\u00f3w prosto z natury: len i beta-karoten u\u0142atwiaj\u0105 rozczesywanie i przywracaj\u0105 w\u0142osom r\u00f3wnowag\u0119. Maska chroni kolor w\u0142os\u00f3w po farbowaniu i po zabiegach chemicznych i nadaje im niezwykle przyjemnej mi\u0119kko\u015bci.<\/p>\n<div id=\"hsbp-1ff735a5ab802d0e1fad1f9ca5cb9cc2\" class=\"hsbp\"><\/div>\n<h2>Ratunek dla uwra\u017cliwionych w\u0142os\u00f3w od Kerastase<\/h2>\n<p>Maska od Kerastase dost\u0119pna jest w wariancie do grubych i do cienkich w\u0142os\u00f3w. Sekretem skuteczno\u015bci tej linii produkt\u00f3w jest koj\u0105ca receptura oparta na wyci\u0105gu z yuzu, wyci\u0105gu z liczi, glukonianie cynku, oleju z otr\u0119b\u00f3w ry\u017cowych i witaminie E.<\/p>\n<div id=\"hsbp-ecb01a721e0e9228bb3af938fd1c6d1f\" class=\"hsbp\"><\/div>\n<h2>Orzechowa formu\u0142a dla l\u015bni\u0105cego koloru od Schwarzkopf<\/h2>\n<p>Receptura maski zawiera mikrokapsu\u0142ki uwalniaj\u0105ce zapach przez 24 godziny oraz cz\u0105steczki pudru arganowego usuwaj\u0105ce zanieczyszczenia. Maska zawiera te\u017c olejek z orzech\u00f3w brazylijskich, kt\u00f3ry wype\u0142nia ubytki w strukturze w\u0142os\u00f3w, nadaj\u0105c po\u0142ysk i nawil\u017caj\u0105c.<\/p>\n<div id=\"hsbp-1036630de8687d34370294ce067d5899\" class=\"hsbp\"><\/div>\n<h2>Kompleks ochronny InSight Colored Hair<\/h2>\n<p>W sk\u0142adzie maski InSight znajduje si\u0119 dzia\u0142aj\u0105cy od\u017cywczo olej makadamia oraz kompleks ochronny zawieraj\u0105cy naturaln\u0105 henn\u0119, mas\u0142o z mango i olej z nasion winogron. Maska chroni kolor przed wyp\u0142ukiwaniem w trakcie mycia.<\/p>\n<div id=\"hsbp-0d759052299b76d0adfdc386b8dd8ff1\" class=\"hsbp\"><\/div>\n<h2>Tr\u00f3jwymiarowa ochrona koloru od Welli<\/h2>\n<p>Maska do w\u0142os\u00f3w farbowanych Wella SP Color Save chroni przed blakni\u0119ciem i niechcian\u0105 zmian\u0105 odcienia. Technologia ochrony koloru 3D Color Protect zawiera filtr UV oraz wyci\u0105g z li\u015bci oliwnych. To w\u0142a\u015bnie dzi\u0119ki tym sk\u0142adnikom kolor jest intensywny i utrzymuje si\u0119 d\u0142u\u017cej.<\/p>\n<div id=\"hsbp-2027818cd143df8de791cd67c5c2546b\" class=\"hsbp\"><\/div>\n<h2>Ochrona przed uszkodzeniem oksydacyjnym Il Salone Memorable<\/h2>\n<p>W sk\u0142adzie maski do w\u0142os\u00f3w koloryzowanych znajduje si\u0119 ekstrakt z ziaren ry\u017cu, znany z w\u0142a\u015bciwo\u015bci chroni\u0105cych przed uszkodzeniem oksydacyjnym. Maska zapewnia intensywno\u015b\u0107 koloru i wspaniale zmi\u0119kcza i uelastycznia w\u0142osy, a do tego nie zawiera pigment\u00f3w.<\/p>\n<div id=\"hsbp-848545b31bf89b35f8854ba43b473698\" class=\"hsbp\"><\/div>\n<h2>Detoks od metalu z mask\u0105 od Loreal<\/h2>\n<p>Metale zawarte w wodzie wnikaj\u0105 we w\u0142\u00f3kna w\u0142os\u00f3w, skutkuj\u0105c niekiedy nier\u00f3wn\u0105 koloryzacj\u0105. Metal Detox oczyszcza w\u0142\u00f3kna w\u0142os\u00f3w z metali i chroni przed ich ponownym osadzaniem. Dzi\u0119ki masce w\u0142osy staj\u0105 si\u0119 mniej porowate i s\u0105 od\u017cywione, a kolor pozostaje intensywny na d\u0142u\u017cej.<\/p>\n<div id=\"hsbp-a07ecad8503c09ded52321b49a04c3a8\" class=\"hsbp\"><\/div>\n","protected":false},"excerpt":{"rendered":"<p>Farbujesz w\u0142osy? Zastanawiasz si\u0119 zapewne, co zrobi\u0107, aby na d\u0142u\u017cej zachowa\u0107 ich intensywny odcie\u0144 i blask. Mamy dla Ciebie dobr\u0105 wiadomo\u015b\u0107 \u2013 odkryli\u015bmy sekret pi\u0119knego i trwa\u0142ego koloru po farbowaniu. To maski do w\u0142os\u00f3w koloryzowanych!<\/p>\n","protected":false},"author":13,"featured_media":18382,"comment_status":"open","ping_status":"open","sticky":false,"template":"","format":"standard","meta":{"footnotes":""},"categories":[11],"tags":[11515,215,462,11369,73],"yst_prominent_words":[2752,1673,2267],"class_list":["post-18381","post","type-post","status-publish","format-standard","has-post-thumbnail","hentry","category-porady","tag-fanola","tag-kerastase","tag-loreal","tag-ranking","tag-wlosy-farbowane"],"_links":{"self":[{"href":"https:\/\/www.hairstore.pl\/blog\/wp-json\/wp\/v2\/posts\/18381","targetHints":{"allow":["GET"]}}],"collection":[{"href":"https:\/\/www.hairstore.pl\/blog\/wp-json\/wp\/v2\/posts"}],"about":[{"href":"https:\/\/www.hairstore.pl\/blog\/wp-json\/wp\/v2\/types\/post"}],"author":[{"embeddable":true,"href":"https:\/\/www.hairstore.pl\/blog\/wp-json\/wp\/v2\/users\/13"}],"replies":[{"embeddable":true,"href":"https:\/\/www.hairstore.pl\/blog\/wp-json\/wp\/v2\/comments?post=18381"}],"version-history":[{"count":2,"href":"https:\/\/www.hairstore.pl\/blog\/wp-json\/wp\/v2\/posts\/18381\/revisions"}],"predecessor-version":[{"id":18384,"href":"https:\/\/www.hairstore.pl\/blog\/wp-json\/wp\/v2\/posts\/18381\/revisions\/18384"}],"wp:featuredmedia":[{"embeddable":true,"href":"https:\/\/www.hairstore.pl\/blog\/wp-json\/wp\/v2\/media\/18382"}],"wp:attachment":[{"href":"https:\/\/www.hairstore.pl\/blog\/wp-json\/wp\/v2\/media?parent=18381"}],"wp:term":[{"taxonomy":"category","embeddable":true,"href":"https:\/\/www.hairstore.pl\/blog\/wp-json\/wp\/v2\/categories?post=18381"},{"taxonomy":"post_tag","embeddable":true,"href":"https:\/\/www.hairstore.pl\/blog\/wp-json\/wp\/v2\/tags?post=18381"},{"taxonomy":"yst_prominent_words","embeddable":true,"href":"https:\/\/www.hairstore.pl\/blog\/wp-json\/wp\/v2\/yst_prominent_words?post=18381"}],"curies":[{"name":"wp","href":"https:\/\/api.w.org\/{rel}","templated":true}]}}